{"id":77748,"date":"2024-09-08T13:59:34","date_gmt":"2024-09-08T16:59:34","guid":{"rendered":"https:\/\/portalnpm.com\/?p=77748"},"modified":"2024-09-08T14:00:32","modified_gmt":"2024-09-08T17:00:32","slug":"em-sao-juliao-candidaturas-de-renaldinho-e-jose-sao-deferidas-pela-justica-eleitoral-veja","status":"publish","type":"post","link":"https:\/\/portalnpm.com\/index.php\/2024\/09\/08\/em-sao-juliao-candidaturas-de-renaldinho-e-jose-sao-deferidas-pela-justica-eleitoral-veja\/","title":{"rendered":"Em S\u00e3o Juli\u00e3o, candidaturas de Renaldinho e Jos\u00e9 Neci s\u00e3o deferidas pela Justi\u00e7a Eleitoral; veja!"},"content":{"rendered":"<p>As candidaturas de Renaldinho Ramos e Jos\u00e9 Neci, prefeito e vice-prefeito, respectivamente, pelo grupo oposicionista em S\u00e3o Juli\u00e3o- PI, tiveram seus registros de candidaturas deferidas pela justi\u00e7a eleitoral.<\/p>\n<p><img fetchpriority=\"high\" decoding=\"async\" class=\"alignnone wp-image-77752 size-full\" src=\"https:\/\/portalnpm.com\/wp-content\/uploads\/2024\/09\/IMG-20240818-WA0000.jpg\" alt=\"\" width=\"720\" height=\"712\" srcset=\"https:\/\/portalnpm.com\/wp-content\/uploads\/2024\/09\/IMG-20240818-WA0000.jpg 720w, https:\/\/portalnpm.com\/wp-content\/uploads\/2024\/09\/IMG-20240818-WA0000-300x297.jpg 300w\" sizes=\"(max-width: 720px) 100vw, 720px\" \/><\/p>\n<p>Conforme a justi\u00e7a eleitoral, a candidatura \u00e9 regular, com os dados e documenta\u00e7\u00e3o completos, atendendo os requisitos para concorrer.<\/p>\n<p>Renaldinho foi eleito por quatro mandatos consecutivos como vereador, sendo o mais votado nas elei\u00e7\u00f5es de 2016 e 2020. Atualmente, disputa o cargo de prefeito pelo PDT- Partido Democr\u00e1tico Trabalhista.<\/p>\n<p><img decoding=\"async\" class=\"alignnone wp-image-77749 size-full\" src=\"https:\/\/portalnpm.com\/wp-content\/uploads\/2024\/09\/IMG-20240907-WA0837.jpg\" alt=\"\" width=\"1202\" height=\"1600\" srcset=\"https:\/\/portalnpm.com\/wp-content\/uploads\/2024\/09\/IMG-20240907-WA0837.jpg 1202w, https:\/\/portalnpm.com\/wp-content\/uploads\/2024\/09\/IMG-20240907-WA0837-225x300.jpg 225w, https:\/\/portalnpm.com\/wp-content\/uploads\/2024\/09\/IMG-20240907-WA0837-769x1024.jpg 769w, https:\/\/portalnpm.com\/wp-content\/uploads\/2024\/09\/IMG-20240907-WA0837-768x1022.jpg 768w, https:\/\/portalnpm.com\/wp-content\/uploads\/2024\/09\/IMG-20240907-WA0837-1154x1536.jpg 1154w\" sizes=\"(max-width: 1202px) 100vw, 1202px\" \/><\/p>\n<p>Jos\u00e9 Neci foi eleito vereador por tr\u00eas mandatos e prefeito de S\u00e3o Juli\u00e3o\u2013PI por dois mandatos. Atualmente, disputa o cargo de vice-prefeito pelo PT &#8211; Partido dos Trabalhadores.<\/p>\n<p><img decoding=\"async\" class=\"alignnone wp-image-77750 size-full\" src=\"https:\/\/portalnpm.com\/wp-content\/uploads\/2024\/09\/IMG-20240907-WA0756.jpg\" alt=\"\" width=\"801\" height=\"1280\" srcset=\"https:\/\/portalnpm.com\/wp-content\/uploads\/2024\/09\/IMG-20240907-WA0756.jpg 801w, https:\/\/portalnpm.com\/wp-content\/uploads\/2024\/09\/IMG-20240907-WA0756-188x300.jpg 188w, https:\/\/portalnpm.com\/wp-content\/uploads\/2024\/09\/IMG-20240907-WA0756-641x1024.jpg 641w, https:\/\/portalnpm.com\/wp-content\/uploads\/2024\/09\/IMG-20240907-WA0756-768x1227.jpg 768w\" sizes=\"(max-width: 801px) 100vw, 801px\" \/><\/p>\n<p>A coliga\u00e7\u00e3o \u201cJuntos para reconstruir S\u00e3o Juli\u00e3o\u201d conta com a presen\u00e7a de 17 candidatos a vereadores, sendo 09 pelo PDT (Partido Democr\u00e1tico Trabalhista) e 08 pelo PT (Partido dos Trabalhadores).<\/p>\n<p>Texto: Eldery Mois\u00e9s, com edi\u00e7\u00f5es e supervis\u00e3o de Luis Alberto<\/p>\n","protected":false},"excerpt":{"rendered":"<p>As candidaturas de Renaldinho Ramos e Jos\u00e9 Neci, prefeito e vice-prefeito, respectivamente, pelo grupo oposicionista em S\u00e3o Juli\u00e3o- PI, tiveram seus registros de candidaturas deferidas pela justi\u00e7a eleitoral. Conforme a justi\u00e7a eleitoral, a candidatura \u00e9 regular, com os dados e documenta\u00e7\u00e3o completos, atendendo os requisitos para concorrer. Renaldinho foi eleito por quatro mandatos consecutivos como &hellip;<\/p>\n","protected":false},"author":4,"featured_media":77753,"comment_status":"open","ping_status":"open","sticky":false,"template":"","format":"standard","meta":{"content-type":"","rop_custom_images_group":[],"rop_custom_messages_group":[],"rop_publish_now":"yes","rop_publish_now_accounts":{"facebook_2648258775420054_1618374048415101":""},"rop_publish_now_history":[],"rop_publish_now_status":"pending","footnotes":"","_jetpack_memberships_contains_paid_content":false},"categories":[113,109,3998],"tags":[671,230,7347,541,855,4150,1197,1726,866,2984,1196,842],"yoast_head":"<!-- This site is optimized with the Yoast SEO plugin v22.3 - https:\/\/yoast.com\/wordpress\/plugins\/seo\/ -->\n<title>Em S\u00e3o Juli\u00e3o, candidaturas de Renaldinho e Jos\u00e9 Neci s\u00e3o deferidas pela Justi\u00e7a Eleitoral; veja! - Portal NPM<\/title>\n<meta name=\"robots\" content=\"index, follow, max-snippet:-1, max-image-preview:large, max-video-preview:-1\" \/>\n<link rel=\"canonical\" href=\"https:\/\/portalnpm.com\/index.php\/2024\/09\/08\/em-sao-juliao-candidaturas-de-renaldinho-e-jose-sao-deferidas-pela-justica-eleitoral-veja\/\" \/>\n<meta property=\"og:locale\" content=\"pt_BR\" \/>\n<meta property=\"og:type\" content=\"article\" \/>\n<meta property=\"og:title\" content=\"Em S\u00e3o Juli\u00e3o, candidaturas de Renaldinho e Jos\u00e9 Neci s\u00e3o deferidas pela Justi\u00e7a Eleitoral; veja! - Portal NPM\" \/>\n<meta property=\"og:description\" content=\"As candidaturas de Renaldinho Ramos e Jos\u00e9 Neci, prefeito e vice-prefeito, respectivamente, pelo grupo oposicionista em S\u00e3o Juli\u00e3o- PI, tiveram seus registros de candidaturas deferidas pela justi\u00e7a eleitoral. Conforme a justi\u00e7a eleitoral, a candidatura \u00e9 regular, com os dados e documenta\u00e7\u00e3o completos, atendendo os requisitos para concorrer. Renaldinho foi eleito por quatro mandatos consecutivos como &hellip;\" \/>\n<meta property=\"og:url\" content=\"https:\/\/portalnpm.com\/index.php\/2024\/09\/08\/em-sao-juliao-candidaturas-de-renaldinho-e-jose-sao-deferidas-pela-justica-eleitoral-veja\/\" \/>\n<meta property=\"og:site_name\" content=\"Portal NPM\" \/>\n<meta property=\"article:published_time\" content=\"2024-09-08T16:59:34+00:00\" \/>\n<meta property=\"article:modified_time\" content=\"2024-09-08T17:00:32+00:00\" \/>\n<meta property=\"og:image\" content=\"https:\/\/portalnpm.com\/wp-content\/uploads\/2024\/09\/IMG-20240908-WA0475.jpg\" \/>\n\t<meta property=\"og:image:width\" content=\"1080\" \/>\n\t<meta property=\"og:image:height\" content=\"842\" \/>\n\t<meta property=\"og:image:type\" content=\"image\/jpeg\" \/>\n<meta name=\"author\" content=\"Reda\u00e7\u00e3o\" \/>\n<meta name=\"twitter:card\" content=\"summary_large_image\" \/>\n<meta name=\"twitter:label1\" content=\"Escrito por\" \/>\n\t<meta name=\"twitter:data1\" content=\"Reda\u00e7\u00e3o\" \/>\n\t<meta name=\"twitter:label2\" content=\"Est. tempo de leitura\" \/>\n\t<meta name=\"twitter:data2\" content=\"2 minutos\" \/>\n<script type=\"application\/ld+json\" class=\"yoast-schema-graph\">{\"@context\":\"https:\/\/schema.org\",\"@graph\":[{\"@type\":\"WebPage\",\"@id\":\"https:\/\/portalnpm.com\/index.php\/2024\/09\/08\/em-sao-juliao-candidaturas-de-renaldinho-e-jose-sao-deferidas-pela-justica-eleitoral-veja\/\",\"url\":\"https:\/\/portalnpm.com\/index.php\/2024\/09\/08\/em-sao-juliao-candidaturas-de-renaldinho-e-jose-sao-deferidas-pela-justica-eleitoral-veja\/\",\"name\":\"Em S\u00e3o Juli\u00e3o, candidaturas de Renaldinho e Jos\u00e9 Neci s\u00e3o deferidas pela Justi\u00e7a Eleitoral; veja! - Portal NPM\",\"isPartOf\":{\"@id\":\"https:\/\/portalnpm.com\/#website\"},\"primaryImageOfPage\":{\"@id\":\"https:\/\/portalnpm.com\/index.php\/2024\/09\/08\/em-sao-juliao-candidaturas-de-renaldinho-e-jose-sao-deferidas-pela-justica-eleitoral-veja\/#primaryimage\"},\"image\":{\"@id\":\"https:\/\/portalnpm.com\/index.php\/2024\/09\/08\/em-sao-juliao-candidaturas-de-renaldinho-e-jose-sao-deferidas-pela-justica-eleitoral-veja\/#primaryimage\"},\"thumbnailUrl\":\"https:\/\/portalnpm.com\/wp-content\/uploads\/2024\/09\/IMG-20240908-WA0475.jpg\",\"datePublished\":\"2024-09-08T16:59:34+00:00\",\"dateModified\":\"2024-09-08T17:00:32+00:00\",\"author\":{\"@id\":\"https:\/\/portalnpm.com\/#\/schema\/person\/0b5f230ec96cee25504fa328e7f2b733\"},\"breadcrumb\":{\"@id\":\"https:\/\/portalnpm.com\/index.php\/2024\/09\/08\/em-sao-juliao-candidaturas-de-renaldinho-e-jose-sao-deferidas-pela-justica-eleitoral-veja\/#breadcrumb\"},\"inLanguage\":\"pt-BR\",\"potentialAction\":[{\"@type\":\"ReadAction\",\"target\":[\"https:\/\/portalnpm.com\/index.php\/2024\/09\/08\/em-sao-juliao-candidaturas-de-renaldinho-e-jose-sao-deferidas-pela-justica-eleitoral-veja\/\"]}]},{\"@type\":\"ImageObject\",\"inLanguage\":\"pt-BR\",\"@id\":\"https:\/\/portalnpm.com\/index.php\/2024\/09\/08\/em-sao-juliao-candidaturas-de-renaldinho-e-jose-sao-deferidas-pela-justica-eleitoral-veja\/#primaryimage\",\"url\":\"https:\/\/portalnpm.com\/wp-content\/uploads\/2024\/09\/IMG-20240908-WA0475.jpg\",\"contentUrl\":\"https:\/\/portalnpm.com\/wp-content\/uploads\/2024\/09\/IMG-20240908-WA0475.jpg\",\"width\":1080,\"height\":842},{\"@type\":\"BreadcrumbList\",\"@id\":\"https:\/\/portalnpm.com\/index.php\/2024\/09\/08\/em-sao-juliao-candidaturas-de-renaldinho-e-jose-sao-deferidas-pela-justica-eleitoral-veja\/#breadcrumb\",\"itemListElement\":[{\"@type\":\"ListItem\",\"position\":1,\"name\":\"In\u00edcio\",\"item\":\"https:\/\/portalnpm.com\/\"},{\"@type\":\"ListItem\",\"position\":2,\"name\":\"Em S\u00e3o Juli\u00e3o, candidaturas de Renaldinho e Jos\u00e9 Neci s\u00e3o deferidas pela Justi\u00e7a Eleitoral; veja!\"}]},{\"@type\":\"WebSite\",\"@id\":\"https:\/\/portalnpm.com\/#website\",\"url\":\"https:\/\/portalnpm.com\/\",\"name\":\"Portal NPM\",\"description\":\"Not\u00edcias em Primeira M\u00e3o\",\"potentialAction\":[{\"@type\":\"SearchAction\",\"target\":{\"@type\":\"EntryPoint\",\"urlTemplate\":\"https:\/\/portalnpm.com\/?s={search_term_string}\"},\"query-input\":\"required name=search_term_string\"}],\"inLanguage\":\"pt-BR\"},{\"@type\":\"Person\",\"@id\":\"https:\/\/portalnpm.com\/#\/schema\/person\/0b5f230ec96cee25504fa328e7f2b733\",\"name\":\"Reda\u00e7\u00e3o\",\"image\":{\"@type\":\"ImageObject\",\"inLanguage\":\"pt-BR\",\"@id\":\"https:\/\/portalnpm.com\/#\/schema\/person\/image\/\",\"url\":\"https:\/\/portalnpm.com\/wp-content\/uploads\/2024\/03\/avatar_user_4_1710097212-96x96.png\",\"contentUrl\":\"https:\/\/portalnpm.com\/wp-content\/uploads\/2024\/03\/avatar_user_4_1710097212-96x96.png\",\"caption\":\"Reda\u00e7\u00e3o\"},\"url\":\"https:\/\/portalnpm.com\/index.php\/author\/redacao\/\"}]}<\/script>\n<!-- \/ Yoast SEO plugin. -->","yoast_head_json":{"title":"Em S\u00e3o Juli\u00e3o, candidaturas de Renaldinho e Jos\u00e9 Neci s\u00e3o deferidas pela Justi\u00e7a Eleitoral; veja! - Portal NPM","robots":{"index":"index","follow":"follow","max-snippet":"max-snippet:-1","max-image-preview":"max-image-preview:large","max-video-preview":"max-video-preview:-1"},"canonical":"https:\/\/portalnpm.com\/index.php\/2024\/09\/08\/em-sao-juliao-candidaturas-de-renaldinho-e-jose-sao-deferidas-pela-justica-eleitoral-veja\/","og_locale":"pt_BR","og_type":"article","og_title":"Em S\u00e3o Juli\u00e3o, candidaturas de Renaldinho e Jos\u00e9 Neci s\u00e3o deferidas pela Justi\u00e7a Eleitoral; veja! - Portal NPM","og_description":"As candidaturas de Renaldinho Ramos e Jos\u00e9 Neci, prefeito e vice-prefeito, respectivamente, pelo grupo oposicionista em S\u00e3o Juli\u00e3o- PI, tiveram seus registros de candidaturas deferidas pela justi\u00e7a eleitoral. Conforme a justi\u00e7a eleitoral, a candidatura \u00e9 regular, com os dados e documenta\u00e7\u00e3o completos, atendendo os requisitos para concorrer. Renaldinho foi eleito por quatro mandatos consecutivos como &hellip;","og_url":"https:\/\/portalnpm.com\/index.php\/2024\/09\/08\/em-sao-juliao-candidaturas-de-renaldinho-e-jose-sao-deferidas-pela-justica-eleitoral-veja\/","og_site_name":"Portal NPM","article_published_time":"2024-09-08T16:59:34+00:00","article_modified_time":"2024-09-08T17:00:32+00:00","og_image":[{"width":1080,"height":842,"url":"https:\/\/portalnpm.com\/wp-content\/uploads\/2024\/09\/IMG-20240908-WA0475.jpg","type":"image\/jpeg"}],"author":"Reda\u00e7\u00e3o","twitter_card":"summary_large_image","twitter_misc":{"Escrito por":"Reda\u00e7\u00e3o","Est. tempo de leitura":"2 minutos"},"schema":{"@context":"https:\/\/schema.org","@graph":[{"@type":"WebPage","@id":"https:\/\/portalnpm.com\/index.php\/2024\/09\/08\/em-sao-juliao-candidaturas-de-renaldinho-e-jose-sao-deferidas-pela-justica-eleitoral-veja\/","url":"https:\/\/portalnpm.com\/index.php\/2024\/09\/08\/em-sao-juliao-candidaturas-de-renaldinho-e-jose-sao-deferidas-pela-justica-eleitoral-veja\/","name":"Em S\u00e3o Juli\u00e3o, candidaturas de Renaldinho e Jos\u00e9 Neci s\u00e3o deferidas pela Justi\u00e7a Eleitoral; veja! - Portal NPM","isPartOf":{"@id":"https:\/\/portalnpm.com\/#website"},"primaryImageOfPage":{"@id":"https:\/\/portalnpm.com\/index.php\/2024\/09\/08\/em-sao-juliao-candidaturas-de-renaldinho-e-jose-sao-deferidas-pela-justica-eleitoral-veja\/#primaryimage"},"image":{"@id":"https:\/\/portalnpm.com\/index.php\/2024\/09\/08\/em-sao-juliao-candidaturas-de-renaldinho-e-jose-sao-deferidas-pela-justica-eleitoral-veja\/#primaryimage"},"thumbnailUrl":"https:\/\/portalnpm.com\/wp-content\/uploads\/2024\/09\/IMG-20240908-WA0475.jpg","datePublished":"2024-09-08T16:59:34+00:00","dateModified":"2024-09-08T17:00:32+00:00","author":{"@id":"https:\/\/portalnpm.com\/#\/schema\/person\/0b5f230ec96cee25504fa328e7f2b733"},"breadcrumb":{"@id":"https:\/\/portalnpm.com\/index.php\/2024\/09\/08\/em-sao-juliao-candidaturas-de-renaldinho-e-jose-sao-deferidas-pela-justica-eleitoral-veja\/#breadcrumb"},"inLanguage":"pt-BR","potentialAction":[{"@type":"ReadAction","target":["https:\/\/portalnpm.com\/index.php\/2024\/09\/08\/em-sao-juliao-candidaturas-de-renaldinho-e-jose-sao-deferidas-pela-justica-eleitoral-veja\/"]}]},{"@type":"ImageObject","inLanguage":"pt-BR","@id":"https:\/\/portalnpm.com\/index.php\/2024\/09\/08\/em-sao-juliao-candidaturas-de-renaldinho-e-jose-sao-deferidas-pela-justica-eleitoral-veja\/#primaryimage","url":"https:\/\/portalnpm.com\/wp-content\/uploads\/2024\/09\/IMG-20240908-WA0475.jpg","contentUrl":"https:\/\/portalnpm.com\/wp-content\/uploads\/2024\/09\/IMG-20240908-WA0475.jpg","width":1080,"height":842},{"@type":"BreadcrumbList","@id":"https:\/\/portalnpm.com\/index.php\/2024\/09\/08\/em-sao-juliao-candidaturas-de-renaldinho-e-jose-sao-deferidas-pela-justica-eleitoral-veja\/#breadcrumb","itemListElement":[{"@type":"ListItem","position":1,"name":"In\u00edcio","item":"https:\/\/portalnpm.com\/"},{"@type":"ListItem","position":2,"name":"Em S\u00e3o Juli\u00e3o, candidaturas de Renaldinho e Jos\u00e9 Neci s\u00e3o deferidas pela Justi\u00e7a Eleitoral; veja!"}]},{"@type":"WebSite","@id":"https:\/\/portalnpm.com\/#website","url":"https:\/\/portalnpm.com\/","name":"Portal NPM","description":"Not\u00edcias em Primeira M\u00e3o","potentialAction":[{"@type":"SearchAction","target":{"@type":"EntryPoint","urlTemplate":"https:\/\/portalnpm.com\/?s={search_term_string}"},"query-input":"required name=search_term_string"}],"inLanguage":"pt-BR"},{"@type":"Person","@id":"https:\/\/portalnpm.com\/#\/schema\/person\/0b5f230ec96cee25504fa328e7f2b733","name":"Reda\u00e7\u00e3o","image":{"@type":"ImageObject","inLanguage":"pt-BR","@id":"https:\/\/portalnpm.com\/#\/schema\/person\/image\/","url":"https:\/\/portalnpm.com\/wp-content\/uploads\/2024\/03\/avatar_user_4_1710097212-96x96.png","contentUrl":"https:\/\/portalnpm.com\/wp-content\/uploads\/2024\/03\/avatar_user_4_1710097212-96x96.png","caption":"Reda\u00e7\u00e3o"},"url":"https:\/\/portalnpm.com\/index.php\/author\/redacao\/"}]}},"jetpack_sharing_enabled":true,"jetpack_featured_media_url":"https:\/\/portalnpm.com\/wp-content\/uploads\/2024\/09\/IMG-20240908-WA0475.jpg","_links":{"self":[{"href":"https:\/\/portalnpm.com\/index.php\/wp-json\/wp\/v2\/posts\/77748"}],"collection":[{"href":"https:\/\/portalnpm.com\/index.php\/wp-json\/wp\/v2\/posts"}],"about":[{"href":"https:\/\/portalnpm.com\/index.php\/wp-json\/wp\/v2\/types\/post"}],"author":[{"embeddable":true,"href":"https:\/\/portalnpm.com\/index.php\/wp-json\/wp\/v2\/users\/4"}],"replies":[{"embeddable":true,"href":"https:\/\/portalnpm.com\/index.php\/wp-json\/wp\/v2\/comments?post=77748"}],"version-history":[{"count":3,"href":"https:\/\/portalnpm.com\/index.php\/wp-json\/wp\/v2\/posts\/77748\/revisions"}],"predecessor-version":[{"id":77755,"href":"https:\/\/portalnpm.com\/index.php\/wp-json\/wp\/v2\/posts\/77748\/revisions\/77755"}],"wp:featuredmedia":[{"embeddable":true,"href":"https:\/\/portalnpm.com\/index.php\/wp-json\/wp\/v2\/media\/77753"}],"wp:attachment":[{"href":"https:\/\/portalnpm.com\/index.php\/wp-json\/wp\/v2\/media?parent=77748"}],"wp:term":[{"taxonomy":"category","embeddable":true,"href":"https:\/\/portalnpm.com\/index.php\/wp-json\/wp\/v2\/categories?post=77748"},{"taxonomy":"post_tag","embeddable":true,"href":"https:\/\/portalnpm.com\/index.php\/wp-json\/wp\/v2\/tags?post=77748"}],"curies":[{"name":"wp","href":"https:\/\/api.w.org\/{rel}","templated":true}]}}