{"id":7776,"date":"2019-04-24T13:02:51","date_gmt":"2019-04-24T16:02:51","guid":{"rendered":"http:\/\/srv.portalnpm.com.br\/?p=7776"},"modified":"2019-04-24T13:02:51","modified_gmt":"2019-04-24T16:02:51","slug":"no-piaui-mulher-e-torturada-e-tem-cabelo-e-dente-arrancados","status":"publish","type":"post","link":"https:\/\/portalnpm.com\/index.php\/2019\/04\/24\/no-piaui-mulher-e-torturada-e-tem-cabelo-e-dente-arrancados\/","title":{"rendered":"No Piau\u00ed, mulher \u00e9 torturada e tem cabelo e dente arrancados"},"content":{"rendered":"<p style=\"text-align: justify;\">Poliana Alves de Abreu, 24 anos, m\u00e3e, teve que se mudar de casa e est\u00e1 morando escondida depois de ser torturada a mando do ex-companheiro, que estava preso por roubo na Casa de Cust\u00f3dia, mas foi transferido para outra unidade prisional depois da den\u00fancia feita pela fam\u00edlia da v\u00edtima. Caso se confirme a den\u00fancia, o acusado vai responder por tortura, agress\u00e3o e mutila\u00e7\u00e3o.<\/p>\n<p style=\"text-align: justify;\">A Delegacia Especializada de Atendimento \u00e0 Mulher \u2013 Sudeste investigar a tortura, ocorrida pouco antes do Carnaval. A delegada Alexandra de Sousa comanda as investiga\u00e7\u00f5es<\/p>\n<p style=\"text-align: justify;\">Poliana teve os cabelos cortados e um dente arrancado com alicate por dois homens, que invadiram a casa da v\u00edtima, no bairro Pedro Balzi, zona Sudeste de Teresina.<\/p>\n<p style=\"text-align: justify;\">O dente e os cabelos foram levados para servir como prova do cumprimento da ordem ao mandante da agress\u00e3o \u00e0 ex.\u00a0\u201cChegaram dois rapazes em uma moto. Dos bandidos, n\u00e3o \u00e9? Pegaram e cortaram o cabelo porque ela tinha um cabelo bonito e grande. Para piorar ainda mais a situa\u00e7\u00e3o, arrancaram o dente da frente com um alicate\u201d, contou o pai da v\u00edtima.<\/p>\n<p style=\"text-align: justify;\">Poliana atentou contra a pr\u00f3pria vida um dia depois de ser agredida. Os vizinhos evitaram o pior, arrombando a grade da janela para entrar na casa.<\/p>\n<p style=\"text-align: justify;\">O pai de Poliana denunciou que apesar de preso na Casa de Cust\u00f3dia, todos os dias o ex ligava para Poliana, que havia prometido deixa-lo caso ele fosse preso novamente. \u201cN\u00e3o adiantava trocar de chip. Todo dia tinha amea\u00e7a de morte. Ela disse que n\u00e3o ia mais visita-lo. E foi o que ela deixou de fazer, e n\u00e3o foi mais\u201d.<\/p>\n<p style=\"text-align: justify;\">\u201cTeve uma reuni\u00e3o de uma turma e l\u00e1 tinha algu\u00e9m que gosta de mim, que conhecem e sabem que n\u00e3o sou bandido. Me avisaram que n\u00e3o era nem para falar o nome dele e que a ordem agora era quebrar o pesco\u00e7o dela. Eu s\u00f3 queria que ele deixasse ela em paz porque uma pessoa n\u00e3o pode namorar a outra for\u00e7ada\u201d, pediu o pai.<\/p>\n<p style=\"text-align: justify;\">\n<p style=\"text-align: justify;\"><strong>FONTE: Fala Piau\u00ed\u00a0<\/strong><\/p>\n","protected":false},"excerpt":{"rendered":"<p>Poliana Alves de Abreu, 24 anos, m\u00e3e, teve que se mudar de casa e est\u00e1 morando escondida depois de ser torturada a mando do ex-companheiro, que estava preso por roubo na Casa de Cust\u00f3dia, mas foi transferido para outra unidade prisional depois da den\u00fancia feita pela fam\u00edlia da v\u00edtima. Caso se confirme a den\u00fancia, o &hellip;<\/p>\n","protected":false},"author":4,"featured_media":7777,"comment_status":"open","ping_status":"open","sticky":false,"template":"","format":"standard","meta":{"content-type":"","rop_custom_images_group":[],"rop_custom_messages_group":[],"rop_publish_now":"initial","rop_publish_now_accounts":{"facebook_2648258775420054_1618374048415101":""},"rop_publish_now_history":[],"rop_publish_now_status":"pending","footnotes":"","_jetpack_memberships_contains_paid_content":false},"categories":[113,118],"tags":[2690,2691,485,187,2692],"yoast_head":"<!-- This site is optimized with the Yoast SEO plugin v22.3 - https:\/\/yoast.com\/wordpress\/plugins\/seo\/ -->\n<title>No Piau\u00ed, mulher \u00e9 torturada e tem cabelo e dente arrancados - Portal NPM<\/title>\n<meta name=\"robots\" content=\"index, follow, max-snippet:-1, max-image-preview:large, max-video-preview:-1\" \/>\n<link rel=\"canonical\" href=\"https:\/\/portalnpm.com\/index.php\/2019\/04\/24\/no-piaui-mulher-e-torturada-e-tem-cabelo-e-dente-arrancados\/\" \/>\n<meta property=\"og:locale\" content=\"pt_BR\" \/>\n<meta property=\"og:type\" content=\"article\" \/>\n<meta property=\"og:title\" content=\"No Piau\u00ed, mulher \u00e9 torturada e tem cabelo e dente arrancados - Portal NPM\" \/>\n<meta property=\"og:description\" content=\"Poliana Alves de Abreu, 24 anos, m\u00e3e, teve que se mudar de casa e est\u00e1 morando escondida depois de ser torturada a mando do ex-companheiro, que estava preso por roubo na Casa de Cust\u00f3dia, mas foi transferido para outra unidade prisional depois da den\u00fancia feita pela fam\u00edlia da v\u00edtima. Caso se confirme a den\u00fancia, o &hellip;\" \/>\n<meta property=\"og:url\" content=\"https:\/\/portalnpm.com\/index.php\/2019\/04\/24\/no-piaui-mulher-e-torturada-e-tem-cabelo-e-dente-arrancados\/\" \/>\n<meta property=\"og:site_name\" content=\"Portal NPM\" \/>\n<meta property=\"article:published_time\" content=\"2019-04-24T16:02:51+00:00\" \/>\n<meta name=\"author\" content=\"Reda\u00e7\u00e3o\" \/>\n<meta name=\"twitter:card\" content=\"summary_large_image\" \/>\n<meta name=\"twitter:label1\" content=\"Escrito por\" \/>\n\t<meta name=\"twitter:data1\" content=\"Reda\u00e7\u00e3o\" \/>\n\t<meta name=\"twitter:label2\" content=\"Est. tempo de leitura\" \/>\n\t<meta name=\"twitter:data2\" content=\"2 minutos\" \/>\n<script type=\"application\/ld+json\" class=\"yoast-schema-graph\">{\"@context\":\"https:\/\/schema.org\",\"@graph\":[{\"@type\":\"WebPage\",\"@id\":\"https:\/\/portalnpm.com\/index.php\/2019\/04\/24\/no-piaui-mulher-e-torturada-e-tem-cabelo-e-dente-arrancados\/\",\"url\":\"https:\/\/portalnpm.com\/index.php\/2019\/04\/24\/no-piaui-mulher-e-torturada-e-tem-cabelo-e-dente-arrancados\/\",\"name\":\"No Piau\u00ed, mulher \u00e9 torturada e tem cabelo e dente arrancados - Portal NPM\",\"isPartOf\":{\"@id\":\"https:\/\/portalnpm.com\/#website\"},\"primaryImageOfPage\":{\"@id\":\"https:\/\/portalnpm.com\/index.php\/2019\/04\/24\/no-piaui-mulher-e-torturada-e-tem-cabelo-e-dente-arrancados\/#primaryimage\"},\"image\":{\"@id\":\"https:\/\/portalnpm.com\/index.php\/2019\/04\/24\/no-piaui-mulher-e-torturada-e-tem-cabelo-e-dente-arrancados\/#primaryimage\"},\"thumbnailUrl\":\"\",\"datePublished\":\"2019-04-24T16:02:51+00:00\",\"dateModified\":\"2019-04-24T16:02:51+00:00\",\"author\":{\"@id\":\"https:\/\/portalnpm.com\/#\/schema\/person\/0b5f230ec96cee25504fa328e7f2b733\"},\"breadcrumb\":{\"@id\":\"https:\/\/portalnpm.com\/index.php\/2019\/04\/24\/no-piaui-mulher-e-torturada-e-tem-cabelo-e-dente-arrancados\/#breadcrumb\"},\"inLanguage\":\"pt-BR\",\"potentialAction\":[{\"@type\":\"ReadAction\",\"target\":[\"https:\/\/portalnpm.com\/index.php\/2019\/04\/24\/no-piaui-mulher-e-torturada-e-tem-cabelo-e-dente-arrancados\/\"]}]},{\"@type\":\"ImageObject\",\"inLanguage\":\"pt-BR\",\"@id\":\"https:\/\/portalnpm.com\/index.php\/2019\/04\/24\/no-piaui-mulher-e-torturada-e-tem-cabelo-e-dente-arrancados\/#primaryimage\",\"url\":\"\",\"contentUrl\":\"\"},{\"@type\":\"BreadcrumbList\",\"@id\":\"https:\/\/portalnpm.com\/index.php\/2019\/04\/24\/no-piaui-mulher-e-torturada-e-tem-cabelo-e-dente-arrancados\/#breadcrumb\",\"itemListElement\":[{\"@type\":\"ListItem\",\"position\":1,\"name\":\"In\u00edcio\",\"item\":\"https:\/\/portalnpm.com\/\"},{\"@type\":\"ListItem\",\"position\":2,\"name\":\"No Piau\u00ed, mulher \u00e9 torturada e tem cabelo e dente arrancados\"}]},{\"@type\":\"WebSite\",\"@id\":\"https:\/\/portalnpm.com\/#website\",\"url\":\"https:\/\/portalnpm.com\/\",\"name\":\"Portal NPM\",\"description\":\"Not\u00edcias em Primeira M\u00e3o\",\"potentialAction\":[{\"@type\":\"SearchAction\",\"target\":{\"@type\":\"EntryPoint\",\"urlTemplate\":\"https:\/\/portalnpm.com\/?s={search_term_string}\"},\"query-input\":\"required name=search_term_string\"}],\"inLanguage\":\"pt-BR\"},{\"@type\":\"Person\",\"@id\":\"https:\/\/portalnpm.com\/#\/schema\/person\/0b5f230ec96cee25504fa328e7f2b733\",\"name\":\"Reda\u00e7\u00e3o\",\"image\":{\"@type\":\"ImageObject\",\"inLanguage\":\"pt-BR\",\"@id\":\"https:\/\/portalnpm.com\/#\/schema\/person\/image\/\",\"url\":\"https:\/\/portalnpm.com\/wp-content\/uploads\/2024\/03\/avatar_user_4_1710097212-96x96.png\",\"contentUrl\":\"https:\/\/portalnpm.com\/wp-content\/uploads\/2024\/03\/avatar_user_4_1710097212-96x96.png\",\"caption\":\"Reda\u00e7\u00e3o\"},\"url\":\"https:\/\/portalnpm.com\/index.php\/author\/redacao\/\"}]}<\/script>\n<!-- \/ Yoast SEO plugin. -->","yoast_head_json":{"title":"No Piau\u00ed, mulher \u00e9 torturada e tem cabelo e dente arrancados - Portal NPM","robots":{"index":"index","follow":"follow","max-snippet":"max-snippet:-1","max-image-preview":"max-image-preview:large","max-video-preview":"max-video-preview:-1"},"canonical":"https:\/\/portalnpm.com\/index.php\/2019\/04\/24\/no-piaui-mulher-e-torturada-e-tem-cabelo-e-dente-arrancados\/","og_locale":"pt_BR","og_type":"article","og_title":"No Piau\u00ed, mulher \u00e9 torturada e tem cabelo e dente arrancados - Portal NPM","og_description":"Poliana Alves de Abreu, 24 anos, m\u00e3e, teve que se mudar de casa e est\u00e1 morando escondida depois de ser torturada a mando do ex-companheiro, que estava preso por roubo na Casa de Cust\u00f3dia, mas foi transferido para outra unidade prisional depois da den\u00fancia feita pela fam\u00edlia da v\u00edtima. Caso se confirme a den\u00fancia, o &hellip;","og_url":"https:\/\/portalnpm.com\/index.php\/2019\/04\/24\/no-piaui-mulher-e-torturada-e-tem-cabelo-e-dente-arrancados\/","og_site_name":"Portal NPM","article_published_time":"2019-04-24T16:02:51+00:00","author":"Reda\u00e7\u00e3o","twitter_card":"summary_large_image","twitter_misc":{"Escrito por":"Reda\u00e7\u00e3o","Est. tempo de leitura":"2 minutos"},"schema":{"@context":"https:\/\/schema.org","@graph":[{"@type":"WebPage","@id":"https:\/\/portalnpm.com\/index.php\/2019\/04\/24\/no-piaui-mulher-e-torturada-e-tem-cabelo-e-dente-arrancados\/","url":"https:\/\/portalnpm.com\/index.php\/2019\/04\/24\/no-piaui-mulher-e-torturada-e-tem-cabelo-e-dente-arrancados\/","name":"No Piau\u00ed, mulher \u00e9 torturada e tem cabelo e dente arrancados - Portal NPM","isPartOf":{"@id":"https:\/\/portalnpm.com\/#website"},"primaryImageOfPage":{"@id":"https:\/\/portalnpm.com\/index.php\/2019\/04\/24\/no-piaui-mulher-e-torturada-e-tem-cabelo-e-dente-arrancados\/#primaryimage"},"image":{"@id":"https:\/\/portalnpm.com\/index.php\/2019\/04\/24\/no-piaui-mulher-e-torturada-e-tem-cabelo-e-dente-arrancados\/#primaryimage"},"thumbnailUrl":"","datePublished":"2019-04-24T16:02:51+00:00","dateModified":"2019-04-24T16:02:51+00:00","author":{"@id":"https:\/\/portalnpm.com\/#\/schema\/person\/0b5f230ec96cee25504fa328e7f2b733"},"breadcrumb":{"@id":"https:\/\/portalnpm.com\/index.php\/2019\/04\/24\/no-piaui-mulher-e-torturada-e-tem-cabelo-e-dente-arrancados\/#breadcrumb"},"inLanguage":"pt-BR","potentialAction":[{"@type":"ReadAction","target":["https:\/\/portalnpm.com\/index.php\/2019\/04\/24\/no-piaui-mulher-e-torturada-e-tem-cabelo-e-dente-arrancados\/"]}]},{"@type":"ImageObject","inLanguage":"pt-BR","@id":"https:\/\/portalnpm.com\/index.php\/2019\/04\/24\/no-piaui-mulher-e-torturada-e-tem-cabelo-e-dente-arrancados\/#primaryimage","url":"","contentUrl":""},{"@type":"BreadcrumbList","@id":"https:\/\/portalnpm.com\/index.php\/2019\/04\/24\/no-piaui-mulher-e-torturada-e-tem-cabelo-e-dente-arrancados\/#breadcrumb","itemListElement":[{"@type":"ListItem","position":1,"name":"In\u00edcio","item":"https:\/\/portalnpm.com\/"},{"@type":"ListItem","position":2,"name":"No Piau\u00ed, mulher \u00e9 torturada e tem cabelo e dente arrancados"}]},{"@type":"WebSite","@id":"https:\/\/portalnpm.com\/#website","url":"https:\/\/portalnpm.com\/","name":"Portal NPM","description":"Not\u00edcias em Primeira M\u00e3o","potentialAction":[{"@type":"SearchAction","target":{"@type":"EntryPoint","urlTemplate":"https:\/\/portalnpm.com\/?s={search_term_string}"},"query-input":"required name=search_term_string"}],"inLanguage":"pt-BR"},{"@type":"Person","@id":"https:\/\/portalnpm.com\/#\/schema\/person\/0b5f230ec96cee25504fa328e7f2b733","name":"Reda\u00e7\u00e3o","image":{"@type":"ImageObject","inLanguage":"pt-BR","@id":"https:\/\/portalnpm.com\/#\/schema\/person\/image\/","url":"https:\/\/portalnpm.com\/wp-content\/uploads\/2024\/03\/avatar_user_4_1710097212-96x96.png","contentUrl":"https:\/\/portalnpm.com\/wp-content\/uploads\/2024\/03\/avatar_user_4_1710097212-96x96.png","caption":"Reda\u00e7\u00e3o"},"url":"https:\/\/portalnpm.com\/index.php\/author\/redacao\/"}]}},"jetpack_sharing_enabled":true,"jetpack_featured_media_url":"","_links":{"self":[{"href":"https:\/\/portalnpm.com\/index.php\/wp-json\/wp\/v2\/posts\/7776"}],"collection":[{"href":"https:\/\/portalnpm.com\/index.php\/wp-json\/wp\/v2\/posts"}],"about":[{"href":"https:\/\/portalnpm.com\/index.php\/wp-json\/wp\/v2\/types\/post"}],"author":[{"embeddable":true,"href":"https:\/\/portalnpm.com\/index.php\/wp-json\/wp\/v2\/users\/4"}],"replies":[{"embeddable":true,"href":"https:\/\/portalnpm.com\/index.php\/wp-json\/wp\/v2\/comments?post=7776"}],"version-history":[{"count":0,"href":"https:\/\/portalnpm.com\/index.php\/wp-json\/wp\/v2\/posts\/7776\/revisions"}],"wp:featuredmedia":[{"embeddable":true,"href":"https:\/\/portalnpm.com\/index.php\/wp-json\/"}],"wp:attachment":[{"href":"https:\/\/portalnpm.com\/index.php\/wp-json\/wp\/v2\/media?parent=7776"}],"wp:term":[{"taxonomy":"category","embeddable":true,"href":"https:\/\/portalnpm.com\/index.php\/wp-json\/wp\/v2\/categories?post=7776"},{"taxonomy":"post_tag","embeddable":true,"href":"https:\/\/portalnpm.com\/index.php\/wp-json\/wp\/v2\/tags?post=7776"}],"curies":[{"name":"wp","href":"https:\/\/api.w.org\/{rel}","templated":true}]}}