{"id":7779,"date":"2019-04-24T13:11:34","date_gmt":"2019-04-24T16:11:34","guid":{"rendered":"http:\/\/srv.portalnpm.com.br\/?p=7779"},"modified":"2019-04-24T13:11:34","modified_gmt":"2019-04-24T16:11:34","slug":"estudante-do-ifpi-de-22-anos-morre-afogado-em-cachoeira","status":"publish","type":"post","link":"https:\/\/portalnpm.com\/index.php\/2019\/04\/24\/estudante-do-ifpi-de-22-anos-morre-afogado-em-cachoeira\/","title":{"rendered":"Estudante do IFPI, de 22 anos, morre afogado em cachoeira"},"content":{"rendered":"<p style=\"text-align: justify;\">O jovem Francisco Teles de Andrade, de 22 anos, aluno do 5\u00b0 m\u00f3dulo do curso de Agroecologia no IFPI Campus Cocal, morreu v\u00edtima de afogamento ap\u00f3s cair de altura de 40 metros, na \u2018Cachoeira do Pinga\u2019, situada na zona rural do munic\u00edpio de Tiangu\u00e1, regi\u00e3o Norte do Cear\u00e1.<\/p>\n<p style=\"text-align: justify;\">Segundo informa\u00e7\u00f5es repassadas ao blog,\u00a0\u00a0o rapaz foi ao local com um grupo de amigos tomar banho quando ocorreu o incidente, ainda na quinta-feira Santa (18\/04). Uma equipe do Corpo de Bombeiros ainda chegou a atender a ocorr\u00eancia, mas o corpo do jovem j\u00e1 tinha sido retirado sem vida da \u00e1gua por outros banhistas.<\/p>\n<p style=\"text-align: justify;\">Agentes da Per\u00edcia Forense e do Instituto M\u00e9dico legal (IML) tamb\u00e9m estiveram na cena do ocorrido realizando os procedimentos de praxe e na sequ\u00eancia removeram o corpo para o IML de Sobral-CE.<\/p>\n<p style=\"text-align: justify;\">Segundo\u00a0informa\u00e7\u00f5es, o rapaz estudava em Cocal-PI, entretanto, ele era morador da localidade Pav\u00e3o, zona rural de Frecheirinha-CE.<\/p>\n<p style=\"text-align: justify;\">O Campus Cocal emitiu uma\u00a0nota de pesar, lamentando o acontecido e ao mesmo tempo informando que nesta quarta-feira\u00a0(24\/04), \u00e0s 19h, ser\u00e1 realizada na Igreja Matriz de Cocal, uma santa missa alusiva ao s\u00e9timo dia de falecimento de Francisco Teles.<\/p>\n<p style=\"text-align: justify;\">\n<p style=\"text-align: justify;\"><strong>FONTE: Blog do Coveiro<\/strong><\/p>\n","protected":false},"excerpt":{"rendered":"<p>O jovem Francisco Teles de Andrade, de 22 anos, aluno do 5\u00b0 m\u00f3dulo do curso de Agroecologia no IFPI Campus Cocal, morreu v\u00edtima de afogamento ap\u00f3s cair de altura de 40 metros, na \u2018Cachoeira do Pinga\u2019, situada na zona rural do munic\u00edpio de Tiangu\u00e1, regi\u00e3o Norte do Cear\u00e1. Segundo informa\u00e7\u00f5es repassadas ao blog,\u00a0\u00a0o rapaz foi &hellip;<\/p>\n","protected":false},"author":4,"featured_media":7780,"comment_status":"open","ping_status":"open","sticky":false,"template":"","format":"standard","meta":{"content-type":"","rop_custom_images_group":[],"rop_custom_messages_group":[],"rop_publish_now":"initial","rop_publish_now_accounts":{"facebook_2648258775420054_1618374048415101":""},"rop_publish_now_history":[],"rop_publish_now_status":"pending","footnotes":"","_jetpack_memberships_contains_paid_content":false},"categories":[118],"tags":[1795,606,171,132],"yoast_head":"<!-- This site is optimized with the Yoast SEO plugin v22.3 - https:\/\/yoast.com\/wordpress\/plugins\/seo\/ -->\n<title>Estudante do IFPI, de 22 anos, morre afogado em cachoeira - Portal NPM<\/title>\n<meta name=\"robots\" content=\"index, follow, max-snippet:-1, max-image-preview:large, max-video-preview:-1\" \/>\n<link rel=\"canonical\" href=\"https:\/\/portalnpm.com\/index.php\/2019\/04\/24\/estudante-do-ifpi-de-22-anos-morre-afogado-em-cachoeira\/\" \/>\n<meta property=\"og:locale\" content=\"pt_BR\" \/>\n<meta property=\"og:type\" content=\"article\" \/>\n<meta property=\"og:title\" content=\"Estudante do IFPI, de 22 anos, morre afogado em cachoeira - Portal NPM\" \/>\n<meta property=\"og:description\" content=\"O jovem Francisco Teles de Andrade, de 22 anos, aluno do 5\u00b0 m\u00f3dulo do curso de Agroecologia no IFPI Campus Cocal, morreu v\u00edtima de afogamento ap\u00f3s cair de altura de 40 metros, na \u2018Cachoeira do Pinga\u2019, situada na zona rural do munic\u00edpio de Tiangu\u00e1, regi\u00e3o Norte do Cear\u00e1. Segundo informa\u00e7\u00f5es repassadas ao blog,\u00a0\u00a0o rapaz foi &hellip;\" \/>\n<meta property=\"og:url\" content=\"https:\/\/portalnpm.com\/index.php\/2019\/04\/24\/estudante-do-ifpi-de-22-anos-morre-afogado-em-cachoeira\/\" \/>\n<meta property=\"og:site_name\" content=\"Portal NPM\" \/>\n<meta property=\"article:published_time\" content=\"2019-04-24T16:11:34+00:00\" \/>\n<meta name=\"author\" content=\"Reda\u00e7\u00e3o\" \/>\n<meta name=\"twitter:card\" content=\"summary_large_image\" \/>\n<meta name=\"twitter:label1\" content=\"Escrito por\" \/>\n\t<meta name=\"twitter:data1\" content=\"Reda\u00e7\u00e3o\" \/>\n\t<meta name=\"twitter:label2\" content=\"Est. tempo de leitura\" \/>\n\t<meta name=\"twitter:data2\" content=\"1 minuto\" \/>\n<script type=\"application\/ld+json\" class=\"yoast-schema-graph\">{\"@context\":\"https:\/\/schema.org\",\"@graph\":[{\"@type\":\"WebPage\",\"@id\":\"https:\/\/portalnpm.com\/index.php\/2019\/04\/24\/estudante-do-ifpi-de-22-anos-morre-afogado-em-cachoeira\/\",\"url\":\"https:\/\/portalnpm.com\/index.php\/2019\/04\/24\/estudante-do-ifpi-de-22-anos-morre-afogado-em-cachoeira\/\",\"name\":\"Estudante do IFPI, de 22 anos, morre afogado em cachoeira - Portal NPM\",\"isPartOf\":{\"@id\":\"https:\/\/portalnpm.com\/#website\"},\"primaryImageOfPage\":{\"@id\":\"https:\/\/portalnpm.com\/index.php\/2019\/04\/24\/estudante-do-ifpi-de-22-anos-morre-afogado-em-cachoeira\/#primaryimage\"},\"image\":{\"@id\":\"https:\/\/portalnpm.com\/index.php\/2019\/04\/24\/estudante-do-ifpi-de-22-anos-morre-afogado-em-cachoeira\/#primaryimage\"},\"thumbnailUrl\":\"\",\"datePublished\":\"2019-04-24T16:11:34+00:00\",\"dateModified\":\"2019-04-24T16:11:34+00:00\",\"author\":{\"@id\":\"https:\/\/portalnpm.com\/#\/schema\/person\/0b5f230ec96cee25504fa328e7f2b733\"},\"breadcrumb\":{\"@id\":\"https:\/\/portalnpm.com\/index.php\/2019\/04\/24\/estudante-do-ifpi-de-22-anos-morre-afogado-em-cachoeira\/#breadcrumb\"},\"inLanguage\":\"pt-BR\",\"potentialAction\":[{\"@type\":\"ReadAction\",\"target\":[\"https:\/\/portalnpm.com\/index.php\/2019\/04\/24\/estudante-do-ifpi-de-22-anos-morre-afogado-em-cachoeira\/\"]}]},{\"@type\":\"ImageObject\",\"inLanguage\":\"pt-BR\",\"@id\":\"https:\/\/portalnpm.com\/index.php\/2019\/04\/24\/estudante-do-ifpi-de-22-anos-morre-afogado-em-cachoeira\/#primaryimage\",\"url\":\"\",\"contentUrl\":\"\"},{\"@type\":\"BreadcrumbList\",\"@id\":\"https:\/\/portalnpm.com\/index.php\/2019\/04\/24\/estudante-do-ifpi-de-22-anos-morre-afogado-em-cachoeira\/#breadcrumb\",\"itemListElement\":[{\"@type\":\"ListItem\",\"position\":1,\"name\":\"In\u00edcio\",\"item\":\"https:\/\/portalnpm.com\/\"},{\"@type\":\"ListItem\",\"position\":2,\"name\":\"Estudante do IFPI, de 22 anos, morre afogado em cachoeira\"}]},{\"@type\":\"WebSite\",\"@id\":\"https:\/\/portalnpm.com\/#website\",\"url\":\"https:\/\/portalnpm.com\/\",\"name\":\"Portal NPM\",\"description\":\"Not\u00edcias em Primeira M\u00e3o\",\"potentialAction\":[{\"@type\":\"SearchAction\",\"target\":{\"@type\":\"EntryPoint\",\"urlTemplate\":\"https:\/\/portalnpm.com\/?s={search_term_string}\"},\"query-input\":\"required name=search_term_string\"}],\"inLanguage\":\"pt-BR\"},{\"@type\":\"Person\",\"@id\":\"https:\/\/portalnpm.com\/#\/schema\/person\/0b5f230ec96cee25504fa328e7f2b733\",\"name\":\"Reda\u00e7\u00e3o\",\"image\":{\"@type\":\"ImageObject\",\"inLanguage\":\"pt-BR\",\"@id\":\"https:\/\/portalnpm.com\/#\/schema\/person\/image\/\",\"url\":\"https:\/\/portalnpm.com\/wp-content\/uploads\/2024\/03\/avatar_user_4_1710097212-96x96.png\",\"contentUrl\":\"https:\/\/portalnpm.com\/wp-content\/uploads\/2024\/03\/avatar_user_4_1710097212-96x96.png\",\"caption\":\"Reda\u00e7\u00e3o\"},\"url\":\"https:\/\/portalnpm.com\/index.php\/author\/redacao\/\"}]}<\/script>\n<!-- \/ Yoast SEO plugin. -->","yoast_head_json":{"title":"Estudante do IFPI, de 22 anos, morre afogado em cachoeira - Portal NPM","robots":{"index":"index","follow":"follow","max-snippet":"max-snippet:-1","max-image-preview":"max-image-preview:large","max-video-preview":"max-video-preview:-1"},"canonical":"https:\/\/portalnpm.com\/index.php\/2019\/04\/24\/estudante-do-ifpi-de-22-anos-morre-afogado-em-cachoeira\/","og_locale":"pt_BR","og_type":"article","og_title":"Estudante do IFPI, de 22 anos, morre afogado em cachoeira - Portal NPM","og_description":"O jovem Francisco Teles de Andrade, de 22 anos, aluno do 5\u00b0 m\u00f3dulo do curso de Agroecologia no IFPI Campus Cocal, morreu v\u00edtima de afogamento ap\u00f3s cair de altura de 40 metros, na \u2018Cachoeira do Pinga\u2019, situada na zona rural do munic\u00edpio de Tiangu\u00e1, regi\u00e3o Norte do Cear\u00e1. Segundo informa\u00e7\u00f5es repassadas ao blog,\u00a0\u00a0o rapaz foi &hellip;","og_url":"https:\/\/portalnpm.com\/index.php\/2019\/04\/24\/estudante-do-ifpi-de-22-anos-morre-afogado-em-cachoeira\/","og_site_name":"Portal NPM","article_published_time":"2019-04-24T16:11:34+00:00","author":"Reda\u00e7\u00e3o","twitter_card":"summary_large_image","twitter_misc":{"Escrito por":"Reda\u00e7\u00e3o","Est. tempo de leitura":"1 minuto"},"schema":{"@context":"https:\/\/schema.org","@graph":[{"@type":"WebPage","@id":"https:\/\/portalnpm.com\/index.php\/2019\/04\/24\/estudante-do-ifpi-de-22-anos-morre-afogado-em-cachoeira\/","url":"https:\/\/portalnpm.com\/index.php\/2019\/04\/24\/estudante-do-ifpi-de-22-anos-morre-afogado-em-cachoeira\/","name":"Estudante do IFPI, de 22 anos, morre afogado em cachoeira - Portal NPM","isPartOf":{"@id":"https:\/\/portalnpm.com\/#website"},"primaryImageOfPage":{"@id":"https:\/\/portalnpm.com\/index.php\/2019\/04\/24\/estudante-do-ifpi-de-22-anos-morre-afogado-em-cachoeira\/#primaryimage"},"image":{"@id":"https:\/\/portalnpm.com\/index.php\/2019\/04\/24\/estudante-do-ifpi-de-22-anos-morre-afogado-em-cachoeira\/#primaryimage"},"thumbnailUrl":"","datePublished":"2019-04-24T16:11:34+00:00","dateModified":"2019-04-24T16:11:34+00:00","author":{"@id":"https:\/\/portalnpm.com\/#\/schema\/person\/0b5f230ec96cee25504fa328e7f2b733"},"breadcrumb":{"@id":"https:\/\/portalnpm.com\/index.php\/2019\/04\/24\/estudante-do-ifpi-de-22-anos-morre-afogado-em-cachoeira\/#breadcrumb"},"inLanguage":"pt-BR","potentialAction":[{"@type":"ReadAction","target":["https:\/\/portalnpm.com\/index.php\/2019\/04\/24\/estudante-do-ifpi-de-22-anos-morre-afogado-em-cachoeira\/"]}]},{"@type":"ImageObject","inLanguage":"pt-BR","@id":"https:\/\/portalnpm.com\/index.php\/2019\/04\/24\/estudante-do-ifpi-de-22-anos-morre-afogado-em-cachoeira\/#primaryimage","url":"","contentUrl":""},{"@type":"BreadcrumbList","@id":"https:\/\/portalnpm.com\/index.php\/2019\/04\/24\/estudante-do-ifpi-de-22-anos-morre-afogado-em-cachoeira\/#breadcrumb","itemListElement":[{"@type":"ListItem","position":1,"name":"In\u00edcio","item":"https:\/\/portalnpm.com\/"},{"@type":"ListItem","position":2,"name":"Estudante do IFPI, de 22 anos, morre afogado em cachoeira"}]},{"@type":"WebSite","@id":"https:\/\/portalnpm.com\/#website","url":"https:\/\/portalnpm.com\/","name":"Portal NPM","description":"Not\u00edcias em Primeira M\u00e3o","potentialAction":[{"@type":"SearchAction","target":{"@type":"EntryPoint","urlTemplate":"https:\/\/portalnpm.com\/?s={search_term_string}"},"query-input":"required name=search_term_string"}],"inLanguage":"pt-BR"},{"@type":"Person","@id":"https:\/\/portalnpm.com\/#\/schema\/person\/0b5f230ec96cee25504fa328e7f2b733","name":"Reda\u00e7\u00e3o","image":{"@type":"ImageObject","inLanguage":"pt-BR","@id":"https:\/\/portalnpm.com\/#\/schema\/person\/image\/","url":"https:\/\/portalnpm.com\/wp-content\/uploads\/2024\/03\/avatar_user_4_1710097212-96x96.png","contentUrl":"https:\/\/portalnpm.com\/wp-content\/uploads\/2024\/03\/avatar_user_4_1710097212-96x96.png","caption":"Reda\u00e7\u00e3o"},"url":"https:\/\/portalnpm.com\/index.php\/author\/redacao\/"}]}},"jetpack_sharing_enabled":true,"jetpack_featured_media_url":"","_links":{"self":[{"href":"https:\/\/portalnpm.com\/index.php\/wp-json\/wp\/v2\/posts\/7779"}],"collection":[{"href":"https:\/\/portalnpm.com\/index.php\/wp-json\/wp\/v2\/posts"}],"about":[{"href":"https:\/\/portalnpm.com\/index.php\/wp-json\/wp\/v2\/types\/post"}],"author":[{"embeddable":true,"href":"https:\/\/portalnpm.com\/index.php\/wp-json\/wp\/v2\/users\/4"}],"replies":[{"embeddable":true,"href":"https:\/\/portalnpm.com\/index.php\/wp-json\/wp\/v2\/comments?post=7779"}],"version-history":[{"count":0,"href":"https:\/\/portalnpm.com\/index.php\/wp-json\/wp\/v2\/posts\/7779\/revisions"}],"wp:featuredmedia":[{"embeddable":true,"href":"https:\/\/portalnpm.com\/index.php\/wp-json\/"}],"wp:attachment":[{"href":"https:\/\/portalnpm.com\/index.php\/wp-json\/wp\/v2\/media?parent=7779"}],"wp:term":[{"taxonomy":"category","embeddable":true,"href":"https:\/\/portalnpm.com\/index.php\/wp-json\/wp\/v2\/categories?post=7779"},{"taxonomy":"post_tag","embeddable":true,"href":"https:\/\/portalnpm.com\/index.php\/wp-json\/wp\/v2\/tags?post=7779"}],"curies":[{"name":"wp","href":"https:\/\/api.w.org\/{rel}","templated":true}]}}