{"id":77793,"date":"2024-09-09T11:04:21","date_gmt":"2024-09-09T14:04:21","guid":{"rendered":"https:\/\/portalnpm.com\/?p=77793"},"modified":"2024-09-09T11:04:21","modified_gmt":"2024-09-09T14:04:21","slug":"fronteiras-direito-de-resposta-concedido-ao-prefeito-eudes-ribeiro-veja-nota-de-esclarecimento","status":"publish","type":"post","link":"https:\/\/portalnpm.com\/index.php\/2024\/09\/09\/fronteiras-direito-de-resposta-concedido-ao-prefeito-eudes-ribeiro-veja-nota-de-esclarecimento\/","title":{"rendered":"Fronteiras | Direito de resposta concedido ao prefeito Eudes Ribeiro; veja nota de esclarecimento!"},"content":{"rendered":"<p>O direito de resposta \u00e9 uma garantia constitucional que assegura defesa a qualquer pessoa f\u00edsica ou jur\u00eddica que for ofendida por meio de mat\u00e9ria divulgada em um ve\u00edculo de comunica\u00e7\u00e3o social ou comunica\u00e7\u00e3o em massa.<\/p>\n<p>Tal direito \u00e9 previsto na Constitui\u00e7\u00e3o Federal, que disp\u00f5e, em seu art. 5\u00ba, inciso V, que \u00e9 assegurado o direito de resposta.<\/p>\n<p>Seguindo a nossa constitui\u00e7\u00e3o, o Portal NPM abriu o espa\u00e7o para o prefeito de Fronteiras, que solicitou o direito de resposta, no qual o mesmo foi mencionado em uma mat\u00e9ria publicada na manh\u00e3 desta segunda-feira, 09 de setembro, pela nossa reda\u00e7\u00e3o de not\u00edcias.<\/p>\n<p><a href=\"https:\/\/portalnpm.com\/index.php\/2024\/09\/09\/fronteiras-tre-pode-cacar-candidatura-do-prefeito-eudes-ribeiro-acao-de-impugnacao-expoe-nepotismo-e-improbidade-administrativa-na-chapa-do-candidato-veja\/\">https:\/\/portalnpm.com\/index.php\/2024\/09\/09\/fronteiras-tre-pode-cacar-candidatura-do-prefeito-eudes-ribeiro-acao-de-impugnacao-expoe-nepotismo-e-improbidade-administrativa-na-chapa-do-candidato-veja\/<\/a><\/p>\n<p><strong>Segue a nota de esclarecimento, enviada pela assessoria de comunica\u00e7\u00e3o do prefeito Eudes Ribeiro, de Fronteiras &#8211; PI.<\/strong><\/p>\n<p><img fetchpriority=\"high\" decoding=\"async\" class=\"alignnone wp-image-77794 size-full\" src=\"https:\/\/portalnpm.com\/wp-content\/uploads\/2024\/09\/IMG-20240909-WA0192.jpg\" alt=\"\" width=\"941\" height=\"1280\" srcset=\"https:\/\/portalnpm.com\/wp-content\/uploads\/2024\/09\/IMG-20240909-WA0192.jpg 941w, https:\/\/portalnpm.com\/wp-content\/uploads\/2024\/09\/IMG-20240909-WA0192-221x300.jpg 221w, https:\/\/portalnpm.com\/wp-content\/uploads\/2024\/09\/IMG-20240909-WA0192-753x1024.jpg 753w, https:\/\/portalnpm.com\/wp-content\/uploads\/2024\/09\/IMG-20240909-WA0192-768x1045.jpg 768w\" sizes=\"(max-width: 941px) 100vw, 941px\" \/><\/p>\n","protected":false},"excerpt":{"rendered":"<p>O direito de resposta \u00e9 uma garantia constitucional que assegura defesa a qualquer pessoa f\u00edsica ou jur\u00eddica que for ofendida por meio de mat\u00e9ria divulgada em um ve\u00edculo de comunica\u00e7\u00e3o social ou comunica\u00e7\u00e3o em massa. Tal direito \u00e9 previsto na Constitui\u00e7\u00e3o Federal, que disp\u00f5e, em seu art. 5\u00ba, inciso V, que \u00e9 assegurado o direito &hellip;<\/p>\n","protected":false},"author":4,"featured_media":77790,"comment_status":"open","ping_status":"open","sticky":false,"template":"","format":"standard","meta":{"content-type":"","rop_custom_images_group":[],"rop_custom_messages_group":[],"rop_publish_now":"yes","rop_publish_now_accounts":{"facebook_2648258775420054_1618374048415101":""},"rop_publish_now_history":[],"rop_publish_now_status":"pending","footnotes":"","_jetpack_memberships_contains_paid_content":false},"categories":[151],"tags":[1204,15932,230,4010,11841,5115,150,790,135,12443,870,842],"yoast_head":"<!-- This site is optimized with the Yoast SEO plugin v22.3 - https:\/\/yoast.com\/wordpress\/plugins\/seo\/ -->\n<title>Fronteiras | Direito de resposta concedido ao prefeito Eudes Ribeiro; veja nota de esclarecimento! - Portal NPM<\/title>\n<meta name=\"robots\" content=\"index, follow, max-snippet:-1, max-image-preview:large, max-video-preview:-1\" \/>\n<link rel=\"canonical\" href=\"https:\/\/portalnpm.com\/index.php\/2024\/09\/09\/fronteiras-direito-de-resposta-concedido-ao-prefeito-eudes-ribeiro-veja-nota-de-esclarecimento\/\" \/>\n<meta property=\"og:locale\" content=\"pt_BR\" \/>\n<meta property=\"og:type\" content=\"article\" \/>\n<meta property=\"og:title\" content=\"Fronteiras | Direito de resposta concedido ao prefeito Eudes Ribeiro; veja nota de esclarecimento! - Portal NPM\" \/>\n<meta property=\"og:description\" content=\"O direito de resposta \u00e9 uma garantia constitucional que assegura defesa a qualquer pessoa f\u00edsica ou jur\u00eddica que for ofendida por meio de mat\u00e9ria divulgada em um ve\u00edculo de comunica\u00e7\u00e3o social ou comunica\u00e7\u00e3o em massa. Tal direito \u00e9 previsto na Constitui\u00e7\u00e3o Federal, que disp\u00f5e, em seu art. 5\u00ba, inciso V, que \u00e9 assegurado o direito &hellip;\" \/>\n<meta property=\"og:url\" content=\"https:\/\/portalnpm.com\/index.php\/2024\/09\/09\/fronteiras-direito-de-resposta-concedido-ao-prefeito-eudes-ribeiro-veja-nota-de-esclarecimento\/\" \/>\n<meta property=\"og:site_name\" content=\"Portal NPM\" \/>\n<meta property=\"article:published_time\" content=\"2024-09-09T14:04:21+00:00\" \/>\n<meta property=\"og:image\" content=\"https:\/\/portalnpm.com\/wp-content\/uploads\/2024\/09\/IMG-20240909-WA0081-1.jpg\" \/>\n\t<meta property=\"og:image:width\" content=\"1080\" \/>\n\t<meta property=\"og:image:height\" content=\"920\" \/>\n\t<meta property=\"og:image:type\" content=\"image\/jpeg\" \/>\n<meta name=\"author\" content=\"Reda\u00e7\u00e3o\" \/>\n<meta name=\"twitter:card\" content=\"summary_large_image\" \/>\n<meta name=\"twitter:label1\" content=\"Escrito por\" \/>\n\t<meta name=\"twitter:data1\" content=\"Reda\u00e7\u00e3o\" \/>\n\t<meta name=\"twitter:label2\" content=\"Est. tempo de leitura\" \/>\n\t<meta name=\"twitter:data2\" content=\"2 minutos\" \/>\n<script type=\"application\/ld+json\" class=\"yoast-schema-graph\">{\"@context\":\"https:\/\/schema.org\",\"@graph\":[{\"@type\":\"WebPage\",\"@id\":\"https:\/\/portalnpm.com\/index.php\/2024\/09\/09\/fronteiras-direito-de-resposta-concedido-ao-prefeito-eudes-ribeiro-veja-nota-de-esclarecimento\/\",\"url\":\"https:\/\/portalnpm.com\/index.php\/2024\/09\/09\/fronteiras-direito-de-resposta-concedido-ao-prefeito-eudes-ribeiro-veja-nota-de-esclarecimento\/\",\"name\":\"Fronteiras | Direito de resposta concedido ao prefeito Eudes Ribeiro; veja nota de esclarecimento! - Portal NPM\",\"isPartOf\":{\"@id\":\"https:\/\/portalnpm.com\/#website\"},\"primaryImageOfPage\":{\"@id\":\"https:\/\/portalnpm.com\/index.php\/2024\/09\/09\/fronteiras-direito-de-resposta-concedido-ao-prefeito-eudes-ribeiro-veja-nota-de-esclarecimento\/#primaryimage\"},\"image\":{\"@id\":\"https:\/\/portalnpm.com\/index.php\/2024\/09\/09\/fronteiras-direito-de-resposta-concedido-ao-prefeito-eudes-ribeiro-veja-nota-de-esclarecimento\/#primaryimage\"},\"thumbnailUrl\":\"https:\/\/portalnpm.com\/wp-content\/uploads\/2024\/09\/IMG-20240909-WA0081-1.jpg\",\"datePublished\":\"2024-09-09T14:04:21+00:00\",\"dateModified\":\"2024-09-09T14:04:21+00:00\",\"author\":{\"@id\":\"https:\/\/portalnpm.com\/#\/schema\/person\/0b5f230ec96cee25504fa328e7f2b733\"},\"breadcrumb\":{\"@id\":\"https:\/\/portalnpm.com\/index.php\/2024\/09\/09\/fronteiras-direito-de-resposta-concedido-ao-prefeito-eudes-ribeiro-veja-nota-de-esclarecimento\/#breadcrumb\"},\"inLanguage\":\"pt-BR\",\"potentialAction\":[{\"@type\":\"ReadAction\",\"target\":[\"https:\/\/portalnpm.com\/index.php\/2024\/09\/09\/fronteiras-direito-de-resposta-concedido-ao-prefeito-eudes-ribeiro-veja-nota-de-esclarecimento\/\"]}]},{\"@type\":\"ImageObject\",\"inLanguage\":\"pt-BR\",\"@id\":\"https:\/\/portalnpm.com\/index.php\/2024\/09\/09\/fronteiras-direito-de-resposta-concedido-ao-prefeito-eudes-ribeiro-veja-nota-de-esclarecimento\/#primaryimage\",\"url\":\"https:\/\/portalnpm.com\/wp-content\/uploads\/2024\/09\/IMG-20240909-WA0081-1.jpg\",\"contentUrl\":\"https:\/\/portalnpm.com\/wp-content\/uploads\/2024\/09\/IMG-20240909-WA0081-1.jpg\",\"width\":1080,\"height\":920,\"caption\":\"Prefeito Eudes Ribeiro (PSD), de Fronteiras - PI\"},{\"@type\":\"BreadcrumbList\",\"@id\":\"https:\/\/portalnpm.com\/index.php\/2024\/09\/09\/fronteiras-direito-de-resposta-concedido-ao-prefeito-eudes-ribeiro-veja-nota-de-esclarecimento\/#breadcrumb\",\"itemListElement\":[{\"@type\":\"ListItem\",\"position\":1,\"name\":\"In\u00edcio\",\"item\":\"https:\/\/portalnpm.com\/\"},{\"@type\":\"ListItem\",\"position\":2,\"name\":\"Fronteiras | Direito de resposta concedido ao prefeito Eudes Ribeiro; veja nota de esclarecimento!\"}]},{\"@type\":\"WebSite\",\"@id\":\"https:\/\/portalnpm.com\/#website\",\"url\":\"https:\/\/portalnpm.com\/\",\"name\":\"Portal NPM\",\"description\":\"Not\u00edcias em Primeira M\u00e3o\",\"potentialAction\":[{\"@type\":\"SearchAction\",\"target\":{\"@type\":\"EntryPoint\",\"urlTemplate\":\"https:\/\/portalnpm.com\/?s={search_term_string}\"},\"query-input\":\"required name=search_term_string\"}],\"inLanguage\":\"pt-BR\"},{\"@type\":\"Person\",\"@id\":\"https:\/\/portalnpm.com\/#\/schema\/person\/0b5f230ec96cee25504fa328e7f2b733\",\"name\":\"Reda\u00e7\u00e3o\",\"image\":{\"@type\":\"ImageObject\",\"inLanguage\":\"pt-BR\",\"@id\":\"https:\/\/portalnpm.com\/#\/schema\/person\/image\/\",\"url\":\"https:\/\/portalnpm.com\/wp-content\/uploads\/2024\/03\/avatar_user_4_1710097212-96x96.png\",\"contentUrl\":\"https:\/\/portalnpm.com\/wp-content\/uploads\/2024\/03\/avatar_user_4_1710097212-96x96.png\",\"caption\":\"Reda\u00e7\u00e3o\"},\"url\":\"https:\/\/portalnpm.com\/index.php\/author\/redacao\/\"}]}<\/script>\n<!-- \/ Yoast SEO plugin. -->","yoast_head_json":{"title":"Fronteiras | Direito de resposta concedido ao prefeito Eudes Ribeiro; veja nota de esclarecimento! - Portal NPM","robots":{"index":"index","follow":"follow","max-snippet":"max-snippet:-1","max-image-preview":"max-image-preview:large","max-video-preview":"max-video-preview:-1"},"canonical":"https:\/\/portalnpm.com\/index.php\/2024\/09\/09\/fronteiras-direito-de-resposta-concedido-ao-prefeito-eudes-ribeiro-veja-nota-de-esclarecimento\/","og_locale":"pt_BR","og_type":"article","og_title":"Fronteiras | Direito de resposta concedido ao prefeito Eudes Ribeiro; veja nota de esclarecimento! - Portal NPM","og_description":"O direito de resposta \u00e9 uma garantia constitucional que assegura defesa a qualquer pessoa f\u00edsica ou jur\u00eddica que for ofendida por meio de mat\u00e9ria divulgada em um ve\u00edculo de comunica\u00e7\u00e3o social ou comunica\u00e7\u00e3o em massa. Tal direito \u00e9 previsto na Constitui\u00e7\u00e3o Federal, que disp\u00f5e, em seu art. 5\u00ba, inciso V, que \u00e9 assegurado o direito &hellip;","og_url":"https:\/\/portalnpm.com\/index.php\/2024\/09\/09\/fronteiras-direito-de-resposta-concedido-ao-prefeito-eudes-ribeiro-veja-nota-de-esclarecimento\/","og_site_name":"Portal NPM","article_published_time":"2024-09-09T14:04:21+00:00","og_image":[{"width":1080,"height":920,"url":"https:\/\/portalnpm.com\/wp-content\/uploads\/2024\/09\/IMG-20240909-WA0081-1.jpg","type":"image\/jpeg"}],"author":"Reda\u00e7\u00e3o","twitter_card":"summary_large_image","twitter_misc":{"Escrito por":"Reda\u00e7\u00e3o","Est. tempo de leitura":"2 minutos"},"schema":{"@context":"https:\/\/schema.org","@graph":[{"@type":"WebPage","@id":"https:\/\/portalnpm.com\/index.php\/2024\/09\/09\/fronteiras-direito-de-resposta-concedido-ao-prefeito-eudes-ribeiro-veja-nota-de-esclarecimento\/","url":"https:\/\/portalnpm.com\/index.php\/2024\/09\/09\/fronteiras-direito-de-resposta-concedido-ao-prefeito-eudes-ribeiro-veja-nota-de-esclarecimento\/","name":"Fronteiras | Direito de resposta concedido ao prefeito Eudes Ribeiro; veja nota de esclarecimento! - Portal NPM","isPartOf":{"@id":"https:\/\/portalnpm.com\/#website"},"primaryImageOfPage":{"@id":"https:\/\/portalnpm.com\/index.php\/2024\/09\/09\/fronteiras-direito-de-resposta-concedido-ao-prefeito-eudes-ribeiro-veja-nota-de-esclarecimento\/#primaryimage"},"image":{"@id":"https:\/\/portalnpm.com\/index.php\/2024\/09\/09\/fronteiras-direito-de-resposta-concedido-ao-prefeito-eudes-ribeiro-veja-nota-de-esclarecimento\/#primaryimage"},"thumbnailUrl":"https:\/\/portalnpm.com\/wp-content\/uploads\/2024\/09\/IMG-20240909-WA0081-1.jpg","datePublished":"2024-09-09T14:04:21+00:00","dateModified":"2024-09-09T14:04:21+00:00","author":{"@id":"https:\/\/portalnpm.com\/#\/schema\/person\/0b5f230ec96cee25504fa328e7f2b733"},"breadcrumb":{"@id":"https:\/\/portalnpm.com\/index.php\/2024\/09\/09\/fronteiras-direito-de-resposta-concedido-ao-prefeito-eudes-ribeiro-veja-nota-de-esclarecimento\/#breadcrumb"},"inLanguage":"pt-BR","potentialAction":[{"@type":"ReadAction","target":["https:\/\/portalnpm.com\/index.php\/2024\/09\/09\/fronteiras-direito-de-resposta-concedido-ao-prefeito-eudes-ribeiro-veja-nota-de-esclarecimento\/"]}]},{"@type":"ImageObject","inLanguage":"pt-BR","@id":"https:\/\/portalnpm.com\/index.php\/2024\/09\/09\/fronteiras-direito-de-resposta-concedido-ao-prefeito-eudes-ribeiro-veja-nota-de-esclarecimento\/#primaryimage","url":"https:\/\/portalnpm.com\/wp-content\/uploads\/2024\/09\/IMG-20240909-WA0081-1.jpg","contentUrl":"https:\/\/portalnpm.com\/wp-content\/uploads\/2024\/09\/IMG-20240909-WA0081-1.jpg","width":1080,"height":920,"caption":"Prefeito Eudes Ribeiro (PSD), de Fronteiras - PI"},{"@type":"BreadcrumbList","@id":"https:\/\/portalnpm.com\/index.php\/2024\/09\/09\/fronteiras-direito-de-resposta-concedido-ao-prefeito-eudes-ribeiro-veja-nota-de-esclarecimento\/#breadcrumb","itemListElement":[{"@type":"ListItem","position":1,"name":"In\u00edcio","item":"https:\/\/portalnpm.com\/"},{"@type":"ListItem","position":2,"name":"Fronteiras | Direito de resposta concedido ao prefeito Eudes Ribeiro; veja nota de esclarecimento!"}]},{"@type":"WebSite","@id":"https:\/\/portalnpm.com\/#website","url":"https:\/\/portalnpm.com\/","name":"Portal NPM","description":"Not\u00edcias em Primeira M\u00e3o","potentialAction":[{"@type":"SearchAction","target":{"@type":"EntryPoint","urlTemplate":"https:\/\/portalnpm.com\/?s={search_term_string}"},"query-input":"required name=search_term_string"}],"inLanguage":"pt-BR"},{"@type":"Person","@id":"https:\/\/portalnpm.com\/#\/schema\/person\/0b5f230ec96cee25504fa328e7f2b733","name":"Reda\u00e7\u00e3o","image":{"@type":"ImageObject","inLanguage":"pt-BR","@id":"https:\/\/portalnpm.com\/#\/schema\/person\/image\/","url":"https:\/\/portalnpm.com\/wp-content\/uploads\/2024\/03\/avatar_user_4_1710097212-96x96.png","contentUrl":"https:\/\/portalnpm.com\/wp-content\/uploads\/2024\/03\/avatar_user_4_1710097212-96x96.png","caption":"Reda\u00e7\u00e3o"},"url":"https:\/\/portalnpm.com\/index.php\/author\/redacao\/"}]}},"jetpack_sharing_enabled":true,"jetpack_featured_media_url":"https:\/\/portalnpm.com\/wp-content\/uploads\/2024\/09\/IMG-20240909-WA0081-1.jpg","_links":{"self":[{"href":"https:\/\/portalnpm.com\/index.php\/wp-json\/wp\/v2\/posts\/77793"}],"collection":[{"href":"https:\/\/portalnpm.com\/index.php\/wp-json\/wp\/v2\/posts"}],"about":[{"href":"https:\/\/portalnpm.com\/index.php\/wp-json\/wp\/v2\/types\/post"}],"author":[{"embeddable":true,"href":"https:\/\/portalnpm.com\/index.php\/wp-json\/wp\/v2\/users\/4"}],"replies":[{"embeddable":true,"href":"https:\/\/portalnpm.com\/index.php\/wp-json\/wp\/v2\/comments?post=77793"}],"version-history":[{"count":3,"href":"https:\/\/portalnpm.com\/index.php\/wp-json\/wp\/v2\/posts\/77793\/revisions"}],"predecessor-version":[{"id":77797,"href":"https:\/\/portalnpm.com\/index.php\/wp-json\/wp\/v2\/posts\/77793\/revisions\/77797"}],"wp:featuredmedia":[{"embeddable":true,"href":"https:\/\/portalnpm.com\/index.php\/wp-json\/wp\/v2\/media\/77790"}],"wp:attachment":[{"href":"https:\/\/portalnpm.com\/index.php\/wp-json\/wp\/v2\/media?parent=77793"}],"wp:term":[{"taxonomy":"category","embeddable":true,"href":"https:\/\/portalnpm.com\/index.php\/wp-json\/wp\/v2\/categories?post=77793"},{"taxonomy":"post_tag","embeddable":true,"href":"https:\/\/portalnpm.com\/index.php\/wp-json\/wp\/v2\/tags?post=77793"}],"curies":[{"name":"wp","href":"https:\/\/api.w.org\/{rel}","templated":true}]}}