{"id":7782,"date":"2019-04-24T13:18:16","date_gmt":"2019-04-24T16:18:16","guid":{"rendered":"http:\/\/srv.portalnpm.com.br\/?p=7782"},"modified":"2019-04-24T13:18:16","modified_gmt":"2019-04-24T16:18:16","slug":"acusado-de-realizar-mais-de-15-assaltos-e-preso-em-teresina","status":"publish","type":"post","link":"https:\/\/portalnpm.com\/index.php\/2019\/04\/24\/acusado-de-realizar-mais-de-15-assaltos-e-preso-em-teresina\/","title":{"rendered":"Acusado de realizar mais de 15 assaltos \u00e9 preso em Teresina"},"content":{"rendered":"<p style=\"text-align: justify;\">A Pol\u00edcia Civil do Piau\u00ed, por meio do Departamento do DHPP, dirigido pelo DPC Francisco das Chagas Santos Costa &#8211; Baretta, atrav\u00e9s da delegacia de desaparecidos e centro sul, sob o comando do DPC Walter Pereira da Cunha J\u00fanior, deu cumprimento na manh\u00e3 desta quarta-feira (23\/04) \u00e0 Pris\u00e3o em Flagrante do jovem identificado como Gabriel V\u00edtor Pereira da Silva, pelo crime de roubo.<\/p>\n<p style=\"text-align: justify;\">De acordo informa\u00e7\u00f5es repassadas pela assessoria da Secretaria de Seguran\u00e7a, uma\u00a0equipe de investiga\u00e7\u00e3o realizava dilig\u00eancias pelo bairro Sacy quando observou dois indiv\u00edduos em atitude suspeita, ap\u00f3s acompanhamento t\u00e1tico foi dado voz de parada onde um dos indiv\u00edduos em uma POP branca conseguiu evardir-se do local, contudo foi feito a abordagem em Gabriel Vitor, que conduzia uma motocicleta CG FAN 125 de placa OJC-7996, e encontrado em sua cintura\u00a0 uma arma de fogo artesanal, onde o mesmo relatou aos policiais que a arma era para sua prote\u00e7\u00e3o e a motocicleta de propriedade de seu tio.<\/p>\n<p style=\"text-align: justify;\">Os policiais em contato com o dono da moto relatou que havia sido roubado horas antes onde o indiv\u00edduo havia levado al\u00e9m da moto todos seus pertences. Em contato com policiais civis do 2DP de Timon, informaram que Gabriel foi reconhecido em mais de 15 assaltos na cidade de Timon-MA<\/p>\n<p style=\"text-align: justify;\">Diante dos fatos foi dado voz de pris\u00e3o e o indiv\u00edduo apresentado na central de flagrantes para os procedimentos cab\u00edveis.<\/p>\n<p style=\"text-align: justify;\">\n<p style=\"text-align: justify;\"><strong>FONTE: Fala Piau\u00ed\u00a0<\/strong><\/p>\n","protected":false},"excerpt":{"rendered":"<p>A Pol\u00edcia Civil do Piau\u00ed, por meio do Departamento do DHPP, dirigido pelo DPC Francisco das Chagas Santos Costa &#8211; Baretta, atrav\u00e9s da delegacia de desaparecidos e centro sul, sob o comando do DPC Walter Pereira da Cunha J\u00fanior, deu cumprimento na manh\u00e3 desta quarta-feira (23\/04) \u00e0 Pris\u00e3o em Flagrante do jovem identificado como Gabriel &hellip;<\/p>\n","protected":false},"author":4,"featured_media":7783,"comment_status":"open","ping_status":"open","sticky":false,"template":"","format":"standard","meta":{"content-type":"","rop_custom_images_group":[],"rop_custom_messages_group":[],"rop_publish_now":"initial","rop_publish_now_accounts":{"facebook_2648258775420054_1618374048415101":""},"rop_publish_now_history":[],"rop_publish_now_status":"pending","footnotes":"","_jetpack_memberships_contains_paid_content":false},"categories":[113,118],"tags":[513,1269,844,1143],"yoast_head":"<!-- This site is optimized with the Yoast SEO plugin v22.3 - https:\/\/yoast.com\/wordpress\/plugins\/seo\/ -->\n<title>Acusado de realizar mais de 15 assaltos \u00e9 preso em Teresina - Portal NPM<\/title>\n<meta name=\"robots\" content=\"index, follow, max-snippet:-1, max-image-preview:large, max-video-preview:-1\" \/>\n<link rel=\"canonical\" href=\"https:\/\/portalnpm.com\/index.php\/2019\/04\/24\/acusado-de-realizar-mais-de-15-assaltos-e-preso-em-teresina\/\" \/>\n<meta property=\"og:locale\" content=\"pt_BR\" \/>\n<meta property=\"og:type\" content=\"article\" \/>\n<meta property=\"og:title\" content=\"Acusado de realizar mais de 15 assaltos \u00e9 preso em Teresina - Portal NPM\" \/>\n<meta property=\"og:description\" content=\"A Pol\u00edcia Civil do Piau\u00ed, por meio do Departamento do DHPP, dirigido pelo DPC Francisco das Chagas Santos Costa &#8211; Baretta, atrav\u00e9s da delegacia de desaparecidos e centro sul, sob o comando do DPC Walter Pereira da Cunha J\u00fanior, deu cumprimento na manh\u00e3 desta quarta-feira (23\/04) \u00e0 Pris\u00e3o em Flagrante do jovem identificado como Gabriel &hellip;\" \/>\n<meta property=\"og:url\" content=\"https:\/\/portalnpm.com\/index.php\/2019\/04\/24\/acusado-de-realizar-mais-de-15-assaltos-e-preso-em-teresina\/\" \/>\n<meta property=\"og:site_name\" content=\"Portal NPM\" \/>\n<meta property=\"article:published_time\" content=\"2019-04-24T16:18:16+00:00\" \/>\n<meta name=\"author\" content=\"Reda\u00e7\u00e3o\" \/>\n<meta name=\"twitter:card\" content=\"summary_large_image\" \/>\n<meta name=\"twitter:label1\" content=\"Escrito por\" \/>\n\t<meta name=\"twitter:data1\" content=\"Reda\u00e7\u00e3o\" \/>\n\t<meta name=\"twitter:label2\" content=\"Est. tempo de leitura\" \/>\n\t<meta name=\"twitter:data2\" content=\"1 minuto\" \/>\n<script type=\"application\/ld+json\" class=\"yoast-schema-graph\">{\"@context\":\"https:\/\/schema.org\",\"@graph\":[{\"@type\":\"WebPage\",\"@id\":\"https:\/\/portalnpm.com\/index.php\/2019\/04\/24\/acusado-de-realizar-mais-de-15-assaltos-e-preso-em-teresina\/\",\"url\":\"https:\/\/portalnpm.com\/index.php\/2019\/04\/24\/acusado-de-realizar-mais-de-15-assaltos-e-preso-em-teresina\/\",\"name\":\"Acusado de realizar mais de 15 assaltos \u00e9 preso em Teresina - Portal NPM\",\"isPartOf\":{\"@id\":\"https:\/\/portalnpm.com\/#website\"},\"primaryImageOfPage\":{\"@id\":\"https:\/\/portalnpm.com\/index.php\/2019\/04\/24\/acusado-de-realizar-mais-de-15-assaltos-e-preso-em-teresina\/#primaryimage\"},\"image\":{\"@id\":\"https:\/\/portalnpm.com\/index.php\/2019\/04\/24\/acusado-de-realizar-mais-de-15-assaltos-e-preso-em-teresina\/#primaryimage\"},\"thumbnailUrl\":\"\",\"datePublished\":\"2019-04-24T16:18:16+00:00\",\"dateModified\":\"2019-04-24T16:18:16+00:00\",\"author\":{\"@id\":\"https:\/\/portalnpm.com\/#\/schema\/person\/0b5f230ec96cee25504fa328e7f2b733\"},\"breadcrumb\":{\"@id\":\"https:\/\/portalnpm.com\/index.php\/2019\/04\/24\/acusado-de-realizar-mais-de-15-assaltos-e-preso-em-teresina\/#breadcrumb\"},\"inLanguage\":\"pt-BR\",\"potentialAction\":[{\"@type\":\"ReadAction\",\"target\":[\"https:\/\/portalnpm.com\/index.php\/2019\/04\/24\/acusado-de-realizar-mais-de-15-assaltos-e-preso-em-teresina\/\"]}]},{\"@type\":\"ImageObject\",\"inLanguage\":\"pt-BR\",\"@id\":\"https:\/\/portalnpm.com\/index.php\/2019\/04\/24\/acusado-de-realizar-mais-de-15-assaltos-e-preso-em-teresina\/#primaryimage\",\"url\":\"\",\"contentUrl\":\"\"},{\"@type\":\"BreadcrumbList\",\"@id\":\"https:\/\/portalnpm.com\/index.php\/2019\/04\/24\/acusado-de-realizar-mais-de-15-assaltos-e-preso-em-teresina\/#breadcrumb\",\"itemListElement\":[{\"@type\":\"ListItem\",\"position\":1,\"name\":\"In\u00edcio\",\"item\":\"https:\/\/portalnpm.com\/\"},{\"@type\":\"ListItem\",\"position\":2,\"name\":\"Acusado de realizar mais de 15 assaltos \u00e9 preso em Teresina\"}]},{\"@type\":\"WebSite\",\"@id\":\"https:\/\/portalnpm.com\/#website\",\"url\":\"https:\/\/portalnpm.com\/\",\"name\":\"Portal NPM\",\"description\":\"Not\u00edcias em Primeira M\u00e3o\",\"potentialAction\":[{\"@type\":\"SearchAction\",\"target\":{\"@type\":\"EntryPoint\",\"urlTemplate\":\"https:\/\/portalnpm.com\/?s={search_term_string}\"},\"query-input\":\"required name=search_term_string\"}],\"inLanguage\":\"pt-BR\"},{\"@type\":\"Person\",\"@id\":\"https:\/\/portalnpm.com\/#\/schema\/person\/0b5f230ec96cee25504fa328e7f2b733\",\"name\":\"Reda\u00e7\u00e3o\",\"image\":{\"@type\":\"ImageObject\",\"inLanguage\":\"pt-BR\",\"@id\":\"https:\/\/portalnpm.com\/#\/schema\/person\/image\/\",\"url\":\"https:\/\/portalnpm.com\/wp-content\/uploads\/2024\/03\/avatar_user_4_1710097212-96x96.png\",\"contentUrl\":\"https:\/\/portalnpm.com\/wp-content\/uploads\/2024\/03\/avatar_user_4_1710097212-96x96.png\",\"caption\":\"Reda\u00e7\u00e3o\"},\"url\":\"https:\/\/portalnpm.com\/index.php\/author\/redacao\/\"}]}<\/script>\n<!-- \/ Yoast SEO plugin. -->","yoast_head_json":{"title":"Acusado de realizar mais de 15 assaltos \u00e9 preso em Teresina - Portal NPM","robots":{"index":"index","follow":"follow","max-snippet":"max-snippet:-1","max-image-preview":"max-image-preview:large","max-video-preview":"max-video-preview:-1"},"canonical":"https:\/\/portalnpm.com\/index.php\/2019\/04\/24\/acusado-de-realizar-mais-de-15-assaltos-e-preso-em-teresina\/","og_locale":"pt_BR","og_type":"article","og_title":"Acusado de realizar mais de 15 assaltos \u00e9 preso em Teresina - Portal NPM","og_description":"A Pol\u00edcia Civil do Piau\u00ed, por meio do Departamento do DHPP, dirigido pelo DPC Francisco das Chagas Santos Costa &#8211; Baretta, atrav\u00e9s da delegacia de desaparecidos e centro sul, sob o comando do DPC Walter Pereira da Cunha J\u00fanior, deu cumprimento na manh\u00e3 desta quarta-feira (23\/04) \u00e0 Pris\u00e3o em Flagrante do jovem identificado como Gabriel &hellip;","og_url":"https:\/\/portalnpm.com\/index.php\/2019\/04\/24\/acusado-de-realizar-mais-de-15-assaltos-e-preso-em-teresina\/","og_site_name":"Portal NPM","article_published_time":"2019-04-24T16:18:16+00:00","author":"Reda\u00e7\u00e3o","twitter_card":"summary_large_image","twitter_misc":{"Escrito por":"Reda\u00e7\u00e3o","Est. tempo de leitura":"1 minuto"},"schema":{"@context":"https:\/\/schema.org","@graph":[{"@type":"WebPage","@id":"https:\/\/portalnpm.com\/index.php\/2019\/04\/24\/acusado-de-realizar-mais-de-15-assaltos-e-preso-em-teresina\/","url":"https:\/\/portalnpm.com\/index.php\/2019\/04\/24\/acusado-de-realizar-mais-de-15-assaltos-e-preso-em-teresina\/","name":"Acusado de realizar mais de 15 assaltos \u00e9 preso em Teresina - Portal NPM","isPartOf":{"@id":"https:\/\/portalnpm.com\/#website"},"primaryImageOfPage":{"@id":"https:\/\/portalnpm.com\/index.php\/2019\/04\/24\/acusado-de-realizar-mais-de-15-assaltos-e-preso-em-teresina\/#primaryimage"},"image":{"@id":"https:\/\/portalnpm.com\/index.php\/2019\/04\/24\/acusado-de-realizar-mais-de-15-assaltos-e-preso-em-teresina\/#primaryimage"},"thumbnailUrl":"","datePublished":"2019-04-24T16:18:16+00:00","dateModified":"2019-04-24T16:18:16+00:00","author":{"@id":"https:\/\/portalnpm.com\/#\/schema\/person\/0b5f230ec96cee25504fa328e7f2b733"},"breadcrumb":{"@id":"https:\/\/portalnpm.com\/index.php\/2019\/04\/24\/acusado-de-realizar-mais-de-15-assaltos-e-preso-em-teresina\/#breadcrumb"},"inLanguage":"pt-BR","potentialAction":[{"@type":"ReadAction","target":["https:\/\/portalnpm.com\/index.php\/2019\/04\/24\/acusado-de-realizar-mais-de-15-assaltos-e-preso-em-teresina\/"]}]},{"@type":"ImageObject","inLanguage":"pt-BR","@id":"https:\/\/portalnpm.com\/index.php\/2019\/04\/24\/acusado-de-realizar-mais-de-15-assaltos-e-preso-em-teresina\/#primaryimage","url":"","contentUrl":""},{"@type":"BreadcrumbList","@id":"https:\/\/portalnpm.com\/index.php\/2019\/04\/24\/acusado-de-realizar-mais-de-15-assaltos-e-preso-em-teresina\/#breadcrumb","itemListElement":[{"@type":"ListItem","position":1,"name":"In\u00edcio","item":"https:\/\/portalnpm.com\/"},{"@type":"ListItem","position":2,"name":"Acusado de realizar mais de 15 assaltos \u00e9 preso em Teresina"}]},{"@type":"WebSite","@id":"https:\/\/portalnpm.com\/#website","url":"https:\/\/portalnpm.com\/","name":"Portal NPM","description":"Not\u00edcias em Primeira M\u00e3o","potentialAction":[{"@type":"SearchAction","target":{"@type":"EntryPoint","urlTemplate":"https:\/\/portalnpm.com\/?s={search_term_string}"},"query-input":"required name=search_term_string"}],"inLanguage":"pt-BR"},{"@type":"Person","@id":"https:\/\/portalnpm.com\/#\/schema\/person\/0b5f230ec96cee25504fa328e7f2b733","name":"Reda\u00e7\u00e3o","image":{"@type":"ImageObject","inLanguage":"pt-BR","@id":"https:\/\/portalnpm.com\/#\/schema\/person\/image\/","url":"https:\/\/portalnpm.com\/wp-content\/uploads\/2024\/03\/avatar_user_4_1710097212-96x96.png","contentUrl":"https:\/\/portalnpm.com\/wp-content\/uploads\/2024\/03\/avatar_user_4_1710097212-96x96.png","caption":"Reda\u00e7\u00e3o"},"url":"https:\/\/portalnpm.com\/index.php\/author\/redacao\/"}]}},"jetpack_sharing_enabled":true,"jetpack_featured_media_url":"","_links":{"self":[{"href":"https:\/\/portalnpm.com\/index.php\/wp-json\/wp\/v2\/posts\/7782"}],"collection":[{"href":"https:\/\/portalnpm.com\/index.php\/wp-json\/wp\/v2\/posts"}],"about":[{"href":"https:\/\/portalnpm.com\/index.php\/wp-json\/wp\/v2\/types\/post"}],"author":[{"embeddable":true,"href":"https:\/\/portalnpm.com\/index.php\/wp-json\/wp\/v2\/users\/4"}],"replies":[{"embeddable":true,"href":"https:\/\/portalnpm.com\/index.php\/wp-json\/wp\/v2\/comments?post=7782"}],"version-history":[{"count":0,"href":"https:\/\/portalnpm.com\/index.php\/wp-json\/wp\/v2\/posts\/7782\/revisions"}],"wp:featuredmedia":[{"embeddable":true,"href":"https:\/\/portalnpm.com\/index.php\/wp-json\/"}],"wp:attachment":[{"href":"https:\/\/portalnpm.com\/index.php\/wp-json\/wp\/v2\/media?parent=7782"}],"wp:term":[{"taxonomy":"category","embeddable":true,"href":"https:\/\/portalnpm.com\/index.php\/wp-json\/wp\/v2\/categories?post=7782"},{"taxonomy":"post_tag","embeddable":true,"href":"https:\/\/portalnpm.com\/index.php\/wp-json\/wp\/v2\/tags?post=7782"}],"curies":[{"name":"wp","href":"https:\/\/api.w.org\/{rel}","templated":true}]}}