{"id":7785,"date":"2019-04-24T13:28:07","date_gmt":"2019-04-24T16:28:07","guid":{"rendered":"http:\/\/srv.portalnpm.com.br\/?p=7785"},"modified":"2019-04-24T13:28:07","modified_gmt":"2019-04-24T16:28:07","slug":"policia-prende-acusado-de-assassinar-mototaxista-em-teresina","status":"publish","type":"post","link":"https:\/\/portalnpm.com\/index.php\/2019\/04\/24\/policia-prende-acusado-de-assassinar-mototaxista-em-teresina\/","title":{"rendered":"Pol\u00edcia prende acusado de assassinar mototaxista em Teresina"},"content":{"rendered":"<p style=\"text-align: justify;\">A Secretaria Estadual de Seguran\u00e7a P\u00fablica, atrav\u00e9s da For\u00e7a Tarefa, GAO, 1 Batalh\u00e3o da Pol\u00edcia Militar, For\u00e7a T\u00e1tica do Promorar e Pol\u00edcia Civil, realizou uma a\u00e7\u00e3o na noite desta ter\u00e7a-feira (23) que resultou na pris\u00e3o de Denis Henrique Gomes da Silva, 26 anos, acusado de assassinar o mototaxista Ariosvaldo Vieira de Sousa, no \u00faltimo dia\u00a0 16, na avenida Bar\u00e3o de Gurgu\u00e9ia, zona Sul de Teresina.<\/p>\n<p style=\"text-align: justify;\"><strong>Pol\u00edcia prende acusada de envolvimento na morte de Mototaxista<\/strong><\/p>\n<p style=\"text-align: justify;\">A Secretaria Estadual de Seguran\u00e7a P\u00fablica, atrav\u00e9s da For\u00e7a Tarefa, realizou a\u00e7\u00e3o na tarde desta ter\u00e7a-feira (22) que resultou na pris\u00e3o de Bruna Lohana Nunes Martins, de 21 anos, acusada de envolvimento na morte do mototaxista Ariosvaldo Vieira de Sousa, no \u00faltimo dia\u00a0 16, na avenida, Bar\u00e3o de Gurgu\u00e9ia, zona Sul de Teresina.<\/p>\n<p><img fetchpriority=\"high\" decoding=\"async\" class=\"aligncenter size-full wp-image-7787\" src=\"http:\/\/portalnpm.com\/wp-content\/uploads\/2019\/04\/924413ecd19fe8dd663b876ada8e91825d6372fb.jpg\" alt=\"\" width=\"800\" height=\"404\" \/><\/p>\n<p style=\"text-align: justify;\">Lohana, que \u00e9 apontada como namorada do Denis Henrique Gomes da Silva, 26 anos, acusado de assassinar mototaxista.<\/p>\n<p style=\"text-align: justify;\"><strong>Mat\u00e9rias relacionadas:<\/strong><\/p>\n<p style=\"text-align: justify;\"><a href=\"https:\/\/www.falapiaui.com\/noticia\/13984\/pol-cia-faz-opera-o-para-prender-suspeito-de-matar-mototaxista\">Pol\u00edcia faz opera\u00e7\u00e3o para prender suspeito de matar mototaxista<\/a><\/p>\n<p style=\"text-align: justify;\"><a href=\"https:\/\/www.falapiaui.com\/noticia\/13804\/mototaxista-baleado-na-cabe-a-em-tentativa-de-assalto-morre-no-hut\">Mototaxista baleado na cabe\u00e7a em tentativa de assalto morre no HUT<\/a><\/p>\n<p style=\"text-align: justify;\">\n<p style=\"text-align: justify;\"><strong>FONTE: Fala Piau\u00ed\u00a0<\/strong><\/p>\n","protected":false},"excerpt":{"rendered":"<p>A Secretaria Estadual de Seguran\u00e7a P\u00fablica, atrav\u00e9s da For\u00e7a Tarefa, GAO, 1 Batalh\u00e3o da Pol\u00edcia Militar, For\u00e7a T\u00e1tica do Promorar e Pol\u00edcia Civil, realizou uma a\u00e7\u00e3o na noite desta ter\u00e7a-feira (23) que resultou na pris\u00e3o de Denis Henrique Gomes da Silva, 26 anos, acusado de assassinar o mototaxista Ariosvaldo Vieira de Sousa, no \u00faltimo dia\u00a0 &hellip;<\/p>\n","protected":false},"author":4,"featured_media":7786,"comment_status":"open","ping_status":"open","sticky":false,"template":"","format":"standard","meta":{"content-type":"","rop_custom_images_group":[],"rop_custom_messages_group":[],"rop_publish_now":"initial","rop_publish_now_accounts":{"facebook_2648258775420054_1618374048415101":""},"rop_publish_now_history":[],"rop_publish_now_status":"pending","footnotes":"","_jetpack_memberships_contains_paid_content":false},"categories":[113,145],"tags":[513,1320,2693,515,516],"yoast_head":"<!-- This site is optimized with the Yoast SEO plugin v22.3 - https:\/\/yoast.com\/wordpress\/plugins\/seo\/ -->\n<title>Pol\u00edcia prende acusado de assassinar mototaxista em Teresina - Portal NPM<\/title>\n<meta name=\"robots\" content=\"index, follow, max-snippet:-1, max-image-preview:large, max-video-preview:-1\" \/>\n<link rel=\"canonical\" href=\"https:\/\/portalnpm.com\/index.php\/2019\/04\/24\/policia-prende-acusado-de-assassinar-mototaxista-em-teresina\/\" \/>\n<meta property=\"og:locale\" content=\"pt_BR\" \/>\n<meta property=\"og:type\" content=\"article\" \/>\n<meta property=\"og:title\" content=\"Pol\u00edcia prende acusado de assassinar mototaxista em Teresina - Portal NPM\" \/>\n<meta property=\"og:description\" content=\"A Secretaria Estadual de Seguran\u00e7a P\u00fablica, atrav\u00e9s da For\u00e7a Tarefa, GAO, 1 Batalh\u00e3o da Pol\u00edcia Militar, For\u00e7a T\u00e1tica do Promorar e Pol\u00edcia Civil, realizou uma a\u00e7\u00e3o na noite desta ter\u00e7a-feira (23) que resultou na pris\u00e3o de Denis Henrique Gomes da Silva, 26 anos, acusado de assassinar o mototaxista Ariosvaldo Vieira de Sousa, no \u00faltimo dia\u00a0 &hellip;\" \/>\n<meta property=\"og:url\" content=\"https:\/\/portalnpm.com\/index.php\/2019\/04\/24\/policia-prende-acusado-de-assassinar-mototaxista-em-teresina\/\" \/>\n<meta property=\"og:site_name\" content=\"Portal NPM\" \/>\n<meta property=\"article:published_time\" content=\"2019-04-24T16:28:07+00:00\" \/>\n<meta name=\"author\" content=\"Reda\u00e7\u00e3o\" \/>\n<meta name=\"twitter:card\" content=\"summary_large_image\" \/>\n<meta name=\"twitter:label1\" content=\"Escrito por\" \/>\n\t<meta name=\"twitter:data1\" content=\"Reda\u00e7\u00e3o\" \/>\n\t<meta name=\"twitter:label2\" content=\"Est. tempo de leitura\" \/>\n\t<meta name=\"twitter:data2\" content=\"1 minuto\" \/>\n<script type=\"application\/ld+json\" class=\"yoast-schema-graph\">{\"@context\":\"https:\/\/schema.org\",\"@graph\":[{\"@type\":\"WebPage\",\"@id\":\"https:\/\/portalnpm.com\/index.php\/2019\/04\/24\/policia-prende-acusado-de-assassinar-mototaxista-em-teresina\/\",\"url\":\"https:\/\/portalnpm.com\/index.php\/2019\/04\/24\/policia-prende-acusado-de-assassinar-mototaxista-em-teresina\/\",\"name\":\"Pol\u00edcia prende acusado de assassinar mototaxista em Teresina - Portal NPM\",\"isPartOf\":{\"@id\":\"https:\/\/portalnpm.com\/#website\"},\"primaryImageOfPage\":{\"@id\":\"https:\/\/portalnpm.com\/index.php\/2019\/04\/24\/policia-prende-acusado-de-assassinar-mototaxista-em-teresina\/#primaryimage\"},\"image\":{\"@id\":\"https:\/\/portalnpm.com\/index.php\/2019\/04\/24\/policia-prende-acusado-de-assassinar-mototaxista-em-teresina\/#primaryimage\"},\"thumbnailUrl\":\"\",\"datePublished\":\"2019-04-24T16:28:07+00:00\",\"dateModified\":\"2019-04-24T16:28:07+00:00\",\"author\":{\"@id\":\"https:\/\/portalnpm.com\/#\/schema\/person\/0b5f230ec96cee25504fa328e7f2b733\"},\"breadcrumb\":{\"@id\":\"https:\/\/portalnpm.com\/index.php\/2019\/04\/24\/policia-prende-acusado-de-assassinar-mototaxista-em-teresina\/#breadcrumb\"},\"inLanguage\":\"pt-BR\",\"potentialAction\":[{\"@type\":\"ReadAction\",\"target\":[\"https:\/\/portalnpm.com\/index.php\/2019\/04\/24\/policia-prende-acusado-de-assassinar-mototaxista-em-teresina\/\"]}]},{\"@type\":\"ImageObject\",\"inLanguage\":\"pt-BR\",\"@id\":\"https:\/\/portalnpm.com\/index.php\/2019\/04\/24\/policia-prende-acusado-de-assassinar-mototaxista-em-teresina\/#primaryimage\",\"url\":\"\",\"contentUrl\":\"\"},{\"@type\":\"BreadcrumbList\",\"@id\":\"https:\/\/portalnpm.com\/index.php\/2019\/04\/24\/policia-prende-acusado-de-assassinar-mototaxista-em-teresina\/#breadcrumb\",\"itemListElement\":[{\"@type\":\"ListItem\",\"position\":1,\"name\":\"In\u00edcio\",\"item\":\"https:\/\/portalnpm.com\/\"},{\"@type\":\"ListItem\",\"position\":2,\"name\":\"Pol\u00edcia prende acusado de assassinar mototaxista em Teresina\"}]},{\"@type\":\"WebSite\",\"@id\":\"https:\/\/portalnpm.com\/#website\",\"url\":\"https:\/\/portalnpm.com\/\",\"name\":\"Portal NPM\",\"description\":\"Not\u00edcias em Primeira M\u00e3o\",\"potentialAction\":[{\"@type\":\"SearchAction\",\"target\":{\"@type\":\"EntryPoint\",\"urlTemplate\":\"https:\/\/portalnpm.com\/?s={search_term_string}\"},\"query-input\":\"required name=search_term_string\"}],\"inLanguage\":\"pt-BR\"},{\"@type\":\"Person\",\"@id\":\"https:\/\/portalnpm.com\/#\/schema\/person\/0b5f230ec96cee25504fa328e7f2b733\",\"name\":\"Reda\u00e7\u00e3o\",\"image\":{\"@type\":\"ImageObject\",\"inLanguage\":\"pt-BR\",\"@id\":\"https:\/\/portalnpm.com\/#\/schema\/person\/image\/\",\"url\":\"https:\/\/portalnpm.com\/wp-content\/uploads\/2024\/03\/avatar_user_4_1710097212-96x96.png\",\"contentUrl\":\"https:\/\/portalnpm.com\/wp-content\/uploads\/2024\/03\/avatar_user_4_1710097212-96x96.png\",\"caption\":\"Reda\u00e7\u00e3o\"},\"url\":\"https:\/\/portalnpm.com\/index.php\/author\/redacao\/\"}]}<\/script>\n<!-- \/ Yoast SEO plugin. -->","yoast_head_json":{"title":"Pol\u00edcia prende acusado de assassinar mototaxista em Teresina - Portal NPM","robots":{"index":"index","follow":"follow","max-snippet":"max-snippet:-1","max-image-preview":"max-image-preview:large","max-video-preview":"max-video-preview:-1"},"canonical":"https:\/\/portalnpm.com\/index.php\/2019\/04\/24\/policia-prende-acusado-de-assassinar-mototaxista-em-teresina\/","og_locale":"pt_BR","og_type":"article","og_title":"Pol\u00edcia prende acusado de assassinar mototaxista em Teresina - Portal NPM","og_description":"A Secretaria Estadual de Seguran\u00e7a P\u00fablica, atrav\u00e9s da For\u00e7a Tarefa, GAO, 1 Batalh\u00e3o da Pol\u00edcia Militar, For\u00e7a T\u00e1tica do Promorar e Pol\u00edcia Civil, realizou uma a\u00e7\u00e3o na noite desta ter\u00e7a-feira (23) que resultou na pris\u00e3o de Denis Henrique Gomes da Silva, 26 anos, acusado de assassinar o mototaxista Ariosvaldo Vieira de Sousa, no \u00faltimo dia\u00a0 &hellip;","og_url":"https:\/\/portalnpm.com\/index.php\/2019\/04\/24\/policia-prende-acusado-de-assassinar-mototaxista-em-teresina\/","og_site_name":"Portal NPM","article_published_time":"2019-04-24T16:28:07+00:00","author":"Reda\u00e7\u00e3o","twitter_card":"summary_large_image","twitter_misc":{"Escrito por":"Reda\u00e7\u00e3o","Est. tempo de leitura":"1 minuto"},"schema":{"@context":"https:\/\/schema.org","@graph":[{"@type":"WebPage","@id":"https:\/\/portalnpm.com\/index.php\/2019\/04\/24\/policia-prende-acusado-de-assassinar-mototaxista-em-teresina\/","url":"https:\/\/portalnpm.com\/index.php\/2019\/04\/24\/policia-prende-acusado-de-assassinar-mototaxista-em-teresina\/","name":"Pol\u00edcia prende acusado de assassinar mototaxista em Teresina - Portal NPM","isPartOf":{"@id":"https:\/\/portalnpm.com\/#website"},"primaryImageOfPage":{"@id":"https:\/\/portalnpm.com\/index.php\/2019\/04\/24\/policia-prende-acusado-de-assassinar-mototaxista-em-teresina\/#primaryimage"},"image":{"@id":"https:\/\/portalnpm.com\/index.php\/2019\/04\/24\/policia-prende-acusado-de-assassinar-mototaxista-em-teresina\/#primaryimage"},"thumbnailUrl":"","datePublished":"2019-04-24T16:28:07+00:00","dateModified":"2019-04-24T16:28:07+00:00","author":{"@id":"https:\/\/portalnpm.com\/#\/schema\/person\/0b5f230ec96cee25504fa328e7f2b733"},"breadcrumb":{"@id":"https:\/\/portalnpm.com\/index.php\/2019\/04\/24\/policia-prende-acusado-de-assassinar-mototaxista-em-teresina\/#breadcrumb"},"inLanguage":"pt-BR","potentialAction":[{"@type":"ReadAction","target":["https:\/\/portalnpm.com\/index.php\/2019\/04\/24\/policia-prende-acusado-de-assassinar-mototaxista-em-teresina\/"]}]},{"@type":"ImageObject","inLanguage":"pt-BR","@id":"https:\/\/portalnpm.com\/index.php\/2019\/04\/24\/policia-prende-acusado-de-assassinar-mototaxista-em-teresina\/#primaryimage","url":"","contentUrl":""},{"@type":"BreadcrumbList","@id":"https:\/\/portalnpm.com\/index.php\/2019\/04\/24\/policia-prende-acusado-de-assassinar-mototaxista-em-teresina\/#breadcrumb","itemListElement":[{"@type":"ListItem","position":1,"name":"In\u00edcio","item":"https:\/\/portalnpm.com\/"},{"@type":"ListItem","position":2,"name":"Pol\u00edcia prende acusado de assassinar mototaxista em Teresina"}]},{"@type":"WebSite","@id":"https:\/\/portalnpm.com\/#website","url":"https:\/\/portalnpm.com\/","name":"Portal NPM","description":"Not\u00edcias em Primeira M\u00e3o","potentialAction":[{"@type":"SearchAction","target":{"@type":"EntryPoint","urlTemplate":"https:\/\/portalnpm.com\/?s={search_term_string}"},"query-input":"required name=search_term_string"}],"inLanguage":"pt-BR"},{"@type":"Person","@id":"https:\/\/portalnpm.com\/#\/schema\/person\/0b5f230ec96cee25504fa328e7f2b733","name":"Reda\u00e7\u00e3o","image":{"@type":"ImageObject","inLanguage":"pt-BR","@id":"https:\/\/portalnpm.com\/#\/schema\/person\/image\/","url":"https:\/\/portalnpm.com\/wp-content\/uploads\/2024\/03\/avatar_user_4_1710097212-96x96.png","contentUrl":"https:\/\/portalnpm.com\/wp-content\/uploads\/2024\/03\/avatar_user_4_1710097212-96x96.png","caption":"Reda\u00e7\u00e3o"},"url":"https:\/\/portalnpm.com\/index.php\/author\/redacao\/"}]}},"jetpack_sharing_enabled":true,"jetpack_featured_media_url":"","_links":{"self":[{"href":"https:\/\/portalnpm.com\/index.php\/wp-json\/wp\/v2\/posts\/7785"}],"collection":[{"href":"https:\/\/portalnpm.com\/index.php\/wp-json\/wp\/v2\/posts"}],"about":[{"href":"https:\/\/portalnpm.com\/index.php\/wp-json\/wp\/v2\/types\/post"}],"author":[{"embeddable":true,"href":"https:\/\/portalnpm.com\/index.php\/wp-json\/wp\/v2\/users\/4"}],"replies":[{"embeddable":true,"href":"https:\/\/portalnpm.com\/index.php\/wp-json\/wp\/v2\/comments?post=7785"}],"version-history":[{"count":0,"href":"https:\/\/portalnpm.com\/index.php\/wp-json\/wp\/v2\/posts\/7785\/revisions"}],"wp:featuredmedia":[{"embeddable":true,"href":"https:\/\/portalnpm.com\/index.php\/wp-json\/"}],"wp:attachment":[{"href":"https:\/\/portalnpm.com\/index.php\/wp-json\/wp\/v2\/media?parent=7785"}],"wp:term":[{"taxonomy":"category","embeddable":true,"href":"https:\/\/portalnpm.com\/index.php\/wp-json\/wp\/v2\/categories?post=7785"},{"taxonomy":"post_tag","embeddable":true,"href":"https:\/\/portalnpm.com\/index.php\/wp-json\/wp\/v2\/tags?post=7785"}],"curies":[{"name":"wp","href":"https:\/\/api.w.org\/{rel}","templated":true}]}}