{"id":78104,"date":"2024-09-15T17:27:10","date_gmt":"2024-09-15T20:27:10","guid":{"rendered":"https:\/\/portalnpm.com\/?p=78104"},"modified":"2024-09-15T19:16:38","modified_gmt":"2024-09-15T22:16:38","slug":"em-saojuliao-domingo-dos-piaus-disputara-novamente-uma-vaga-no-legislativo-pelo-pdt-veja","status":"publish","type":"post","link":"https:\/\/portalnpm.com\/index.php\/2024\/09\/15\/em-saojuliao-domingo-dos-piaus-disputara-novamente-uma-vaga-no-legislativo-pelo-pdt-veja\/","title":{"rendered":"Em S\u00e3o Juli\u00e3o, Domingo dos Piaus disputar\u00e1 novamente uma vaga no legislativo pelo PDT; veja!"},"content":{"rendered":"<p>Visando o processo pol\u00edtico-eleitoral de 06 de outubro em S\u00e3o Juli\u00e3o, Piau\u00ed, o Portal NPM iniciou uma s\u00e9rie de mat\u00e9rias onde apresentamos os postulantes ao legislativo.<\/p>\n<p>Domingo Jo\u00e3o de Sousa, mais conhecido como &#8216;Domingo dos Piaus&#8217;, \u00e9 filho de Jo\u00e3o Ant\u00f4nio Marcolino e Luiza Josefa da Concei\u00e7\u00e3o. Ele \u00e9 natural de Cupiras, zona rural de PIO-IX e tem 42 anos. Domingo concorreu \u00e0s elei\u00e7\u00f5es de 2020 e concorrer\u00e1 atualmente a uma vaga de vereador nas elei\u00e7\u00f5es de 2024 pelo PDT. Domingos representa o povoado Piaus e tamb\u00e9m \u00e9 um dos l\u00edderes do trecho.<\/p>\n<p><img fetchpriority=\"high\" decoding=\"async\" class=\"alignnone wp-image-78105 size-full\" src=\"https:\/\/portalnpm.com\/wp-content\/uploads\/2024\/09\/IMG-20240909-WA0771.jpg\" alt=\"\" width=\"1080\" height=\"1080\" srcset=\"https:\/\/portalnpm.com\/wp-content\/uploads\/2024\/09\/IMG-20240909-WA0771.jpg 1080w, https:\/\/portalnpm.com\/wp-content\/uploads\/2024\/09\/IMG-20240909-WA0771-300x300.jpg 300w, https:\/\/portalnpm.com\/wp-content\/uploads\/2024\/09\/IMG-20240909-WA0771-1024x1024.jpg 1024w, https:\/\/portalnpm.com\/wp-content\/uploads\/2024\/09\/IMG-20240909-WA0771-150x150.jpg 150w, https:\/\/portalnpm.com\/wp-content\/uploads\/2024\/09\/IMG-20240909-WA0771-768x768.jpg 768w\" sizes=\"(max-width: 1080px) 100vw, 1080px\" \/><\/p>\n<p>Em conversa com nossa reda\u00e7\u00e3o, o candidato frisou o desejo de buscar uma vaga na C\u00e2mara Municipal de Vereadores.<\/p>\n<p>\u201c<em>Sou candidato a vereador com o n\u00famero 12345, nasci em Cupiras, \u00e1rea rural de PIO-IX. Trabalhei na ro\u00e7a at\u00e9 os 18 anos, logo me identifiquei com o trecho. Comecei como ajudante e logo fui promovido como profissional, me dediquei na minha profiss\u00e3o e depois de um tempo fui promovido para encarregado de obra, onde desenvolvi um trabalho com m\u00e3o de obra de S\u00e3o Juli\u00e3o e consegui trazer as maiores empresas para S\u00e3o Juli\u00e3o, sinto uma enorme alegria em ver meus conterr\u00e2neos com a carteira de trabalho assinada, onde os mesmos trazem uma renda influenci\u00e1vel para nosso querido munic\u00edpio&#8221;<\/em>, disse, Domingo dos Piaus.<\/p>\n<p>A oposi\u00e7\u00e3o de S\u00e3o Juli\u00e3o ser\u00e1 representada na chapa majorit\u00e1ria por Renaldinho (PDT) e Jos\u00e9 Neci (PT), candidatos a prefeito e vice-prefeito, respectivamente, pela Coliga\u00e7\u00e3o \u201cJuntos Para Reconstruir S\u00e3o Juli\u00e3o\u201d.<\/p>\n<p><strong>Texto: Eldery Mois\u00e9s, com supervis\u00e3o de Luis Alberto<\/strong><\/p>\n","protected":false},"excerpt":{"rendered":"<p>Visando o processo pol\u00edtico-eleitoral de 06 de outubro em S\u00e3o Juli\u00e3o, Piau\u00ed, o Portal NPM iniciou uma s\u00e9rie de mat\u00e9rias onde apresentamos os postulantes ao legislativo. Domingo Jo\u00e3o de Sousa, mais conhecido como &#8216;Domingo dos Piaus&#8217;, \u00e9 filho de Jo\u00e3o Ant\u00f4nio Marcolino e Luiza Josefa da Concei\u00e7\u00e3o. Ele \u00e9 natural de Cupiras, zona rural de &hellip;<\/p>\n","protected":false},"author":4,"featured_media":78115,"comment_status":"open","ping_status":"open","sticky":false,"template":"","format":"standard","meta":{"content-type":"","rop_custom_images_group":[],"rop_custom_messages_group":[],"rop_publish_now":"yes","rop_publish_now_accounts":{"facebook_2648258775420054_1618374048415101":""},"rop_publish_now_history":[],"rop_publish_now_status":"pending","footnotes":"","_jetpack_memberships_contains_paid_content":false},"categories":[113,109,3998],"tags":[4124,2077,926,855,1197,6498,12339,475,1184,3798,1196,4144,2427,842],"yoast_head":"<!-- This site is optimized with the Yoast SEO plugin v22.3 - https:\/\/yoast.com\/wordpress\/plugins\/seo\/ -->\n<title>Em S\u00e3o Juli\u00e3o, Domingo dos Piaus disputar\u00e1 novamente uma vaga no legislativo pelo PDT; veja! - Portal NPM<\/title>\n<meta name=\"robots\" content=\"index, follow, max-snippet:-1, max-image-preview:large, max-video-preview:-1\" \/>\n<link rel=\"canonical\" href=\"https:\/\/portalnpm.com\/index.php\/2024\/09\/15\/em-saojuliao-domingo-dos-piaus-disputara-novamente-uma-vaga-no-legislativo-pelo-pdt-veja\/\" \/>\n<meta property=\"og:locale\" content=\"pt_BR\" \/>\n<meta property=\"og:type\" content=\"article\" \/>\n<meta property=\"og:title\" content=\"Em S\u00e3o Juli\u00e3o, Domingo dos Piaus disputar\u00e1 novamente uma vaga no legislativo pelo PDT; veja! - Portal NPM\" \/>\n<meta property=\"og:description\" content=\"Visando o processo pol\u00edtico-eleitoral de 06 de outubro em S\u00e3o Juli\u00e3o, Piau\u00ed, o Portal NPM iniciou uma s\u00e9rie de mat\u00e9rias onde apresentamos os postulantes ao legislativo. Domingo Jo\u00e3o de Sousa, mais conhecido como &#8216;Domingo dos Piaus&#8217;, \u00e9 filho de Jo\u00e3o Ant\u00f4nio Marcolino e Luiza Josefa da Concei\u00e7\u00e3o. Ele \u00e9 natural de Cupiras, zona rural de &hellip;\" \/>\n<meta property=\"og:url\" content=\"https:\/\/portalnpm.com\/index.php\/2024\/09\/15\/em-saojuliao-domingo-dos-piaus-disputara-novamente-uma-vaga-no-legislativo-pelo-pdt-veja\/\" \/>\n<meta property=\"og:site_name\" content=\"Portal NPM\" \/>\n<meta property=\"article:published_time\" content=\"2024-09-15T20:27:10+00:00\" \/>\n<meta property=\"article:modified_time\" content=\"2024-09-15T22:16:38+00:00\" \/>\n<meta property=\"og:image\" content=\"https:\/\/portalnpm.com\/wp-content\/uploads\/2024\/09\/IMG-20240909-WA0658-780x470-2.jpg\" \/>\n\t<meta property=\"og:image:width\" content=\"780\" \/>\n\t<meta property=\"og:image:height\" content=\"470\" \/>\n\t<meta property=\"og:image:type\" content=\"image\/jpeg\" \/>\n<meta name=\"author\" content=\"Reda\u00e7\u00e3o\" \/>\n<meta name=\"twitter:card\" content=\"summary_large_image\" \/>\n<meta name=\"twitter:label1\" content=\"Escrito por\" \/>\n\t<meta name=\"twitter:data1\" content=\"Reda\u00e7\u00e3o\" \/>\n\t<meta name=\"twitter:label2\" content=\"Est. tempo de leitura\" \/>\n\t<meta name=\"twitter:data2\" content=\"2 minutos\" \/>\n<script type=\"application\/ld+json\" class=\"yoast-schema-graph\">{\"@context\":\"https:\/\/schema.org\",\"@graph\":[{\"@type\":\"WebPage\",\"@id\":\"https:\/\/portalnpm.com\/index.php\/2024\/09\/15\/em-saojuliao-domingo-dos-piaus-disputara-novamente-uma-vaga-no-legislativo-pelo-pdt-veja\/\",\"url\":\"https:\/\/portalnpm.com\/index.php\/2024\/09\/15\/em-saojuliao-domingo-dos-piaus-disputara-novamente-uma-vaga-no-legislativo-pelo-pdt-veja\/\",\"name\":\"Em S\u00e3o Juli\u00e3o, Domingo dos Piaus disputar\u00e1 novamente uma vaga no legislativo pelo PDT; veja! - Portal NPM\",\"isPartOf\":{\"@id\":\"https:\/\/portalnpm.com\/#website\"},\"primaryImageOfPage\":{\"@id\":\"https:\/\/portalnpm.com\/index.php\/2024\/09\/15\/em-saojuliao-domingo-dos-piaus-disputara-novamente-uma-vaga-no-legislativo-pelo-pdt-veja\/#primaryimage\"},\"image\":{\"@id\":\"https:\/\/portalnpm.com\/index.php\/2024\/09\/15\/em-saojuliao-domingo-dos-piaus-disputara-novamente-uma-vaga-no-legislativo-pelo-pdt-veja\/#primaryimage\"},\"thumbnailUrl\":\"https:\/\/portalnpm.com\/wp-content\/uploads\/2024\/09\/IMG-20240909-WA0658-780x470-2.jpg\",\"datePublished\":\"2024-09-15T20:27:10+00:00\",\"dateModified\":\"2024-09-15T22:16:38+00:00\",\"author\":{\"@id\":\"https:\/\/portalnpm.com\/#\/schema\/person\/0b5f230ec96cee25504fa328e7f2b733\"},\"breadcrumb\":{\"@id\":\"https:\/\/portalnpm.com\/index.php\/2024\/09\/15\/em-saojuliao-domingo-dos-piaus-disputara-novamente-uma-vaga-no-legislativo-pelo-pdt-veja\/#breadcrumb\"},\"inLanguage\":\"pt-BR\",\"potentialAction\":[{\"@type\":\"ReadAction\",\"target\":[\"https:\/\/portalnpm.com\/index.php\/2024\/09\/15\/em-saojuliao-domingo-dos-piaus-disputara-novamente-uma-vaga-no-legislativo-pelo-pdt-veja\/\"]}]},{\"@type\":\"ImageObject\",\"inLanguage\":\"pt-BR\",\"@id\":\"https:\/\/portalnpm.com\/index.php\/2024\/09\/15\/em-saojuliao-domingo-dos-piaus-disputara-novamente-uma-vaga-no-legislativo-pelo-pdt-veja\/#primaryimage\",\"url\":\"https:\/\/portalnpm.com\/wp-content\/uploads\/2024\/09\/IMG-20240909-WA0658-780x470-2.jpg\",\"contentUrl\":\"https:\/\/portalnpm.com\/wp-content\/uploads\/2024\/09\/IMG-20240909-WA0658-780x470-2.jpg\",\"width\":780,\"height\":470},{\"@type\":\"BreadcrumbList\",\"@id\":\"https:\/\/portalnpm.com\/index.php\/2024\/09\/15\/em-saojuliao-domingo-dos-piaus-disputara-novamente-uma-vaga-no-legislativo-pelo-pdt-veja\/#breadcrumb\",\"itemListElement\":[{\"@type\":\"ListItem\",\"position\":1,\"name\":\"In\u00edcio\",\"item\":\"https:\/\/portalnpm.com\/\"},{\"@type\":\"ListItem\",\"position\":2,\"name\":\"Em S\u00e3o Juli\u00e3o, Domingo dos Piaus disputar\u00e1 novamente uma vaga no legislativo pelo PDT; veja!\"}]},{\"@type\":\"WebSite\",\"@id\":\"https:\/\/portalnpm.com\/#website\",\"url\":\"https:\/\/portalnpm.com\/\",\"name\":\"Portal NPM\",\"description\":\"Not\u00edcias em Primeira M\u00e3o\",\"potentialAction\":[{\"@type\":\"SearchAction\",\"target\":{\"@type\":\"EntryPoint\",\"urlTemplate\":\"https:\/\/portalnpm.com\/?s={search_term_string}\"},\"query-input\":\"required name=search_term_string\"}],\"inLanguage\":\"pt-BR\"},{\"@type\":\"Person\",\"@id\":\"https:\/\/portalnpm.com\/#\/schema\/person\/0b5f230ec96cee25504fa328e7f2b733\",\"name\":\"Reda\u00e7\u00e3o\",\"image\":{\"@type\":\"ImageObject\",\"inLanguage\":\"pt-BR\",\"@id\":\"https:\/\/portalnpm.com\/#\/schema\/person\/image\/\",\"url\":\"https:\/\/portalnpm.com\/wp-content\/uploads\/2024\/03\/avatar_user_4_1710097212-96x96.png\",\"contentUrl\":\"https:\/\/portalnpm.com\/wp-content\/uploads\/2024\/03\/avatar_user_4_1710097212-96x96.png\",\"caption\":\"Reda\u00e7\u00e3o\"},\"url\":\"https:\/\/portalnpm.com\/index.php\/author\/redacao\/\"}]}<\/script>\n<!-- \/ Yoast SEO plugin. -->","yoast_head_json":{"title":"Em S\u00e3o Juli\u00e3o, Domingo dos Piaus disputar\u00e1 novamente uma vaga no legislativo pelo PDT; veja! - Portal NPM","robots":{"index":"index","follow":"follow","max-snippet":"max-snippet:-1","max-image-preview":"max-image-preview:large","max-video-preview":"max-video-preview:-1"},"canonical":"https:\/\/portalnpm.com\/index.php\/2024\/09\/15\/em-saojuliao-domingo-dos-piaus-disputara-novamente-uma-vaga-no-legislativo-pelo-pdt-veja\/","og_locale":"pt_BR","og_type":"article","og_title":"Em S\u00e3o Juli\u00e3o, Domingo dos Piaus disputar\u00e1 novamente uma vaga no legislativo pelo PDT; veja! - Portal NPM","og_description":"Visando o processo pol\u00edtico-eleitoral de 06 de outubro em S\u00e3o Juli\u00e3o, Piau\u00ed, o Portal NPM iniciou uma s\u00e9rie de mat\u00e9rias onde apresentamos os postulantes ao legislativo. Domingo Jo\u00e3o de Sousa, mais conhecido como &#8216;Domingo dos Piaus&#8217;, \u00e9 filho de Jo\u00e3o Ant\u00f4nio Marcolino e Luiza Josefa da Concei\u00e7\u00e3o. Ele \u00e9 natural de Cupiras, zona rural de &hellip;","og_url":"https:\/\/portalnpm.com\/index.php\/2024\/09\/15\/em-saojuliao-domingo-dos-piaus-disputara-novamente-uma-vaga-no-legislativo-pelo-pdt-veja\/","og_site_name":"Portal NPM","article_published_time":"2024-09-15T20:27:10+00:00","article_modified_time":"2024-09-15T22:16:38+00:00","og_image":[{"width":780,"height":470,"url":"https:\/\/portalnpm.com\/wp-content\/uploads\/2024\/09\/IMG-20240909-WA0658-780x470-2.jpg","type":"image\/jpeg"}],"author":"Reda\u00e7\u00e3o","twitter_card":"summary_large_image","twitter_misc":{"Escrito por":"Reda\u00e7\u00e3o","Est. tempo de leitura":"2 minutos"},"schema":{"@context":"https:\/\/schema.org","@graph":[{"@type":"WebPage","@id":"https:\/\/portalnpm.com\/index.php\/2024\/09\/15\/em-saojuliao-domingo-dos-piaus-disputara-novamente-uma-vaga-no-legislativo-pelo-pdt-veja\/","url":"https:\/\/portalnpm.com\/index.php\/2024\/09\/15\/em-saojuliao-domingo-dos-piaus-disputara-novamente-uma-vaga-no-legislativo-pelo-pdt-veja\/","name":"Em S\u00e3o Juli\u00e3o, Domingo dos Piaus disputar\u00e1 novamente uma vaga no legislativo pelo PDT; veja! - Portal NPM","isPartOf":{"@id":"https:\/\/portalnpm.com\/#website"},"primaryImageOfPage":{"@id":"https:\/\/portalnpm.com\/index.php\/2024\/09\/15\/em-saojuliao-domingo-dos-piaus-disputara-novamente-uma-vaga-no-legislativo-pelo-pdt-veja\/#primaryimage"},"image":{"@id":"https:\/\/portalnpm.com\/index.php\/2024\/09\/15\/em-saojuliao-domingo-dos-piaus-disputara-novamente-uma-vaga-no-legislativo-pelo-pdt-veja\/#primaryimage"},"thumbnailUrl":"https:\/\/portalnpm.com\/wp-content\/uploads\/2024\/09\/IMG-20240909-WA0658-780x470-2.jpg","datePublished":"2024-09-15T20:27:10+00:00","dateModified":"2024-09-15T22:16:38+00:00","author":{"@id":"https:\/\/portalnpm.com\/#\/schema\/person\/0b5f230ec96cee25504fa328e7f2b733"},"breadcrumb":{"@id":"https:\/\/portalnpm.com\/index.php\/2024\/09\/15\/em-saojuliao-domingo-dos-piaus-disputara-novamente-uma-vaga-no-legislativo-pelo-pdt-veja\/#breadcrumb"},"inLanguage":"pt-BR","potentialAction":[{"@type":"ReadAction","target":["https:\/\/portalnpm.com\/index.php\/2024\/09\/15\/em-saojuliao-domingo-dos-piaus-disputara-novamente-uma-vaga-no-legislativo-pelo-pdt-veja\/"]}]},{"@type":"ImageObject","inLanguage":"pt-BR","@id":"https:\/\/portalnpm.com\/index.php\/2024\/09\/15\/em-saojuliao-domingo-dos-piaus-disputara-novamente-uma-vaga-no-legislativo-pelo-pdt-veja\/#primaryimage","url":"https:\/\/portalnpm.com\/wp-content\/uploads\/2024\/09\/IMG-20240909-WA0658-780x470-2.jpg","contentUrl":"https:\/\/portalnpm.com\/wp-content\/uploads\/2024\/09\/IMG-20240909-WA0658-780x470-2.jpg","width":780,"height":470},{"@type":"BreadcrumbList","@id":"https:\/\/portalnpm.com\/index.php\/2024\/09\/15\/em-saojuliao-domingo-dos-piaus-disputara-novamente-uma-vaga-no-legislativo-pelo-pdt-veja\/#breadcrumb","itemListElement":[{"@type":"ListItem","position":1,"name":"In\u00edcio","item":"https:\/\/portalnpm.com\/"},{"@type":"ListItem","position":2,"name":"Em S\u00e3o Juli\u00e3o, Domingo dos Piaus disputar\u00e1 novamente uma vaga no legislativo pelo PDT; veja!"}]},{"@type":"WebSite","@id":"https:\/\/portalnpm.com\/#website","url":"https:\/\/portalnpm.com\/","name":"Portal NPM","description":"Not\u00edcias em Primeira M\u00e3o","potentialAction":[{"@type":"SearchAction","target":{"@type":"EntryPoint","urlTemplate":"https:\/\/portalnpm.com\/?s={search_term_string}"},"query-input":"required name=search_term_string"}],"inLanguage":"pt-BR"},{"@type":"Person","@id":"https:\/\/portalnpm.com\/#\/schema\/person\/0b5f230ec96cee25504fa328e7f2b733","name":"Reda\u00e7\u00e3o","image":{"@type":"ImageObject","inLanguage":"pt-BR","@id":"https:\/\/portalnpm.com\/#\/schema\/person\/image\/","url":"https:\/\/portalnpm.com\/wp-content\/uploads\/2024\/03\/avatar_user_4_1710097212-96x96.png","contentUrl":"https:\/\/portalnpm.com\/wp-content\/uploads\/2024\/03\/avatar_user_4_1710097212-96x96.png","caption":"Reda\u00e7\u00e3o"},"url":"https:\/\/portalnpm.com\/index.php\/author\/redacao\/"}]}},"jetpack_sharing_enabled":true,"jetpack_featured_media_url":"https:\/\/portalnpm.com\/wp-content\/uploads\/2024\/09\/IMG-20240909-WA0658-780x470-2.jpg","_links":{"self":[{"href":"https:\/\/portalnpm.com\/index.php\/wp-json\/wp\/v2\/posts\/78104"}],"collection":[{"href":"https:\/\/portalnpm.com\/index.php\/wp-json\/wp\/v2\/posts"}],"about":[{"href":"https:\/\/portalnpm.com\/index.php\/wp-json\/wp\/v2\/types\/post"}],"author":[{"embeddable":true,"href":"https:\/\/portalnpm.com\/index.php\/wp-json\/wp\/v2\/users\/4"}],"replies":[{"embeddable":true,"href":"https:\/\/portalnpm.com\/index.php\/wp-json\/wp\/v2\/comments?post=78104"}],"version-history":[{"count":3,"href":"https:\/\/portalnpm.com\/index.php\/wp-json\/wp\/v2\/posts\/78104\/revisions"}],"predecessor-version":[{"id":78109,"href":"https:\/\/portalnpm.com\/index.php\/wp-json\/wp\/v2\/posts\/78104\/revisions\/78109"}],"wp:featuredmedia":[{"embeddable":true,"href":"https:\/\/portalnpm.com\/index.php\/wp-json\/wp\/v2\/media\/78115"}],"wp:attachment":[{"href":"https:\/\/portalnpm.com\/index.php\/wp-json\/wp\/v2\/media?parent=78104"}],"wp:term":[{"taxonomy":"category","embeddable":true,"href":"https:\/\/portalnpm.com\/index.php\/wp-json\/wp\/v2\/categories?post=78104"},{"taxonomy":"post_tag","embeddable":true,"href":"https:\/\/portalnpm.com\/index.php\/wp-json\/wp\/v2\/tags?post=78104"}],"curies":[{"name":"wp","href":"https:\/\/api.w.org\/{rel}","templated":true}]}}