{"id":78131,"date":"2024-09-19T21:25:07","date_gmt":"2024-09-20T00:25:07","guid":{"rendered":"https:\/\/portalnpm.com\/?p=78131"},"modified":"2024-09-19T21:25:07","modified_gmt":"2024-09-20T00:25:07","slug":"posto-para-emissao-da-nova-carteira-de-identidade-nacional-passa-a-funcionar-em-sao-juliao-veja","status":"publish","type":"post","link":"https:\/\/portalnpm.com\/index.php\/2024\/09\/19\/posto-para-emissao-da-nova-carteira-de-identidade-nacional-passa-a-funcionar-em-sao-juliao-veja\/","title":{"rendered":"Posto para emiss\u00e3o da Nova Carteira de Identidade Nacional passa a funcionar em S\u00e3o Juli\u00e3o; veja!"},"content":{"rendered":"<p>O munic\u00edpio de S\u00e3o Juli\u00e3o &#8211; PI passa a contar a partir de agora com uma unidade de servi\u00e7os digitais do Instituto Felix Pacheco. Fica localizado na Rua Janu\u00e1rio Rodrigues, N\u00b0 318, Centro.<\/p>\n<p><img fetchpriority=\"high\" decoding=\"async\" class=\"alignnone wp-image-78133 size-full\" src=\"https:\/\/portalnpm.com\/wp-content\/uploads\/2024\/09\/IMG-20240919-WA0980.jpg\" alt=\"\" width=\"1200\" height=\"1600\" srcset=\"https:\/\/portalnpm.com\/wp-content\/uploads\/2024\/09\/IMG-20240919-WA0980.jpg 1200w, https:\/\/portalnpm.com\/wp-content\/uploads\/2024\/09\/IMG-20240919-WA0980-225x300.jpg 225w, https:\/\/portalnpm.com\/wp-content\/uploads\/2024\/09\/IMG-20240919-WA0980-768x1024.jpg 768w, https:\/\/portalnpm.com\/wp-content\/uploads\/2024\/09\/IMG-20240919-WA0980-1152x1536.jpg 1152w\" sizes=\"(max-width: 1200px) 100vw, 1200px\" \/><\/p>\n<p>A oferta de um posto em parceria entre a C\u00e2mara de Vereadores e a Secretaria de Seguran\u00e7a P\u00fablica \u00e9 mais um esfor\u00e7o do Governo do Estado do Piau\u00ed em inovar na aproxima\u00e7\u00e3o das pol\u00edticas p\u00fablicas e levar cidadania para perto da popula\u00e7\u00e3o.<\/p>\n<p>A Nova Carteira de Identidade Nacional \u00e9 um documento confi\u00e1vel, seguro, digital e possui padr\u00e3o nacional e n\u00famero \u00fanico nacional, o CPF.<\/p>\n<p><img decoding=\"async\" class=\"alignnone wp-image-78135 size-full\" src=\"https:\/\/portalnpm.com\/wp-content\/uploads\/2024\/09\/IMG-20240919-WA0987-scaled.jpg\" alt=\"\" width=\"1920\" height=\"2560\" srcset=\"https:\/\/portalnpm.com\/wp-content\/uploads\/2024\/09\/IMG-20240919-WA0987-scaled.jpg 1920w, https:\/\/portalnpm.com\/wp-content\/uploads\/2024\/09\/IMG-20240919-WA0987-225x300.jpg 225w, https:\/\/portalnpm.com\/wp-content\/uploads\/2024\/09\/IMG-20240919-WA0987-768x1024.jpg 768w, https:\/\/portalnpm.com\/wp-content\/uploads\/2024\/09\/IMG-20240919-WA0987-1152x1536.jpg 1152w, https:\/\/portalnpm.com\/wp-content\/uploads\/2024\/09\/IMG-20240919-WA0987-1536x2048.jpg 1536w\" sizes=\"(max-width: 1920px) 100vw, 1920px\" \/><\/p>\n<p>A emiss\u00e3o da primeira via da Carteira de Identidade Nacional \u00e9 gratuita no Piau\u00ed. Para solicitar a CIN, os cidad\u00e3os devem apresentar CPF, certid\u00e3o de nascimento e\/ou casamento atualizadas com selo de verifica\u00e7\u00e3o e n\u00famero de matr\u00edcula, al\u00e9m de um comprovante de resid\u00eancia. Este avan\u00e7o reflete o compromisso do estado em fornecer servi\u00e7os essenciais de forma acess\u00edvel \u00e0 sua popula\u00e7\u00e3o.<\/p>\n<p><img decoding=\"async\" class=\"alignnone size-medium wp-image-78137\" src=\"https:\/\/portalnpm.com\/wp-content\/uploads\/2024\/09\/IMG-20240919-WA0983-225x300.jpg\" alt=\"\" width=\"225\" height=\"300\" srcset=\"https:\/\/portalnpm.com\/wp-content\/uploads\/2024\/09\/IMG-20240919-WA0983-225x300.jpg 225w, https:\/\/portalnpm.com\/wp-content\/uploads\/2024\/09\/IMG-20240919-WA0983-768x1024.jpg 768w, https:\/\/portalnpm.com\/wp-content\/uploads\/2024\/09\/IMG-20240919-WA0983-1152x1536.jpg 1152w, https:\/\/portalnpm.com\/wp-content\/uploads\/2024\/09\/IMG-20240919-WA0983-1536x2048.jpg 1536w, https:\/\/portalnpm.com\/wp-content\/uploads\/2024\/09\/IMG-20240919-WA0983-scaled.jpg 1920w\" sizes=\"(max-width: 225px) 100vw, 225px\" \/> <img loading=\"lazy\" decoding=\"async\" class=\"alignnone size-medium wp-image-78138\" src=\"https:\/\/portalnpm.com\/wp-content\/uploads\/2024\/09\/IMG-20240919-WA0985-225x300.jpg\" alt=\"\" width=\"225\" height=\"300\" srcset=\"https:\/\/portalnpm.com\/wp-content\/uploads\/2024\/09\/IMG-20240919-WA0985-225x300.jpg 225w, https:\/\/portalnpm.com\/wp-content\/uploads\/2024\/09\/IMG-20240919-WA0985-768x1024.jpg 768w, https:\/\/portalnpm.com\/wp-content\/uploads\/2024\/09\/IMG-20240919-WA0985-1152x1536.jpg 1152w, https:\/\/portalnpm.com\/wp-content\/uploads\/2024\/09\/IMG-20240919-WA0985-1536x2048.jpg 1536w, https:\/\/portalnpm.com\/wp-content\/uploads\/2024\/09\/IMG-20240919-WA0985-scaled.jpg 1920w\" sizes=\"(max-width: 225px) 100vw, 225px\" \/> <img loading=\"lazy\" decoding=\"async\" class=\"alignnone size-medium wp-image-78139\" src=\"https:\/\/portalnpm.com\/wp-content\/uploads\/2024\/09\/IMG-20240919-WA0981-225x300.jpg\" alt=\"\" width=\"225\" height=\"300\" srcset=\"https:\/\/portalnpm.com\/wp-content\/uploads\/2024\/09\/IMG-20240919-WA0981-225x300.jpg 225w, https:\/\/portalnpm.com\/wp-content\/uploads\/2024\/09\/IMG-20240919-WA0981-768x1024.jpg 768w, https:\/\/portalnpm.com\/wp-content\/uploads\/2024\/09\/IMG-20240919-WA0981-1152x1536.jpg 1152w, https:\/\/portalnpm.com\/wp-content\/uploads\/2024\/09\/IMG-20240919-WA0981.jpg 1200w\" sizes=\"(max-width: 225px) 100vw, 225px\" \/> <img loading=\"lazy\" decoding=\"async\" class=\"alignnone size-medium wp-image-78140\" src=\"https:\/\/portalnpm.com\/wp-content\/uploads\/2024\/09\/IMG-20240919-WA0968-225x300.jpg\" alt=\"\" width=\"225\" height=\"300\" srcset=\"https:\/\/portalnpm.com\/wp-content\/uploads\/2024\/09\/IMG-20240919-WA0968-225x300.jpg 225w, https:\/\/portalnpm.com\/wp-content\/uploads\/2024\/09\/IMG-20240919-WA0968-768x1024.jpg 768w, https:\/\/portalnpm.com\/wp-content\/uploads\/2024\/09\/IMG-20240919-WA0968-1152x1536.jpg 1152w, https:\/\/portalnpm.com\/wp-content\/uploads\/2024\/09\/IMG-20240919-WA0968-1536x2048.jpg 1536w, https:\/\/portalnpm.com\/wp-content\/uploads\/2024\/09\/IMG-20240919-WA0968-scaled.jpg 1920w\" sizes=\"(max-width: 225px) 100vw, 225px\" \/> <img loading=\"lazy\" decoding=\"async\" class=\"alignnone size-medium wp-image-78141\" src=\"https:\/\/portalnpm.com\/wp-content\/uploads\/2024\/09\/IMG-20240919-WA0969-300x292.jpg\" alt=\"\" width=\"300\" height=\"292\" srcset=\"https:\/\/portalnpm.com\/wp-content\/uploads\/2024\/09\/IMG-20240919-WA0969-300x292.jpg 300w, https:\/\/portalnpm.com\/wp-content\/uploads\/2024\/09\/IMG-20240919-WA0969-1024x995.jpg 1024w, https:\/\/portalnpm.com\/wp-content\/uploads\/2024\/09\/IMG-20240919-WA0969-768x746.jpg 768w, https:\/\/portalnpm.com\/wp-content\/uploads\/2024\/09\/IMG-20240919-WA0969.jpg 1242w\" sizes=\"(max-width: 300px) 100vw, 300px\" \/><\/p>\n","protected":false},"excerpt":{"rendered":"<p>O munic\u00edpio de S\u00e3o Juli\u00e3o &#8211; PI passa a contar a partir de agora com uma unidade de servi\u00e7os digitais do Instituto Felix Pacheco. Fica localizado na Rua Janu\u00e1rio Rodrigues, N\u00b0 318, Centro. A oferta de um posto em parceria entre a C\u00e2mara de Vereadores e a Secretaria de Seguran\u00e7a P\u00fablica \u00e9 mais um esfor\u00e7o &hellip;<\/p>\n","protected":false},"author":4,"featured_media":78139,"comment_status":"open","ping_status":"open","sticky":false,"template":"","format":"standard","meta":{"content-type":"","rop_custom_images_group":[],"rop_custom_messages_group":[],"rop_publish_now":"yes","rop_publish_now_accounts":{"facebook_2648258775420054_1618374048415101":""},"rop_publish_now_history":[],"rop_publish_now_status":"pending","footnotes":"","_jetpack_memberships_contains_paid_content":false},"categories":[113,109,3998],"tags":[2716,836,230,855,15934,3162,15730,1197,2787,928,852,3132,7726,1196,842],"yoast_head":"<!-- This site is optimized with the Yoast SEO plugin v22.3 - https:\/\/yoast.com\/wordpress\/plugins\/seo\/ -->\n<title>Posto para emiss\u00e3o da Nova Carteira de Identidade Nacional passa a funcionar em S\u00e3o Juli\u00e3o; veja! - Portal NPM<\/title>\n<meta name=\"robots\" content=\"index, follow, max-snippet:-1, max-image-preview:large, max-video-preview:-1\" \/>\n<link rel=\"canonical\" href=\"https:\/\/portalnpm.com\/index.php\/2024\/09\/19\/posto-para-emissao-da-nova-carteira-de-identidade-nacional-passa-a-funcionar-em-sao-juliao-veja\/\" \/>\n<meta property=\"og:locale\" content=\"pt_BR\" \/>\n<meta property=\"og:type\" content=\"article\" \/>\n<meta property=\"og:title\" content=\"Posto para emiss\u00e3o da Nova Carteira de Identidade Nacional passa a funcionar em S\u00e3o Juli\u00e3o; veja! - Portal NPM\" \/>\n<meta property=\"og:description\" content=\"O munic\u00edpio de S\u00e3o Juli\u00e3o &#8211; PI passa a contar a partir de agora com uma unidade de servi\u00e7os digitais do Instituto Felix Pacheco. Fica localizado na Rua Janu\u00e1rio Rodrigues, N\u00b0 318, Centro. A oferta de um posto em parceria entre a C\u00e2mara de Vereadores e a Secretaria de Seguran\u00e7a P\u00fablica \u00e9 mais um esfor\u00e7o &hellip;\" \/>\n<meta property=\"og:url\" content=\"https:\/\/portalnpm.com\/index.php\/2024\/09\/19\/posto-para-emissao-da-nova-carteira-de-identidade-nacional-passa-a-funcionar-em-sao-juliao-veja\/\" \/>\n<meta property=\"og:site_name\" content=\"Portal NPM\" \/>\n<meta property=\"article:published_time\" content=\"2024-09-20T00:25:07+00:00\" \/>\n<meta property=\"og:image\" content=\"https:\/\/portalnpm.com\/wp-content\/uploads\/2024\/09\/IMG-20240919-WA0981.jpg\" \/>\n\t<meta property=\"og:image:width\" content=\"1200\" \/>\n\t<meta property=\"og:image:height\" content=\"1600\" \/>\n\t<meta property=\"og:image:type\" content=\"image\/jpeg\" \/>\n<meta name=\"author\" content=\"Reda\u00e7\u00e3o\" \/>\n<meta name=\"twitter:card\" content=\"summary_large_image\" \/>\n<meta name=\"twitter:label1\" content=\"Escrito por\" \/>\n\t<meta name=\"twitter:data1\" content=\"Reda\u00e7\u00e3o\" \/>\n\t<meta name=\"twitter:label2\" content=\"Est. tempo de leitura\" \/>\n\t<meta name=\"twitter:data2\" content=\"3 minutos\" \/>\n<script type=\"application\/ld+json\" class=\"yoast-schema-graph\">{\"@context\":\"https:\/\/schema.org\",\"@graph\":[{\"@type\":\"WebPage\",\"@id\":\"https:\/\/portalnpm.com\/index.php\/2024\/09\/19\/posto-para-emissao-da-nova-carteira-de-identidade-nacional-passa-a-funcionar-em-sao-juliao-veja\/\",\"url\":\"https:\/\/portalnpm.com\/index.php\/2024\/09\/19\/posto-para-emissao-da-nova-carteira-de-identidade-nacional-passa-a-funcionar-em-sao-juliao-veja\/\",\"name\":\"Posto para emiss\u00e3o da Nova Carteira de Identidade Nacional passa a funcionar em S\u00e3o Juli\u00e3o; veja! - Portal NPM\",\"isPartOf\":{\"@id\":\"https:\/\/portalnpm.com\/#website\"},\"primaryImageOfPage\":{\"@id\":\"https:\/\/portalnpm.com\/index.php\/2024\/09\/19\/posto-para-emissao-da-nova-carteira-de-identidade-nacional-passa-a-funcionar-em-sao-juliao-veja\/#primaryimage\"},\"image\":{\"@id\":\"https:\/\/portalnpm.com\/index.php\/2024\/09\/19\/posto-para-emissao-da-nova-carteira-de-identidade-nacional-passa-a-funcionar-em-sao-juliao-veja\/#primaryimage\"},\"thumbnailUrl\":\"https:\/\/portalnpm.com\/wp-content\/uploads\/2024\/09\/IMG-20240919-WA0981.jpg\",\"datePublished\":\"2024-09-20T00:25:07+00:00\",\"dateModified\":\"2024-09-20T00:25:07+00:00\",\"author\":{\"@id\":\"https:\/\/portalnpm.com\/#\/schema\/person\/0b5f230ec96cee25504fa328e7f2b733\"},\"breadcrumb\":{\"@id\":\"https:\/\/portalnpm.com\/index.php\/2024\/09\/19\/posto-para-emissao-da-nova-carteira-de-identidade-nacional-passa-a-funcionar-em-sao-juliao-veja\/#breadcrumb\"},\"inLanguage\":\"pt-BR\",\"potentialAction\":[{\"@type\":\"ReadAction\",\"target\":[\"https:\/\/portalnpm.com\/index.php\/2024\/09\/19\/posto-para-emissao-da-nova-carteira-de-identidade-nacional-passa-a-funcionar-em-sao-juliao-veja\/\"]}]},{\"@type\":\"ImageObject\",\"inLanguage\":\"pt-BR\",\"@id\":\"https:\/\/portalnpm.com\/index.php\/2024\/09\/19\/posto-para-emissao-da-nova-carteira-de-identidade-nacional-passa-a-funcionar-em-sao-juliao-veja\/#primaryimage\",\"url\":\"https:\/\/portalnpm.com\/wp-content\/uploads\/2024\/09\/IMG-20240919-WA0981.jpg\",\"contentUrl\":\"https:\/\/portalnpm.com\/wp-content\/uploads\/2024\/09\/IMG-20240919-WA0981.jpg\",\"width\":1200,\"height\":1600},{\"@type\":\"BreadcrumbList\",\"@id\":\"https:\/\/portalnpm.com\/index.php\/2024\/09\/19\/posto-para-emissao-da-nova-carteira-de-identidade-nacional-passa-a-funcionar-em-sao-juliao-veja\/#breadcrumb\",\"itemListElement\":[{\"@type\":\"ListItem\",\"position\":1,\"name\":\"In\u00edcio\",\"item\":\"https:\/\/portalnpm.com\/\"},{\"@type\":\"ListItem\",\"position\":2,\"name\":\"Posto para emiss\u00e3o da Nova Carteira de Identidade Nacional passa a funcionar em S\u00e3o Juli\u00e3o; veja!\"}]},{\"@type\":\"WebSite\",\"@id\":\"https:\/\/portalnpm.com\/#website\",\"url\":\"https:\/\/portalnpm.com\/\",\"name\":\"Portal NPM\",\"description\":\"Not\u00edcias em Primeira M\u00e3o\",\"potentialAction\":[{\"@type\":\"SearchAction\",\"target\":{\"@type\":\"EntryPoint\",\"urlTemplate\":\"https:\/\/portalnpm.com\/?s={search_term_string}\"},\"query-input\":\"required name=search_term_string\"}],\"inLanguage\":\"pt-BR\"},{\"@type\":\"Person\",\"@id\":\"https:\/\/portalnpm.com\/#\/schema\/person\/0b5f230ec96cee25504fa328e7f2b733\",\"name\":\"Reda\u00e7\u00e3o\",\"image\":{\"@type\":\"ImageObject\",\"inLanguage\":\"pt-BR\",\"@id\":\"https:\/\/portalnpm.com\/#\/schema\/person\/image\/\",\"url\":\"https:\/\/portalnpm.com\/wp-content\/uploads\/2024\/03\/avatar_user_4_1710097212-96x96.png\",\"contentUrl\":\"https:\/\/portalnpm.com\/wp-content\/uploads\/2024\/03\/avatar_user_4_1710097212-96x96.png\",\"caption\":\"Reda\u00e7\u00e3o\"},\"url\":\"https:\/\/portalnpm.com\/index.php\/author\/redacao\/\"}]}<\/script>\n<!-- \/ Yoast SEO plugin. -->","yoast_head_json":{"title":"Posto para emiss\u00e3o da Nova Carteira de Identidade Nacional passa a funcionar em S\u00e3o Juli\u00e3o; veja! - Portal NPM","robots":{"index":"index","follow":"follow","max-snippet":"max-snippet:-1","max-image-preview":"max-image-preview:large","max-video-preview":"max-video-preview:-1"},"canonical":"https:\/\/portalnpm.com\/index.php\/2024\/09\/19\/posto-para-emissao-da-nova-carteira-de-identidade-nacional-passa-a-funcionar-em-sao-juliao-veja\/","og_locale":"pt_BR","og_type":"article","og_title":"Posto para emiss\u00e3o da Nova Carteira de Identidade Nacional passa a funcionar em S\u00e3o Juli\u00e3o; veja! - Portal NPM","og_description":"O munic\u00edpio de S\u00e3o Juli\u00e3o &#8211; PI passa a contar a partir de agora com uma unidade de servi\u00e7os digitais do Instituto Felix Pacheco. Fica localizado na Rua Janu\u00e1rio Rodrigues, N\u00b0 318, Centro. A oferta de um posto em parceria entre a C\u00e2mara de Vereadores e a Secretaria de Seguran\u00e7a P\u00fablica \u00e9 mais um esfor\u00e7o &hellip;","og_url":"https:\/\/portalnpm.com\/index.php\/2024\/09\/19\/posto-para-emissao-da-nova-carteira-de-identidade-nacional-passa-a-funcionar-em-sao-juliao-veja\/","og_site_name":"Portal NPM","article_published_time":"2024-09-20T00:25:07+00:00","og_image":[{"width":1200,"height":1600,"url":"https:\/\/portalnpm.com\/wp-content\/uploads\/2024\/09\/IMG-20240919-WA0981.jpg","type":"image\/jpeg"}],"author":"Reda\u00e7\u00e3o","twitter_card":"summary_large_image","twitter_misc":{"Escrito por":"Reda\u00e7\u00e3o","Est. tempo de leitura":"3 minutos"},"schema":{"@context":"https:\/\/schema.org","@graph":[{"@type":"WebPage","@id":"https:\/\/portalnpm.com\/index.php\/2024\/09\/19\/posto-para-emissao-da-nova-carteira-de-identidade-nacional-passa-a-funcionar-em-sao-juliao-veja\/","url":"https:\/\/portalnpm.com\/index.php\/2024\/09\/19\/posto-para-emissao-da-nova-carteira-de-identidade-nacional-passa-a-funcionar-em-sao-juliao-veja\/","name":"Posto para emiss\u00e3o da Nova Carteira de Identidade Nacional passa a funcionar em S\u00e3o Juli\u00e3o; veja! - Portal NPM","isPartOf":{"@id":"https:\/\/portalnpm.com\/#website"},"primaryImageOfPage":{"@id":"https:\/\/portalnpm.com\/index.php\/2024\/09\/19\/posto-para-emissao-da-nova-carteira-de-identidade-nacional-passa-a-funcionar-em-sao-juliao-veja\/#primaryimage"},"image":{"@id":"https:\/\/portalnpm.com\/index.php\/2024\/09\/19\/posto-para-emissao-da-nova-carteira-de-identidade-nacional-passa-a-funcionar-em-sao-juliao-veja\/#primaryimage"},"thumbnailUrl":"https:\/\/portalnpm.com\/wp-content\/uploads\/2024\/09\/IMG-20240919-WA0981.jpg","datePublished":"2024-09-20T00:25:07+00:00","dateModified":"2024-09-20T00:25:07+00:00","author":{"@id":"https:\/\/portalnpm.com\/#\/schema\/person\/0b5f230ec96cee25504fa328e7f2b733"},"breadcrumb":{"@id":"https:\/\/portalnpm.com\/index.php\/2024\/09\/19\/posto-para-emissao-da-nova-carteira-de-identidade-nacional-passa-a-funcionar-em-sao-juliao-veja\/#breadcrumb"},"inLanguage":"pt-BR","potentialAction":[{"@type":"ReadAction","target":["https:\/\/portalnpm.com\/index.php\/2024\/09\/19\/posto-para-emissao-da-nova-carteira-de-identidade-nacional-passa-a-funcionar-em-sao-juliao-veja\/"]}]},{"@type":"ImageObject","inLanguage":"pt-BR","@id":"https:\/\/portalnpm.com\/index.php\/2024\/09\/19\/posto-para-emissao-da-nova-carteira-de-identidade-nacional-passa-a-funcionar-em-sao-juliao-veja\/#primaryimage","url":"https:\/\/portalnpm.com\/wp-content\/uploads\/2024\/09\/IMG-20240919-WA0981.jpg","contentUrl":"https:\/\/portalnpm.com\/wp-content\/uploads\/2024\/09\/IMG-20240919-WA0981.jpg","width":1200,"height":1600},{"@type":"BreadcrumbList","@id":"https:\/\/portalnpm.com\/index.php\/2024\/09\/19\/posto-para-emissao-da-nova-carteira-de-identidade-nacional-passa-a-funcionar-em-sao-juliao-veja\/#breadcrumb","itemListElement":[{"@type":"ListItem","position":1,"name":"In\u00edcio","item":"https:\/\/portalnpm.com\/"},{"@type":"ListItem","position":2,"name":"Posto para emiss\u00e3o da Nova Carteira de Identidade Nacional passa a funcionar em S\u00e3o Juli\u00e3o; veja!"}]},{"@type":"WebSite","@id":"https:\/\/portalnpm.com\/#website","url":"https:\/\/portalnpm.com\/","name":"Portal NPM","description":"Not\u00edcias em Primeira M\u00e3o","potentialAction":[{"@type":"SearchAction","target":{"@type":"EntryPoint","urlTemplate":"https:\/\/portalnpm.com\/?s={search_term_string}"},"query-input":"required name=search_term_string"}],"inLanguage":"pt-BR"},{"@type":"Person","@id":"https:\/\/portalnpm.com\/#\/schema\/person\/0b5f230ec96cee25504fa328e7f2b733","name":"Reda\u00e7\u00e3o","image":{"@type":"ImageObject","inLanguage":"pt-BR","@id":"https:\/\/portalnpm.com\/#\/schema\/person\/image\/","url":"https:\/\/portalnpm.com\/wp-content\/uploads\/2024\/03\/avatar_user_4_1710097212-96x96.png","contentUrl":"https:\/\/portalnpm.com\/wp-content\/uploads\/2024\/03\/avatar_user_4_1710097212-96x96.png","caption":"Reda\u00e7\u00e3o"},"url":"https:\/\/portalnpm.com\/index.php\/author\/redacao\/"}]}},"jetpack_sharing_enabled":true,"jetpack_featured_media_url":"https:\/\/portalnpm.com\/wp-content\/uploads\/2024\/09\/IMG-20240919-WA0981.jpg","_links":{"self":[{"href":"https:\/\/portalnpm.com\/index.php\/wp-json\/wp\/v2\/posts\/78131"}],"collection":[{"href":"https:\/\/portalnpm.com\/index.php\/wp-json\/wp\/v2\/posts"}],"about":[{"href":"https:\/\/portalnpm.com\/index.php\/wp-json\/wp\/v2\/types\/post"}],"author":[{"embeddable":true,"href":"https:\/\/portalnpm.com\/index.php\/wp-json\/wp\/v2\/users\/4"}],"replies":[{"embeddable":true,"href":"https:\/\/portalnpm.com\/index.php\/wp-json\/wp\/v2\/comments?post=78131"}],"version-history":[{"count":4,"href":"https:\/\/portalnpm.com\/index.php\/wp-json\/wp\/v2\/posts\/78131\/revisions"}],"predecessor-version":[{"id":78142,"href":"https:\/\/portalnpm.com\/index.php\/wp-json\/wp\/v2\/posts\/78131\/revisions\/78142"}],"wp:featuredmedia":[{"embeddable":true,"href":"https:\/\/portalnpm.com\/index.php\/wp-json\/wp\/v2\/media\/78139"}],"wp:attachment":[{"href":"https:\/\/portalnpm.com\/index.php\/wp-json\/wp\/v2\/media?parent=78131"}],"wp:term":[{"taxonomy":"category","embeddable":true,"href":"https:\/\/portalnpm.com\/index.php\/wp-json\/wp\/v2\/categories?post=78131"},{"taxonomy":"post_tag","embeddable":true,"href":"https:\/\/portalnpm.com\/index.php\/wp-json\/wp\/v2\/tags?post=78131"}],"curies":[{"name":"wp","href":"https:\/\/api.w.org\/{rel}","templated":true}]}}