{"id":78143,"date":"2024-09-19T22:10:15","date_gmt":"2024-09-20T01:10:15","guid":{"rendered":"https:\/\/portalnpm.com\/?p=78143"},"modified":"2024-09-19T22:10:15","modified_gmt":"2024-09-20T01:10:15","slug":"em-sao-juliao-vereador-ne-rocha-disputara-o-quarto-mandato-no-legislativo-pelo-pt-veja","status":"publish","type":"post","link":"https:\/\/portalnpm.com\/index.php\/2024\/09\/19\/em-sao-juliao-vereador-ne-rocha-disputara-o-quarto-mandato-no-legislativo-pelo-pt-veja\/","title":{"rendered":"Em S\u00e3o Juli\u00e3o, Vereador N\u00e9 Rocha disputar\u00e1 o quarto mandato no legislativo pelo PT; veja!"},"content":{"rendered":"<p>Visando o processo pol\u00edtico-eleitoral de 06 de outubro em S\u00e3o Juli\u00e3o, Piau\u00ed, o <strong>Portal NPM<\/strong> iniciou uma s\u00e9rie de mat\u00e9rias onde apresentamos os postulantes ao legislativo local.<\/p>\n<p>N\u00e9 Rocha \u00e9 candidato a vereador pelo Partido dos Trabalhadores (PT). O candidato j\u00e1 \u00e9 veterano na pol\u00edtica do munic\u00edpio, \u00e9 vereador pelo terceiro mandato e busca seu quarto mandato como vereador, sempre nos quadros do PT.<\/p>\n<p><img fetchpriority=\"high\" decoding=\"async\" class=\"alignnone wp-image-78145 size-full\" src=\"https:\/\/portalnpm.com\/wp-content\/uploads\/2024\/09\/IMG-20240909-WA0395.jpg\" alt=\"\" width=\"900\" height=\"1600\" srcset=\"https:\/\/portalnpm.com\/wp-content\/uploads\/2024\/09\/IMG-20240909-WA0395.jpg 900w, https:\/\/portalnpm.com\/wp-content\/uploads\/2024\/09\/IMG-20240909-WA0395-169x300.jpg 169w, https:\/\/portalnpm.com\/wp-content\/uploads\/2024\/09\/IMG-20240909-WA0395-576x1024.jpg 576w, https:\/\/portalnpm.com\/wp-content\/uploads\/2024\/09\/IMG-20240909-WA0395-768x1365.jpg 768w, https:\/\/portalnpm.com\/wp-content\/uploads\/2024\/09\/IMG-20240909-WA0395-864x1536.jpg 864w\" sizes=\"(max-width: 900px) 100vw, 900px\" \/><\/p>\n<p>Em conversa com a nossa reda\u00e7\u00e3o, o parlamentar frisou o desejo de continuar o seu trabalho no parlamento local.<\/p>\n<p>&#8220;<em>Companheiros e companheiras do meu S\u00e3o Juli\u00e3o, sou o candidato Manoel Leal da Rocha, conhecido por voc\u00eas como o vereador &#8216;N\u00e9 Rocha&#8217;, sou filho de S\u00e3o Juli\u00e3o, nascido e criado na nossa cidade, sou de fam\u00edlia tradicional na pol\u00edtica. Sou vereador por tr\u00eas mandatos e estou concorrendo mais uma vez \u00e0 vaga como vereador pelo PT. Como vereador, trabalhei em todas as \u00e1reas que pude, na \u00e1rea da educa\u00e7\u00e3o, saneamento b\u00e1sico, cultura, esporte, lazer, fui um vereador presente e ativo. E pe\u00e7o o voto de confian\u00e7a de voc\u00eas, meus queridos amigos, e quero ser eleito de novo para continuar ajudando o nosso povo. Com o meu slogan &#8220;Com Deus e o povo, \u00e9 N\u00e9 Rocha de novo&#8221; pe\u00e7o o voto de confian\u00e7a de voc\u00eas para votar 12 para prefeito e 13.333 para vereador<\/em>&#8220;, disse N\u00e9 Rocha.<\/p>\n<figure id=\"attachment_76309\" aria-describedby=\"caption-attachment-76309\" style=\"width: 768px\" class=\"wp-caption alignnone\"><img decoding=\"async\" class=\"wp-image-76309 size-full\" src=\"https:\/\/portalnpm.com\/wp-content\/uploads\/2024\/08\/IMG-20240713-WA0144-768x512-1.jpg\" alt=\"\" width=\"768\" height=\"512\" srcset=\"https:\/\/portalnpm.com\/wp-content\/uploads\/2024\/08\/IMG-20240713-WA0144-768x512-1.jpg 768w, https:\/\/portalnpm.com\/wp-content\/uploads\/2024\/08\/IMG-20240713-WA0144-768x512-1-300x200.jpg 300w\" sizes=\"(max-width: 768px) 100vw, 768px\" \/><figcaption id=\"caption-attachment-76309\" class=\"wp-caption-text\">Vereador N\u00e9 Rocha (PT), Secret\u00e1rio da Mesa Diretora da C\u00e2mara Municipal<\/figcaption><\/figure>\n<p>A oposi\u00e7\u00e3o de S\u00e3o Juli\u00e3o ser\u00e1 representada na chapa majorit\u00e1ria por Renaldinho (PDT) e Jos\u00e9 Neci (PT), candidatos a prefeito e vice-prefeito, respectivamente, pela Coliga\u00e7\u00e3o \u201cJuntos Para Reconstruir S\u00e3o Juli\u00e3o\u201d.<\/p>\n<p><strong><em>Texto: Maira Paula, com supervis\u00e3o de Luis Alberto\u00a0<\/em><\/strong><\/p>\n","protected":false},"excerpt":{"rendered":"<p>Visando o processo pol\u00edtico-eleitoral de 06 de outubro em S\u00e3o Juli\u00e3o, Piau\u00ed, o Portal NPM iniciou uma s\u00e9rie de mat\u00e9rias onde apresentamos os postulantes ao legislativo local. N\u00e9 Rocha \u00e9 candidato a vereador pelo Partido dos Trabalhadores (PT). O candidato j\u00e1 \u00e9 veterano na pol\u00edtica do munic\u00edpio, \u00e9 vereador pelo terceiro mandato e busca seu &hellip;<\/p>\n","protected":false},"author":4,"featured_media":78147,"comment_status":"open","ping_status":"open","sticky":false,"template":"","format":"standard","meta":{"content-type":"","rop_custom_images_group":[],"rop_custom_messages_group":[],"rop_publish_now":"yes","rop_publish_now_accounts":{"facebook_2648258775420054_1618374048415101":""},"rop_publish_now_history":[],"rop_publish_now_status":"pending","footnotes":"","_jetpack_memberships_contains_paid_content":false},"categories":[113,109,3998],"tags":[4124,855,1197,6498,1510,15346,1184,403,7126,4417,1196,842,194],"yoast_head":"<!-- This site is optimized with the Yoast SEO plugin v22.3 - https:\/\/yoast.com\/wordpress\/plugins\/seo\/ -->\n<title>Em S\u00e3o Juli\u00e3o, Vereador N\u00e9 Rocha disputar\u00e1 o quarto mandato no legislativo pelo PT; veja! - Portal NPM<\/title>\n<meta name=\"robots\" content=\"index, follow, max-snippet:-1, max-image-preview:large, max-video-preview:-1\" \/>\n<link rel=\"canonical\" href=\"https:\/\/portalnpm.com\/index.php\/2024\/09\/19\/em-sao-juliao-vereador-ne-rocha-disputara-o-quarto-mandato-no-legislativo-pelo-pt-veja\/\" \/>\n<meta property=\"og:locale\" content=\"pt_BR\" \/>\n<meta property=\"og:type\" content=\"article\" \/>\n<meta property=\"og:title\" content=\"Em S\u00e3o Juli\u00e3o, Vereador N\u00e9 Rocha disputar\u00e1 o quarto mandato no legislativo pelo PT; veja! - Portal NPM\" \/>\n<meta property=\"og:description\" content=\"Visando o processo pol\u00edtico-eleitoral de 06 de outubro em S\u00e3o Juli\u00e3o, Piau\u00ed, o Portal NPM iniciou uma s\u00e9rie de mat\u00e9rias onde apresentamos os postulantes ao legislativo local. N\u00e9 Rocha \u00e9 candidato a vereador pelo Partido dos Trabalhadores (PT). O candidato j\u00e1 \u00e9 veterano na pol\u00edtica do munic\u00edpio, \u00e9 vereador pelo terceiro mandato e busca seu &hellip;\" \/>\n<meta property=\"og:url\" content=\"https:\/\/portalnpm.com\/index.php\/2024\/09\/19\/em-sao-juliao-vereador-ne-rocha-disputara-o-quarto-mandato-no-legislativo-pelo-pt-veja\/\" \/>\n<meta property=\"og:site_name\" content=\"Portal NPM\" \/>\n<meta property=\"article:published_time\" content=\"2024-09-20T01:10:15+00:00\" \/>\n<meta property=\"og:image\" content=\"https:\/\/portalnpm.com\/wp-content\/uploads\/2024\/09\/IMG-20240919-WA1655.jpg\" \/>\n\t<meta property=\"og:image:width\" content=\"1080\" \/>\n\t<meta property=\"og:image:height\" content=\"978\" \/>\n\t<meta property=\"og:image:type\" content=\"image\/jpeg\" \/>\n<meta name=\"author\" content=\"Reda\u00e7\u00e3o\" \/>\n<meta name=\"twitter:card\" content=\"summary_large_image\" \/>\n<meta name=\"twitter:label1\" content=\"Escrito por\" \/>\n\t<meta name=\"twitter:data1\" content=\"Reda\u00e7\u00e3o\" \/>\n\t<meta name=\"twitter:label2\" content=\"Est. tempo de leitura\" \/>\n\t<meta name=\"twitter:data2\" content=\"3 minutos\" \/>\n<script type=\"application\/ld+json\" class=\"yoast-schema-graph\">{\"@context\":\"https:\/\/schema.org\",\"@graph\":[{\"@type\":\"WebPage\",\"@id\":\"https:\/\/portalnpm.com\/index.php\/2024\/09\/19\/em-sao-juliao-vereador-ne-rocha-disputara-o-quarto-mandato-no-legislativo-pelo-pt-veja\/\",\"url\":\"https:\/\/portalnpm.com\/index.php\/2024\/09\/19\/em-sao-juliao-vereador-ne-rocha-disputara-o-quarto-mandato-no-legislativo-pelo-pt-veja\/\",\"name\":\"Em S\u00e3o Juli\u00e3o, Vereador N\u00e9 Rocha disputar\u00e1 o quarto mandato no legislativo pelo PT; veja! - Portal NPM\",\"isPartOf\":{\"@id\":\"https:\/\/portalnpm.com\/#website\"},\"primaryImageOfPage\":{\"@id\":\"https:\/\/portalnpm.com\/index.php\/2024\/09\/19\/em-sao-juliao-vereador-ne-rocha-disputara-o-quarto-mandato-no-legislativo-pelo-pt-veja\/#primaryimage\"},\"image\":{\"@id\":\"https:\/\/portalnpm.com\/index.php\/2024\/09\/19\/em-sao-juliao-vereador-ne-rocha-disputara-o-quarto-mandato-no-legislativo-pelo-pt-veja\/#primaryimage\"},\"thumbnailUrl\":\"https:\/\/portalnpm.com\/wp-content\/uploads\/2024\/09\/IMG-20240919-WA1655.jpg\",\"datePublished\":\"2024-09-20T01:10:15+00:00\",\"dateModified\":\"2024-09-20T01:10:15+00:00\",\"author\":{\"@id\":\"https:\/\/portalnpm.com\/#\/schema\/person\/0b5f230ec96cee25504fa328e7f2b733\"},\"breadcrumb\":{\"@id\":\"https:\/\/portalnpm.com\/index.php\/2024\/09\/19\/em-sao-juliao-vereador-ne-rocha-disputara-o-quarto-mandato-no-legislativo-pelo-pt-veja\/#breadcrumb\"},\"inLanguage\":\"pt-BR\",\"potentialAction\":[{\"@type\":\"ReadAction\",\"target\":[\"https:\/\/portalnpm.com\/index.php\/2024\/09\/19\/em-sao-juliao-vereador-ne-rocha-disputara-o-quarto-mandato-no-legislativo-pelo-pt-veja\/\"]}]},{\"@type\":\"ImageObject\",\"inLanguage\":\"pt-BR\",\"@id\":\"https:\/\/portalnpm.com\/index.php\/2024\/09\/19\/em-sao-juliao-vereador-ne-rocha-disputara-o-quarto-mandato-no-legislativo-pelo-pt-veja\/#primaryimage\",\"url\":\"https:\/\/portalnpm.com\/wp-content\/uploads\/2024\/09\/IMG-20240919-WA1655.jpg\",\"contentUrl\":\"https:\/\/portalnpm.com\/wp-content\/uploads\/2024\/09\/IMG-20240919-WA1655.jpg\",\"width\":1080,\"height\":978},{\"@type\":\"BreadcrumbList\",\"@id\":\"https:\/\/portalnpm.com\/index.php\/2024\/09\/19\/em-sao-juliao-vereador-ne-rocha-disputara-o-quarto-mandato-no-legislativo-pelo-pt-veja\/#breadcrumb\",\"itemListElement\":[{\"@type\":\"ListItem\",\"position\":1,\"name\":\"In\u00edcio\",\"item\":\"https:\/\/portalnpm.com\/\"},{\"@type\":\"ListItem\",\"position\":2,\"name\":\"Em S\u00e3o Juli\u00e3o, Vereador N\u00e9 Rocha disputar\u00e1 o quarto mandato no legislativo pelo PT; veja!\"}]},{\"@type\":\"WebSite\",\"@id\":\"https:\/\/portalnpm.com\/#website\",\"url\":\"https:\/\/portalnpm.com\/\",\"name\":\"Portal NPM\",\"description\":\"Not\u00edcias em Primeira M\u00e3o\",\"potentialAction\":[{\"@type\":\"SearchAction\",\"target\":{\"@type\":\"EntryPoint\",\"urlTemplate\":\"https:\/\/portalnpm.com\/?s={search_term_string}\"},\"query-input\":\"required name=search_term_string\"}],\"inLanguage\":\"pt-BR\"},{\"@type\":\"Person\",\"@id\":\"https:\/\/portalnpm.com\/#\/schema\/person\/0b5f230ec96cee25504fa328e7f2b733\",\"name\":\"Reda\u00e7\u00e3o\",\"image\":{\"@type\":\"ImageObject\",\"inLanguage\":\"pt-BR\",\"@id\":\"https:\/\/portalnpm.com\/#\/schema\/person\/image\/\",\"url\":\"https:\/\/portalnpm.com\/wp-content\/uploads\/2024\/03\/avatar_user_4_1710097212-96x96.png\",\"contentUrl\":\"https:\/\/portalnpm.com\/wp-content\/uploads\/2024\/03\/avatar_user_4_1710097212-96x96.png\",\"caption\":\"Reda\u00e7\u00e3o\"},\"url\":\"https:\/\/portalnpm.com\/index.php\/author\/redacao\/\"}]}<\/script>\n<!-- \/ Yoast SEO plugin. -->","yoast_head_json":{"title":"Em S\u00e3o Juli\u00e3o, Vereador N\u00e9 Rocha disputar\u00e1 o quarto mandato no legislativo pelo PT; veja! - Portal NPM","robots":{"index":"index","follow":"follow","max-snippet":"max-snippet:-1","max-image-preview":"max-image-preview:large","max-video-preview":"max-video-preview:-1"},"canonical":"https:\/\/portalnpm.com\/index.php\/2024\/09\/19\/em-sao-juliao-vereador-ne-rocha-disputara-o-quarto-mandato-no-legislativo-pelo-pt-veja\/","og_locale":"pt_BR","og_type":"article","og_title":"Em S\u00e3o Juli\u00e3o, Vereador N\u00e9 Rocha disputar\u00e1 o quarto mandato no legislativo pelo PT; veja! - Portal NPM","og_description":"Visando o processo pol\u00edtico-eleitoral de 06 de outubro em S\u00e3o Juli\u00e3o, Piau\u00ed, o Portal NPM iniciou uma s\u00e9rie de mat\u00e9rias onde apresentamos os postulantes ao legislativo local. N\u00e9 Rocha \u00e9 candidato a vereador pelo Partido dos Trabalhadores (PT). O candidato j\u00e1 \u00e9 veterano na pol\u00edtica do munic\u00edpio, \u00e9 vereador pelo terceiro mandato e busca seu &hellip;","og_url":"https:\/\/portalnpm.com\/index.php\/2024\/09\/19\/em-sao-juliao-vereador-ne-rocha-disputara-o-quarto-mandato-no-legislativo-pelo-pt-veja\/","og_site_name":"Portal NPM","article_published_time":"2024-09-20T01:10:15+00:00","og_image":[{"width":1080,"height":978,"url":"https:\/\/portalnpm.com\/wp-content\/uploads\/2024\/09\/IMG-20240919-WA1655.jpg","type":"image\/jpeg"}],"author":"Reda\u00e7\u00e3o","twitter_card":"summary_large_image","twitter_misc":{"Escrito por":"Reda\u00e7\u00e3o","Est. tempo de leitura":"3 minutos"},"schema":{"@context":"https:\/\/schema.org","@graph":[{"@type":"WebPage","@id":"https:\/\/portalnpm.com\/index.php\/2024\/09\/19\/em-sao-juliao-vereador-ne-rocha-disputara-o-quarto-mandato-no-legislativo-pelo-pt-veja\/","url":"https:\/\/portalnpm.com\/index.php\/2024\/09\/19\/em-sao-juliao-vereador-ne-rocha-disputara-o-quarto-mandato-no-legislativo-pelo-pt-veja\/","name":"Em S\u00e3o Juli\u00e3o, Vereador N\u00e9 Rocha disputar\u00e1 o quarto mandato no legislativo pelo PT; veja! - Portal NPM","isPartOf":{"@id":"https:\/\/portalnpm.com\/#website"},"primaryImageOfPage":{"@id":"https:\/\/portalnpm.com\/index.php\/2024\/09\/19\/em-sao-juliao-vereador-ne-rocha-disputara-o-quarto-mandato-no-legislativo-pelo-pt-veja\/#primaryimage"},"image":{"@id":"https:\/\/portalnpm.com\/index.php\/2024\/09\/19\/em-sao-juliao-vereador-ne-rocha-disputara-o-quarto-mandato-no-legislativo-pelo-pt-veja\/#primaryimage"},"thumbnailUrl":"https:\/\/portalnpm.com\/wp-content\/uploads\/2024\/09\/IMG-20240919-WA1655.jpg","datePublished":"2024-09-20T01:10:15+00:00","dateModified":"2024-09-20T01:10:15+00:00","author":{"@id":"https:\/\/portalnpm.com\/#\/schema\/person\/0b5f230ec96cee25504fa328e7f2b733"},"breadcrumb":{"@id":"https:\/\/portalnpm.com\/index.php\/2024\/09\/19\/em-sao-juliao-vereador-ne-rocha-disputara-o-quarto-mandato-no-legislativo-pelo-pt-veja\/#breadcrumb"},"inLanguage":"pt-BR","potentialAction":[{"@type":"ReadAction","target":["https:\/\/portalnpm.com\/index.php\/2024\/09\/19\/em-sao-juliao-vereador-ne-rocha-disputara-o-quarto-mandato-no-legislativo-pelo-pt-veja\/"]}]},{"@type":"ImageObject","inLanguage":"pt-BR","@id":"https:\/\/portalnpm.com\/index.php\/2024\/09\/19\/em-sao-juliao-vereador-ne-rocha-disputara-o-quarto-mandato-no-legislativo-pelo-pt-veja\/#primaryimage","url":"https:\/\/portalnpm.com\/wp-content\/uploads\/2024\/09\/IMG-20240919-WA1655.jpg","contentUrl":"https:\/\/portalnpm.com\/wp-content\/uploads\/2024\/09\/IMG-20240919-WA1655.jpg","width":1080,"height":978},{"@type":"BreadcrumbList","@id":"https:\/\/portalnpm.com\/index.php\/2024\/09\/19\/em-sao-juliao-vereador-ne-rocha-disputara-o-quarto-mandato-no-legislativo-pelo-pt-veja\/#breadcrumb","itemListElement":[{"@type":"ListItem","position":1,"name":"In\u00edcio","item":"https:\/\/portalnpm.com\/"},{"@type":"ListItem","position":2,"name":"Em S\u00e3o Juli\u00e3o, Vereador N\u00e9 Rocha disputar\u00e1 o quarto mandato no legislativo pelo PT; veja!"}]},{"@type":"WebSite","@id":"https:\/\/portalnpm.com\/#website","url":"https:\/\/portalnpm.com\/","name":"Portal NPM","description":"Not\u00edcias em Primeira M\u00e3o","potentialAction":[{"@type":"SearchAction","target":{"@type":"EntryPoint","urlTemplate":"https:\/\/portalnpm.com\/?s={search_term_string}"},"query-input":"required name=search_term_string"}],"inLanguage":"pt-BR"},{"@type":"Person","@id":"https:\/\/portalnpm.com\/#\/schema\/person\/0b5f230ec96cee25504fa328e7f2b733","name":"Reda\u00e7\u00e3o","image":{"@type":"ImageObject","inLanguage":"pt-BR","@id":"https:\/\/portalnpm.com\/#\/schema\/person\/image\/","url":"https:\/\/portalnpm.com\/wp-content\/uploads\/2024\/03\/avatar_user_4_1710097212-96x96.png","contentUrl":"https:\/\/portalnpm.com\/wp-content\/uploads\/2024\/03\/avatar_user_4_1710097212-96x96.png","caption":"Reda\u00e7\u00e3o"},"url":"https:\/\/portalnpm.com\/index.php\/author\/redacao\/"}]}},"jetpack_sharing_enabled":true,"jetpack_featured_media_url":"https:\/\/portalnpm.com\/wp-content\/uploads\/2024\/09\/IMG-20240919-WA1655.jpg","_links":{"self":[{"href":"https:\/\/portalnpm.com\/index.php\/wp-json\/wp\/v2\/posts\/78143"}],"collection":[{"href":"https:\/\/portalnpm.com\/index.php\/wp-json\/wp\/v2\/posts"}],"about":[{"href":"https:\/\/portalnpm.com\/index.php\/wp-json\/wp\/v2\/types\/post"}],"author":[{"embeddable":true,"href":"https:\/\/portalnpm.com\/index.php\/wp-json\/wp\/v2\/users\/4"}],"replies":[{"embeddable":true,"href":"https:\/\/portalnpm.com\/index.php\/wp-json\/wp\/v2\/comments?post=78143"}],"version-history":[{"count":2,"href":"https:\/\/portalnpm.com\/index.php\/wp-json\/wp\/v2\/posts\/78143\/revisions"}],"predecessor-version":[{"id":78146,"href":"https:\/\/portalnpm.com\/index.php\/wp-json\/wp\/v2\/posts\/78143\/revisions\/78146"}],"wp:featuredmedia":[{"embeddable":true,"href":"https:\/\/portalnpm.com\/index.php\/wp-json\/wp\/v2\/media\/78147"}],"wp:attachment":[{"href":"https:\/\/portalnpm.com\/index.php\/wp-json\/wp\/v2\/media?parent=78143"}],"wp:term":[{"taxonomy":"category","embeddable":true,"href":"https:\/\/portalnpm.com\/index.php\/wp-json\/wp\/v2\/categories?post=78143"},{"taxonomy":"post_tag","embeddable":true,"href":"https:\/\/portalnpm.com\/index.php\/wp-json\/wp\/v2\/tags?post=78143"}],"curies":[{"name":"wp","href":"https:\/\/api.w.org\/{rel}","templated":true}]}}