{"id":7826,"date":"2019-04-25T11:00:49","date_gmt":"2019-04-25T14:00:49","guid":{"rendered":"http:\/\/srv.portalnpm.com.br\/?p=7826"},"modified":"2019-04-25T11:00:49","modified_gmt":"2019-04-25T14:00:49","slug":"bolsonaro-sugere-que-mourao-atua-como-presidente-paralelo","status":"publish","type":"post","link":"https:\/\/portalnpm.com\/index.php\/2019\/04\/25\/bolsonaro-sugere-que-mourao-atua-como-presidente-paralelo\/","title":{"rendered":"Bolsonaro sugere que Mour\u00e3o atua como presidente paralelo"},"content":{"rendered":"<p style=\"text-align: justify;\">O fogo amigo continua alto no Pal\u00e1cio do Planalto. Embora o presidente Jair Bolsonaro pe\u00e7a mais sintonia e menos ru\u00eddo na equipe, nos bastidores ele tamb\u00e9m critica o vice Hamilton Mour\u00e3o. Pouco antes de a nova ofensiva contra Mour\u00e3o vir \u00e0 tona, o pr\u00f3prio presidente fez reparos \u00e0 atua\u00e7\u00e3o do general, durante um voo de Bras\u00edlia para o Rio, em conversa com senadores e um deputado. A impress\u00e3o de passageiros daquela comitiva foi a de que, para Bolsonaro, Mour\u00e3o se movimenta como uma esp\u00e9cie de presidente paralelo, mais interessado em holofotes.<\/p>\n<p style=\"text-align: justify;\">A viagem ocorreu no \u00faltimo dia 11, ap\u00f3s a cerim\u00f4nia para comemorar cem dias de governo. O Estado ouviu tr\u00eas parlamentares que estavam no voo e, sob a condi\u00e7\u00e3o de anonimato, todos confirmaram o inc\u00f4modo do presidente com o vice. Naquele dia, Bolsonaro foi ao Rio para assistir a uma palestra do pastor John Hagee e participar de um almo\u00e7o do Conselho de Ministros Evang\u00e9licos do Brasil.<\/p>\n<p style=\"text-align: justify;\">Descontra\u00eddo, acima das nuvens, Bolsonaro apresentou ali v\u00e1rios problemas com o vice que, nove dias depois, apareceram nas redes sociais do vereador Carlos Bolsonaro (PSC-RJ). Ele n\u00e3o gostou, por exemplo, de Mour\u00e3o ter aceitado fazer palestra no Wilson Center, nos EUA, no dia 9, ap\u00f3s receber um convite dizendo que os primeiros cem dias do governo foram marcados por uma \u201cparalisia pol\u00edtica\u201d. A convoca\u00e7\u00e3o tamb\u00e9m elogiava o vice, tratado como \u201cuma voz de raz\u00e3o e modera\u00e7\u00e3o, capaz de orientar a dire\u00e7\u00e3o em assuntos nacionais e internacionais\u201d.<\/p>\n<p style=\"text-align: justify;\">No \u201cvoo da queima\u00e7\u00e3o\u201d, como ficou conhecida aquela viagem entre os passageiros, Bolsonaro lembrou que havia convidado o general em cima da hora para ser seu vice, no ano passado, porque tinha certeza de que o ent\u00e3o presidente do PSL, Gustavo Bebianno, queria a vaga. A convic\u00e7\u00e3o vinha do fato de que todo pol\u00edtico chamado na campanha para fazer dobradinha com ele era \u201cfuzilado\u201d no outro dia pelos jornais. Bolsonaro concluiu, ent\u00e3o, que Bebianno detonava todos os candidatos a vice e agia como um \u201ctraidor\u201d para ocupar o posto.<\/p>\n<p style=\"text-align: justify;\">Nomeado ministro da Secretaria-Geral da Presid\u00eancia, Bebianno foi demitido em fevereiro, ap\u00f3s uma queda de bra\u00e7o justamente com Carlos, o filho \u201czero dois\u201d, que hoje direciona sua artilharia contra Mour\u00e3o. Os ataques foram puxados pelo escritor Olavo de Carvalho, guru do bolsonarismo, que no s\u00e1bado publicou um v\u00eddeo com ruidosas cr\u00edticas aos militares. Ao se referir \u00e0 ala fardada do governo, Olavo disse que \u201ccabelo pintado e voz empostada\u201d s\u00e3o a heran\u00e7a das escolas dirigidas por \u201cmilicos\u201d. O v\u00eddeo chegou a ser postado no canal de Bolsonaro no YouTube, mas depois foi apagado. Ir\u00f4nico, o vice respondeu que Olavo \u201cdeve se limitar \u00e0 fun\u00e7\u00e3o que desempenha bem, a de astr\u00f3logo\u201d.<\/p>\n<p style=\"text-align: justify;\">Uni\u00e3o. No bate-papo durante a viagem de pouco mais de uma hora ao Rio, ap\u00f3s deixar a cerim\u00f4nia na qual Mour\u00e3o estava a seu lado, Bolsonaro disse ter certeza de que muitos no governo agem para afast\u00e1-lo de seus filhos. Assegurou, no entanto, que ningu\u00e9m conseguir\u00e1 separ\u00e1-lo de Carlos, do deputado Eduardo (PSL-SP) e do senador Fl\u00e1vio (PSL-RJ). Em entrevista ao Estado, nesta quarta-feira, Eduardo afirmou que Mour\u00e3o tem causado ru\u00eddo no Planalto por causa de suas declara\u00e7\u00f5es pol\u00eamicas.<\/p>\n<p style=\"text-align: justify;\">Na pr\u00e1tica, Olavo de Carvalho e os filhos de Bolsonaro avaliam que o vice est\u00e1 em campanha e quer o lugar dele. No Twitter, nesta quarta-feira, Carlos voltou a dirigir farpas a Mour\u00e3o. \u201cVice contraria ministros e agenda que elegeu Bolsonaro presidente\u201d, escreveu ele. Antes, o vereador j\u00e1 havia considerado \u201cestranh\u00edssimo\u201d o alinhamento do vice com \u201cpol\u00edticos que detestam o presidente\u201d, citando a defesa que Mour\u00e3o fez do ex-deputado Jean Wyllys.<\/p>\n<p style=\"text-align: justify;\">\u201cEsse tipo de comunica\u00e7\u00e3o por redes sociais n\u00e3o contribui em nada\u201d, afirmou o deputado S\u00f3stenes Cavalcante (DEM-RJ), um dos que estavam no voo com Bolsonaro. \u201cO governo tem muito dever de casa a fazer para ficar administrando esse tipo de confronto.\u201d Al\u00e9m de S\u00f3stenes, participaram da comitiva o presidente do Senado, Davi Alcolumbre (DEM-AP), os senadores Marcos Rog\u00e9rio (DEM-RO), Zequinha Marinho (PSC-PA) e Vanderlan Cardoso (PP-GO), o presidente do Supremo Tribunal Federal, Dias Toffoli, e Pastor Everaldo, que comanda o PSC. O pastor se sentou ao lado de Bolsonaro no avi\u00e3o.<\/p>\n<p style=\"text-align: justify;\">Mour\u00e3o disse a interlocutores que considera \u201cabsurda e descabida\u201d a desconfian\u00e7a sobre ele. \u201cEstou aqui para ajudar. N\u00e3o sou desleal\u201d, reagiu o vice, negando que suas a\u00e7\u00f5es tenham no horizonte a disputa para as elei\u00e7\u00f5es de 2022. \u201cIsso n\u00e3o existe. N\u00e3o vou me candidatar. H\u00e1 muito envenenamento nessa hist\u00f3ria.\u201d<\/p>\n<p style=\"text-align: justify;\">O Planalto n\u00e3o quis comentar as cr\u00edticas feitas por Bolsonaro na viagem do dia 11 ao Rio. Na tentativa de mostrar que n\u00e3o h\u00e1 atrito entre os dois, o presidente convidou Mour\u00e3o para descer com ele, nesta quarta-feira, 24, a rampa interna da sede do governo e p\u00f4s a m\u00e3o em seu ombro. \u201cEstamos juntos\u201d, disse.<\/p>\n<p style=\"text-align: justify;\">Generais pr\u00f3ximos de Bolsonaro tentam p\u00f4r panos quentes na crise, mas, a portas fechadas, admitem que Carlos est\u00e1 \u201cincontrol\u00e1vel\u201d.<\/p>\n<p style=\"text-align: justify;\"><strong>FONTE: Estad\u00e3o Conte\u00fado\u00a0<\/strong><\/p>\n","protected":false},"excerpt":{"rendered":"<p>O fogo amigo continua alto no Pal\u00e1cio do Planalto. Embora o presidente Jair Bolsonaro pe\u00e7a mais sintonia e menos ru\u00eddo na equipe, nos bastidores ele tamb\u00e9m critica o vice Hamilton Mour\u00e3o. Pouco antes de a nova ofensiva contra Mour\u00e3o vir \u00e0 tona, o pr\u00f3prio presidente fez reparos \u00e0 atua\u00e7\u00e3o do general, durante um voo de &hellip;<\/p>\n","protected":false},"author":4,"featured_media":7827,"comment_status":"open","ping_status":"open","sticky":false,"template":"","format":"standard","meta":{"content-type":"","rop_custom_images_group":[],"rop_custom_messages_group":[],"rop_publish_now":"initial","rop_publish_now_accounts":{"facebook_2648258775420054_1618374048415101":""},"rop_publish_now_history":[],"rop_publish_now_status":"pending","footnotes":"","_jetpack_memberships_contains_paid_content":false},"categories":[113,130],"tags":[680,2058,2700,702,2701],"yoast_head":"<!-- This site is optimized with the Yoast SEO plugin v22.3 - https:\/\/yoast.com\/wordpress\/plugins\/seo\/ -->\n<title>Bolsonaro sugere que Mour\u00e3o atua como presidente paralelo - Portal NPM<\/title>\n<meta name=\"robots\" content=\"index, follow, max-snippet:-1, max-image-preview:large, max-video-preview:-1\" \/>\n<link rel=\"canonical\" href=\"https:\/\/portalnpm.com\/index.php\/2019\/04\/25\/bolsonaro-sugere-que-mourao-atua-como-presidente-paralelo\/\" \/>\n<meta property=\"og:locale\" content=\"pt_BR\" \/>\n<meta property=\"og:type\" content=\"article\" \/>\n<meta property=\"og:title\" content=\"Bolsonaro sugere que Mour\u00e3o atua como presidente paralelo - Portal NPM\" \/>\n<meta property=\"og:description\" content=\"O fogo amigo continua alto no Pal\u00e1cio do Planalto. Embora o presidente Jair Bolsonaro pe\u00e7a mais sintonia e menos ru\u00eddo na equipe, nos bastidores ele tamb\u00e9m critica o vice Hamilton Mour\u00e3o. Pouco antes de a nova ofensiva contra Mour\u00e3o vir \u00e0 tona, o pr\u00f3prio presidente fez reparos \u00e0 atua\u00e7\u00e3o do general, durante um voo de &hellip;\" \/>\n<meta property=\"og:url\" content=\"https:\/\/portalnpm.com\/index.php\/2019\/04\/25\/bolsonaro-sugere-que-mourao-atua-como-presidente-paralelo\/\" \/>\n<meta property=\"og:site_name\" content=\"Portal NPM\" \/>\n<meta property=\"article:published_time\" content=\"2019-04-25T14:00:49+00:00\" \/>\n<meta name=\"author\" content=\"Reda\u00e7\u00e3o\" \/>\n<meta name=\"twitter:card\" content=\"summary_large_image\" \/>\n<meta name=\"twitter:label1\" content=\"Escrito por\" \/>\n\t<meta name=\"twitter:data1\" content=\"Reda\u00e7\u00e3o\" \/>\n\t<meta name=\"twitter:label2\" content=\"Est. tempo de leitura\" \/>\n\t<meta name=\"twitter:data2\" content=\"4 minutos\" \/>\n<script type=\"application\/ld+json\" class=\"yoast-schema-graph\">{\"@context\":\"https:\/\/schema.org\",\"@graph\":[{\"@type\":\"WebPage\",\"@id\":\"https:\/\/portalnpm.com\/index.php\/2019\/04\/25\/bolsonaro-sugere-que-mourao-atua-como-presidente-paralelo\/\",\"url\":\"https:\/\/portalnpm.com\/index.php\/2019\/04\/25\/bolsonaro-sugere-que-mourao-atua-como-presidente-paralelo\/\",\"name\":\"Bolsonaro sugere que Mour\u00e3o atua como presidente paralelo - Portal NPM\",\"isPartOf\":{\"@id\":\"https:\/\/portalnpm.com\/#website\"},\"primaryImageOfPage\":{\"@id\":\"https:\/\/portalnpm.com\/index.php\/2019\/04\/25\/bolsonaro-sugere-que-mourao-atua-como-presidente-paralelo\/#primaryimage\"},\"image\":{\"@id\":\"https:\/\/portalnpm.com\/index.php\/2019\/04\/25\/bolsonaro-sugere-que-mourao-atua-como-presidente-paralelo\/#primaryimage\"},\"thumbnailUrl\":\"\",\"datePublished\":\"2019-04-25T14:00:49+00:00\",\"dateModified\":\"2019-04-25T14:00:49+00:00\",\"author\":{\"@id\":\"https:\/\/portalnpm.com\/#\/schema\/person\/0b5f230ec96cee25504fa328e7f2b733\"},\"breadcrumb\":{\"@id\":\"https:\/\/portalnpm.com\/index.php\/2019\/04\/25\/bolsonaro-sugere-que-mourao-atua-como-presidente-paralelo\/#breadcrumb\"},\"inLanguage\":\"pt-BR\",\"potentialAction\":[{\"@type\":\"ReadAction\",\"target\":[\"https:\/\/portalnpm.com\/index.php\/2019\/04\/25\/bolsonaro-sugere-que-mourao-atua-como-presidente-paralelo\/\"]}]},{\"@type\":\"ImageObject\",\"inLanguage\":\"pt-BR\",\"@id\":\"https:\/\/portalnpm.com\/index.php\/2019\/04\/25\/bolsonaro-sugere-que-mourao-atua-como-presidente-paralelo\/#primaryimage\",\"url\":\"\",\"contentUrl\":\"\"},{\"@type\":\"BreadcrumbList\",\"@id\":\"https:\/\/portalnpm.com\/index.php\/2019\/04\/25\/bolsonaro-sugere-que-mourao-atua-como-presidente-paralelo\/#breadcrumb\",\"itemListElement\":[{\"@type\":\"ListItem\",\"position\":1,\"name\":\"In\u00edcio\",\"item\":\"https:\/\/portalnpm.com\/\"},{\"@type\":\"ListItem\",\"position\":2,\"name\":\"Bolsonaro sugere que Mour\u00e3o atua como presidente paralelo\"}]},{\"@type\":\"WebSite\",\"@id\":\"https:\/\/portalnpm.com\/#website\",\"url\":\"https:\/\/portalnpm.com\/\",\"name\":\"Portal NPM\",\"description\":\"Not\u00edcias em Primeira M\u00e3o\",\"potentialAction\":[{\"@type\":\"SearchAction\",\"target\":{\"@type\":\"EntryPoint\",\"urlTemplate\":\"https:\/\/portalnpm.com\/?s={search_term_string}\"},\"query-input\":\"required name=search_term_string\"}],\"inLanguage\":\"pt-BR\"},{\"@type\":\"Person\",\"@id\":\"https:\/\/portalnpm.com\/#\/schema\/person\/0b5f230ec96cee25504fa328e7f2b733\",\"name\":\"Reda\u00e7\u00e3o\",\"image\":{\"@type\":\"ImageObject\",\"inLanguage\":\"pt-BR\",\"@id\":\"https:\/\/portalnpm.com\/#\/schema\/person\/image\/\",\"url\":\"https:\/\/portalnpm.com\/wp-content\/uploads\/2024\/03\/avatar_user_4_1710097212-96x96.png\",\"contentUrl\":\"https:\/\/portalnpm.com\/wp-content\/uploads\/2024\/03\/avatar_user_4_1710097212-96x96.png\",\"caption\":\"Reda\u00e7\u00e3o\"},\"url\":\"https:\/\/portalnpm.com\/index.php\/author\/redacao\/\"}]}<\/script>\n<!-- \/ Yoast SEO plugin. -->","yoast_head_json":{"title":"Bolsonaro sugere que Mour\u00e3o atua como presidente paralelo - Portal NPM","robots":{"index":"index","follow":"follow","max-snippet":"max-snippet:-1","max-image-preview":"max-image-preview:large","max-video-preview":"max-video-preview:-1"},"canonical":"https:\/\/portalnpm.com\/index.php\/2019\/04\/25\/bolsonaro-sugere-que-mourao-atua-como-presidente-paralelo\/","og_locale":"pt_BR","og_type":"article","og_title":"Bolsonaro sugere que Mour\u00e3o atua como presidente paralelo - Portal NPM","og_description":"O fogo amigo continua alto no Pal\u00e1cio do Planalto. Embora o presidente Jair Bolsonaro pe\u00e7a mais sintonia e menos ru\u00eddo na equipe, nos bastidores ele tamb\u00e9m critica o vice Hamilton Mour\u00e3o. Pouco antes de a nova ofensiva contra Mour\u00e3o vir \u00e0 tona, o pr\u00f3prio presidente fez reparos \u00e0 atua\u00e7\u00e3o do general, durante um voo de &hellip;","og_url":"https:\/\/portalnpm.com\/index.php\/2019\/04\/25\/bolsonaro-sugere-que-mourao-atua-como-presidente-paralelo\/","og_site_name":"Portal NPM","article_published_time":"2019-04-25T14:00:49+00:00","author":"Reda\u00e7\u00e3o","twitter_card":"summary_large_image","twitter_misc":{"Escrito por":"Reda\u00e7\u00e3o","Est. tempo de leitura":"4 minutos"},"schema":{"@context":"https:\/\/schema.org","@graph":[{"@type":"WebPage","@id":"https:\/\/portalnpm.com\/index.php\/2019\/04\/25\/bolsonaro-sugere-que-mourao-atua-como-presidente-paralelo\/","url":"https:\/\/portalnpm.com\/index.php\/2019\/04\/25\/bolsonaro-sugere-que-mourao-atua-como-presidente-paralelo\/","name":"Bolsonaro sugere que Mour\u00e3o atua como presidente paralelo - Portal NPM","isPartOf":{"@id":"https:\/\/portalnpm.com\/#website"},"primaryImageOfPage":{"@id":"https:\/\/portalnpm.com\/index.php\/2019\/04\/25\/bolsonaro-sugere-que-mourao-atua-como-presidente-paralelo\/#primaryimage"},"image":{"@id":"https:\/\/portalnpm.com\/index.php\/2019\/04\/25\/bolsonaro-sugere-que-mourao-atua-como-presidente-paralelo\/#primaryimage"},"thumbnailUrl":"","datePublished":"2019-04-25T14:00:49+00:00","dateModified":"2019-04-25T14:00:49+00:00","author":{"@id":"https:\/\/portalnpm.com\/#\/schema\/person\/0b5f230ec96cee25504fa328e7f2b733"},"breadcrumb":{"@id":"https:\/\/portalnpm.com\/index.php\/2019\/04\/25\/bolsonaro-sugere-que-mourao-atua-como-presidente-paralelo\/#breadcrumb"},"inLanguage":"pt-BR","potentialAction":[{"@type":"ReadAction","target":["https:\/\/portalnpm.com\/index.php\/2019\/04\/25\/bolsonaro-sugere-que-mourao-atua-como-presidente-paralelo\/"]}]},{"@type":"ImageObject","inLanguage":"pt-BR","@id":"https:\/\/portalnpm.com\/index.php\/2019\/04\/25\/bolsonaro-sugere-que-mourao-atua-como-presidente-paralelo\/#primaryimage","url":"","contentUrl":""},{"@type":"BreadcrumbList","@id":"https:\/\/portalnpm.com\/index.php\/2019\/04\/25\/bolsonaro-sugere-que-mourao-atua-como-presidente-paralelo\/#breadcrumb","itemListElement":[{"@type":"ListItem","position":1,"name":"In\u00edcio","item":"https:\/\/portalnpm.com\/"},{"@type":"ListItem","position":2,"name":"Bolsonaro sugere que Mour\u00e3o atua como presidente paralelo"}]},{"@type":"WebSite","@id":"https:\/\/portalnpm.com\/#website","url":"https:\/\/portalnpm.com\/","name":"Portal NPM","description":"Not\u00edcias em Primeira M\u00e3o","potentialAction":[{"@type":"SearchAction","target":{"@type":"EntryPoint","urlTemplate":"https:\/\/portalnpm.com\/?s={search_term_string}"},"query-input":"required name=search_term_string"}],"inLanguage":"pt-BR"},{"@type":"Person","@id":"https:\/\/portalnpm.com\/#\/schema\/person\/0b5f230ec96cee25504fa328e7f2b733","name":"Reda\u00e7\u00e3o","image":{"@type":"ImageObject","inLanguage":"pt-BR","@id":"https:\/\/portalnpm.com\/#\/schema\/person\/image\/","url":"https:\/\/portalnpm.com\/wp-content\/uploads\/2024\/03\/avatar_user_4_1710097212-96x96.png","contentUrl":"https:\/\/portalnpm.com\/wp-content\/uploads\/2024\/03\/avatar_user_4_1710097212-96x96.png","caption":"Reda\u00e7\u00e3o"},"url":"https:\/\/portalnpm.com\/index.php\/author\/redacao\/"}]}},"jetpack_sharing_enabled":true,"jetpack_featured_media_url":"","_links":{"self":[{"href":"https:\/\/portalnpm.com\/index.php\/wp-json\/wp\/v2\/posts\/7826"}],"collection":[{"href":"https:\/\/portalnpm.com\/index.php\/wp-json\/wp\/v2\/posts"}],"about":[{"href":"https:\/\/portalnpm.com\/index.php\/wp-json\/wp\/v2\/types\/post"}],"author":[{"embeddable":true,"href":"https:\/\/portalnpm.com\/index.php\/wp-json\/wp\/v2\/users\/4"}],"replies":[{"embeddable":true,"href":"https:\/\/portalnpm.com\/index.php\/wp-json\/wp\/v2\/comments?post=7826"}],"version-history":[{"count":0,"href":"https:\/\/portalnpm.com\/index.php\/wp-json\/wp\/v2\/posts\/7826\/revisions"}],"wp:featuredmedia":[{"embeddable":true,"href":"https:\/\/portalnpm.com\/index.php\/wp-json\/"}],"wp:attachment":[{"href":"https:\/\/portalnpm.com\/index.php\/wp-json\/wp\/v2\/media?parent=7826"}],"wp:term":[{"taxonomy":"category","embeddable":true,"href":"https:\/\/portalnpm.com\/index.php\/wp-json\/wp\/v2\/categories?post=7826"},{"taxonomy":"post_tag","embeddable":true,"href":"https:\/\/portalnpm.com\/index.php\/wp-json\/wp\/v2\/tags?post=7826"}],"curies":[{"name":"wp","href":"https:\/\/api.w.org\/{rel}","templated":true}]}}