{"id":7830,"date":"2019-04-25T11:09:01","date_gmt":"2019-04-25T14:09:01","guid":{"rendered":"http:\/\/srv.portalnpm.com.br\/?p=7830"},"modified":"2019-04-25T11:09:01","modified_gmt":"2019-04-25T14:09:01","slug":"luisa-sonza-desmente-pausa-na-carreira-por-causa-de-whindersson-nunes","status":"publish","type":"post","link":"https:\/\/portalnpm.com\/index.php\/2019\/04\/25\/luisa-sonza-desmente-pausa-na-carreira-por-causa-de-whindersson-nunes\/","title":{"rendered":"Lu\u00edsa Sonza desmente pausa na carreira por causa de Whindersson Nunes"},"content":{"rendered":"<p style=\"text-align: justify;\">Na\u00a0\u00faltima semana, o youtuber Whindersson Nunes revelou que daria uma pausa na carreira para se dedicar a sua sa\u00fade, uma vez que ele est\u00e1 enfrentando uma depress\u00e3o. No entanto, a cantora Lu\u00edsa Sonza, esposa do humorista, revelou que iria modificar sua agenda de trabalho para para cuidar do marido. Com informa\u00e7\u00f5es do Not\u00edcias ao Minuto<\/p>\n<p style=\"text-align: justify;\">O problema \u00e9 que os f\u00e3s da artista come\u00e7aram a questionar sobre os cancelamentos dos shows da artista e ficaram preocupados. No Instagram, Lu\u00edsa decidiu comentar sobre o assunto:\u00a0\u201cEu n\u00e3o cancelei tudo. O que foi cancelado ou adiado j\u00e1 foi avisado a mais de uma semana aos contratantes. Se n\u00e3o foi falado nada \u00e9 porque continua de p\u00e9. Os sites que continuam postando tudo distorcido pe\u00e7o que, por favor, corrijam o erro. Agrade\u00e7o desde j\u00e1\u201d,\u00a0afirmou ela.<\/p>\n<p style=\"text-align: justify;\">Lu\u00edsa continuou e disse que n\u00e3o deixar\u00e1 de trabalhar:\u00a0\u201cOs contratantes est\u00e3o desesperados, f\u00e3s chorando achando que cancelei tudo, achando que n\u00e3o v\u00e3o poder me ver no show que compraram ingresso\u201d,\u00a0disse.<\/p>\n<p style=\"text-align: justify;\">A cantora disse ainda que a decis\u00e3o de cancelar alguns compromissos foi dela e n\u00e3o do marido:\u00a0\u201cEst\u00e1 tudo muito melhor agora, est\u00e1 tudo muito mais tranquilo. O Whindersson nem queria que eu parasse a agenda, na verdade, mas eu sou muito fam\u00edlia\u201d,\u00a0finalizou.<\/p>\n<p style=\"text-align: justify;\">\n<p style=\"text-align: justify;\"><strong>FONTE:\u00a0180 Graus\/ Not\u00edcias ao Minuto<\/strong><\/p>\n","protected":false},"excerpt":{"rendered":"<p>Na\u00a0\u00faltima semana, o youtuber Whindersson Nunes revelou que daria uma pausa na carreira para se dedicar a sua sa\u00fade, uma vez que ele est\u00e1 enfrentando uma depress\u00e3o. No entanto, a cantora Lu\u00edsa Sonza, esposa do humorista, revelou que iria modificar sua agenda de trabalho para para cuidar do marido. Com informa\u00e7\u00f5es do Not\u00edcias ao Minuto &hellip;<\/p>\n","protected":false},"author":4,"featured_media":7831,"comment_status":"open","ping_status":"open","sticky":false,"template":"","format":"standard","meta":{"content-type":"","rop_custom_images_group":[],"rop_custom_messages_group":[],"rop_publish_now":"initial","rop_publish_now_accounts":{"facebook_2648258775420054_1618374048415101":""},"rop_publish_now_history":[],"rop_publish_now_status":"pending","footnotes":"","_jetpack_memberships_contains_paid_content":false},"categories":[125],"tags":[2702,2703,466,2704],"yoast_head":"<!-- This site is optimized with the Yoast SEO plugin v22.3 - https:\/\/yoast.com\/wordpress\/plugins\/seo\/ -->\n<title>Lu\u00edsa Sonza desmente pausa na carreira por causa de Whindersson Nunes - Portal NPM<\/title>\n<meta name=\"robots\" content=\"index, follow, max-snippet:-1, max-image-preview:large, max-video-preview:-1\" \/>\n<link rel=\"canonical\" href=\"https:\/\/portalnpm.com\/index.php\/2019\/04\/25\/luisa-sonza-desmente-pausa-na-carreira-por-causa-de-whindersson-nunes\/\" \/>\n<meta property=\"og:locale\" content=\"pt_BR\" \/>\n<meta property=\"og:type\" content=\"article\" \/>\n<meta property=\"og:title\" content=\"Lu\u00edsa Sonza desmente pausa na carreira por causa de Whindersson Nunes - Portal NPM\" \/>\n<meta property=\"og:description\" content=\"Na\u00a0\u00faltima semana, o youtuber Whindersson Nunes revelou que daria uma pausa na carreira para se dedicar a sua sa\u00fade, uma vez que ele est\u00e1 enfrentando uma depress\u00e3o. No entanto, a cantora Lu\u00edsa Sonza, esposa do humorista, revelou que iria modificar sua agenda de trabalho para para cuidar do marido. Com informa\u00e7\u00f5es do Not\u00edcias ao Minuto &hellip;\" \/>\n<meta property=\"og:url\" content=\"https:\/\/portalnpm.com\/index.php\/2019\/04\/25\/luisa-sonza-desmente-pausa-na-carreira-por-causa-de-whindersson-nunes\/\" \/>\n<meta property=\"og:site_name\" content=\"Portal NPM\" \/>\n<meta property=\"article:published_time\" content=\"2019-04-25T14:09:01+00:00\" \/>\n<meta name=\"author\" content=\"Reda\u00e7\u00e3o\" \/>\n<meta name=\"twitter:card\" content=\"summary_large_image\" \/>\n<meta name=\"twitter:label1\" content=\"Escrito por\" \/>\n\t<meta name=\"twitter:data1\" content=\"Reda\u00e7\u00e3o\" \/>\n\t<meta name=\"twitter:label2\" content=\"Est. tempo de leitura\" \/>\n\t<meta name=\"twitter:data2\" content=\"1 minuto\" \/>\n<script type=\"application\/ld+json\" class=\"yoast-schema-graph\">{\"@context\":\"https:\/\/schema.org\",\"@graph\":[{\"@type\":\"WebPage\",\"@id\":\"https:\/\/portalnpm.com\/index.php\/2019\/04\/25\/luisa-sonza-desmente-pausa-na-carreira-por-causa-de-whindersson-nunes\/\",\"url\":\"https:\/\/portalnpm.com\/index.php\/2019\/04\/25\/luisa-sonza-desmente-pausa-na-carreira-por-causa-de-whindersson-nunes\/\",\"name\":\"Lu\u00edsa Sonza desmente pausa na carreira por causa de Whindersson Nunes - Portal NPM\",\"isPartOf\":{\"@id\":\"https:\/\/portalnpm.com\/#website\"},\"primaryImageOfPage\":{\"@id\":\"https:\/\/portalnpm.com\/index.php\/2019\/04\/25\/luisa-sonza-desmente-pausa-na-carreira-por-causa-de-whindersson-nunes\/#primaryimage\"},\"image\":{\"@id\":\"https:\/\/portalnpm.com\/index.php\/2019\/04\/25\/luisa-sonza-desmente-pausa-na-carreira-por-causa-de-whindersson-nunes\/#primaryimage\"},\"thumbnailUrl\":\"\",\"datePublished\":\"2019-04-25T14:09:01+00:00\",\"dateModified\":\"2019-04-25T14:09:01+00:00\",\"author\":{\"@id\":\"https:\/\/portalnpm.com\/#\/schema\/person\/0b5f230ec96cee25504fa328e7f2b733\"},\"breadcrumb\":{\"@id\":\"https:\/\/portalnpm.com\/index.php\/2019\/04\/25\/luisa-sonza-desmente-pausa-na-carreira-por-causa-de-whindersson-nunes\/#breadcrumb\"},\"inLanguage\":\"pt-BR\",\"potentialAction\":[{\"@type\":\"ReadAction\",\"target\":[\"https:\/\/portalnpm.com\/index.php\/2019\/04\/25\/luisa-sonza-desmente-pausa-na-carreira-por-causa-de-whindersson-nunes\/\"]}]},{\"@type\":\"ImageObject\",\"inLanguage\":\"pt-BR\",\"@id\":\"https:\/\/portalnpm.com\/index.php\/2019\/04\/25\/luisa-sonza-desmente-pausa-na-carreira-por-causa-de-whindersson-nunes\/#primaryimage\",\"url\":\"\",\"contentUrl\":\"\"},{\"@type\":\"BreadcrumbList\",\"@id\":\"https:\/\/portalnpm.com\/index.php\/2019\/04\/25\/luisa-sonza-desmente-pausa-na-carreira-por-causa-de-whindersson-nunes\/#breadcrumb\",\"itemListElement\":[{\"@type\":\"ListItem\",\"position\":1,\"name\":\"In\u00edcio\",\"item\":\"https:\/\/portalnpm.com\/\"},{\"@type\":\"ListItem\",\"position\":2,\"name\":\"Lu\u00edsa Sonza desmente pausa na carreira por causa de Whindersson Nunes\"}]},{\"@type\":\"WebSite\",\"@id\":\"https:\/\/portalnpm.com\/#website\",\"url\":\"https:\/\/portalnpm.com\/\",\"name\":\"Portal NPM\",\"description\":\"Not\u00edcias em Primeira M\u00e3o\",\"potentialAction\":[{\"@type\":\"SearchAction\",\"target\":{\"@type\":\"EntryPoint\",\"urlTemplate\":\"https:\/\/portalnpm.com\/?s={search_term_string}\"},\"query-input\":\"required name=search_term_string\"}],\"inLanguage\":\"pt-BR\"},{\"@type\":\"Person\",\"@id\":\"https:\/\/portalnpm.com\/#\/schema\/person\/0b5f230ec96cee25504fa328e7f2b733\",\"name\":\"Reda\u00e7\u00e3o\",\"image\":{\"@type\":\"ImageObject\",\"inLanguage\":\"pt-BR\",\"@id\":\"https:\/\/portalnpm.com\/#\/schema\/person\/image\/\",\"url\":\"https:\/\/portalnpm.com\/wp-content\/uploads\/2024\/03\/avatar_user_4_1710097212-96x96.png\",\"contentUrl\":\"https:\/\/portalnpm.com\/wp-content\/uploads\/2024\/03\/avatar_user_4_1710097212-96x96.png\",\"caption\":\"Reda\u00e7\u00e3o\"},\"url\":\"https:\/\/portalnpm.com\/index.php\/author\/redacao\/\"}]}<\/script>\n<!-- \/ Yoast SEO plugin. -->","yoast_head_json":{"title":"Lu\u00edsa Sonza desmente pausa na carreira por causa de Whindersson Nunes - Portal NPM","robots":{"index":"index","follow":"follow","max-snippet":"max-snippet:-1","max-image-preview":"max-image-preview:large","max-video-preview":"max-video-preview:-1"},"canonical":"https:\/\/portalnpm.com\/index.php\/2019\/04\/25\/luisa-sonza-desmente-pausa-na-carreira-por-causa-de-whindersson-nunes\/","og_locale":"pt_BR","og_type":"article","og_title":"Lu\u00edsa Sonza desmente pausa na carreira por causa de Whindersson Nunes - Portal NPM","og_description":"Na\u00a0\u00faltima semana, o youtuber Whindersson Nunes revelou que daria uma pausa na carreira para se dedicar a sua sa\u00fade, uma vez que ele est\u00e1 enfrentando uma depress\u00e3o. No entanto, a cantora Lu\u00edsa Sonza, esposa do humorista, revelou que iria modificar sua agenda de trabalho para para cuidar do marido. Com informa\u00e7\u00f5es do Not\u00edcias ao Minuto &hellip;","og_url":"https:\/\/portalnpm.com\/index.php\/2019\/04\/25\/luisa-sonza-desmente-pausa-na-carreira-por-causa-de-whindersson-nunes\/","og_site_name":"Portal NPM","article_published_time":"2019-04-25T14:09:01+00:00","author":"Reda\u00e7\u00e3o","twitter_card":"summary_large_image","twitter_misc":{"Escrito por":"Reda\u00e7\u00e3o","Est. tempo de leitura":"1 minuto"},"schema":{"@context":"https:\/\/schema.org","@graph":[{"@type":"WebPage","@id":"https:\/\/portalnpm.com\/index.php\/2019\/04\/25\/luisa-sonza-desmente-pausa-na-carreira-por-causa-de-whindersson-nunes\/","url":"https:\/\/portalnpm.com\/index.php\/2019\/04\/25\/luisa-sonza-desmente-pausa-na-carreira-por-causa-de-whindersson-nunes\/","name":"Lu\u00edsa Sonza desmente pausa na carreira por causa de Whindersson Nunes - Portal NPM","isPartOf":{"@id":"https:\/\/portalnpm.com\/#website"},"primaryImageOfPage":{"@id":"https:\/\/portalnpm.com\/index.php\/2019\/04\/25\/luisa-sonza-desmente-pausa-na-carreira-por-causa-de-whindersson-nunes\/#primaryimage"},"image":{"@id":"https:\/\/portalnpm.com\/index.php\/2019\/04\/25\/luisa-sonza-desmente-pausa-na-carreira-por-causa-de-whindersson-nunes\/#primaryimage"},"thumbnailUrl":"","datePublished":"2019-04-25T14:09:01+00:00","dateModified":"2019-04-25T14:09:01+00:00","author":{"@id":"https:\/\/portalnpm.com\/#\/schema\/person\/0b5f230ec96cee25504fa328e7f2b733"},"breadcrumb":{"@id":"https:\/\/portalnpm.com\/index.php\/2019\/04\/25\/luisa-sonza-desmente-pausa-na-carreira-por-causa-de-whindersson-nunes\/#breadcrumb"},"inLanguage":"pt-BR","potentialAction":[{"@type":"ReadAction","target":["https:\/\/portalnpm.com\/index.php\/2019\/04\/25\/luisa-sonza-desmente-pausa-na-carreira-por-causa-de-whindersson-nunes\/"]}]},{"@type":"ImageObject","inLanguage":"pt-BR","@id":"https:\/\/portalnpm.com\/index.php\/2019\/04\/25\/luisa-sonza-desmente-pausa-na-carreira-por-causa-de-whindersson-nunes\/#primaryimage","url":"","contentUrl":""},{"@type":"BreadcrumbList","@id":"https:\/\/portalnpm.com\/index.php\/2019\/04\/25\/luisa-sonza-desmente-pausa-na-carreira-por-causa-de-whindersson-nunes\/#breadcrumb","itemListElement":[{"@type":"ListItem","position":1,"name":"In\u00edcio","item":"https:\/\/portalnpm.com\/"},{"@type":"ListItem","position":2,"name":"Lu\u00edsa Sonza desmente pausa na carreira por causa de Whindersson Nunes"}]},{"@type":"WebSite","@id":"https:\/\/portalnpm.com\/#website","url":"https:\/\/portalnpm.com\/","name":"Portal NPM","description":"Not\u00edcias em Primeira M\u00e3o","potentialAction":[{"@type":"SearchAction","target":{"@type":"EntryPoint","urlTemplate":"https:\/\/portalnpm.com\/?s={search_term_string}"},"query-input":"required name=search_term_string"}],"inLanguage":"pt-BR"},{"@type":"Person","@id":"https:\/\/portalnpm.com\/#\/schema\/person\/0b5f230ec96cee25504fa328e7f2b733","name":"Reda\u00e7\u00e3o","image":{"@type":"ImageObject","inLanguage":"pt-BR","@id":"https:\/\/portalnpm.com\/#\/schema\/person\/image\/","url":"https:\/\/portalnpm.com\/wp-content\/uploads\/2024\/03\/avatar_user_4_1710097212-96x96.png","contentUrl":"https:\/\/portalnpm.com\/wp-content\/uploads\/2024\/03\/avatar_user_4_1710097212-96x96.png","caption":"Reda\u00e7\u00e3o"},"url":"https:\/\/portalnpm.com\/index.php\/author\/redacao\/"}]}},"jetpack_sharing_enabled":true,"jetpack_featured_media_url":"","_links":{"self":[{"href":"https:\/\/portalnpm.com\/index.php\/wp-json\/wp\/v2\/posts\/7830"}],"collection":[{"href":"https:\/\/portalnpm.com\/index.php\/wp-json\/wp\/v2\/posts"}],"about":[{"href":"https:\/\/portalnpm.com\/index.php\/wp-json\/wp\/v2\/types\/post"}],"author":[{"embeddable":true,"href":"https:\/\/portalnpm.com\/index.php\/wp-json\/wp\/v2\/users\/4"}],"replies":[{"embeddable":true,"href":"https:\/\/portalnpm.com\/index.php\/wp-json\/wp\/v2\/comments?post=7830"}],"version-history":[{"count":0,"href":"https:\/\/portalnpm.com\/index.php\/wp-json\/wp\/v2\/posts\/7830\/revisions"}],"wp:featuredmedia":[{"embeddable":true,"href":"https:\/\/portalnpm.com\/index.php\/wp-json\/"}],"wp:attachment":[{"href":"https:\/\/portalnpm.com\/index.php\/wp-json\/wp\/v2\/media?parent=7830"}],"wp:term":[{"taxonomy":"category","embeddable":true,"href":"https:\/\/portalnpm.com\/index.php\/wp-json\/wp\/v2\/categories?post=7830"},{"taxonomy":"post_tag","embeddable":true,"href":"https:\/\/portalnpm.com\/index.php\/wp-json\/wp\/v2\/tags?post=7830"}],"curies":[{"name":"wp","href":"https:\/\/api.w.org\/{rel}","templated":true}]}}