{"id":7843,"date":"2019-04-25T11:36:08","date_gmt":"2019-04-25T14:36:08","guid":{"rendered":"http:\/\/srv.portalnpm.com.br\/?p=7843"},"modified":"2019-04-25T11:36:08","modified_gmt":"2019-04-25T14:36:08","slug":"em-municipio-da-regiao-de-picos-homem-e-encontrado-morto-com-varios-cortes-pelo-corpo","status":"publish","type":"post","link":"https:\/\/portalnpm.com\/index.php\/2019\/04\/25\/em-municipio-da-regiao-de-picos-homem-e-encontrado-morto-com-varios-cortes-pelo-corpo\/","title":{"rendered":"Em munic\u00edpio da regi\u00e3o de Picos, homem \u00e9 encontrado morto com v\u00e1rios cortes pelo corpo"},"content":{"rendered":"<p style=\"text-align: justify;\">Um homem identificado como Ant\u00f4nio Barroso da Silva, mais conhecido como \u2018Dodo Barroso\u2019, foi encontrado morto com v\u00e1rias perfura\u00e7\u00f5es pelo corpo em uma fazenda chamada Panela, na zona rural da cidade de Paquet\u00e1 do Piau\u00ed.<\/p>\n<p style=\"text-align: justify;\">De acordo com informa\u00e7\u00f5es do coronel Edvaldo Viana, comandante do 4\u00ba batalh\u00e3o da Pol\u00edcia Militar, em entrevista ao correspondente da Rede Meio Norte em Picos, Naldo Pereira, a criminalidade tem aumentado em grande propor\u00e7\u00e3o na zona rural da regi\u00e3o.<\/p>\n<p style=\"text-align: justify;\">\u201cOntem n\u00f3s fomos acionados atrav\u00e9s do Copom que tinha um corpo na localidade, de imediato n\u00f3s mandamos para l\u00e1 os policiais e foi verificado que foi no munic\u00edpio de Paquet\u00e1. N\u00f3s fomos para atendimento e realizamos os procedimentos. O que n\u00f3s estamos percebendo nessa \u00e1rea que a criminalidade tem aumentado na regi\u00e3o rural. Estamos em contato com o comandante geral com o objetivo de criarmos a CIO (Companhia Independente de Opera\u00e7\u00f5es Rurais)\u201d, declarou.<\/p>\n<p style=\"text-align: justify;\">O coronel declarou que as rondas s\u00e3o intensificadas em Picos e os bandidos realizam a\u00e7\u00f5es na zona rural. \u201cA gente finaliza em Picos e a bandidagem corre para a zona rural, ent\u00e3o n\u00f3s estamos criando para combater essa criminalidade, n\u00f3s vamos agir com mais for\u00e7a porque a bandidagem s\u00f3 respeita a for\u00e7a policial\u201d, disse.<\/p>\n<p style=\"text-align: justify;\"><strong>FONTE: Meio Norte<\/strong><\/p>\n","protected":false},"excerpt":{"rendered":"<p>Um homem identificado como Ant\u00f4nio Barroso da Silva, mais conhecido como \u2018Dodo Barroso\u2019, foi encontrado morto com v\u00e1rias perfura\u00e7\u00f5es pelo corpo em uma fazenda chamada Panela, na zona rural da cidade de Paquet\u00e1 do Piau\u00ed. De acordo com informa\u00e7\u00f5es do coronel Edvaldo Viana, comandante do 4\u00ba batalh\u00e3o da Pol\u00edcia Militar, em entrevista ao correspondente da &hellip;<\/p>\n","protected":false},"author":8,"featured_media":7844,"comment_status":"open","ping_status":"open","sticky":false,"template":"","format":"standard","meta":{"content-type":"","rop_custom_images_group":[],"rop_custom_messages_group":[],"rop_publish_now":"initial","rop_publish_now_accounts":{"facebook_2648258775420054_1618374048415101":""},"rop_publish_now_history":[],"rop_publish_now_status":"pending","footnotes":"","_jetpack_memberships_contains_paid_content":false},"categories":[109,127],"tags":[602,128,637],"yoast_head":"<!-- This site is optimized with the Yoast SEO plugin v22.3 - https:\/\/yoast.com\/wordpress\/plugins\/seo\/ -->\n<title>Em munic\u00edpio da regi\u00e3o de Picos, homem \u00e9 encontrado morto com v\u00e1rios cortes pelo corpo - Portal NPM<\/title>\n<meta name=\"robots\" content=\"index, follow, max-snippet:-1, max-image-preview:large, max-video-preview:-1\" \/>\n<link rel=\"canonical\" href=\"https:\/\/portalnpm.com\/index.php\/2019\/04\/25\/em-municipio-da-regiao-de-picos-homem-e-encontrado-morto-com-varios-cortes-pelo-corpo\/\" \/>\n<meta property=\"og:locale\" content=\"pt_BR\" \/>\n<meta property=\"og:type\" content=\"article\" \/>\n<meta property=\"og:title\" content=\"Em munic\u00edpio da regi\u00e3o de Picos, homem \u00e9 encontrado morto com v\u00e1rios cortes pelo corpo - Portal NPM\" \/>\n<meta property=\"og:description\" content=\"Um homem identificado como Ant\u00f4nio Barroso da Silva, mais conhecido como \u2018Dodo Barroso\u2019, foi encontrado morto com v\u00e1rias perfura\u00e7\u00f5es pelo corpo em uma fazenda chamada Panela, na zona rural da cidade de Paquet\u00e1 do Piau\u00ed. De acordo com informa\u00e7\u00f5es do coronel Edvaldo Viana, comandante do 4\u00ba batalh\u00e3o da Pol\u00edcia Militar, em entrevista ao correspondente da &hellip;\" \/>\n<meta property=\"og:url\" content=\"https:\/\/portalnpm.com\/index.php\/2019\/04\/25\/em-municipio-da-regiao-de-picos-homem-e-encontrado-morto-com-varios-cortes-pelo-corpo\/\" \/>\n<meta property=\"og:site_name\" content=\"Portal NPM\" \/>\n<meta property=\"article:published_time\" content=\"2019-04-25T14:36:08+00:00\" \/>\n<meta name=\"author\" content=\"Zenilton Lima\" \/>\n<meta name=\"twitter:card\" content=\"summary_large_image\" \/>\n<meta name=\"twitter:label1\" content=\"Escrito por\" \/>\n\t<meta name=\"twitter:data1\" content=\"Zenilton Lima\" \/>\n\t<meta name=\"twitter:label2\" content=\"Est. tempo de leitura\" \/>\n\t<meta name=\"twitter:data2\" content=\"1 minuto\" \/>\n<script type=\"application\/ld+json\" class=\"yoast-schema-graph\">{\"@context\":\"https:\/\/schema.org\",\"@graph\":[{\"@type\":\"WebPage\",\"@id\":\"https:\/\/portalnpm.com\/index.php\/2019\/04\/25\/em-municipio-da-regiao-de-picos-homem-e-encontrado-morto-com-varios-cortes-pelo-corpo\/\",\"url\":\"https:\/\/portalnpm.com\/index.php\/2019\/04\/25\/em-municipio-da-regiao-de-picos-homem-e-encontrado-morto-com-varios-cortes-pelo-corpo\/\",\"name\":\"Em munic\u00edpio da regi\u00e3o de Picos, homem \u00e9 encontrado morto com v\u00e1rios cortes pelo corpo - Portal NPM\",\"isPartOf\":{\"@id\":\"https:\/\/portalnpm.com\/#website\"},\"primaryImageOfPage\":{\"@id\":\"https:\/\/portalnpm.com\/index.php\/2019\/04\/25\/em-municipio-da-regiao-de-picos-homem-e-encontrado-morto-com-varios-cortes-pelo-corpo\/#primaryimage\"},\"image\":{\"@id\":\"https:\/\/portalnpm.com\/index.php\/2019\/04\/25\/em-municipio-da-regiao-de-picos-homem-e-encontrado-morto-com-varios-cortes-pelo-corpo\/#primaryimage\"},\"thumbnailUrl\":\"\",\"datePublished\":\"2019-04-25T14:36:08+00:00\",\"dateModified\":\"2019-04-25T14:36:08+00:00\",\"author\":{\"@id\":\"https:\/\/portalnpm.com\/#\/schema\/person\/35cb55186eae3f074b6783da6d35591e\"},\"breadcrumb\":{\"@id\":\"https:\/\/portalnpm.com\/index.php\/2019\/04\/25\/em-municipio-da-regiao-de-picos-homem-e-encontrado-morto-com-varios-cortes-pelo-corpo\/#breadcrumb\"},\"inLanguage\":\"pt-BR\",\"potentialAction\":[{\"@type\":\"ReadAction\",\"target\":[\"https:\/\/portalnpm.com\/index.php\/2019\/04\/25\/em-municipio-da-regiao-de-picos-homem-e-encontrado-morto-com-varios-cortes-pelo-corpo\/\"]}]},{\"@type\":\"ImageObject\",\"inLanguage\":\"pt-BR\",\"@id\":\"https:\/\/portalnpm.com\/index.php\/2019\/04\/25\/em-municipio-da-regiao-de-picos-homem-e-encontrado-morto-com-varios-cortes-pelo-corpo\/#primaryimage\",\"url\":\"\",\"contentUrl\":\"\"},{\"@type\":\"BreadcrumbList\",\"@id\":\"https:\/\/portalnpm.com\/index.php\/2019\/04\/25\/em-municipio-da-regiao-de-picos-homem-e-encontrado-morto-com-varios-cortes-pelo-corpo\/#breadcrumb\",\"itemListElement\":[{\"@type\":\"ListItem\",\"position\":1,\"name\":\"In\u00edcio\",\"item\":\"https:\/\/portalnpm.com\/\"},{\"@type\":\"ListItem\",\"position\":2,\"name\":\"Em munic\u00edpio da regi\u00e3o de Picos, homem \u00e9 encontrado morto com v\u00e1rios cortes pelo corpo\"}]},{\"@type\":\"WebSite\",\"@id\":\"https:\/\/portalnpm.com\/#website\",\"url\":\"https:\/\/portalnpm.com\/\",\"name\":\"Portal NPM\",\"description\":\"Not\u00edcias em Primeira M\u00e3o\",\"potentialAction\":[{\"@type\":\"SearchAction\",\"target\":{\"@type\":\"EntryPoint\",\"urlTemplate\":\"https:\/\/portalnpm.com\/?s={search_term_string}\"},\"query-input\":\"required name=search_term_string\"}],\"inLanguage\":\"pt-BR\"},{\"@type\":\"Person\",\"@id\":\"https:\/\/portalnpm.com\/#\/schema\/person\/35cb55186eae3f074b6783da6d35591e\",\"name\":\"Zenilton Lima\",\"image\":{\"@type\":\"ImageObject\",\"inLanguage\":\"pt-BR\",\"@id\":\"https:\/\/portalnpm.com\/#\/schema\/person\/image\/\",\"url\":\"https:\/\/portalnpm.com\/wp-content\/uploads\/2024\/12\/avatar_user_8_1733658137-96x96.jpeg\",\"contentUrl\":\"https:\/\/portalnpm.com\/wp-content\/uploads\/2024\/12\/avatar_user_8_1733658137-96x96.jpeg\",\"caption\":\"Zenilton Lima\"},\"url\":\"https:\/\/portalnpm.com\/index.php\/author\/zenilton\/\"}]}<\/script>\n<!-- \/ Yoast SEO plugin. -->","yoast_head_json":{"title":"Em munic\u00edpio da regi\u00e3o de Picos, homem \u00e9 encontrado morto com v\u00e1rios cortes pelo corpo - Portal NPM","robots":{"index":"index","follow":"follow","max-snippet":"max-snippet:-1","max-image-preview":"max-image-preview:large","max-video-preview":"max-video-preview:-1"},"canonical":"https:\/\/portalnpm.com\/index.php\/2019\/04\/25\/em-municipio-da-regiao-de-picos-homem-e-encontrado-morto-com-varios-cortes-pelo-corpo\/","og_locale":"pt_BR","og_type":"article","og_title":"Em munic\u00edpio da regi\u00e3o de Picos, homem \u00e9 encontrado morto com v\u00e1rios cortes pelo corpo - Portal NPM","og_description":"Um homem identificado como Ant\u00f4nio Barroso da Silva, mais conhecido como \u2018Dodo Barroso\u2019, foi encontrado morto com v\u00e1rias perfura\u00e7\u00f5es pelo corpo em uma fazenda chamada Panela, na zona rural da cidade de Paquet\u00e1 do Piau\u00ed. De acordo com informa\u00e7\u00f5es do coronel Edvaldo Viana, comandante do 4\u00ba batalh\u00e3o da Pol\u00edcia Militar, em entrevista ao correspondente da &hellip;","og_url":"https:\/\/portalnpm.com\/index.php\/2019\/04\/25\/em-municipio-da-regiao-de-picos-homem-e-encontrado-morto-com-varios-cortes-pelo-corpo\/","og_site_name":"Portal NPM","article_published_time":"2019-04-25T14:36:08+00:00","author":"Zenilton Lima","twitter_card":"summary_large_image","twitter_misc":{"Escrito por":"Zenilton Lima","Est. tempo de leitura":"1 minuto"},"schema":{"@context":"https:\/\/schema.org","@graph":[{"@type":"WebPage","@id":"https:\/\/portalnpm.com\/index.php\/2019\/04\/25\/em-municipio-da-regiao-de-picos-homem-e-encontrado-morto-com-varios-cortes-pelo-corpo\/","url":"https:\/\/portalnpm.com\/index.php\/2019\/04\/25\/em-municipio-da-regiao-de-picos-homem-e-encontrado-morto-com-varios-cortes-pelo-corpo\/","name":"Em munic\u00edpio da regi\u00e3o de Picos, homem \u00e9 encontrado morto com v\u00e1rios cortes pelo corpo - Portal NPM","isPartOf":{"@id":"https:\/\/portalnpm.com\/#website"},"primaryImageOfPage":{"@id":"https:\/\/portalnpm.com\/index.php\/2019\/04\/25\/em-municipio-da-regiao-de-picos-homem-e-encontrado-morto-com-varios-cortes-pelo-corpo\/#primaryimage"},"image":{"@id":"https:\/\/portalnpm.com\/index.php\/2019\/04\/25\/em-municipio-da-regiao-de-picos-homem-e-encontrado-morto-com-varios-cortes-pelo-corpo\/#primaryimage"},"thumbnailUrl":"","datePublished":"2019-04-25T14:36:08+00:00","dateModified":"2019-04-25T14:36:08+00:00","author":{"@id":"https:\/\/portalnpm.com\/#\/schema\/person\/35cb55186eae3f074b6783da6d35591e"},"breadcrumb":{"@id":"https:\/\/portalnpm.com\/index.php\/2019\/04\/25\/em-municipio-da-regiao-de-picos-homem-e-encontrado-morto-com-varios-cortes-pelo-corpo\/#breadcrumb"},"inLanguage":"pt-BR","potentialAction":[{"@type":"ReadAction","target":["https:\/\/portalnpm.com\/index.php\/2019\/04\/25\/em-municipio-da-regiao-de-picos-homem-e-encontrado-morto-com-varios-cortes-pelo-corpo\/"]}]},{"@type":"ImageObject","inLanguage":"pt-BR","@id":"https:\/\/portalnpm.com\/index.php\/2019\/04\/25\/em-municipio-da-regiao-de-picos-homem-e-encontrado-morto-com-varios-cortes-pelo-corpo\/#primaryimage","url":"","contentUrl":""},{"@type":"BreadcrumbList","@id":"https:\/\/portalnpm.com\/index.php\/2019\/04\/25\/em-municipio-da-regiao-de-picos-homem-e-encontrado-morto-com-varios-cortes-pelo-corpo\/#breadcrumb","itemListElement":[{"@type":"ListItem","position":1,"name":"In\u00edcio","item":"https:\/\/portalnpm.com\/"},{"@type":"ListItem","position":2,"name":"Em munic\u00edpio da regi\u00e3o de Picos, homem \u00e9 encontrado morto com v\u00e1rios cortes pelo corpo"}]},{"@type":"WebSite","@id":"https:\/\/portalnpm.com\/#website","url":"https:\/\/portalnpm.com\/","name":"Portal NPM","description":"Not\u00edcias em Primeira M\u00e3o","potentialAction":[{"@type":"SearchAction","target":{"@type":"EntryPoint","urlTemplate":"https:\/\/portalnpm.com\/?s={search_term_string}"},"query-input":"required name=search_term_string"}],"inLanguage":"pt-BR"},{"@type":"Person","@id":"https:\/\/portalnpm.com\/#\/schema\/person\/35cb55186eae3f074b6783da6d35591e","name":"Zenilton Lima","image":{"@type":"ImageObject","inLanguage":"pt-BR","@id":"https:\/\/portalnpm.com\/#\/schema\/person\/image\/","url":"https:\/\/portalnpm.com\/wp-content\/uploads\/2024\/12\/avatar_user_8_1733658137-96x96.jpeg","contentUrl":"https:\/\/portalnpm.com\/wp-content\/uploads\/2024\/12\/avatar_user_8_1733658137-96x96.jpeg","caption":"Zenilton Lima"},"url":"https:\/\/portalnpm.com\/index.php\/author\/zenilton\/"}]}},"jetpack_sharing_enabled":true,"jetpack_featured_media_url":"","_links":{"self":[{"href":"https:\/\/portalnpm.com\/index.php\/wp-json\/wp\/v2\/posts\/7843"}],"collection":[{"href":"https:\/\/portalnpm.com\/index.php\/wp-json\/wp\/v2\/posts"}],"about":[{"href":"https:\/\/portalnpm.com\/index.php\/wp-json\/wp\/v2\/types\/post"}],"author":[{"embeddable":true,"href":"https:\/\/portalnpm.com\/index.php\/wp-json\/wp\/v2\/users\/8"}],"replies":[{"embeddable":true,"href":"https:\/\/portalnpm.com\/index.php\/wp-json\/wp\/v2\/comments?post=7843"}],"version-history":[{"count":0,"href":"https:\/\/portalnpm.com\/index.php\/wp-json\/wp\/v2\/posts\/7843\/revisions"}],"wp:featuredmedia":[{"embeddable":true,"href":"https:\/\/portalnpm.com\/index.php\/wp-json\/"}],"wp:attachment":[{"href":"https:\/\/portalnpm.com\/index.php\/wp-json\/wp\/v2\/media?parent=7843"}],"wp:term":[{"taxonomy":"category","embeddable":true,"href":"https:\/\/portalnpm.com\/index.php\/wp-json\/wp\/v2\/categories?post=7843"},{"taxonomy":"post_tag","embeddable":true,"href":"https:\/\/portalnpm.com\/index.php\/wp-json\/wp\/v2\/tags?post=7843"}],"curies":[{"name":"wp","href":"https:\/\/api.w.org\/{rel}","templated":true}]}}