{"id":7866,"date":"2019-04-26T08:32:21","date_gmt":"2019-04-26T11:32:21","guid":{"rendered":"http:\/\/srv.portalnpm.com.br\/?p=7866"},"modified":"2019-04-26T08:32:21","modified_gmt":"2019-04-26T11:32:21","slug":"vereador-abusa-sexualmente-de-jovem-desacordada-em-motel","status":"publish","type":"post","link":"https:\/\/portalnpm.com\/index.php\/2019\/04\/26\/vereador-abusa-sexualmente-de-jovem-desacordada-em-motel\/","title":{"rendered":"Vereador abusa sexualmente de jovem desacordada em motel"},"content":{"rendered":"<p style=\"text-align: justify;\">Um vereador da cidade\u00a0de Eirunep\u00e9-AM, a 1.160 km de dist\u00e2ncia de Manaus, \u00e9 suspeito de\u00a0cometer estupro ao\u00a0divulgar nas redes sociais\u00a0fotos e v\u00eddeos de jovem de 20 anos em motel.<\/p>\n<p style=\"text-align: justify;\">O suspeito foi identificado por Walter Alexandre Menezes (PSDB) \u00e9 o foi presidente da C\u00e2mara de Vereadores do munic\u00edpio.<\/p>\n<p style=\"text-align: justify;\">Em Manaus-AM, Walter estava com a jovem em motel, em Manaus, filmou tudo e teria enviado para amigo.<\/p>\n<p style=\"text-align: justify;\">Nas imagens a jovem aparece nua, deitada em uma cama, aparentemente sob efeito de bebidas alco\u00f3licas. O vereador toca no corpo da mulher e registra o momento \u00edntimo no celular.\u00a0No entanto, o parlamentar justificou que n\u00e3o sabe como as imagens foram compartilhadas com outras pessoas.<\/p>\n<p style=\"text-align: justify;\">O vereador ainda informou que quando as grava\u00e7\u00f5es foram feitas, existiam outros amigos no quarto do motel.<\/p>\n<p style=\"text-align: justify;\">A Pol\u00edcia Civil informou que o caso foi registrado no 16\u00ba Distrito Integrado de Pol\u00edcia (DIP), que deve investigar o caso.<\/p>\n<p style=\"text-align: justify;\">FONTE:\u00a0<strong><a href=\"https:\/\/d.emtempo.com.br\/amazonas\/144798\/vereador-confirma-video-com-jovem-em-motel-de-manaus-mas-nega-estupro\" target=\"_blank\" rel=\"noopener\">Em Tempo <\/a><\/strong><\/p>\n","protected":false},"excerpt":{"rendered":"<p>Um vereador da cidade\u00a0de Eirunep\u00e9-AM, a 1.160 km de dist\u00e2ncia de Manaus, \u00e9 suspeito de\u00a0cometer estupro ao\u00a0divulgar nas redes sociais\u00a0fotos e v\u00eddeos de jovem de 20 anos em motel. O suspeito foi identificado por Walter Alexandre Menezes (PSDB) \u00e9 o foi presidente da C\u00e2mara de Vereadores do munic\u00edpio. Em Manaus-AM, Walter estava com a jovem &hellip;<\/p>\n","protected":false},"author":3,"featured_media":7867,"comment_status":"open","ping_status":"open","sticky":false,"template":"","format":"standard","meta":{"content-type":"","rop_custom_images_group":[],"rop_custom_messages_group":[],"rop_publish_now":"initial","rop_publish_now_accounts":{"facebook_2648258775420054_1618374048415101":""},"rop_publish_now_history":[],"rop_publish_now_status":"pending","footnotes":"","_jetpack_memberships_contains_paid_content":false},"categories":[125],"tags":[2718,1782,194],"yoast_head":"<!-- This site is optimized with the Yoast SEO plugin v22.3 - https:\/\/yoast.com\/wordpress\/plugins\/seo\/ -->\n<title>Vereador abusa sexualmente de jovem desacordada em motel - Portal NPM<\/title>\n<meta name=\"robots\" content=\"index, follow, max-snippet:-1, max-image-preview:large, max-video-preview:-1\" \/>\n<link rel=\"canonical\" href=\"https:\/\/portalnpm.com\/index.php\/2019\/04\/26\/vereador-abusa-sexualmente-de-jovem-desacordada-em-motel\/\" \/>\n<meta property=\"og:locale\" content=\"pt_BR\" \/>\n<meta property=\"og:type\" content=\"article\" \/>\n<meta property=\"og:title\" content=\"Vereador abusa sexualmente de jovem desacordada em motel - Portal NPM\" \/>\n<meta property=\"og:description\" content=\"Um vereador da cidade\u00a0de Eirunep\u00e9-AM, a 1.160 km de dist\u00e2ncia de Manaus, \u00e9 suspeito de\u00a0cometer estupro ao\u00a0divulgar nas redes sociais\u00a0fotos e v\u00eddeos de jovem de 20 anos em motel. O suspeito foi identificado por Walter Alexandre Menezes (PSDB) \u00e9 o foi presidente da C\u00e2mara de Vereadores do munic\u00edpio. Em Manaus-AM, Walter estava com a jovem &hellip;\" \/>\n<meta property=\"og:url\" content=\"https:\/\/portalnpm.com\/index.php\/2019\/04\/26\/vereador-abusa-sexualmente-de-jovem-desacordada-em-motel\/\" \/>\n<meta property=\"og:site_name\" content=\"Portal NPM\" \/>\n<meta property=\"article:published_time\" content=\"2019-04-26T11:32:21+00:00\" \/>\n<meta name=\"author\" content=\"Luis Alberto\" \/>\n<meta name=\"twitter:card\" content=\"summary_large_image\" \/>\n<meta name=\"twitter:label1\" content=\"Escrito por\" \/>\n\t<meta name=\"twitter:data1\" content=\"Luis Alberto\" \/>\n\t<meta name=\"twitter:label2\" content=\"Est. tempo de leitura\" \/>\n\t<meta name=\"twitter:data2\" content=\"1 minuto\" \/>\n<script type=\"application\/ld+json\" class=\"yoast-schema-graph\">{\"@context\":\"https:\/\/schema.org\",\"@graph\":[{\"@type\":\"WebPage\",\"@id\":\"https:\/\/portalnpm.com\/index.php\/2019\/04\/26\/vereador-abusa-sexualmente-de-jovem-desacordada-em-motel\/\",\"url\":\"https:\/\/portalnpm.com\/index.php\/2019\/04\/26\/vereador-abusa-sexualmente-de-jovem-desacordada-em-motel\/\",\"name\":\"Vereador abusa sexualmente de jovem desacordada em motel - Portal NPM\",\"isPartOf\":{\"@id\":\"https:\/\/portalnpm.com\/#website\"},\"primaryImageOfPage\":{\"@id\":\"https:\/\/portalnpm.com\/index.php\/2019\/04\/26\/vereador-abusa-sexualmente-de-jovem-desacordada-em-motel\/#primaryimage\"},\"image\":{\"@id\":\"https:\/\/portalnpm.com\/index.php\/2019\/04\/26\/vereador-abusa-sexualmente-de-jovem-desacordada-em-motel\/#primaryimage\"},\"thumbnailUrl\":\"\",\"datePublished\":\"2019-04-26T11:32:21+00:00\",\"dateModified\":\"2019-04-26T11:32:21+00:00\",\"author\":{\"@id\":\"https:\/\/portalnpm.com\/#\/schema\/person\/5c8006acdf71774cd4e7a5ab98482152\"},\"breadcrumb\":{\"@id\":\"https:\/\/portalnpm.com\/index.php\/2019\/04\/26\/vereador-abusa-sexualmente-de-jovem-desacordada-em-motel\/#breadcrumb\"},\"inLanguage\":\"pt-BR\",\"potentialAction\":[{\"@type\":\"ReadAction\",\"target\":[\"https:\/\/portalnpm.com\/index.php\/2019\/04\/26\/vereador-abusa-sexualmente-de-jovem-desacordada-em-motel\/\"]}]},{\"@type\":\"ImageObject\",\"inLanguage\":\"pt-BR\",\"@id\":\"https:\/\/portalnpm.com\/index.php\/2019\/04\/26\/vereador-abusa-sexualmente-de-jovem-desacordada-em-motel\/#primaryimage\",\"url\":\"\",\"contentUrl\":\"\"},{\"@type\":\"BreadcrumbList\",\"@id\":\"https:\/\/portalnpm.com\/index.php\/2019\/04\/26\/vereador-abusa-sexualmente-de-jovem-desacordada-em-motel\/#breadcrumb\",\"itemListElement\":[{\"@type\":\"ListItem\",\"position\":1,\"name\":\"In\u00edcio\",\"item\":\"https:\/\/portalnpm.com\/\"},{\"@type\":\"ListItem\",\"position\":2,\"name\":\"Vereador abusa sexualmente de jovem desacordada em motel\"}]},{\"@type\":\"WebSite\",\"@id\":\"https:\/\/portalnpm.com\/#website\",\"url\":\"https:\/\/portalnpm.com\/\",\"name\":\"Portal NPM\",\"description\":\"Not\u00edcias em Primeira M\u00e3o\",\"potentialAction\":[{\"@type\":\"SearchAction\",\"target\":{\"@type\":\"EntryPoint\",\"urlTemplate\":\"https:\/\/portalnpm.com\/?s={search_term_string}\"},\"query-input\":\"required name=search_term_string\"}],\"inLanguage\":\"pt-BR\"},{\"@type\":\"Person\",\"@id\":\"https:\/\/portalnpm.com\/#\/schema\/person\/5c8006acdf71774cd4e7a5ab98482152\",\"name\":\"Luis Alberto\",\"image\":{\"@type\":\"ImageObject\",\"inLanguage\":\"pt-BR\",\"@id\":\"https:\/\/portalnpm.com\/#\/schema\/person\/image\/\",\"url\":\"https:\/\/portalnpm.com\/wp-content\/uploads\/2024\/12\/avatar_user_3_1734699769-96x96.jpeg\",\"contentUrl\":\"https:\/\/portalnpm.com\/wp-content\/uploads\/2024\/12\/avatar_user_3_1734699769-96x96.jpeg\",\"caption\":\"Luis Alberto\"},\"description\":\"Editor-geral do Portal NPM, \u00e9 formado como T\u00e9cnico em Seguran\u00e7a do Trabalho pela Escola Metropolitana de Cursos T\u00e9cnicos. Det\u00e9m ainda licenciatura em Educa\u00e7\u00e3o F\u00edsica e bacharelado em Ci\u00eancias Pol\u00edticas, ambos obtidos pela institui\u00e7\u00e3o Anhanguera\/UNOPAR.\",\"url\":\"https:\/\/portalnpm.com\/index.php\/author\/pereira\/\"}]}<\/script>\n<!-- \/ Yoast SEO plugin. -->","yoast_head_json":{"title":"Vereador abusa sexualmente de jovem desacordada em motel - Portal NPM","robots":{"index":"index","follow":"follow","max-snippet":"max-snippet:-1","max-image-preview":"max-image-preview:large","max-video-preview":"max-video-preview:-1"},"canonical":"https:\/\/portalnpm.com\/index.php\/2019\/04\/26\/vereador-abusa-sexualmente-de-jovem-desacordada-em-motel\/","og_locale":"pt_BR","og_type":"article","og_title":"Vereador abusa sexualmente de jovem desacordada em motel - Portal NPM","og_description":"Um vereador da cidade\u00a0de Eirunep\u00e9-AM, a 1.160 km de dist\u00e2ncia de Manaus, \u00e9 suspeito de\u00a0cometer estupro ao\u00a0divulgar nas redes sociais\u00a0fotos e v\u00eddeos de jovem de 20 anos em motel. O suspeito foi identificado por Walter Alexandre Menezes (PSDB) \u00e9 o foi presidente da C\u00e2mara de Vereadores do munic\u00edpio. Em Manaus-AM, Walter estava com a jovem &hellip;","og_url":"https:\/\/portalnpm.com\/index.php\/2019\/04\/26\/vereador-abusa-sexualmente-de-jovem-desacordada-em-motel\/","og_site_name":"Portal NPM","article_published_time":"2019-04-26T11:32:21+00:00","author":"Luis Alberto","twitter_card":"summary_large_image","twitter_misc":{"Escrito por":"Luis Alberto","Est. tempo de leitura":"1 minuto"},"schema":{"@context":"https:\/\/schema.org","@graph":[{"@type":"WebPage","@id":"https:\/\/portalnpm.com\/index.php\/2019\/04\/26\/vereador-abusa-sexualmente-de-jovem-desacordada-em-motel\/","url":"https:\/\/portalnpm.com\/index.php\/2019\/04\/26\/vereador-abusa-sexualmente-de-jovem-desacordada-em-motel\/","name":"Vereador abusa sexualmente de jovem desacordada em motel - Portal NPM","isPartOf":{"@id":"https:\/\/portalnpm.com\/#website"},"primaryImageOfPage":{"@id":"https:\/\/portalnpm.com\/index.php\/2019\/04\/26\/vereador-abusa-sexualmente-de-jovem-desacordada-em-motel\/#primaryimage"},"image":{"@id":"https:\/\/portalnpm.com\/index.php\/2019\/04\/26\/vereador-abusa-sexualmente-de-jovem-desacordada-em-motel\/#primaryimage"},"thumbnailUrl":"","datePublished":"2019-04-26T11:32:21+00:00","dateModified":"2019-04-26T11:32:21+00:00","author":{"@id":"https:\/\/portalnpm.com\/#\/schema\/person\/5c8006acdf71774cd4e7a5ab98482152"},"breadcrumb":{"@id":"https:\/\/portalnpm.com\/index.php\/2019\/04\/26\/vereador-abusa-sexualmente-de-jovem-desacordada-em-motel\/#breadcrumb"},"inLanguage":"pt-BR","potentialAction":[{"@type":"ReadAction","target":["https:\/\/portalnpm.com\/index.php\/2019\/04\/26\/vereador-abusa-sexualmente-de-jovem-desacordada-em-motel\/"]}]},{"@type":"ImageObject","inLanguage":"pt-BR","@id":"https:\/\/portalnpm.com\/index.php\/2019\/04\/26\/vereador-abusa-sexualmente-de-jovem-desacordada-em-motel\/#primaryimage","url":"","contentUrl":""},{"@type":"BreadcrumbList","@id":"https:\/\/portalnpm.com\/index.php\/2019\/04\/26\/vereador-abusa-sexualmente-de-jovem-desacordada-em-motel\/#breadcrumb","itemListElement":[{"@type":"ListItem","position":1,"name":"In\u00edcio","item":"https:\/\/portalnpm.com\/"},{"@type":"ListItem","position":2,"name":"Vereador abusa sexualmente de jovem desacordada em motel"}]},{"@type":"WebSite","@id":"https:\/\/portalnpm.com\/#website","url":"https:\/\/portalnpm.com\/","name":"Portal NPM","description":"Not\u00edcias em Primeira M\u00e3o","potentialAction":[{"@type":"SearchAction","target":{"@type":"EntryPoint","urlTemplate":"https:\/\/portalnpm.com\/?s={search_term_string}"},"query-input":"required name=search_term_string"}],"inLanguage":"pt-BR"},{"@type":"Person","@id":"https:\/\/portalnpm.com\/#\/schema\/person\/5c8006acdf71774cd4e7a5ab98482152","name":"Luis Alberto","image":{"@type":"ImageObject","inLanguage":"pt-BR","@id":"https:\/\/portalnpm.com\/#\/schema\/person\/image\/","url":"https:\/\/portalnpm.com\/wp-content\/uploads\/2024\/12\/avatar_user_3_1734699769-96x96.jpeg","contentUrl":"https:\/\/portalnpm.com\/wp-content\/uploads\/2024\/12\/avatar_user_3_1734699769-96x96.jpeg","caption":"Luis Alberto"},"description":"Editor-geral do Portal NPM, \u00e9 formado como T\u00e9cnico em Seguran\u00e7a do Trabalho pela Escola Metropolitana de Cursos T\u00e9cnicos. Det\u00e9m ainda licenciatura em Educa\u00e7\u00e3o F\u00edsica e bacharelado em Ci\u00eancias Pol\u00edticas, ambos obtidos pela institui\u00e7\u00e3o Anhanguera\/UNOPAR.","url":"https:\/\/portalnpm.com\/index.php\/author\/pereira\/"}]}},"jetpack_sharing_enabled":true,"jetpack_featured_media_url":"","_links":{"self":[{"href":"https:\/\/portalnpm.com\/index.php\/wp-json\/wp\/v2\/posts\/7866"}],"collection":[{"href":"https:\/\/portalnpm.com\/index.php\/wp-json\/wp\/v2\/posts"}],"about":[{"href":"https:\/\/portalnpm.com\/index.php\/wp-json\/wp\/v2\/types\/post"}],"author":[{"embeddable":true,"href":"https:\/\/portalnpm.com\/index.php\/wp-json\/wp\/v2\/users\/3"}],"replies":[{"embeddable":true,"href":"https:\/\/portalnpm.com\/index.php\/wp-json\/wp\/v2\/comments?post=7866"}],"version-history":[{"count":0,"href":"https:\/\/portalnpm.com\/index.php\/wp-json\/wp\/v2\/posts\/7866\/revisions"}],"wp:featuredmedia":[{"embeddable":true,"href":"https:\/\/portalnpm.com\/index.php\/wp-json\/"}],"wp:attachment":[{"href":"https:\/\/portalnpm.com\/index.php\/wp-json\/wp\/v2\/media?parent=7866"}],"wp:term":[{"taxonomy":"category","embeddable":true,"href":"https:\/\/portalnpm.com\/index.php\/wp-json\/wp\/v2\/categories?post=7866"},{"taxonomy":"post_tag","embeddable":true,"href":"https:\/\/portalnpm.com\/index.php\/wp-json\/wp\/v2\/tags?post=7866"}],"curies":[{"name":"wp","href":"https:\/\/api.w.org\/{rel}","templated":true}]}}