{"id":7930,"date":"2019-04-29T16:24:33","date_gmt":"2019-04-29T19:24:33","guid":{"rendered":"http:\/\/srv.portalnpm.com.br\/?p=7930"},"modified":"2019-04-29T16:24:33","modified_gmt":"2019-04-29T19:24:33","slug":"morria-ha-30-anos-o-dr-francisco-macedo-ex-prefeito-de-padre-marcos-pi","status":"publish","type":"post","link":"https:\/\/portalnpm.com\/index.php\/2019\/04\/29\/morria-ha-30-anos-o-dr-francisco-macedo-ex-prefeito-de-padre-marcos-pi\/","title":{"rendered":"Morria h\u00e1 30 anos o \u201cDr. Francisco Macedo\u201d, ex-prefeito de Padre Marcos &#8211; PI"},"content":{"rendered":"<p style=\"text-align: justify;\">29 de Abril de 2019, h\u00e1 exatos 30 anos perdemos a presen\u00e7a insubstitu\u00edvel de Francisco Lu\u00eds de Macedo, m\u00e9dico e ex-prefeito do munic\u00edpio de Padre Marcos, pessoa de muitas qualidades e de inesquec\u00edvel mem\u00f3ria, que nos deixou um grande legado de lealdade \u00e0s suas amizades e de compromisso com a vida p\u00fablica a que\u00a0 tanto se dedicou at\u00e9 o seu \u00faltimo dia de exist\u00eancia.<\/p>\n<p style=\"text-align: justify;\">E mesmo se passando tr\u00eas d\u00e9cadas, sempre estamos em contato com suas obras e feitos que ainda beneficiam a popula\u00e7\u00e3o de toda a regi\u00e3o que um dia fez parte do seu governo, sendo ainda mais forte essa lembran\u00e7a na nossa cidade, que traz literalmente o seu nome &#8220;Francisco Macedo&#8221; como prova de que aqui esse grande homem deixou marcas s\u00f3lidas e inesquec\u00edveis, principalmente pra os seus contempor\u00e2neos que desfrutaram do breve tempo q esteve conosco.<\/p>\n<p style=\"text-align: justify;\">A sua morte interrompeu uma promissora trajet\u00f3ria, que poderia ter trazido muito progresso e desenvolvimento pra nosso sofrido torr\u00e3o, mas sua biografia continuar\u00e1 viva para as futuras gera\u00e7\u00f5es que v\u00e3o precisar muito de seu referencial e exemplo de dignidade.<\/p>\n<p style=\"text-align: justify;\"><strong>Por:\u00a0Francisco Erasmo, o Chichiquinho, de Francisco Macedo-PI e Portal Vila Nova Not\u00edcias.<\/strong><\/p>\n<p><img fetchpriority=\"high\" decoding=\"async\" class=\"aligncenter size-full wp-image-7931\" src=\"http:\/\/portalnpm.com\/wp-content\/uploads\/2019\/04\/983218cc63b32d709e46240c57747592.jpg\" alt=\"\" width=\"750\" height=\"930\" \/><\/p>\n<p>Dr. Francisco Macedo deixou um grande legado.<\/p>\n<p><strong>REDA\u00c7\u00c3O DO PORTAL NPM:<\/strong><\/p>\n<p style=\"text-align: justify;\">\u201cDoutor Francisco\u201d como era conhecido, foi prefeito de Padre Marcos de 1983 a 1988, e naquela \u00e9poca tinha proje\u00e7\u00f5es pol\u00edticas para o cen\u00e1rio estadual.<\/p>\n<p style=\"text-align: justify;\">H\u00e1 30 anos morria o m\u00e9dico e influente pol\u00edtico piauiense Francisco Lu\u00eds de Macedo, v\u00edtima de um brutal assassinato ocorrido na noite de 29 de Abril de 1989, na capital do Piau\u00ed, Teresina. Dr. Francisco Macedo deixou a vi\u00fava Rosa de Castro Mac\u00eado e os dois filhos Waldemar Macedo Neto e\u00a0C\u00e2ndida Carolina de Castro Mac\u00eado.<\/p>\n<p style=\"text-align: justify;\">Em 1995, o povoado Canabrava pertencente a Padre Marcos, conseguiu sua eleva\u00e7\u00e3o \u00e0 categoria de Munic\u00edpio;\u00a0\u00a0ap\u00f3s o desmembramento territorial, os l\u00edderes pol\u00edticos se reuniram para fazer a escolha do novo nome da rec\u00e9m-emancipada cidade, sendo que a maioria optou por homenagear Francisco Lu\u00eds de Macedo, ficando assim o novo munic\u00edpio com a denomina\u00e7\u00e3o de Francisco Macedo-PI.<\/p>\n<p style=\"text-align: justify;\">Embora as novas gera\u00e7\u00f5es n\u00e3o tenham uma dimens\u00e3o exata da import\u00e2ncia desse personagem, esse dia ainda \u00e9 marcado por muita como\u00e7\u00e3o e diversas recorda\u00e7\u00f5es, principalmente por parte dos remanescentes daquele per\u00edodo, que conviveram diretamente com o Dr. Francisco Macedo.<\/p>\n<p style=\"text-align: justify;\">O influente ex-prefeito de Padre Marcos era genro do saudoso ex-deputado estadual Waldemar Macedo, nome dado ao plen\u00e1rio da Assembleia Legislativa do Piau\u00ed. Hoje, o seu legado pol\u00edtico foi herdado pelo o seu filho, o tamb\u00e9m jovem m\u00e9dico Waldemar Macedo Neto, ex-candidato a prefeito de Padre Marcos na elei\u00e7\u00e3o de 2016, e muito ativo no atual cen\u00e1rio pol\u00edtico local.<\/p>\n","protected":false},"excerpt":{"rendered":"<p>29 de Abril de 2019, h\u00e1 exatos 30 anos perdemos a presen\u00e7a insubstitu\u00edvel de Francisco Lu\u00eds de Macedo, m\u00e9dico e ex-prefeito do munic\u00edpio de Padre Marcos, pessoa de muitas qualidades e de inesquec\u00edvel mem\u00f3ria, que nos deixou um grande legado de lealdade \u00e0s suas amizades e de compromisso com a vida p\u00fablica a que\u00a0 tanto &hellip;<\/p>\n","protected":false},"author":3,"featured_media":7931,"comment_status":"open","ping_status":"open","sticky":false,"template":"","format":"standard","meta":{"content-type":"","rop_custom_images_group":[],"rop_custom_messages_group":[],"rop_publish_now":"initial","rop_publish_now_accounts":{"facebook_2648258775420054_1618374048415101":""},"rop_publish_now_history":[],"rop_publish_now_status":"pending","footnotes":"","_jetpack_memberships_contains_paid_content":false},"categories":[113,109,119],"tags":[2631,2744,120,2745],"yoast_head":"<!-- This site is optimized with the Yoast SEO plugin v22.3 - https:\/\/yoast.com\/wordpress\/plugins\/seo\/ -->\n<title>Morria h\u00e1 30 anos o \u201cDr. Francisco Macedo\u201d, ex-prefeito de Padre Marcos - PI - Portal NPM<\/title>\n<meta name=\"robots\" content=\"index, follow, max-snippet:-1, max-image-preview:large, max-video-preview:-1\" \/>\n<link rel=\"canonical\" href=\"https:\/\/portalnpm.com\/index.php\/2019\/04\/29\/morria-ha-30-anos-o-dr-francisco-macedo-ex-prefeito-de-padre-marcos-pi\/\" \/>\n<meta property=\"og:locale\" content=\"pt_BR\" \/>\n<meta property=\"og:type\" content=\"article\" \/>\n<meta property=\"og:title\" content=\"Morria h\u00e1 30 anos o \u201cDr. Francisco Macedo\u201d, ex-prefeito de Padre Marcos - PI - Portal NPM\" \/>\n<meta property=\"og:description\" content=\"29 de Abril de 2019, h\u00e1 exatos 30 anos perdemos a presen\u00e7a insubstitu\u00edvel de Francisco Lu\u00eds de Macedo, m\u00e9dico e ex-prefeito do munic\u00edpio de Padre Marcos, pessoa de muitas qualidades e de inesquec\u00edvel mem\u00f3ria, que nos deixou um grande legado de lealdade \u00e0s suas amizades e de compromisso com a vida p\u00fablica a que\u00a0 tanto &hellip;\" \/>\n<meta property=\"og:url\" content=\"https:\/\/portalnpm.com\/index.php\/2019\/04\/29\/morria-ha-30-anos-o-dr-francisco-macedo-ex-prefeito-de-padre-marcos-pi\/\" \/>\n<meta property=\"og:site_name\" content=\"Portal NPM\" \/>\n<meta property=\"article:published_time\" content=\"2019-04-29T19:24:33+00:00\" \/>\n<meta name=\"author\" content=\"Luis Alberto\" \/>\n<meta name=\"twitter:card\" content=\"summary_large_image\" \/>\n<meta name=\"twitter:label1\" content=\"Escrito por\" \/>\n\t<meta name=\"twitter:data1\" content=\"Luis Alberto\" \/>\n\t<meta name=\"twitter:label2\" content=\"Est. tempo de leitura\" \/>\n\t<meta name=\"twitter:data2\" content=\"2 minutos\" \/>\n<script type=\"application\/ld+json\" class=\"yoast-schema-graph\">{\"@context\":\"https:\/\/schema.org\",\"@graph\":[{\"@type\":\"WebPage\",\"@id\":\"https:\/\/portalnpm.com\/index.php\/2019\/04\/29\/morria-ha-30-anos-o-dr-francisco-macedo-ex-prefeito-de-padre-marcos-pi\/\",\"url\":\"https:\/\/portalnpm.com\/index.php\/2019\/04\/29\/morria-ha-30-anos-o-dr-francisco-macedo-ex-prefeito-de-padre-marcos-pi\/\",\"name\":\"Morria h\u00e1 30 anos o \u201cDr. Francisco Macedo\u201d, ex-prefeito de Padre Marcos - PI - Portal NPM\",\"isPartOf\":{\"@id\":\"https:\/\/portalnpm.com\/#website\"},\"primaryImageOfPage\":{\"@id\":\"https:\/\/portalnpm.com\/index.php\/2019\/04\/29\/morria-ha-30-anos-o-dr-francisco-macedo-ex-prefeito-de-padre-marcos-pi\/#primaryimage\"},\"image\":{\"@id\":\"https:\/\/portalnpm.com\/index.php\/2019\/04\/29\/morria-ha-30-anos-o-dr-francisco-macedo-ex-prefeito-de-padre-marcos-pi\/#primaryimage\"},\"thumbnailUrl\":\"\",\"datePublished\":\"2019-04-29T19:24:33+00:00\",\"dateModified\":\"2019-04-29T19:24:33+00:00\",\"author\":{\"@id\":\"https:\/\/portalnpm.com\/#\/schema\/person\/5c8006acdf71774cd4e7a5ab98482152\"},\"breadcrumb\":{\"@id\":\"https:\/\/portalnpm.com\/index.php\/2019\/04\/29\/morria-ha-30-anos-o-dr-francisco-macedo-ex-prefeito-de-padre-marcos-pi\/#breadcrumb\"},\"inLanguage\":\"pt-BR\",\"potentialAction\":[{\"@type\":\"ReadAction\",\"target\":[\"https:\/\/portalnpm.com\/index.php\/2019\/04\/29\/morria-ha-30-anos-o-dr-francisco-macedo-ex-prefeito-de-padre-marcos-pi\/\"]}]},{\"@type\":\"ImageObject\",\"inLanguage\":\"pt-BR\",\"@id\":\"https:\/\/portalnpm.com\/index.php\/2019\/04\/29\/morria-ha-30-anos-o-dr-francisco-macedo-ex-prefeito-de-padre-marcos-pi\/#primaryimage\",\"url\":\"\",\"contentUrl\":\"\"},{\"@type\":\"BreadcrumbList\",\"@id\":\"https:\/\/portalnpm.com\/index.php\/2019\/04\/29\/morria-ha-30-anos-o-dr-francisco-macedo-ex-prefeito-de-padre-marcos-pi\/#breadcrumb\",\"itemListElement\":[{\"@type\":\"ListItem\",\"position\":1,\"name\":\"In\u00edcio\",\"item\":\"https:\/\/portalnpm.com\/\"},{\"@type\":\"ListItem\",\"position\":2,\"name\":\"Morria h\u00e1 30 anos o \u201cDr. Francisco Macedo\u201d, ex-prefeito de Padre Marcos &#8211; PI\"}]},{\"@type\":\"WebSite\",\"@id\":\"https:\/\/portalnpm.com\/#website\",\"url\":\"https:\/\/portalnpm.com\/\",\"name\":\"Portal NPM\",\"description\":\"Not\u00edcias em Primeira M\u00e3o\",\"potentialAction\":[{\"@type\":\"SearchAction\",\"target\":{\"@type\":\"EntryPoint\",\"urlTemplate\":\"https:\/\/portalnpm.com\/?s={search_term_string}\"},\"query-input\":\"required name=search_term_string\"}],\"inLanguage\":\"pt-BR\"},{\"@type\":\"Person\",\"@id\":\"https:\/\/portalnpm.com\/#\/schema\/person\/5c8006acdf71774cd4e7a5ab98482152\",\"name\":\"Luis Alberto\",\"image\":{\"@type\":\"ImageObject\",\"inLanguage\":\"pt-BR\",\"@id\":\"https:\/\/portalnpm.com\/#\/schema\/person\/image\/\",\"url\":\"https:\/\/portalnpm.com\/wp-content\/uploads\/2024\/12\/avatar_user_3_1734699769-96x96.jpeg\",\"contentUrl\":\"https:\/\/portalnpm.com\/wp-content\/uploads\/2024\/12\/avatar_user_3_1734699769-96x96.jpeg\",\"caption\":\"Luis Alberto\"},\"description\":\"Editor-geral do Portal NPM, \u00e9 formado como T\u00e9cnico em Seguran\u00e7a do Trabalho pela Escola Metropolitana de Cursos T\u00e9cnicos. Det\u00e9m ainda licenciatura em Educa\u00e7\u00e3o F\u00edsica e bacharelado em Ci\u00eancias Pol\u00edticas, ambos obtidos pela institui\u00e7\u00e3o Anhanguera\/UNOPAR.\",\"url\":\"https:\/\/portalnpm.com\/index.php\/author\/pereira\/\"}]}<\/script>\n<!-- \/ Yoast SEO plugin. -->","yoast_head_json":{"title":"Morria h\u00e1 30 anos o \u201cDr. Francisco Macedo\u201d, ex-prefeito de Padre Marcos - PI - Portal NPM","robots":{"index":"index","follow":"follow","max-snippet":"max-snippet:-1","max-image-preview":"max-image-preview:large","max-video-preview":"max-video-preview:-1"},"canonical":"https:\/\/portalnpm.com\/index.php\/2019\/04\/29\/morria-ha-30-anos-o-dr-francisco-macedo-ex-prefeito-de-padre-marcos-pi\/","og_locale":"pt_BR","og_type":"article","og_title":"Morria h\u00e1 30 anos o \u201cDr. Francisco Macedo\u201d, ex-prefeito de Padre Marcos - PI - Portal NPM","og_description":"29 de Abril de 2019, h\u00e1 exatos 30 anos perdemos a presen\u00e7a insubstitu\u00edvel de Francisco Lu\u00eds de Macedo, m\u00e9dico e ex-prefeito do munic\u00edpio de Padre Marcos, pessoa de muitas qualidades e de inesquec\u00edvel mem\u00f3ria, que nos deixou um grande legado de lealdade \u00e0s suas amizades e de compromisso com a vida p\u00fablica a que\u00a0 tanto &hellip;","og_url":"https:\/\/portalnpm.com\/index.php\/2019\/04\/29\/morria-ha-30-anos-o-dr-francisco-macedo-ex-prefeito-de-padre-marcos-pi\/","og_site_name":"Portal NPM","article_published_time":"2019-04-29T19:24:33+00:00","author":"Luis Alberto","twitter_card":"summary_large_image","twitter_misc":{"Escrito por":"Luis Alberto","Est. tempo de leitura":"2 minutos"},"schema":{"@context":"https:\/\/schema.org","@graph":[{"@type":"WebPage","@id":"https:\/\/portalnpm.com\/index.php\/2019\/04\/29\/morria-ha-30-anos-o-dr-francisco-macedo-ex-prefeito-de-padre-marcos-pi\/","url":"https:\/\/portalnpm.com\/index.php\/2019\/04\/29\/morria-ha-30-anos-o-dr-francisco-macedo-ex-prefeito-de-padre-marcos-pi\/","name":"Morria h\u00e1 30 anos o \u201cDr. Francisco Macedo\u201d, ex-prefeito de Padre Marcos - PI - Portal NPM","isPartOf":{"@id":"https:\/\/portalnpm.com\/#website"},"primaryImageOfPage":{"@id":"https:\/\/portalnpm.com\/index.php\/2019\/04\/29\/morria-ha-30-anos-o-dr-francisco-macedo-ex-prefeito-de-padre-marcos-pi\/#primaryimage"},"image":{"@id":"https:\/\/portalnpm.com\/index.php\/2019\/04\/29\/morria-ha-30-anos-o-dr-francisco-macedo-ex-prefeito-de-padre-marcos-pi\/#primaryimage"},"thumbnailUrl":"","datePublished":"2019-04-29T19:24:33+00:00","dateModified":"2019-04-29T19:24:33+00:00","author":{"@id":"https:\/\/portalnpm.com\/#\/schema\/person\/5c8006acdf71774cd4e7a5ab98482152"},"breadcrumb":{"@id":"https:\/\/portalnpm.com\/index.php\/2019\/04\/29\/morria-ha-30-anos-o-dr-francisco-macedo-ex-prefeito-de-padre-marcos-pi\/#breadcrumb"},"inLanguage":"pt-BR","potentialAction":[{"@type":"ReadAction","target":["https:\/\/portalnpm.com\/index.php\/2019\/04\/29\/morria-ha-30-anos-o-dr-francisco-macedo-ex-prefeito-de-padre-marcos-pi\/"]}]},{"@type":"ImageObject","inLanguage":"pt-BR","@id":"https:\/\/portalnpm.com\/index.php\/2019\/04\/29\/morria-ha-30-anos-o-dr-francisco-macedo-ex-prefeito-de-padre-marcos-pi\/#primaryimage","url":"","contentUrl":""},{"@type":"BreadcrumbList","@id":"https:\/\/portalnpm.com\/index.php\/2019\/04\/29\/morria-ha-30-anos-o-dr-francisco-macedo-ex-prefeito-de-padre-marcos-pi\/#breadcrumb","itemListElement":[{"@type":"ListItem","position":1,"name":"In\u00edcio","item":"https:\/\/portalnpm.com\/"},{"@type":"ListItem","position":2,"name":"Morria h\u00e1 30 anos o \u201cDr. Francisco Macedo\u201d, ex-prefeito de Padre Marcos &#8211; PI"}]},{"@type":"WebSite","@id":"https:\/\/portalnpm.com\/#website","url":"https:\/\/portalnpm.com\/","name":"Portal NPM","description":"Not\u00edcias em Primeira M\u00e3o","potentialAction":[{"@type":"SearchAction","target":{"@type":"EntryPoint","urlTemplate":"https:\/\/portalnpm.com\/?s={search_term_string}"},"query-input":"required name=search_term_string"}],"inLanguage":"pt-BR"},{"@type":"Person","@id":"https:\/\/portalnpm.com\/#\/schema\/person\/5c8006acdf71774cd4e7a5ab98482152","name":"Luis Alberto","image":{"@type":"ImageObject","inLanguage":"pt-BR","@id":"https:\/\/portalnpm.com\/#\/schema\/person\/image\/","url":"https:\/\/portalnpm.com\/wp-content\/uploads\/2024\/12\/avatar_user_3_1734699769-96x96.jpeg","contentUrl":"https:\/\/portalnpm.com\/wp-content\/uploads\/2024\/12\/avatar_user_3_1734699769-96x96.jpeg","caption":"Luis Alberto"},"description":"Editor-geral do Portal NPM, \u00e9 formado como T\u00e9cnico em Seguran\u00e7a do Trabalho pela Escola Metropolitana de Cursos T\u00e9cnicos. Det\u00e9m ainda licenciatura em Educa\u00e7\u00e3o F\u00edsica e bacharelado em Ci\u00eancias Pol\u00edticas, ambos obtidos pela institui\u00e7\u00e3o Anhanguera\/UNOPAR.","url":"https:\/\/portalnpm.com\/index.php\/author\/pereira\/"}]}},"jetpack_sharing_enabled":true,"jetpack_featured_media_url":"","_links":{"self":[{"href":"https:\/\/portalnpm.com\/index.php\/wp-json\/wp\/v2\/posts\/7930"}],"collection":[{"href":"https:\/\/portalnpm.com\/index.php\/wp-json\/wp\/v2\/posts"}],"about":[{"href":"https:\/\/portalnpm.com\/index.php\/wp-json\/wp\/v2\/types\/post"}],"author":[{"embeddable":true,"href":"https:\/\/portalnpm.com\/index.php\/wp-json\/wp\/v2\/users\/3"}],"replies":[{"embeddable":true,"href":"https:\/\/portalnpm.com\/index.php\/wp-json\/wp\/v2\/comments?post=7930"}],"version-history":[{"count":0,"href":"https:\/\/portalnpm.com\/index.php\/wp-json\/wp\/v2\/posts\/7930\/revisions"}],"wp:featuredmedia":[{"embeddable":true,"href":"https:\/\/portalnpm.com\/index.php\/wp-json\/"}],"wp:attachment":[{"href":"https:\/\/portalnpm.com\/index.php\/wp-json\/wp\/v2\/media?parent=7930"}],"wp:term":[{"taxonomy":"category","embeddable":true,"href":"https:\/\/portalnpm.com\/index.php\/wp-json\/wp\/v2\/categories?post=7930"},{"taxonomy":"post_tag","embeddable":true,"href":"https:\/\/portalnpm.com\/index.php\/wp-json\/wp\/v2\/tags?post=7930"}],"curies":[{"name":"wp","href":"https:\/\/api.w.org\/{rel}","templated":true}]}}