{"id":8021,"date":"2019-05-03T17:06:11","date_gmt":"2019-05-03T20:06:11","guid":{"rendered":"http:\/\/srv.portalnpm.com.br\/?p=8021"},"modified":"2019-05-03T17:06:11","modified_gmt":"2019-05-03T20:06:11","slug":"fronteirense-genilson-sobrinho-e-indicado-para-o-cargo-de-diretor-geral-da-agencia-de-defesa-agropecuaria-do-piaui","status":"publish","type":"post","link":"https:\/\/portalnpm.com\/index.php\/2019\/05\/03\/fronteirense-genilson-sobrinho-e-indicado-para-o-cargo-de-diretor-geral-da-agencia-de-defesa-agropecuaria-do-piaui\/","title":{"rendered":"Fronteirense Genilson Sobrinho \u00e9 indicado para o cargo de Diretor geral da Ag\u00eancia de Defesa Agropecu\u00e1ria do Piau\u00ed"},"content":{"rendered":"<p style=\"text-align: justify;\">O l\u00edder pol\u00edtico da cidade de Fronteiras &#8211; PI, Genilson Sobrinho (PP) foi indicado nesta quinta-feira (02) para o cargo de Diretor geral da Ag\u00eancia de Defesa Agropecu\u00e1ria do Piau\u00ed (ADAPI). Ele \u00e9 engenheiro agr\u00f4nomo e administrador de empresa.<br \/>\nO antigo diretor da ADAPI era Benildo Val, ex-prefeito da cidade de Buriti dos Lopes, regi\u00e3o Norte do estado.<\/p>\n<p style=\"text-align: justify;\">A decis\u00e3o da nomea\u00e7\u00e3o foi tomada pelo governador Wellington Dias (PT), indicado pelo Deputado estadual Firmino Paulo (PP).<\/p>\n<p style=\"text-align: justify;\">Al\u00e9m da Dire\u00e7\u00e3o geral da ADAPI, outro Fronteirense foi contemplado no primeiro escal\u00e3o do governo, trata-se de Igor Nery, \u00e0 frente da Secretaria de Desenvolvimento Econ\u00f4mico, al\u00e9m do Deputado estadual Warton Lacerda (PT), esposo da prefeita Patr\u00edcia Leal, da cidade de Altos &#8211; PI.<\/p>\n<figure id=\"attachment_8022\" aria-describedby=\"caption-attachment-8022\" style=\"width: 602px\" class=\"wp-caption aligncenter\"><img fetchpriority=\"high\" decoding=\"async\" class=\"size-full wp-image-8022\" src=\"http:\/\/portalnpm.com\/wp-content\/uploads\/2019\/05\/IMG-20190503-WA0649.jpg\" alt=\"\" width=\"602\" height=\"648\" \/><figcaption id=\"caption-attachment-8022\" class=\"wp-caption-text\">Genilson Sobrinho, novo Diretor geral da ADAPI<\/figcaption><\/figure>\n<p style=\"text-align: justify;\">Genilson Sobrinho \u00e9 um importante l\u00edder pol\u00edtico da cidade de Fronteiras, o seu irm\u00e3o, Professor Gernilson, \u00e9 o atual presidente da C\u00e2mara Municipal da referida cidade.<\/p>\n<p style=\"text-align: justify;\"><strong>Sobre ADAPI<\/strong><\/p>\n<p style=\"text-align: justify;\">ADAPI \u00e9 uma autarquia vinculada \u00e0 Secretaria de Desenvolvimento Rural, com personalidade jur\u00eddica de direito p\u00fablico, autonomia administrativa e financeira e patrim\u00f4nio pr\u00f3prio, com sede e foro na Cidade Teresina, Piau\u00ed e jurisdi\u00e7\u00e3o em todo o territ\u00f3rio do Estado.<\/p>\n<p style=\"text-align: justify;\">Tem a miss\u00e3o de assegurar o desenvolvimento de uma agropecu\u00e1ria competitiva sustentada no desafio da economia globalizada, atrav\u00e9s da inspe\u00e7\u00e3o e controle da sa\u00fade dos animais e vegetais, garantindo o n\u00edvel de prote\u00e7\u00e3o adequado aos consumidores, bem como a melhoria do meio ambiente.<\/p>\n","protected":false},"excerpt":{"rendered":"<p>O l\u00edder pol\u00edtico da cidade de Fronteiras &#8211; PI, Genilson Sobrinho (PP) foi indicado nesta quinta-feira (02) para o cargo de Diretor geral da Ag\u00eancia de Defesa Agropecu\u00e1ria do Piau\u00ed (ADAPI). Ele \u00e9 engenheiro agr\u00f4nomo e administrador de empresa. O antigo diretor da ADAPI era Benildo Val, ex-prefeito da cidade de Buriti dos Lopes, regi\u00e3o &hellip;<\/p>\n","protected":false},"author":4,"featured_media":8023,"comment_status":"open","ping_status":"open","sticky":false,"template":"","format":"standard","meta":{"content-type":"","rop_custom_images_group":[],"rop_custom_messages_group":[],"rop_publish_now":"initial","rop_publish_now_accounts":{"facebook_2648258775420054_1618374048415101":""},"rop_publish_now_history":[],"rop_publish_now_status":"pending","footnotes":"","_jetpack_memberships_contains_paid_content":false},"categories":[113,151,109],"tags":[1022,2756,2757],"yoast_head":"<!-- This site is optimized with the Yoast SEO plugin v22.3 - https:\/\/yoast.com\/wordpress\/plugins\/seo\/ -->\n<title>Fronteirense Genilson Sobrinho \u00e9 indicado para o cargo de Diretor geral da Ag\u00eancia de Defesa Agropecu\u00e1ria do Piau\u00ed - Portal NPM<\/title>\n<meta name=\"robots\" content=\"index, follow, max-snippet:-1, max-image-preview:large, max-video-preview:-1\" \/>\n<link rel=\"canonical\" href=\"https:\/\/portalnpm.com\/index.php\/2019\/05\/03\/fronteirense-genilson-sobrinho-e-indicado-para-o-cargo-de-diretor-geral-da-agencia-de-defesa-agropecuaria-do-piaui\/\" \/>\n<meta property=\"og:locale\" content=\"pt_BR\" \/>\n<meta property=\"og:type\" content=\"article\" \/>\n<meta property=\"og:title\" content=\"Fronteirense Genilson Sobrinho \u00e9 indicado para o cargo de Diretor geral da Ag\u00eancia de Defesa Agropecu\u00e1ria do Piau\u00ed - Portal NPM\" \/>\n<meta property=\"og:description\" content=\"O l\u00edder pol\u00edtico da cidade de Fronteiras &#8211; PI, Genilson Sobrinho (PP) foi indicado nesta quinta-feira (02) para o cargo de Diretor geral da Ag\u00eancia de Defesa Agropecu\u00e1ria do Piau\u00ed (ADAPI). Ele \u00e9 engenheiro agr\u00f4nomo e administrador de empresa. O antigo diretor da ADAPI era Benildo Val, ex-prefeito da cidade de Buriti dos Lopes, regi\u00e3o &hellip;\" \/>\n<meta property=\"og:url\" content=\"https:\/\/portalnpm.com\/index.php\/2019\/05\/03\/fronteirense-genilson-sobrinho-e-indicado-para-o-cargo-de-diretor-geral-da-agencia-de-defesa-agropecuaria-do-piaui\/\" \/>\n<meta property=\"og:site_name\" content=\"Portal NPM\" \/>\n<meta property=\"article:published_time\" content=\"2019-05-03T20:06:11+00:00\" \/>\n<meta name=\"author\" content=\"Reda\u00e7\u00e3o\" \/>\n<meta name=\"twitter:card\" content=\"summary_large_image\" \/>\n<meta name=\"twitter:label1\" content=\"Escrito por\" \/>\n\t<meta name=\"twitter:data1\" content=\"Reda\u00e7\u00e3o\" \/>\n\t<meta name=\"twitter:label2\" content=\"Est. tempo de leitura\" \/>\n\t<meta name=\"twitter:data2\" content=\"1 minuto\" \/>\n<script type=\"application\/ld+json\" class=\"yoast-schema-graph\">{\"@context\":\"https:\/\/schema.org\",\"@graph\":[{\"@type\":\"WebPage\",\"@id\":\"https:\/\/portalnpm.com\/index.php\/2019\/05\/03\/fronteirense-genilson-sobrinho-e-indicado-para-o-cargo-de-diretor-geral-da-agencia-de-defesa-agropecuaria-do-piaui\/\",\"url\":\"https:\/\/portalnpm.com\/index.php\/2019\/05\/03\/fronteirense-genilson-sobrinho-e-indicado-para-o-cargo-de-diretor-geral-da-agencia-de-defesa-agropecuaria-do-piaui\/\",\"name\":\"Fronteirense Genilson Sobrinho \u00e9 indicado para o cargo de Diretor geral da Ag\u00eancia de Defesa Agropecu\u00e1ria do Piau\u00ed - Portal NPM\",\"isPartOf\":{\"@id\":\"https:\/\/portalnpm.com\/#website\"},\"primaryImageOfPage\":{\"@id\":\"https:\/\/portalnpm.com\/index.php\/2019\/05\/03\/fronteirense-genilson-sobrinho-e-indicado-para-o-cargo-de-diretor-geral-da-agencia-de-defesa-agropecuaria-do-piaui\/#primaryimage\"},\"image\":{\"@id\":\"https:\/\/portalnpm.com\/index.php\/2019\/05\/03\/fronteirense-genilson-sobrinho-e-indicado-para-o-cargo-de-diretor-geral-da-agencia-de-defesa-agropecuaria-do-piaui\/#primaryimage\"},\"thumbnailUrl\":\"\",\"datePublished\":\"2019-05-03T20:06:11+00:00\",\"dateModified\":\"2019-05-03T20:06:11+00:00\",\"author\":{\"@id\":\"https:\/\/portalnpm.com\/#\/schema\/person\/0b5f230ec96cee25504fa328e7f2b733\"},\"breadcrumb\":{\"@id\":\"https:\/\/portalnpm.com\/index.php\/2019\/05\/03\/fronteirense-genilson-sobrinho-e-indicado-para-o-cargo-de-diretor-geral-da-agencia-de-defesa-agropecuaria-do-piaui\/#breadcrumb\"},\"inLanguage\":\"pt-BR\",\"potentialAction\":[{\"@type\":\"ReadAction\",\"target\":[\"https:\/\/portalnpm.com\/index.php\/2019\/05\/03\/fronteirense-genilson-sobrinho-e-indicado-para-o-cargo-de-diretor-geral-da-agencia-de-defesa-agropecuaria-do-piaui\/\"]}]},{\"@type\":\"ImageObject\",\"inLanguage\":\"pt-BR\",\"@id\":\"https:\/\/portalnpm.com\/index.php\/2019\/05\/03\/fronteirense-genilson-sobrinho-e-indicado-para-o-cargo-de-diretor-geral-da-agencia-de-defesa-agropecuaria-do-piaui\/#primaryimage\",\"url\":\"\",\"contentUrl\":\"\"},{\"@type\":\"BreadcrumbList\",\"@id\":\"https:\/\/portalnpm.com\/index.php\/2019\/05\/03\/fronteirense-genilson-sobrinho-e-indicado-para-o-cargo-de-diretor-geral-da-agencia-de-defesa-agropecuaria-do-piaui\/#breadcrumb\",\"itemListElement\":[{\"@type\":\"ListItem\",\"position\":1,\"name\":\"In\u00edcio\",\"item\":\"https:\/\/portalnpm.com\/\"},{\"@type\":\"ListItem\",\"position\":2,\"name\":\"Fronteirense Genilson Sobrinho \u00e9 indicado para o cargo de Diretor geral da Ag\u00eancia de Defesa Agropecu\u00e1ria do Piau\u00ed\"}]},{\"@type\":\"WebSite\",\"@id\":\"https:\/\/portalnpm.com\/#website\",\"url\":\"https:\/\/portalnpm.com\/\",\"name\":\"Portal NPM\",\"description\":\"Not\u00edcias em Primeira M\u00e3o\",\"potentialAction\":[{\"@type\":\"SearchAction\",\"target\":{\"@type\":\"EntryPoint\",\"urlTemplate\":\"https:\/\/portalnpm.com\/?s={search_term_string}\"},\"query-input\":\"required name=search_term_string\"}],\"inLanguage\":\"pt-BR\"},{\"@type\":\"Person\",\"@id\":\"https:\/\/portalnpm.com\/#\/schema\/person\/0b5f230ec96cee25504fa328e7f2b733\",\"name\":\"Reda\u00e7\u00e3o\",\"image\":{\"@type\":\"ImageObject\",\"inLanguage\":\"pt-BR\",\"@id\":\"https:\/\/portalnpm.com\/#\/schema\/person\/image\/\",\"url\":\"https:\/\/portalnpm.com\/wp-content\/uploads\/2024\/03\/avatar_user_4_1710097212-96x96.png\",\"contentUrl\":\"https:\/\/portalnpm.com\/wp-content\/uploads\/2024\/03\/avatar_user_4_1710097212-96x96.png\",\"caption\":\"Reda\u00e7\u00e3o\"},\"url\":\"https:\/\/portalnpm.com\/index.php\/author\/redacao\/\"}]}<\/script>\n<!-- \/ Yoast SEO plugin. -->","yoast_head_json":{"title":"Fronteirense Genilson Sobrinho \u00e9 indicado para o cargo de Diretor geral da Ag\u00eancia de Defesa Agropecu\u00e1ria do Piau\u00ed - Portal NPM","robots":{"index":"index","follow":"follow","max-snippet":"max-snippet:-1","max-image-preview":"max-image-preview:large","max-video-preview":"max-video-preview:-1"},"canonical":"https:\/\/portalnpm.com\/index.php\/2019\/05\/03\/fronteirense-genilson-sobrinho-e-indicado-para-o-cargo-de-diretor-geral-da-agencia-de-defesa-agropecuaria-do-piaui\/","og_locale":"pt_BR","og_type":"article","og_title":"Fronteirense Genilson Sobrinho \u00e9 indicado para o cargo de Diretor geral da Ag\u00eancia de Defesa Agropecu\u00e1ria do Piau\u00ed - Portal NPM","og_description":"O l\u00edder pol\u00edtico da cidade de Fronteiras &#8211; PI, Genilson Sobrinho (PP) foi indicado nesta quinta-feira (02) para o cargo de Diretor geral da Ag\u00eancia de Defesa Agropecu\u00e1ria do Piau\u00ed (ADAPI). Ele \u00e9 engenheiro agr\u00f4nomo e administrador de empresa. O antigo diretor da ADAPI era Benildo Val, ex-prefeito da cidade de Buriti dos Lopes, regi\u00e3o &hellip;","og_url":"https:\/\/portalnpm.com\/index.php\/2019\/05\/03\/fronteirense-genilson-sobrinho-e-indicado-para-o-cargo-de-diretor-geral-da-agencia-de-defesa-agropecuaria-do-piaui\/","og_site_name":"Portal NPM","article_published_time":"2019-05-03T20:06:11+00:00","author":"Reda\u00e7\u00e3o","twitter_card":"summary_large_image","twitter_misc":{"Escrito por":"Reda\u00e7\u00e3o","Est. tempo de leitura":"1 minuto"},"schema":{"@context":"https:\/\/schema.org","@graph":[{"@type":"WebPage","@id":"https:\/\/portalnpm.com\/index.php\/2019\/05\/03\/fronteirense-genilson-sobrinho-e-indicado-para-o-cargo-de-diretor-geral-da-agencia-de-defesa-agropecuaria-do-piaui\/","url":"https:\/\/portalnpm.com\/index.php\/2019\/05\/03\/fronteirense-genilson-sobrinho-e-indicado-para-o-cargo-de-diretor-geral-da-agencia-de-defesa-agropecuaria-do-piaui\/","name":"Fronteirense Genilson Sobrinho \u00e9 indicado para o cargo de Diretor geral da Ag\u00eancia de Defesa Agropecu\u00e1ria do Piau\u00ed - Portal NPM","isPartOf":{"@id":"https:\/\/portalnpm.com\/#website"},"primaryImageOfPage":{"@id":"https:\/\/portalnpm.com\/index.php\/2019\/05\/03\/fronteirense-genilson-sobrinho-e-indicado-para-o-cargo-de-diretor-geral-da-agencia-de-defesa-agropecuaria-do-piaui\/#primaryimage"},"image":{"@id":"https:\/\/portalnpm.com\/index.php\/2019\/05\/03\/fronteirense-genilson-sobrinho-e-indicado-para-o-cargo-de-diretor-geral-da-agencia-de-defesa-agropecuaria-do-piaui\/#primaryimage"},"thumbnailUrl":"","datePublished":"2019-05-03T20:06:11+00:00","dateModified":"2019-05-03T20:06:11+00:00","author":{"@id":"https:\/\/portalnpm.com\/#\/schema\/person\/0b5f230ec96cee25504fa328e7f2b733"},"breadcrumb":{"@id":"https:\/\/portalnpm.com\/index.php\/2019\/05\/03\/fronteirense-genilson-sobrinho-e-indicado-para-o-cargo-de-diretor-geral-da-agencia-de-defesa-agropecuaria-do-piaui\/#breadcrumb"},"inLanguage":"pt-BR","potentialAction":[{"@type":"ReadAction","target":["https:\/\/portalnpm.com\/index.php\/2019\/05\/03\/fronteirense-genilson-sobrinho-e-indicado-para-o-cargo-de-diretor-geral-da-agencia-de-defesa-agropecuaria-do-piaui\/"]}]},{"@type":"ImageObject","inLanguage":"pt-BR","@id":"https:\/\/portalnpm.com\/index.php\/2019\/05\/03\/fronteirense-genilson-sobrinho-e-indicado-para-o-cargo-de-diretor-geral-da-agencia-de-defesa-agropecuaria-do-piaui\/#primaryimage","url":"","contentUrl":""},{"@type":"BreadcrumbList","@id":"https:\/\/portalnpm.com\/index.php\/2019\/05\/03\/fronteirense-genilson-sobrinho-e-indicado-para-o-cargo-de-diretor-geral-da-agencia-de-defesa-agropecuaria-do-piaui\/#breadcrumb","itemListElement":[{"@type":"ListItem","position":1,"name":"In\u00edcio","item":"https:\/\/portalnpm.com\/"},{"@type":"ListItem","position":2,"name":"Fronteirense Genilson Sobrinho \u00e9 indicado para o cargo de Diretor geral da Ag\u00eancia de Defesa Agropecu\u00e1ria do Piau\u00ed"}]},{"@type":"WebSite","@id":"https:\/\/portalnpm.com\/#website","url":"https:\/\/portalnpm.com\/","name":"Portal NPM","description":"Not\u00edcias em Primeira M\u00e3o","potentialAction":[{"@type":"SearchAction","target":{"@type":"EntryPoint","urlTemplate":"https:\/\/portalnpm.com\/?s={search_term_string}"},"query-input":"required name=search_term_string"}],"inLanguage":"pt-BR"},{"@type":"Person","@id":"https:\/\/portalnpm.com\/#\/schema\/person\/0b5f230ec96cee25504fa328e7f2b733","name":"Reda\u00e7\u00e3o","image":{"@type":"ImageObject","inLanguage":"pt-BR","@id":"https:\/\/portalnpm.com\/#\/schema\/person\/image\/","url":"https:\/\/portalnpm.com\/wp-content\/uploads\/2024\/03\/avatar_user_4_1710097212-96x96.png","contentUrl":"https:\/\/portalnpm.com\/wp-content\/uploads\/2024\/03\/avatar_user_4_1710097212-96x96.png","caption":"Reda\u00e7\u00e3o"},"url":"https:\/\/portalnpm.com\/index.php\/author\/redacao\/"}]}},"jetpack_sharing_enabled":true,"jetpack_featured_media_url":"","_links":{"self":[{"href":"https:\/\/portalnpm.com\/index.php\/wp-json\/wp\/v2\/posts\/8021"}],"collection":[{"href":"https:\/\/portalnpm.com\/index.php\/wp-json\/wp\/v2\/posts"}],"about":[{"href":"https:\/\/portalnpm.com\/index.php\/wp-json\/wp\/v2\/types\/post"}],"author":[{"embeddable":true,"href":"https:\/\/portalnpm.com\/index.php\/wp-json\/wp\/v2\/users\/4"}],"replies":[{"embeddable":true,"href":"https:\/\/portalnpm.com\/index.php\/wp-json\/wp\/v2\/comments?post=8021"}],"version-history":[{"count":0,"href":"https:\/\/portalnpm.com\/index.php\/wp-json\/wp\/v2\/posts\/8021\/revisions"}],"wp:featuredmedia":[{"embeddable":true,"href":"https:\/\/portalnpm.com\/index.php\/wp-json\/"}],"wp:attachment":[{"href":"https:\/\/portalnpm.com\/index.php\/wp-json\/wp\/v2\/media?parent=8021"}],"wp:term":[{"taxonomy":"category","embeddable":true,"href":"https:\/\/portalnpm.com\/index.php\/wp-json\/wp\/v2\/categories?post=8021"},{"taxonomy":"post_tag","embeddable":true,"href":"https:\/\/portalnpm.com\/index.php\/wp-json\/wp\/v2\/tags?post=8021"}],"curies":[{"name":"wp","href":"https:\/\/api.w.org\/{rel}","templated":true}]}}