{"id":8041,"date":"2019-05-05T10:18:52","date_gmt":"2019-05-05T13:18:52","guid":{"rendered":"http:\/\/srv.portalnpm.com.br\/?p=8041"},"modified":"2019-05-05T10:18:52","modified_gmt":"2019-05-05T13:18:52","slug":"banda-potiguar-fenomeno-nas-redes-sociais-jm-puxado-se-apresenta-dia-10-em-picos-pi","status":"publish","type":"post","link":"https:\/\/portalnpm.com\/index.php\/2019\/05\/05\/banda-potiguar-fenomeno-nas-redes-sociais-jm-puxado-se-apresenta-dia-10-em-picos-pi\/","title":{"rendered":"Banda potiguar fen\u00f4meno nas redes sociais &#8211; JM Puxado &#8211; se apresenta dia 10 em Picos &#8211; PI"},"content":{"rendered":"<p style=\"text-align: justify;\">Picos &#8211; PI recebe, na pr\u00f3xima sexta-feira (10), o grupo JM Puxado. A atra\u00e7\u00e3o, que vem conquistando o Brasil, se apresentar\u00e1 no Deck Bistr\u00f4. A banda tem ganhado cada vez mais espa\u00e7o nas execu\u00e7\u00f5es em r\u00e1dios de todo o pa\u00eds com seu estilo solto, c\u00f4mico e com releituras de grandes sucessos da m\u00fasica nacional.<\/p>\n<p><img fetchpriority=\"high\" decoding=\"async\" class=\"aligncenter size-full wp-image-8043\" src=\"http:\/\/portalnpm.com\/wp-content\/uploads\/2019\/05\/56994006_425836174851467_53268284643999744_n-640x445.jpg\" alt=\"\" width=\"640\" height=\"445\" \/><\/p>\n<p style=\"text-align: justify;\">O grupo musical \u00e9 natural do Rio Grande do Norte, tem como vocalista Jo\u00e3o Marcos (JM) de 22 anos, e carrega a zabumba, o tri\u00e2ngulo e a sanfona como marca oficial de trabalho.<\/p>\n<p style=\"text-align: justify;\">Bi\u00f3logo, JM se encontrou profissionalmente no mundo da m\u00fasica. Seus primeiros passos foram em barzinhos de Natal e atualmente j\u00e1 s\u00e3o tr\u00eas anos cantando profissionalmente.<\/p>\n<p><iframe title=\"Pequeno Celular (Avi\u00f5es do Forr\u00f3) - JM Puxado (Cover)\" width=\"500\" height=\"281\" src=\"https:\/\/www.youtube.com\/embed\/wqZaihOMfr8?feature=oembed\" frameborder=\"0\" allow=\"accelerometer; autoplay; clipboard-write; encrypted-media; gyroscope; picture-in-picture; web-share\" allowfullscreen><\/iframe><\/p>\n<p style=\"text-align: justify;\">Admirador dos artistas Jo\u00e3o Bandeira e Vicente Nery, o potiguar viu o sucesso em grande escala chegar no final do ano passado atrav\u00e9s dos v\u00eddeos postados nas redes sociais que trazem, al\u00e9m do forr\u00f3 \u201cp\u00e9 de serra\u201d, uma pegada c\u00f4mica, o que tem atra\u00eddo os admiradores dessa \u201cmistura\u201d de atrativos.<\/p>\n<p style=\"text-align: justify;\">Outra marca do artista \u00e9 a semelhan\u00e7a f\u00edsica com o cantor goiano Cristiano Ara\u00fajo, o que gera muitos coment\u00e1rios e compara\u00e7\u00f5es em postagens nas plataformas digitais oficiais da banda.<\/p>\n<p><img decoding=\"async\" class=\"aligncenter size-medium wp-image-8044\" src=\"http:\/\/portalnpm.com\/wp-content\/uploads\/2019\/05\/Slide1.jpg\" alt=\"\" width=\"640\" height=\"417\" \/> <img decoding=\"async\" class=\"aligncenter size-medium wp-image-8045\" src=\"http:\/\/portalnpm.com\/wp-content\/uploads\/2019\/05\/Slide2.jpg\" alt=\"\" width=\"640\" height=\"358\" \/> <img loading=\"lazy\" decoding=\"async\" class=\"aligncenter size-medium wp-image-8046\" src=\"http:\/\/portalnpm.com\/wp-content\/uploads\/2019\/05\/dddd.jpg\" alt=\"\" width=\"640\" height=\"325\" \/><\/p>\n<p style=\"text-align: justify;\">JM Puxado entrou recentemente para o casting de artistas da Social Music, empresa respons\u00e1vel por gerir importantes carreiras como Simone e Simaria, e Wallas Arrais, e tamb\u00e9m por grandes eventos, como o VIlla Mix Fortaleza e Lisboa.<\/p>\n<p><iframe title=\"Xote da Alegria \/ 100 anos (Cover) - JM Puxado\" width=\"500\" height=\"281\" src=\"https:\/\/www.youtube.com\/embed\/hLsBkpxXSe8?feature=oembed\" frameborder=\"0\" allow=\"accelerometer; autoplay; clipboard-write; encrypted-media; gyroscope; picture-in-picture; web-share\" allowfullscreen><\/iframe><\/p>\n<p style=\"text-align: justify;\">Al\u00e9m das regrava\u00e7\u00f5es e novas \u201ccaras\u201d \u00e0 m\u00fasicas de sucesso que marcaram \u00e9poca, JM tamb\u00e9m \u00e9 compositor e lan\u00e7ou recentemente o clipe de um trabalho pr\u00f3prio: Nenhum Bilhete.<\/p>\n<p><iframe title=\"JM Puxado - Nenhum Bilhete (Clipe Oficial)\" width=\"500\" height=\"281\" src=\"https:\/\/www.youtube.com\/embed\/zicLP0xkF1o?feature=oembed\" frameborder=\"0\" allow=\"accelerometer; autoplay; clipboard-write; encrypted-media; gyroscope; picture-in-picture; web-share\" allowfullscreen><\/iframe><\/p>\n<p><strong>FONTE:\u00a0<em>Grande Picos<\/em><\/strong><\/p>\n","protected":false},"excerpt":{"rendered":"<p>Picos &#8211; PI recebe, na pr\u00f3xima sexta-feira (10), o grupo JM Puxado. A atra\u00e7\u00e3o, que vem conquistando o Brasil, se apresentar\u00e1 no Deck Bistr\u00f4. A banda tem ganhado cada vez mais espa\u00e7o nas execu\u00e7\u00f5es em r\u00e1dios de todo o pa\u00eds com seu estilo solto, c\u00f4mico e com releituras de grandes sucessos da m\u00fasica nacional. O &hellip;<\/p>\n","protected":false},"author":4,"featured_media":8042,"comment_status":"open","ping_status":"open","sticky":false,"template":"","format":"standard","meta":{"content-type":"","rop_custom_images_group":[],"rop_custom_messages_group":[],"rop_publish_now":"initial","rop_publish_now_accounts":{"facebook_2648258775420054_1618374048415101":""},"rop_publish_now_history":[],"rop_publish_now_status":"pending","footnotes":"","_jetpack_memberships_contains_paid_content":false},"categories":[147,109,127],"tags":[1288,2760,2761,128],"yoast_head":"<!-- This site is optimized with the Yoast SEO plugin v22.3 - https:\/\/yoast.com\/wordpress\/plugins\/seo\/ -->\n<title>Banda potiguar fen\u00f4meno nas redes sociais - JM Puxado - se apresenta dia 10 em Picos - PI - Portal NPM<\/title>\n<meta name=\"robots\" content=\"index, follow, max-snippet:-1, max-image-preview:large, max-video-preview:-1\" \/>\n<link rel=\"canonical\" href=\"https:\/\/portalnpm.com\/index.php\/2019\/05\/05\/banda-potiguar-fenomeno-nas-redes-sociais-jm-puxado-se-apresenta-dia-10-em-picos-pi\/\" \/>\n<meta property=\"og:locale\" content=\"pt_BR\" \/>\n<meta property=\"og:type\" content=\"article\" \/>\n<meta property=\"og:title\" content=\"Banda potiguar fen\u00f4meno nas redes sociais - JM Puxado - se apresenta dia 10 em Picos - PI - Portal NPM\" \/>\n<meta property=\"og:description\" content=\"Picos &#8211; PI recebe, na pr\u00f3xima sexta-feira (10), o grupo JM Puxado. A atra\u00e7\u00e3o, que vem conquistando o Brasil, se apresentar\u00e1 no Deck Bistr\u00f4. A banda tem ganhado cada vez mais espa\u00e7o nas execu\u00e7\u00f5es em r\u00e1dios de todo o pa\u00eds com seu estilo solto, c\u00f4mico e com releituras de grandes sucessos da m\u00fasica nacional. O &hellip;\" \/>\n<meta property=\"og:url\" content=\"https:\/\/portalnpm.com\/index.php\/2019\/05\/05\/banda-potiguar-fenomeno-nas-redes-sociais-jm-puxado-se-apresenta-dia-10-em-picos-pi\/\" \/>\n<meta property=\"og:site_name\" content=\"Portal NPM\" \/>\n<meta property=\"article:published_time\" content=\"2019-05-05T13:18:52+00:00\" \/>\n<meta name=\"author\" content=\"Reda\u00e7\u00e3o\" \/>\n<meta name=\"twitter:card\" content=\"summary_large_image\" \/>\n<meta name=\"twitter:label1\" content=\"Escrito por\" \/>\n\t<meta name=\"twitter:data1\" content=\"Reda\u00e7\u00e3o\" \/>\n\t<meta name=\"twitter:label2\" content=\"Est. tempo de leitura\" \/>\n\t<meta name=\"twitter:data2\" content=\"2 minutos\" \/>\n<script type=\"application\/ld+json\" class=\"yoast-schema-graph\">{\"@context\":\"https:\/\/schema.org\",\"@graph\":[{\"@type\":\"WebPage\",\"@id\":\"https:\/\/portalnpm.com\/index.php\/2019\/05\/05\/banda-potiguar-fenomeno-nas-redes-sociais-jm-puxado-se-apresenta-dia-10-em-picos-pi\/\",\"url\":\"https:\/\/portalnpm.com\/index.php\/2019\/05\/05\/banda-potiguar-fenomeno-nas-redes-sociais-jm-puxado-se-apresenta-dia-10-em-picos-pi\/\",\"name\":\"Banda potiguar fen\u00f4meno nas redes sociais - JM Puxado - se apresenta dia 10 em Picos - PI - Portal NPM\",\"isPartOf\":{\"@id\":\"https:\/\/portalnpm.com\/#website\"},\"primaryImageOfPage\":{\"@id\":\"https:\/\/portalnpm.com\/index.php\/2019\/05\/05\/banda-potiguar-fenomeno-nas-redes-sociais-jm-puxado-se-apresenta-dia-10-em-picos-pi\/#primaryimage\"},\"image\":{\"@id\":\"https:\/\/portalnpm.com\/index.php\/2019\/05\/05\/banda-potiguar-fenomeno-nas-redes-sociais-jm-puxado-se-apresenta-dia-10-em-picos-pi\/#primaryimage\"},\"thumbnailUrl\":\"\",\"datePublished\":\"2019-05-05T13:18:52+00:00\",\"dateModified\":\"2019-05-05T13:18:52+00:00\",\"author\":{\"@id\":\"https:\/\/portalnpm.com\/#\/schema\/person\/0b5f230ec96cee25504fa328e7f2b733\"},\"breadcrumb\":{\"@id\":\"https:\/\/portalnpm.com\/index.php\/2019\/05\/05\/banda-potiguar-fenomeno-nas-redes-sociais-jm-puxado-se-apresenta-dia-10-em-picos-pi\/#breadcrumb\"},\"inLanguage\":\"pt-BR\",\"potentialAction\":[{\"@type\":\"ReadAction\",\"target\":[\"https:\/\/portalnpm.com\/index.php\/2019\/05\/05\/banda-potiguar-fenomeno-nas-redes-sociais-jm-puxado-se-apresenta-dia-10-em-picos-pi\/\"]}]},{\"@type\":\"ImageObject\",\"inLanguage\":\"pt-BR\",\"@id\":\"https:\/\/portalnpm.com\/index.php\/2019\/05\/05\/banda-potiguar-fenomeno-nas-redes-sociais-jm-puxado-se-apresenta-dia-10-em-picos-pi\/#primaryimage\",\"url\":\"\",\"contentUrl\":\"\"},{\"@type\":\"BreadcrumbList\",\"@id\":\"https:\/\/portalnpm.com\/index.php\/2019\/05\/05\/banda-potiguar-fenomeno-nas-redes-sociais-jm-puxado-se-apresenta-dia-10-em-picos-pi\/#breadcrumb\",\"itemListElement\":[{\"@type\":\"ListItem\",\"position\":1,\"name\":\"In\u00edcio\",\"item\":\"https:\/\/portalnpm.com\/\"},{\"@type\":\"ListItem\",\"position\":2,\"name\":\"Banda potiguar fen\u00f4meno nas redes sociais &#8211; JM Puxado &#8211; se apresenta dia 10 em Picos &#8211; PI\"}]},{\"@type\":\"WebSite\",\"@id\":\"https:\/\/portalnpm.com\/#website\",\"url\":\"https:\/\/portalnpm.com\/\",\"name\":\"Portal NPM\",\"description\":\"Not\u00edcias em Primeira M\u00e3o\",\"potentialAction\":[{\"@type\":\"SearchAction\",\"target\":{\"@type\":\"EntryPoint\",\"urlTemplate\":\"https:\/\/portalnpm.com\/?s={search_term_string}\"},\"query-input\":\"required name=search_term_string\"}],\"inLanguage\":\"pt-BR\"},{\"@type\":\"Person\",\"@id\":\"https:\/\/portalnpm.com\/#\/schema\/person\/0b5f230ec96cee25504fa328e7f2b733\",\"name\":\"Reda\u00e7\u00e3o\",\"image\":{\"@type\":\"ImageObject\",\"inLanguage\":\"pt-BR\",\"@id\":\"https:\/\/portalnpm.com\/#\/schema\/person\/image\/\",\"url\":\"https:\/\/portalnpm.com\/wp-content\/uploads\/2024\/03\/avatar_user_4_1710097212-96x96.png\",\"contentUrl\":\"https:\/\/portalnpm.com\/wp-content\/uploads\/2024\/03\/avatar_user_4_1710097212-96x96.png\",\"caption\":\"Reda\u00e7\u00e3o\"},\"url\":\"https:\/\/portalnpm.com\/index.php\/author\/redacao\/\"}]}<\/script>\n<!-- \/ Yoast SEO plugin. -->","yoast_head_json":{"title":"Banda potiguar fen\u00f4meno nas redes sociais - JM Puxado - se apresenta dia 10 em Picos - PI - Portal NPM","robots":{"index":"index","follow":"follow","max-snippet":"max-snippet:-1","max-image-preview":"max-image-preview:large","max-video-preview":"max-video-preview:-1"},"canonical":"https:\/\/portalnpm.com\/index.php\/2019\/05\/05\/banda-potiguar-fenomeno-nas-redes-sociais-jm-puxado-se-apresenta-dia-10-em-picos-pi\/","og_locale":"pt_BR","og_type":"article","og_title":"Banda potiguar fen\u00f4meno nas redes sociais - JM Puxado - se apresenta dia 10 em Picos - PI - Portal NPM","og_description":"Picos &#8211; PI recebe, na pr\u00f3xima sexta-feira (10), o grupo JM Puxado. A atra\u00e7\u00e3o, que vem conquistando o Brasil, se apresentar\u00e1 no Deck Bistr\u00f4. A banda tem ganhado cada vez mais espa\u00e7o nas execu\u00e7\u00f5es em r\u00e1dios de todo o pa\u00eds com seu estilo solto, c\u00f4mico e com releituras de grandes sucessos da m\u00fasica nacional. O &hellip;","og_url":"https:\/\/portalnpm.com\/index.php\/2019\/05\/05\/banda-potiguar-fenomeno-nas-redes-sociais-jm-puxado-se-apresenta-dia-10-em-picos-pi\/","og_site_name":"Portal NPM","article_published_time":"2019-05-05T13:18:52+00:00","author":"Reda\u00e7\u00e3o","twitter_card":"summary_large_image","twitter_misc":{"Escrito por":"Reda\u00e7\u00e3o","Est. tempo de leitura":"2 minutos"},"schema":{"@context":"https:\/\/schema.org","@graph":[{"@type":"WebPage","@id":"https:\/\/portalnpm.com\/index.php\/2019\/05\/05\/banda-potiguar-fenomeno-nas-redes-sociais-jm-puxado-se-apresenta-dia-10-em-picos-pi\/","url":"https:\/\/portalnpm.com\/index.php\/2019\/05\/05\/banda-potiguar-fenomeno-nas-redes-sociais-jm-puxado-se-apresenta-dia-10-em-picos-pi\/","name":"Banda potiguar fen\u00f4meno nas redes sociais - JM Puxado - se apresenta dia 10 em Picos - PI - Portal NPM","isPartOf":{"@id":"https:\/\/portalnpm.com\/#website"},"primaryImageOfPage":{"@id":"https:\/\/portalnpm.com\/index.php\/2019\/05\/05\/banda-potiguar-fenomeno-nas-redes-sociais-jm-puxado-se-apresenta-dia-10-em-picos-pi\/#primaryimage"},"image":{"@id":"https:\/\/portalnpm.com\/index.php\/2019\/05\/05\/banda-potiguar-fenomeno-nas-redes-sociais-jm-puxado-se-apresenta-dia-10-em-picos-pi\/#primaryimage"},"thumbnailUrl":"","datePublished":"2019-05-05T13:18:52+00:00","dateModified":"2019-05-05T13:18:52+00:00","author":{"@id":"https:\/\/portalnpm.com\/#\/schema\/person\/0b5f230ec96cee25504fa328e7f2b733"},"breadcrumb":{"@id":"https:\/\/portalnpm.com\/index.php\/2019\/05\/05\/banda-potiguar-fenomeno-nas-redes-sociais-jm-puxado-se-apresenta-dia-10-em-picos-pi\/#breadcrumb"},"inLanguage":"pt-BR","potentialAction":[{"@type":"ReadAction","target":["https:\/\/portalnpm.com\/index.php\/2019\/05\/05\/banda-potiguar-fenomeno-nas-redes-sociais-jm-puxado-se-apresenta-dia-10-em-picos-pi\/"]}]},{"@type":"ImageObject","inLanguage":"pt-BR","@id":"https:\/\/portalnpm.com\/index.php\/2019\/05\/05\/banda-potiguar-fenomeno-nas-redes-sociais-jm-puxado-se-apresenta-dia-10-em-picos-pi\/#primaryimage","url":"","contentUrl":""},{"@type":"BreadcrumbList","@id":"https:\/\/portalnpm.com\/index.php\/2019\/05\/05\/banda-potiguar-fenomeno-nas-redes-sociais-jm-puxado-se-apresenta-dia-10-em-picos-pi\/#breadcrumb","itemListElement":[{"@type":"ListItem","position":1,"name":"In\u00edcio","item":"https:\/\/portalnpm.com\/"},{"@type":"ListItem","position":2,"name":"Banda potiguar fen\u00f4meno nas redes sociais &#8211; JM Puxado &#8211; se apresenta dia 10 em Picos &#8211; PI"}]},{"@type":"WebSite","@id":"https:\/\/portalnpm.com\/#website","url":"https:\/\/portalnpm.com\/","name":"Portal NPM","description":"Not\u00edcias em Primeira M\u00e3o","potentialAction":[{"@type":"SearchAction","target":{"@type":"EntryPoint","urlTemplate":"https:\/\/portalnpm.com\/?s={search_term_string}"},"query-input":"required name=search_term_string"}],"inLanguage":"pt-BR"},{"@type":"Person","@id":"https:\/\/portalnpm.com\/#\/schema\/person\/0b5f230ec96cee25504fa328e7f2b733","name":"Reda\u00e7\u00e3o","image":{"@type":"ImageObject","inLanguage":"pt-BR","@id":"https:\/\/portalnpm.com\/#\/schema\/person\/image\/","url":"https:\/\/portalnpm.com\/wp-content\/uploads\/2024\/03\/avatar_user_4_1710097212-96x96.png","contentUrl":"https:\/\/portalnpm.com\/wp-content\/uploads\/2024\/03\/avatar_user_4_1710097212-96x96.png","caption":"Reda\u00e7\u00e3o"},"url":"https:\/\/portalnpm.com\/index.php\/author\/redacao\/"}]}},"jetpack_sharing_enabled":true,"jetpack_featured_media_url":"","_links":{"self":[{"href":"https:\/\/portalnpm.com\/index.php\/wp-json\/wp\/v2\/posts\/8041"}],"collection":[{"href":"https:\/\/portalnpm.com\/index.php\/wp-json\/wp\/v2\/posts"}],"about":[{"href":"https:\/\/portalnpm.com\/index.php\/wp-json\/wp\/v2\/types\/post"}],"author":[{"embeddable":true,"href":"https:\/\/portalnpm.com\/index.php\/wp-json\/wp\/v2\/users\/4"}],"replies":[{"embeddable":true,"href":"https:\/\/portalnpm.com\/index.php\/wp-json\/wp\/v2\/comments?post=8041"}],"version-history":[{"count":0,"href":"https:\/\/portalnpm.com\/index.php\/wp-json\/wp\/v2\/posts\/8041\/revisions"}],"wp:featuredmedia":[{"embeddable":true,"href":"https:\/\/portalnpm.com\/index.php\/wp-json\/"}],"wp:attachment":[{"href":"https:\/\/portalnpm.com\/index.php\/wp-json\/wp\/v2\/media?parent=8041"}],"wp:term":[{"taxonomy":"category","embeddable":true,"href":"https:\/\/portalnpm.com\/index.php\/wp-json\/wp\/v2\/categories?post=8041"},{"taxonomy":"post_tag","embeddable":true,"href":"https:\/\/portalnpm.com\/index.php\/wp-json\/wp\/v2\/tags?post=8041"}],"curies":[{"name":"wp","href":"https:\/\/api.w.org\/{rel}","templated":true}]}}