{"id":8069,"date":"2019-05-06T13:42:52","date_gmt":"2019-05-06T16:42:52","guid":{"rendered":"http:\/\/srv.portalnpm.com.br\/?p=8069"},"modified":"2019-05-06T13:42:52","modified_gmt":"2019-05-06T16:42:52","slug":"saude-inicia-campanha-de-vacinacao-antirrabica-animal-em-sao-juliao-pi","status":"publish","type":"post","link":"https:\/\/portalnpm.com\/index.php\/2019\/05\/06\/saude-inicia-campanha-de-vacinacao-antirrabica-animal-em-sao-juliao-pi\/","title":{"rendered":"Sa\u00fade inicia campanha de vacina\u00e7\u00e3o antirr\u00e1bica animal em S\u00e3o Juli\u00e3o \u2013 PI"},"content":{"rendered":"<p style=\"text-align: justify;\">A Prefeitura Municipal de S\u00e3o Juli\u00e3o \u2013 PI, na gest\u00e3o do Prefeito Dr. Jonas, atrav\u00e9s da Secretaria Municipal de Sa\u00fade, deu inicio nesta segunda-feira, 06 de maio, a campanha anual de vacina\u00e7\u00e3o antirr\u00e1bica animal para c\u00e3es e gatos.<\/p>\n<p style=\"text-align: justify;\">O v\u00edrus da \u2018raiva\u2019 ataca o sistema nervoso do animal, provoca uma inflama\u00e7\u00e3o e infec\u00e7\u00e3o do c\u00e9rebro e leva c\u00e3es e gatos \u00e0 morte em alguns dias ap\u00f3s o in\u00edcio dos sintomas.<\/p>\n<figure id=\"attachment_8070\" aria-describedby=\"caption-attachment-8070\" style=\"width: 768px\" class=\"wp-caption aligncenter\"><img fetchpriority=\"high\" decoding=\"async\" class=\"size-full wp-image-8070\" src=\"http:\/\/portalnpm.com\/wp-content\/uploads\/2019\/05\/saide2019sev-3-768x487.jpg\" alt=\"\" width=\"768\" height=\"487\" \/><figcaption id=\"caption-attachment-8070\" class=\"wp-caption-text\">Sa\u00fade inicia campanha de vacina\u00e7\u00e3o antirr\u00e1bica animal em S\u00e3o Juli\u00e3o<\/figcaption><\/figure>\n<p style=\"text-align: justify;\">O animal quando contaminado pode passar a doen\u00e7a para pessoas ou outros animais, atrav\u00e9s de mordeduras, arranhaduras ou lambeduras de mucosas como olhos e boca.<\/p>\n<p style=\"text-align: justify;\">De acordo com o cronograma divulgado pela Secretaria de Sa\u00fade,\u00a0a campanha em S\u00e3o Juli\u00e3o \u2013 PI segue at\u00e9 o dia 14 de maio, e contemplar\u00e1 a sede, povoados e interiores do munic\u00edpio e conta com o envolvimento das equipes de Agentes de Endemias e Agentes Comunit\u00e1rios de Sa\u00fade com o apoio da Secretaria Municipal de Sa\u00fade.<\/p>\n<p style=\"text-align: justify;\"><strong>Veja o cronograma de vacina\u00e7\u00e3o:<\/strong><\/p>\n<p><img decoding=\"async\" class=\"aligncenter size-full wp-image-8071\" src=\"http:\/\/portalnpm.com\/wp-content\/uploads\/2019\/05\/7c98d529-21f0-4785-bb43-aec78c23c702.jpg\" alt=\"\" width=\"720\" height=\"710\" \/><\/p>\n<p><strong>FONTE<\/strong>: Portal \u00c9 Not\u00edcias<\/p>\n","protected":false},"excerpt":{"rendered":"<p>A Prefeitura Municipal de S\u00e3o Juli\u00e3o \u2013 PI, na gest\u00e3o do Prefeito Dr. Jonas, atrav\u00e9s da Secretaria Municipal de Sa\u00fade, deu inicio nesta segunda-feira, 06 de maio, a campanha anual de vacina\u00e7\u00e3o antirr\u00e1bica animal para c\u00e3es e gatos. O v\u00edrus da \u2018raiva\u2019 ataca o sistema nervoso do animal, provoca uma inflama\u00e7\u00e3o e infec\u00e7\u00e3o do c\u00e9rebro &hellip;<\/p>\n","protected":false},"author":8,"featured_media":8072,"comment_status":"open","ping_status":"open","sticky":false,"template":"","format":"standard","meta":{"content-type":"","rop_custom_images_group":[],"rop_custom_messages_group":[],"rop_publish_now":"initial","rop_publish_now_accounts":{"facebook_2648258775420054_1618374048415101":""},"rop_publish_now_history":[],"rop_publish_now_status":"pending","footnotes":"","_jetpack_memberships_contains_paid_content":false},"categories":[136,384],"tags":[2768,2769,471,472],"yoast_head":"<!-- This site is optimized with the Yoast SEO plugin v22.3 - https:\/\/yoast.com\/wordpress\/plugins\/seo\/ -->\n<title>Sa\u00fade inicia campanha de vacina\u00e7\u00e3o antirr\u00e1bica animal em S\u00e3o Juli\u00e3o \u2013 PI - Portal NPM<\/title>\n<meta name=\"robots\" content=\"index, follow, max-snippet:-1, max-image-preview:large, max-video-preview:-1\" \/>\n<link rel=\"canonical\" href=\"https:\/\/portalnpm.com\/index.php\/2019\/05\/06\/saude-inicia-campanha-de-vacinacao-antirrabica-animal-em-sao-juliao-pi\/\" \/>\n<meta property=\"og:locale\" content=\"pt_BR\" \/>\n<meta property=\"og:type\" content=\"article\" \/>\n<meta property=\"og:title\" content=\"Sa\u00fade inicia campanha de vacina\u00e7\u00e3o antirr\u00e1bica animal em S\u00e3o Juli\u00e3o \u2013 PI - Portal NPM\" \/>\n<meta property=\"og:description\" content=\"A Prefeitura Municipal de S\u00e3o Juli\u00e3o \u2013 PI, na gest\u00e3o do Prefeito Dr. Jonas, atrav\u00e9s da Secretaria Municipal de Sa\u00fade, deu inicio nesta segunda-feira, 06 de maio, a campanha anual de vacina\u00e7\u00e3o antirr\u00e1bica animal para c\u00e3es e gatos. O v\u00edrus da \u2018raiva\u2019 ataca o sistema nervoso do animal, provoca uma inflama\u00e7\u00e3o e infec\u00e7\u00e3o do c\u00e9rebro &hellip;\" \/>\n<meta property=\"og:url\" content=\"https:\/\/portalnpm.com\/index.php\/2019\/05\/06\/saude-inicia-campanha-de-vacinacao-antirrabica-animal-em-sao-juliao-pi\/\" \/>\n<meta property=\"og:site_name\" content=\"Portal NPM\" \/>\n<meta property=\"article:published_time\" content=\"2019-05-06T16:42:52+00:00\" \/>\n<meta name=\"author\" content=\"Zenilton Lima\" \/>\n<meta name=\"twitter:card\" content=\"summary_large_image\" \/>\n<meta name=\"twitter:label1\" content=\"Escrito por\" \/>\n\t<meta name=\"twitter:data1\" content=\"Zenilton Lima\" \/>\n\t<meta name=\"twitter:label2\" content=\"Est. tempo de leitura\" \/>\n\t<meta name=\"twitter:data2\" content=\"1 minuto\" \/>\n<script type=\"application\/ld+json\" class=\"yoast-schema-graph\">{\"@context\":\"https:\/\/schema.org\",\"@graph\":[{\"@type\":\"WebPage\",\"@id\":\"https:\/\/portalnpm.com\/index.php\/2019\/05\/06\/saude-inicia-campanha-de-vacinacao-antirrabica-animal-em-sao-juliao-pi\/\",\"url\":\"https:\/\/portalnpm.com\/index.php\/2019\/05\/06\/saude-inicia-campanha-de-vacinacao-antirrabica-animal-em-sao-juliao-pi\/\",\"name\":\"Sa\u00fade inicia campanha de vacina\u00e7\u00e3o antirr\u00e1bica animal em S\u00e3o Juli\u00e3o \u2013 PI - Portal NPM\",\"isPartOf\":{\"@id\":\"https:\/\/portalnpm.com\/#website\"},\"primaryImageOfPage\":{\"@id\":\"https:\/\/portalnpm.com\/index.php\/2019\/05\/06\/saude-inicia-campanha-de-vacinacao-antirrabica-animal-em-sao-juliao-pi\/#primaryimage\"},\"image\":{\"@id\":\"https:\/\/portalnpm.com\/index.php\/2019\/05\/06\/saude-inicia-campanha-de-vacinacao-antirrabica-animal-em-sao-juliao-pi\/#primaryimage\"},\"thumbnailUrl\":\"\",\"datePublished\":\"2019-05-06T16:42:52+00:00\",\"dateModified\":\"2019-05-06T16:42:52+00:00\",\"author\":{\"@id\":\"https:\/\/portalnpm.com\/#\/schema\/person\/35cb55186eae3f074b6783da6d35591e\"},\"breadcrumb\":{\"@id\":\"https:\/\/portalnpm.com\/index.php\/2019\/05\/06\/saude-inicia-campanha-de-vacinacao-antirrabica-animal-em-sao-juliao-pi\/#breadcrumb\"},\"inLanguage\":\"pt-BR\",\"potentialAction\":[{\"@type\":\"ReadAction\",\"target\":[\"https:\/\/portalnpm.com\/index.php\/2019\/05\/06\/saude-inicia-campanha-de-vacinacao-antirrabica-animal-em-sao-juliao-pi\/\"]}]},{\"@type\":\"ImageObject\",\"inLanguage\":\"pt-BR\",\"@id\":\"https:\/\/portalnpm.com\/index.php\/2019\/05\/06\/saude-inicia-campanha-de-vacinacao-antirrabica-animal-em-sao-juliao-pi\/#primaryimage\",\"url\":\"\",\"contentUrl\":\"\"},{\"@type\":\"BreadcrumbList\",\"@id\":\"https:\/\/portalnpm.com\/index.php\/2019\/05\/06\/saude-inicia-campanha-de-vacinacao-antirrabica-animal-em-sao-juliao-pi\/#breadcrumb\",\"itemListElement\":[{\"@type\":\"ListItem\",\"position\":1,\"name\":\"In\u00edcio\",\"item\":\"https:\/\/portalnpm.com\/\"},{\"@type\":\"ListItem\",\"position\":2,\"name\":\"Sa\u00fade inicia campanha de vacina\u00e7\u00e3o antirr\u00e1bica animal em S\u00e3o Juli\u00e3o \u2013 PI\"}]},{\"@type\":\"WebSite\",\"@id\":\"https:\/\/portalnpm.com\/#website\",\"url\":\"https:\/\/portalnpm.com\/\",\"name\":\"Portal NPM\",\"description\":\"Not\u00edcias em Primeira M\u00e3o\",\"potentialAction\":[{\"@type\":\"SearchAction\",\"target\":{\"@type\":\"EntryPoint\",\"urlTemplate\":\"https:\/\/portalnpm.com\/?s={search_term_string}\"},\"query-input\":\"required name=search_term_string\"}],\"inLanguage\":\"pt-BR\"},{\"@type\":\"Person\",\"@id\":\"https:\/\/portalnpm.com\/#\/schema\/person\/35cb55186eae3f074b6783da6d35591e\",\"name\":\"Zenilton Lima\",\"image\":{\"@type\":\"ImageObject\",\"inLanguage\":\"pt-BR\",\"@id\":\"https:\/\/portalnpm.com\/#\/schema\/person\/image\/\",\"url\":\"https:\/\/portalnpm.com\/wp-content\/uploads\/2024\/12\/avatar_user_8_1733658137-96x96.jpeg\",\"contentUrl\":\"https:\/\/portalnpm.com\/wp-content\/uploads\/2024\/12\/avatar_user_8_1733658137-96x96.jpeg\",\"caption\":\"Zenilton Lima\"},\"url\":\"https:\/\/portalnpm.com\/index.php\/author\/zenilton\/\"}]}<\/script>\n<!-- \/ Yoast SEO plugin. -->","yoast_head_json":{"title":"Sa\u00fade inicia campanha de vacina\u00e7\u00e3o antirr\u00e1bica animal em S\u00e3o Juli\u00e3o \u2013 PI - Portal NPM","robots":{"index":"index","follow":"follow","max-snippet":"max-snippet:-1","max-image-preview":"max-image-preview:large","max-video-preview":"max-video-preview:-1"},"canonical":"https:\/\/portalnpm.com\/index.php\/2019\/05\/06\/saude-inicia-campanha-de-vacinacao-antirrabica-animal-em-sao-juliao-pi\/","og_locale":"pt_BR","og_type":"article","og_title":"Sa\u00fade inicia campanha de vacina\u00e7\u00e3o antirr\u00e1bica animal em S\u00e3o Juli\u00e3o \u2013 PI - Portal NPM","og_description":"A Prefeitura Municipal de S\u00e3o Juli\u00e3o \u2013 PI, na gest\u00e3o do Prefeito Dr. Jonas, atrav\u00e9s da Secretaria Municipal de Sa\u00fade, deu inicio nesta segunda-feira, 06 de maio, a campanha anual de vacina\u00e7\u00e3o antirr\u00e1bica animal para c\u00e3es e gatos. O v\u00edrus da \u2018raiva\u2019 ataca o sistema nervoso do animal, provoca uma inflama\u00e7\u00e3o e infec\u00e7\u00e3o do c\u00e9rebro &hellip;","og_url":"https:\/\/portalnpm.com\/index.php\/2019\/05\/06\/saude-inicia-campanha-de-vacinacao-antirrabica-animal-em-sao-juliao-pi\/","og_site_name":"Portal NPM","article_published_time":"2019-05-06T16:42:52+00:00","author":"Zenilton Lima","twitter_card":"summary_large_image","twitter_misc":{"Escrito por":"Zenilton Lima","Est. tempo de leitura":"1 minuto"},"schema":{"@context":"https:\/\/schema.org","@graph":[{"@type":"WebPage","@id":"https:\/\/portalnpm.com\/index.php\/2019\/05\/06\/saude-inicia-campanha-de-vacinacao-antirrabica-animal-em-sao-juliao-pi\/","url":"https:\/\/portalnpm.com\/index.php\/2019\/05\/06\/saude-inicia-campanha-de-vacinacao-antirrabica-animal-em-sao-juliao-pi\/","name":"Sa\u00fade inicia campanha de vacina\u00e7\u00e3o antirr\u00e1bica animal em S\u00e3o Juli\u00e3o \u2013 PI - Portal NPM","isPartOf":{"@id":"https:\/\/portalnpm.com\/#website"},"primaryImageOfPage":{"@id":"https:\/\/portalnpm.com\/index.php\/2019\/05\/06\/saude-inicia-campanha-de-vacinacao-antirrabica-animal-em-sao-juliao-pi\/#primaryimage"},"image":{"@id":"https:\/\/portalnpm.com\/index.php\/2019\/05\/06\/saude-inicia-campanha-de-vacinacao-antirrabica-animal-em-sao-juliao-pi\/#primaryimage"},"thumbnailUrl":"","datePublished":"2019-05-06T16:42:52+00:00","dateModified":"2019-05-06T16:42:52+00:00","author":{"@id":"https:\/\/portalnpm.com\/#\/schema\/person\/35cb55186eae3f074b6783da6d35591e"},"breadcrumb":{"@id":"https:\/\/portalnpm.com\/index.php\/2019\/05\/06\/saude-inicia-campanha-de-vacinacao-antirrabica-animal-em-sao-juliao-pi\/#breadcrumb"},"inLanguage":"pt-BR","potentialAction":[{"@type":"ReadAction","target":["https:\/\/portalnpm.com\/index.php\/2019\/05\/06\/saude-inicia-campanha-de-vacinacao-antirrabica-animal-em-sao-juliao-pi\/"]}]},{"@type":"ImageObject","inLanguage":"pt-BR","@id":"https:\/\/portalnpm.com\/index.php\/2019\/05\/06\/saude-inicia-campanha-de-vacinacao-antirrabica-animal-em-sao-juliao-pi\/#primaryimage","url":"","contentUrl":""},{"@type":"BreadcrumbList","@id":"https:\/\/portalnpm.com\/index.php\/2019\/05\/06\/saude-inicia-campanha-de-vacinacao-antirrabica-animal-em-sao-juliao-pi\/#breadcrumb","itemListElement":[{"@type":"ListItem","position":1,"name":"In\u00edcio","item":"https:\/\/portalnpm.com\/"},{"@type":"ListItem","position":2,"name":"Sa\u00fade inicia campanha de vacina\u00e7\u00e3o antirr\u00e1bica animal em S\u00e3o Juli\u00e3o \u2013 PI"}]},{"@type":"WebSite","@id":"https:\/\/portalnpm.com\/#website","url":"https:\/\/portalnpm.com\/","name":"Portal NPM","description":"Not\u00edcias em Primeira M\u00e3o","potentialAction":[{"@type":"SearchAction","target":{"@type":"EntryPoint","urlTemplate":"https:\/\/portalnpm.com\/?s={search_term_string}"},"query-input":"required name=search_term_string"}],"inLanguage":"pt-BR"},{"@type":"Person","@id":"https:\/\/portalnpm.com\/#\/schema\/person\/35cb55186eae3f074b6783da6d35591e","name":"Zenilton Lima","image":{"@type":"ImageObject","inLanguage":"pt-BR","@id":"https:\/\/portalnpm.com\/#\/schema\/person\/image\/","url":"https:\/\/portalnpm.com\/wp-content\/uploads\/2024\/12\/avatar_user_8_1733658137-96x96.jpeg","contentUrl":"https:\/\/portalnpm.com\/wp-content\/uploads\/2024\/12\/avatar_user_8_1733658137-96x96.jpeg","caption":"Zenilton Lima"},"url":"https:\/\/portalnpm.com\/index.php\/author\/zenilton\/"}]}},"jetpack_sharing_enabled":true,"jetpack_featured_media_url":"","_links":{"self":[{"href":"https:\/\/portalnpm.com\/index.php\/wp-json\/wp\/v2\/posts\/8069"}],"collection":[{"href":"https:\/\/portalnpm.com\/index.php\/wp-json\/wp\/v2\/posts"}],"about":[{"href":"https:\/\/portalnpm.com\/index.php\/wp-json\/wp\/v2\/types\/post"}],"author":[{"embeddable":true,"href":"https:\/\/portalnpm.com\/index.php\/wp-json\/wp\/v2\/users\/8"}],"replies":[{"embeddable":true,"href":"https:\/\/portalnpm.com\/index.php\/wp-json\/wp\/v2\/comments?post=8069"}],"version-history":[{"count":0,"href":"https:\/\/portalnpm.com\/index.php\/wp-json\/wp\/v2\/posts\/8069\/revisions"}],"wp:featuredmedia":[{"embeddable":true,"href":"https:\/\/portalnpm.com\/index.php\/wp-json\/"}],"wp:attachment":[{"href":"https:\/\/portalnpm.com\/index.php\/wp-json\/wp\/v2\/media?parent=8069"}],"wp:term":[{"taxonomy":"category","embeddable":true,"href":"https:\/\/portalnpm.com\/index.php\/wp-json\/wp\/v2\/categories?post=8069"},{"taxonomy":"post_tag","embeddable":true,"href":"https:\/\/portalnpm.com\/index.php\/wp-json\/wp\/v2\/tags?post=8069"}],"curies":[{"name":"wp","href":"https:\/\/api.w.org\/{rel}","templated":true}]}}