{"id":81024,"date":"2024-11-11T20:35:24","date_gmt":"2024-11-11T23:35:24","guid":{"rendered":"https:\/\/portalnpm.com\/?p=81024"},"modified":"2024-11-11T20:35:24","modified_gmt":"2024-11-11T23:35:24","slug":"conta-de-luz-fica-mais-barata-apos-impacto-da-inflacao-em-outubro","status":"publish","type":"post","link":"https:\/\/portalnpm.com\/index.php\/2024\/11\/11\/conta-de-luz-fica-mais-barata-apos-impacto-da-inflacao-em-outubro\/","title":{"rendered":"Conta de luz fica mais barata ap\u00f3s impacto da infla\u00e7\u00e3o em outubro"},"content":{"rendered":"<div><main id=\"main-container\"><\/p>\n<div>\n<div>\n<article id=\"content\">\n<section>\n<div>\n<p>influenciado pelas altas no grupo Habita\u00e7\u00e3o (1,49%), ap\u00f3s aumento nos pre\u00e7os da energia el\u00e9trica residencial (4,74%), e no grupo Alimenta\u00e7\u00e3o e bebidas (1,06%), impulsionado pelo aumento das carnes (5,81%).<\/p>\n<p>No ano, a infla\u00e7\u00e3o acumulada \u00e9 de 3,88% e, nos \u00faltimos 12 meses, de 4,76%. Os dados s\u00e3o do \u00cdndice Nacional de Pre\u00e7os ao Consumidor Amplo (IPCA), divulgado hoje (8) pelo IBGE.<\/p>\n<p>Em termos de impacto no \u00edndice geral de outubro, tanto Habita\u00e7\u00e3o quanto Alimenta\u00e7\u00e3o e Bebidas exerceram influ\u00eancia de 0,23 p.p no \u00edndice geral., sendo que, entre os subitens, a energia el\u00e9trica residencial foi o que mais pressionou o resultado, com 0,20 p.p. de impacto.<\/p>\n<p><em>\u201cEm outubro esteve em vigor a bandeira vermelha patamar 2, que acrescenta R$7,87 a cada 100 kwh consumidos, enquanto em setembro estava em vigor a bandeira vermelha patamar 1, que acrescenta aproximadamente R$4,46\u201d<\/em>, destaca Andr\u00e9 Almeira, gerente do IPCA e INPC.<\/p>\n<p>Por decis\u00e3o da Ag\u00eancia Nacional de Energia El\u00e9trica (Aneel), a bandeira adotada a partir de novembro \u00e9 a amarela, que acrescenta\u00a0R$ 1,885 na conta de luz para cada 100 quilowatts-hora (kWh) de energia el\u00e9trica consumidos. A aposta \u00e9 que a conta de luz deixar\u00e1 de exercer press\u00e3o com a mesma intensidade sobre a infla\u00e7\u00e3o geral.<\/p>\n<h5>Outros itens em alta<\/h5>\n<p>O grupo de Alimenta\u00e7\u00e3o e bebidas registrou alta de 1,06%, com aumento de pre\u00e7os na alimenta\u00e7\u00e3o no domic\u00edlio, que passou de 0,56% em setembro para 1,22% em outubro. Foram observados aumentos nos pre\u00e7os das carnes (5,81% e 0,14 p.p. de impacto), com destaque para os seguintes cortes: ac\u00e9m (9,09%), costela (7,40%), contrafil\u00e9 (6,07%) e alcatra (5,79%).<\/p>\n<p><em>\u201cO aumento de pre\u00e7o das carnes pode ser explicado por uma menor oferta desses produtos, por conta do clima seco e uma menor quantidade de animais abatidos, e um elevado volume de exporta\u00e7\u00f5es\u201d,<\/em>\u00a0explica Andr\u00e9. Foi a maior varia\u00e7\u00e3o mensal das carnes desde novembro de 2020, quando a varia\u00e7\u00e3o foi de 6,54%.<\/p>\n<p>A alimenta\u00e7\u00e3o fora do domic\u00edlio, com alta de 0,65%, registrou varia\u00e7\u00e3o superior \u00e0 de setembro (0,34%). O subitem refei\u00e7\u00e3o acelerou de 0,18% para 0,53%, enquanto o lanche acelerou de 0,67% para 0,88%.<\/p>\n<h5>De \u00f4nibus, pre\u00e7os v\u00e3o mais devagar<\/h5>\n<p>Por outro lado, a \u00fanica queda registrada em outubro veio de Transportes, com taxa de -0,38% e -0,08 p.p de impacto no \u00edndice geral. O resultado foi influenciado principalmente pelas passagens a\u00e9reas, com queda de -11,50% nos pre\u00e7os e -0,07 p.p. de impacto no \u00edndice geral.<\/p>\n<p>Trem (-4,80%), metr\u00f4 (-4,63%), \u00f4nibus urbano (-3,51%) e integra\u00e7\u00e3o transporte p\u00fablico (-3,04%) tamb\u00e9m contribu\u00edram para o resultado negativo do grupo. O resultando desses subitens \u00e9 explicado em decorr\u00eancia das gratuidades concedidas \u00e0 popula\u00e7\u00e3o nos dias das elei\u00e7\u00f5es municipais que aconteceram em outubro.<\/p>\n<p>Em rela\u00e7\u00e3o aos combust\u00edveis (-0,17%), houve queda no etanol (-0,56%), no \u00f3leo diesel (-0,20%) e na gasolina (-0,13%), enquanto o g\u00e1s veicular (0,48%) registrou alta.<\/p>\n<h5>Localidades pesquisadas<\/h5>\n<p>Regionalmente, todas as localidades pesquisadas apresentaram resultados positivos em outubro. A maior varia\u00e7\u00e3o ocorreu em Goi\u00e2nia (0,80%), influenciada pela alta da energia el\u00e9trica residencial (9,62%) e do contrafil\u00e9 (6,53%). Por outro lado, a menor varia\u00e7\u00e3o ocorreu em Aracaju (0,11%), por conta dos recuos da gasolina (-2,88%) e do \u00f4nibus urbano (-6,22%).<\/p>\n<h5>INPC tem alta de 0,61% em outubro<\/h5>\n<p>O \u00cdndice Nacional de Pre\u00e7os ao Consumidor \u2013 INPC teve alta de 0,61% em outubro, 0,13 p.p. acima do resultado observado em setembro (0,48%). No ano, o INPC acumula alta de 3,92% e, nos \u00faltimos 12 meses, de 4,60%, acima dos 4,09% observados nos 12 meses imediatamente anteriores. Em outubro de 2023, a taxa foi de 0,12%.<\/p>\n<p>Os produtos aliment\u00edcios (1,11%) registraram aumento de pre\u00e7os pelo segundo m\u00eas consecutivo, acelerando de 0,49% em setembro para 1,11% em outubro. Por sua vez, a varia\u00e7\u00e3o dos n\u00e3o aliment\u00edcios (0,45%) ficou abaixo do resultado de setembro (0,48%).<\/p>\n<p>Quanto aos \u00edndices regionais, Goi\u00e2nia registrou a maior alta (0,94%), por conta do tomate (26,88%) e da energia el\u00e9trica residencial (9,76%). J\u00e1 a menor varia\u00e7\u00e3o foi observada em Aracaju (0,09%), por conta dos recuos dos pre\u00e7os do \u00f4nibus urbano (-6,22%) e da gasolina (-2,88%).<\/p>\n<h5>Mais sobre as pesquisas<\/h5>\n<p>O IPCA abrange as fam\u00edlias com rendimentos de 1 a 40 sal\u00e1rios-m\u00ednimos, enquanto o INPC, as fam\u00edlias com rendimentos de 1 a 5 sal\u00e1rios-m\u00ednimos, residentes nas regi\u00f5es metropolitanas de Bel\u00e9m, Fortaleza, Recife, Salvador, Belo Horizonte, Vit\u00f3ria, Rio de Janeiro, S\u00e3o Paulo, Curitiba, Porto Alegre, al\u00e9m do Distrito Federal e dos munic\u00edpios de Goi\u00e2nia, Campo Grande, Rio Branco, S\u00e3o Lu\u00eds e Aracaju. Acesse os dados no\u00a0Sidra. O pr\u00f3ximo resultado do IPCA e INPC, referente a novembro, ser\u00e1 divulgado em 10 de dezembro.<\/p>\n<p>&nbsp;<\/p>\n<\/div>\n<\/section>\n<\/article>\n<\/div>\n<\/div>\n<p><\/main><\/div>\n<footer>\n<div>\n<div><strong>Fonte:<\/strong>\u00a0Ag\u00eancia Gov<\/div>\n<\/div>\n<\/footer>\n","protected":false},"excerpt":{"rendered":"<p>influenciado pelas altas no grupo Habita\u00e7\u00e3o (1,49%), ap\u00f3s aumento nos pre\u00e7os da energia el\u00e9trica residencial (4,74%), e no grupo Alimenta\u00e7\u00e3o e bebidas (1,06%), impulsionado pelo aumento das carnes (5,81%). No ano, a infla\u00e7\u00e3o acumulada \u00e9 de 3,88% e, nos \u00faltimos 12 meses, de 4,76%. Os dados s\u00e3o do \u00cdndice Nacional de Pre\u00e7os ao Consumidor Amplo &hellip;<\/p>\n","protected":false},"author":2,"featured_media":81025,"comment_status":"open","ping_status":"open","sticky":false,"template":"","format":"standard","meta":{"content-type":"","rop_custom_images_group":[],"rop_custom_messages_group":[],"rop_publish_now":"yes","rop_publish_now_accounts":{"facebook_2648258775420054_1618374048415101":""},"rop_publish_now_history":[],"rop_publish_now_status":"pending","footnotes":"","_jetpack_memberships_contains_paid_content":false},"categories":[118],"tags":[871,13153,849,836,230,855,1584,15860,2711,1540,844,5441],"yoast_head":"<!-- This site is optimized with the Yoast SEO plugin v22.3 - https:\/\/yoast.com\/wordpress\/plugins\/seo\/ -->\n<title>Conta de luz fica mais barata ap\u00f3s impacto da infla\u00e7\u00e3o em outubro - Portal NPM<\/title>\n<meta name=\"robots\" content=\"index, follow, max-snippet:-1, max-image-preview:large, max-video-preview:-1\" \/>\n<link rel=\"canonical\" href=\"https:\/\/portalnpm.com\/index.php\/2024\/11\/11\/conta-de-luz-fica-mais-barata-apos-impacto-da-inflacao-em-outubro\/\" \/>\n<meta property=\"og:locale\" content=\"pt_BR\" \/>\n<meta property=\"og:type\" content=\"article\" \/>\n<meta property=\"og:title\" content=\"Conta de luz fica mais barata ap\u00f3s impacto da infla\u00e7\u00e3o em outubro - Portal NPM\" \/>\n<meta property=\"og:description\" content=\"influenciado pelas altas no grupo Habita\u00e7\u00e3o (1,49%), ap\u00f3s aumento nos pre\u00e7os da energia el\u00e9trica residencial (4,74%), e no grupo Alimenta\u00e7\u00e3o e bebidas (1,06%), impulsionado pelo aumento das carnes (5,81%). No ano, a infla\u00e7\u00e3o acumulada \u00e9 de 3,88% e, nos \u00faltimos 12 meses, de 4,76%. Os dados s\u00e3o do \u00cdndice Nacional de Pre\u00e7os ao Consumidor Amplo &hellip;\" \/>\n<meta property=\"og:url\" content=\"https:\/\/portalnpm.com\/index.php\/2024\/11\/11\/conta-de-luz-fica-mais-barata-apos-impacto-da-inflacao-em-outubro\/\" \/>\n<meta property=\"og:site_name\" content=\"Portal NPM\" \/>\n<meta property=\"article:published_time\" content=\"2024-11-11T23:35:24+00:00\" \/>\n<meta property=\"og:image\" content=\"https:\/\/portalnpm.com\/wp-content\/uploads\/2024\/11\/Conta-de-Luz-Equatorial-Piaui.jpg\" \/>\n\t<meta property=\"og:image:width\" content=\"1280\" \/>\n\t<meta property=\"og:image:height\" content=\"853\" \/>\n\t<meta property=\"og:image:type\" content=\"image\/jpeg\" \/>\n<meta name=\"author\" content=\"Genival Barbosa\" \/>\n<meta name=\"twitter:card\" content=\"summary_large_image\" \/>\n<meta name=\"twitter:label1\" content=\"Escrito por\" \/>\n\t<meta name=\"twitter:data1\" content=\"Genival Barbosa\" \/>\n\t<meta name=\"twitter:label2\" content=\"Est. tempo de leitura\" \/>\n\t<meta name=\"twitter:data2\" content=\"5 minutos\" \/>\n<script type=\"application\/ld+json\" class=\"yoast-schema-graph\">{\"@context\":\"https:\/\/schema.org\",\"@graph\":[{\"@type\":\"WebPage\",\"@id\":\"https:\/\/portalnpm.com\/index.php\/2024\/11\/11\/conta-de-luz-fica-mais-barata-apos-impacto-da-inflacao-em-outubro\/\",\"url\":\"https:\/\/portalnpm.com\/index.php\/2024\/11\/11\/conta-de-luz-fica-mais-barata-apos-impacto-da-inflacao-em-outubro\/\",\"name\":\"Conta de luz fica mais barata ap\u00f3s impacto da infla\u00e7\u00e3o em outubro - Portal NPM\",\"isPartOf\":{\"@id\":\"https:\/\/portalnpm.com\/#website\"},\"primaryImageOfPage\":{\"@id\":\"https:\/\/portalnpm.com\/index.php\/2024\/11\/11\/conta-de-luz-fica-mais-barata-apos-impacto-da-inflacao-em-outubro\/#primaryimage\"},\"image\":{\"@id\":\"https:\/\/portalnpm.com\/index.php\/2024\/11\/11\/conta-de-luz-fica-mais-barata-apos-impacto-da-inflacao-em-outubro\/#primaryimage\"},\"thumbnailUrl\":\"https:\/\/portalnpm.com\/wp-content\/uploads\/2024\/11\/Conta-de-Luz-Equatorial-Piaui.jpg\",\"datePublished\":\"2024-11-11T23:35:24+00:00\",\"dateModified\":\"2024-11-11T23:35:24+00:00\",\"author\":{\"@id\":\"https:\/\/portalnpm.com\/#\/schema\/person\/49313e563cfdefcc167f1ee4c017c294\"},\"breadcrumb\":{\"@id\":\"https:\/\/portalnpm.com\/index.php\/2024\/11\/11\/conta-de-luz-fica-mais-barata-apos-impacto-da-inflacao-em-outubro\/#breadcrumb\"},\"inLanguage\":\"pt-BR\",\"potentialAction\":[{\"@type\":\"ReadAction\",\"target\":[\"https:\/\/portalnpm.com\/index.php\/2024\/11\/11\/conta-de-luz-fica-mais-barata-apos-impacto-da-inflacao-em-outubro\/\"]}]},{\"@type\":\"ImageObject\",\"inLanguage\":\"pt-BR\",\"@id\":\"https:\/\/portalnpm.com\/index.php\/2024\/11\/11\/conta-de-luz-fica-mais-barata-apos-impacto-da-inflacao-em-outubro\/#primaryimage\",\"url\":\"https:\/\/portalnpm.com\/wp-content\/uploads\/2024\/11\/Conta-de-Luz-Equatorial-Piaui.jpg\",\"contentUrl\":\"https:\/\/portalnpm.com\/wp-content\/uploads\/2024\/11\/Conta-de-Luz-Equatorial-Piaui.jpg\",\"width\":1280,\"height\":853},{\"@type\":\"BreadcrumbList\",\"@id\":\"https:\/\/portalnpm.com\/index.php\/2024\/11\/11\/conta-de-luz-fica-mais-barata-apos-impacto-da-inflacao-em-outubro\/#breadcrumb\",\"itemListElement\":[{\"@type\":\"ListItem\",\"position\":1,\"name\":\"In\u00edcio\",\"item\":\"https:\/\/portalnpm.com\/\"},{\"@type\":\"ListItem\",\"position\":2,\"name\":\"Conta de luz fica mais barata ap\u00f3s impacto da infla\u00e7\u00e3o em outubro\"}]},{\"@type\":\"WebSite\",\"@id\":\"https:\/\/portalnpm.com\/#website\",\"url\":\"https:\/\/portalnpm.com\/\",\"name\":\"Portal NPM\",\"description\":\"Not\u00edcias em Primeira M\u00e3o\",\"potentialAction\":[{\"@type\":\"SearchAction\",\"target\":{\"@type\":\"EntryPoint\",\"urlTemplate\":\"https:\/\/portalnpm.com\/?s={search_term_string}\"},\"query-input\":\"required name=search_term_string\"}],\"inLanguage\":\"pt-BR\"},{\"@type\":\"Person\",\"@id\":\"https:\/\/portalnpm.com\/#\/schema\/person\/49313e563cfdefcc167f1ee4c017c294\",\"name\":\"Genival Barbosa\",\"image\":{\"@type\":\"ImageObject\",\"inLanguage\":\"pt-BR\",\"@id\":\"https:\/\/portalnpm.com\/#\/schema\/person\/image\/\",\"url\":\"https:\/\/portalnpm.com\/wp-content\/uploads\/2024\/02\/avatar_user_2_1707743258-96x96.jpeg\",\"contentUrl\":\"https:\/\/portalnpm.com\/wp-content\/uploads\/2024\/02\/avatar_user_2_1707743258-96x96.jpeg\",\"caption\":\"Genival Barbosa\"},\"url\":\"https:\/\/portalnpm.com\/index.php\/author\/genival\/\"}]}<\/script>\n<!-- \/ Yoast SEO plugin. -->","yoast_head_json":{"title":"Conta de luz fica mais barata ap\u00f3s impacto da infla\u00e7\u00e3o em outubro - Portal NPM","robots":{"index":"index","follow":"follow","max-snippet":"max-snippet:-1","max-image-preview":"max-image-preview:large","max-video-preview":"max-video-preview:-1"},"canonical":"https:\/\/portalnpm.com\/index.php\/2024\/11\/11\/conta-de-luz-fica-mais-barata-apos-impacto-da-inflacao-em-outubro\/","og_locale":"pt_BR","og_type":"article","og_title":"Conta de luz fica mais barata ap\u00f3s impacto da infla\u00e7\u00e3o em outubro - Portal NPM","og_description":"influenciado pelas altas no grupo Habita\u00e7\u00e3o (1,49%), ap\u00f3s aumento nos pre\u00e7os da energia el\u00e9trica residencial (4,74%), e no grupo Alimenta\u00e7\u00e3o e bebidas (1,06%), impulsionado pelo aumento das carnes (5,81%). No ano, a infla\u00e7\u00e3o acumulada \u00e9 de 3,88% e, nos \u00faltimos 12 meses, de 4,76%. Os dados s\u00e3o do \u00cdndice Nacional de Pre\u00e7os ao Consumidor Amplo &hellip;","og_url":"https:\/\/portalnpm.com\/index.php\/2024\/11\/11\/conta-de-luz-fica-mais-barata-apos-impacto-da-inflacao-em-outubro\/","og_site_name":"Portal NPM","article_published_time":"2024-11-11T23:35:24+00:00","og_image":[{"width":1280,"height":853,"url":"https:\/\/portalnpm.com\/wp-content\/uploads\/2024\/11\/Conta-de-Luz-Equatorial-Piaui.jpg","type":"image\/jpeg"}],"author":"Genival Barbosa","twitter_card":"summary_large_image","twitter_misc":{"Escrito por":"Genival Barbosa","Est. tempo de leitura":"5 minutos"},"schema":{"@context":"https:\/\/schema.org","@graph":[{"@type":"WebPage","@id":"https:\/\/portalnpm.com\/index.php\/2024\/11\/11\/conta-de-luz-fica-mais-barata-apos-impacto-da-inflacao-em-outubro\/","url":"https:\/\/portalnpm.com\/index.php\/2024\/11\/11\/conta-de-luz-fica-mais-barata-apos-impacto-da-inflacao-em-outubro\/","name":"Conta de luz fica mais barata ap\u00f3s impacto da infla\u00e7\u00e3o em outubro - Portal NPM","isPartOf":{"@id":"https:\/\/portalnpm.com\/#website"},"primaryImageOfPage":{"@id":"https:\/\/portalnpm.com\/index.php\/2024\/11\/11\/conta-de-luz-fica-mais-barata-apos-impacto-da-inflacao-em-outubro\/#primaryimage"},"image":{"@id":"https:\/\/portalnpm.com\/index.php\/2024\/11\/11\/conta-de-luz-fica-mais-barata-apos-impacto-da-inflacao-em-outubro\/#primaryimage"},"thumbnailUrl":"https:\/\/portalnpm.com\/wp-content\/uploads\/2024\/11\/Conta-de-Luz-Equatorial-Piaui.jpg","datePublished":"2024-11-11T23:35:24+00:00","dateModified":"2024-11-11T23:35:24+00:00","author":{"@id":"https:\/\/portalnpm.com\/#\/schema\/person\/49313e563cfdefcc167f1ee4c017c294"},"breadcrumb":{"@id":"https:\/\/portalnpm.com\/index.php\/2024\/11\/11\/conta-de-luz-fica-mais-barata-apos-impacto-da-inflacao-em-outubro\/#breadcrumb"},"inLanguage":"pt-BR","potentialAction":[{"@type":"ReadAction","target":["https:\/\/portalnpm.com\/index.php\/2024\/11\/11\/conta-de-luz-fica-mais-barata-apos-impacto-da-inflacao-em-outubro\/"]}]},{"@type":"ImageObject","inLanguage":"pt-BR","@id":"https:\/\/portalnpm.com\/index.php\/2024\/11\/11\/conta-de-luz-fica-mais-barata-apos-impacto-da-inflacao-em-outubro\/#primaryimage","url":"https:\/\/portalnpm.com\/wp-content\/uploads\/2024\/11\/Conta-de-Luz-Equatorial-Piaui.jpg","contentUrl":"https:\/\/portalnpm.com\/wp-content\/uploads\/2024\/11\/Conta-de-Luz-Equatorial-Piaui.jpg","width":1280,"height":853},{"@type":"BreadcrumbList","@id":"https:\/\/portalnpm.com\/index.php\/2024\/11\/11\/conta-de-luz-fica-mais-barata-apos-impacto-da-inflacao-em-outubro\/#breadcrumb","itemListElement":[{"@type":"ListItem","position":1,"name":"In\u00edcio","item":"https:\/\/portalnpm.com\/"},{"@type":"ListItem","position":2,"name":"Conta de luz fica mais barata ap\u00f3s impacto da infla\u00e7\u00e3o em outubro"}]},{"@type":"WebSite","@id":"https:\/\/portalnpm.com\/#website","url":"https:\/\/portalnpm.com\/","name":"Portal NPM","description":"Not\u00edcias em Primeira M\u00e3o","potentialAction":[{"@type":"SearchAction","target":{"@type":"EntryPoint","urlTemplate":"https:\/\/portalnpm.com\/?s={search_term_string}"},"query-input":"required name=search_term_string"}],"inLanguage":"pt-BR"},{"@type":"Person","@id":"https:\/\/portalnpm.com\/#\/schema\/person\/49313e563cfdefcc167f1ee4c017c294","name":"Genival Barbosa","image":{"@type":"ImageObject","inLanguage":"pt-BR","@id":"https:\/\/portalnpm.com\/#\/schema\/person\/image\/","url":"https:\/\/portalnpm.com\/wp-content\/uploads\/2024\/02\/avatar_user_2_1707743258-96x96.jpeg","contentUrl":"https:\/\/portalnpm.com\/wp-content\/uploads\/2024\/02\/avatar_user_2_1707743258-96x96.jpeg","caption":"Genival Barbosa"},"url":"https:\/\/portalnpm.com\/index.php\/author\/genival\/"}]}},"jetpack_sharing_enabled":true,"jetpack_featured_media_url":"https:\/\/portalnpm.com\/wp-content\/uploads\/2024\/11\/Conta-de-Luz-Equatorial-Piaui.jpg","_links":{"self":[{"href":"https:\/\/portalnpm.com\/index.php\/wp-json\/wp\/v2\/posts\/81024"}],"collection":[{"href":"https:\/\/portalnpm.com\/index.php\/wp-json\/wp\/v2\/posts"}],"about":[{"href":"https:\/\/portalnpm.com\/index.php\/wp-json\/wp\/v2\/types\/post"}],"author":[{"embeddable":true,"href":"https:\/\/portalnpm.com\/index.php\/wp-json\/wp\/v2\/users\/2"}],"replies":[{"embeddable":true,"href":"https:\/\/portalnpm.com\/index.php\/wp-json\/wp\/v2\/comments?post=81024"}],"version-history":[{"count":1,"href":"https:\/\/portalnpm.com\/index.php\/wp-json\/wp\/v2\/posts\/81024\/revisions"}],"predecessor-version":[{"id":81026,"href":"https:\/\/portalnpm.com\/index.php\/wp-json\/wp\/v2\/posts\/81024\/revisions\/81026"}],"wp:featuredmedia":[{"embeddable":true,"href":"https:\/\/portalnpm.com\/index.php\/wp-json\/wp\/v2\/media\/81025"}],"wp:attachment":[{"href":"https:\/\/portalnpm.com\/index.php\/wp-json\/wp\/v2\/media?parent=81024"}],"wp:term":[{"taxonomy":"category","embeddable":true,"href":"https:\/\/portalnpm.com\/index.php\/wp-json\/wp\/v2\/categories?post=81024"},{"taxonomy":"post_tag","embeddable":true,"href":"https:\/\/portalnpm.com\/index.php\/wp-json\/wp\/v2\/tags?post=81024"}],"curies":[{"name":"wp","href":"https:\/\/api.w.org\/{rel}","templated":true}]}}