{"id":8120,"date":"2019-05-08T14:32:04","date_gmt":"2019-05-08T17:32:04","guid":{"rendered":"http:\/\/srv.portalnpm.com.br\/?p=8120"},"modified":"2019-05-08T14:32:04","modified_gmt":"2019-05-08T17:32:04","slug":"bloqueio-de-recursos-pode-inviabilizar-funcionamento-da-ufpi-de-picos","status":"publish","type":"post","link":"https:\/\/portalnpm.com\/index.php\/2019\/05\/08\/bloqueio-de-recursos-pode-inviabilizar-funcionamento-da-ufpi-de-picos\/","title":{"rendered":"Bloqueio de recursos pode inviabilizar funcionamento da UFPI de Picos"},"content":{"rendered":"<p style=\"text-align: justify;\">O bloqueio de 30% dos recursos das universidades federais promovido pelo Minist\u00e9rio da Educa\u00e7\u00e3o tem repercutido seriamente por todo o Brasil, e em Picos n\u00e3o \u00e9 diferente. O diretor da UFPI \u2013 Campus Senador Helv\u00eddio Nunes de Barros (CSHNB), Prof. Dr. Gleison Monteiro, afirmou que o funcionamento da institui\u00e7\u00e3o poder\u00e1 ser inviabilizado no segundo semestre desse ano se a medida n\u00e3o for revertida.<\/p>\n<p style=\"text-align: justify;\">\u201cN\u00f3s n\u00e3o teremos como manter a presta\u00e7\u00e3o de alguns servi\u00e7os, e teremos de cortar ainda mais da vigil\u00e2ncia, que est\u00e1 no limite, e o Campus de Picos \u00e9 todo aberto, e estamos no limite do servi\u00e7o de limpeza, e no limite dos servi\u00e7os administrativos\u201d, relatou.<\/p>\n<p style=\"text-align: justify;\">O bloqueio de 30% dos recursos repercutir\u00e1 tamb\u00e9m sobre os estudantes em servi\u00e7os bastante utilizados, como o transporte oferecido pela universidade. O Campus de Picos disp\u00f5e de dois \u00f4nibus, um faz o transporte dos alunos do centro da cidade at\u00e9 a universidade, enquanto o outro \u00e9 utilizado para que os acad\u00eamicos possam se deslocar para outras cidades para participarem de congressos.<\/p>\n<p style=\"text-align: justify;\">\u201cSer\u00e1 a quest\u00e3o do transporte, dos programas e projetos de extens\u00e3o, pois todos eles s\u00e3o bancados com os recursos do custeio da universidade, e tudo isso pode ser cortado\u201d, explicou.<\/p>\n<figure id=\"attachment_8121\" aria-describedby=\"caption-attachment-8121\" style=\"width: 640px\" class=\"wp-caption aligncenter\"><img fetchpriority=\"high\" decoding=\"async\" class=\"size-full wp-image-8121\" src=\"http:\/\/portalnpm.com\/wp-content\/uploads\/2019\/05\/DSC_02223.jpg\" alt=\"\" width=\"640\" height=\"480\" \/><figcaption id=\"caption-attachment-8121\" class=\"wp-caption-text\">Diretor da UFPI de Picos, Prf. Dr. Gleison Monteiro<\/figcaption><\/figure>\n<p style=\"text-align: justify;\">Ainda na lista do que pode faltar para a UFPI de Picos, est\u00e1 o material de consumo necess\u00e1rio para o funcionamento da institui\u00e7\u00e3o, como os reagentes utilizados nos laborat\u00f3rios e os materiais do consult\u00f3rio odontol\u00f3gico. \u201cTudo o que se compra entra dentro do consumo, ent\u00e3o isso pode impactar, e para o segundo semestre n\u00e3o temos a ideia de qual vai ser o impacto do or\u00e7amento em si\u201d, frisou o diretor.<\/p>\n<p style=\"text-align: justify;\">No entanto, esse n\u00e3o \u00e9 o primeiro bloqueio de recursos sofridos pela UFPI em 2019. Gleison informou que j\u00e1 no m\u00eas de mar\u00e7o deste ano a UFPI sofreu um corte de 26% nos recursos, o que motivou uma reuni\u00e3o de urg\u00eancia entre todos diretores da institui\u00e7\u00e3o e a reitoria, com o fim de saber onde os investimentos poderiam ser reduzidos. \u201cFoi decidido que o corte iria para a terceiriza\u00e7\u00e3o, pois \u00e9 nele que est\u00e1 grande parte dos custeios, pois n\u00f3s temos de pagar energia, internet, \u00e1gua, telefonia e a presta\u00e7\u00e3o de servi\u00e7os\u201d, explicou.<\/p>\n<p style=\"text-align: justify;\">A UFPI, assim como todas as universidades federais do Brasil, estava trabalhando com o or\u00e7amento aprovado no ano passado, mas agora est\u00e3o sendo obrigadas a se adequar e ainda com o risco de n\u00e3o poder mais funcionar. \u201cE esse or\u00e7amento est\u00e1 sendo minguado e com cortes, e isso se complica porque n\u00f3s temos que manter os servi\u00e7os\u201d, declarou o diretor.<\/p>\n<p style=\"text-align: justify;\"><strong>A UFPI em n\u00fameros<\/strong><\/p>\n<p style=\"text-align: justify;\">O Campus Senador Helv\u00eddio Nunes de Barros (CSHNB) atente a 3254 estudantes, oferecendo 11 gradua\u00e7\u00f5es, contando com os servi\u00e7os de 250 servidores efetivos, dentre professores e t\u00e9cnicos, al\u00e9m de 150 terceirizados. Dessa forma, a UFPI tem uma fun\u00e7\u00e3o importante para a economia local.<\/p>\n<p style=\"text-align: justify;\">O diretor Gleison pediu que a sociedade pressione pelo cancelamento do bloiqueio de 30% do or\u00e7amento da educa\u00e7\u00e3o. \u201cQue a gente possa construir uma corrente positiva e que possamos reivindicar a preserva\u00e7\u00e3o da UFPI, para que ela continue com o seu funcionamento pleno, e isso \u00e9 independente de partido pol\u00edtico, a UFPI \u00e9 maior do que qualquer partido pol\u00edtico, e temos aqui um compromisso social\u201d, declarou.<\/p>\n<p style=\"text-align: justify;\"><strong>Folha Atual<\/strong><\/p>\n","protected":false},"excerpt":{"rendered":"<p>O bloqueio de 30% dos recursos das universidades federais promovido pelo Minist\u00e9rio da Educa\u00e7\u00e3o tem repercutido seriamente por todo o Brasil, e em Picos n\u00e3o \u00e9 diferente. O diretor da UFPI \u2013 Campus Senador Helv\u00eddio Nunes de Barros (CSHNB), Prof. Dr. Gleison Monteiro, afirmou que o funcionamento da institui\u00e7\u00e3o poder\u00e1 ser inviabilizado no segundo semestre &hellip;<\/p>\n","protected":false},"author":8,"featured_media":8122,"comment_status":"open","ping_status":"open","sticky":false,"template":"","format":"standard","meta":{"content-type":"","rop_custom_images_group":[],"rop_custom_messages_group":[],"rop_publish_now":"initial","rop_publish_now_accounts":{"facebook_2648258775420054_1618374048415101":""},"rop_publish_now_history":[],"rop_publish_now_status":"pending","footnotes":"","_jetpack_memberships_contains_paid_content":false},"categories":[113,127],"tags":[1853,391,1823],"yoast_head":"<!-- This site is optimized with the Yoast SEO plugin v22.3 - https:\/\/yoast.com\/wordpress\/plugins\/seo\/ -->\n<title>Bloqueio de recursos pode inviabilizar funcionamento da UFPI de Picos - Portal NPM<\/title>\n<meta name=\"robots\" content=\"index, follow, max-snippet:-1, max-image-preview:large, max-video-preview:-1\" \/>\n<link rel=\"canonical\" href=\"https:\/\/portalnpm.com\/index.php\/2019\/05\/08\/bloqueio-de-recursos-pode-inviabilizar-funcionamento-da-ufpi-de-picos\/\" \/>\n<meta property=\"og:locale\" content=\"pt_BR\" \/>\n<meta property=\"og:type\" content=\"article\" \/>\n<meta property=\"og:title\" content=\"Bloqueio de recursos pode inviabilizar funcionamento da UFPI de Picos - Portal NPM\" \/>\n<meta property=\"og:description\" content=\"O bloqueio de 30% dos recursos das universidades federais promovido pelo Minist\u00e9rio da Educa\u00e7\u00e3o tem repercutido seriamente por todo o Brasil, e em Picos n\u00e3o \u00e9 diferente. O diretor da UFPI \u2013 Campus Senador Helv\u00eddio Nunes de Barros (CSHNB), Prof. Dr. Gleison Monteiro, afirmou que o funcionamento da institui\u00e7\u00e3o poder\u00e1 ser inviabilizado no segundo semestre &hellip;\" \/>\n<meta property=\"og:url\" content=\"https:\/\/portalnpm.com\/index.php\/2019\/05\/08\/bloqueio-de-recursos-pode-inviabilizar-funcionamento-da-ufpi-de-picos\/\" \/>\n<meta property=\"og:site_name\" content=\"Portal NPM\" \/>\n<meta property=\"article:published_time\" content=\"2019-05-08T17:32:04+00:00\" \/>\n<meta name=\"author\" content=\"Zenilton Lima\" \/>\n<meta name=\"twitter:card\" content=\"summary_large_image\" \/>\n<meta name=\"twitter:label1\" content=\"Escrito por\" \/>\n\t<meta name=\"twitter:data1\" content=\"Zenilton Lima\" \/>\n\t<meta name=\"twitter:label2\" content=\"Est. tempo de leitura\" \/>\n\t<meta name=\"twitter:data2\" content=\"3 minutos\" \/>\n<script type=\"application\/ld+json\" class=\"yoast-schema-graph\">{\"@context\":\"https:\/\/schema.org\",\"@graph\":[{\"@type\":\"WebPage\",\"@id\":\"https:\/\/portalnpm.com\/index.php\/2019\/05\/08\/bloqueio-de-recursos-pode-inviabilizar-funcionamento-da-ufpi-de-picos\/\",\"url\":\"https:\/\/portalnpm.com\/index.php\/2019\/05\/08\/bloqueio-de-recursos-pode-inviabilizar-funcionamento-da-ufpi-de-picos\/\",\"name\":\"Bloqueio de recursos pode inviabilizar funcionamento da UFPI de Picos - Portal NPM\",\"isPartOf\":{\"@id\":\"https:\/\/portalnpm.com\/#website\"},\"primaryImageOfPage\":{\"@id\":\"https:\/\/portalnpm.com\/index.php\/2019\/05\/08\/bloqueio-de-recursos-pode-inviabilizar-funcionamento-da-ufpi-de-picos\/#primaryimage\"},\"image\":{\"@id\":\"https:\/\/portalnpm.com\/index.php\/2019\/05\/08\/bloqueio-de-recursos-pode-inviabilizar-funcionamento-da-ufpi-de-picos\/#primaryimage\"},\"thumbnailUrl\":\"\",\"datePublished\":\"2019-05-08T17:32:04+00:00\",\"dateModified\":\"2019-05-08T17:32:04+00:00\",\"author\":{\"@id\":\"https:\/\/portalnpm.com\/#\/schema\/person\/35cb55186eae3f074b6783da6d35591e\"},\"breadcrumb\":{\"@id\":\"https:\/\/portalnpm.com\/index.php\/2019\/05\/08\/bloqueio-de-recursos-pode-inviabilizar-funcionamento-da-ufpi-de-picos\/#breadcrumb\"},\"inLanguage\":\"pt-BR\",\"potentialAction\":[{\"@type\":\"ReadAction\",\"target\":[\"https:\/\/portalnpm.com\/index.php\/2019\/05\/08\/bloqueio-de-recursos-pode-inviabilizar-funcionamento-da-ufpi-de-picos\/\"]}]},{\"@type\":\"ImageObject\",\"inLanguage\":\"pt-BR\",\"@id\":\"https:\/\/portalnpm.com\/index.php\/2019\/05\/08\/bloqueio-de-recursos-pode-inviabilizar-funcionamento-da-ufpi-de-picos\/#primaryimage\",\"url\":\"\",\"contentUrl\":\"\"},{\"@type\":\"BreadcrumbList\",\"@id\":\"https:\/\/portalnpm.com\/index.php\/2019\/05\/08\/bloqueio-de-recursos-pode-inviabilizar-funcionamento-da-ufpi-de-picos\/#breadcrumb\",\"itemListElement\":[{\"@type\":\"ListItem\",\"position\":1,\"name\":\"In\u00edcio\",\"item\":\"https:\/\/portalnpm.com\/\"},{\"@type\":\"ListItem\",\"position\":2,\"name\":\"Bloqueio de recursos pode inviabilizar funcionamento da UFPI de Picos\"}]},{\"@type\":\"WebSite\",\"@id\":\"https:\/\/portalnpm.com\/#website\",\"url\":\"https:\/\/portalnpm.com\/\",\"name\":\"Portal NPM\",\"description\":\"Not\u00edcias em Primeira M\u00e3o\",\"potentialAction\":[{\"@type\":\"SearchAction\",\"target\":{\"@type\":\"EntryPoint\",\"urlTemplate\":\"https:\/\/portalnpm.com\/?s={search_term_string}\"},\"query-input\":\"required name=search_term_string\"}],\"inLanguage\":\"pt-BR\"},{\"@type\":\"Person\",\"@id\":\"https:\/\/portalnpm.com\/#\/schema\/person\/35cb55186eae3f074b6783da6d35591e\",\"name\":\"Zenilton Lima\",\"image\":{\"@type\":\"ImageObject\",\"inLanguage\":\"pt-BR\",\"@id\":\"https:\/\/portalnpm.com\/#\/schema\/person\/image\/\",\"url\":\"https:\/\/portalnpm.com\/wp-content\/uploads\/2024\/12\/avatar_user_8_1733658137-96x96.jpeg\",\"contentUrl\":\"https:\/\/portalnpm.com\/wp-content\/uploads\/2024\/12\/avatar_user_8_1733658137-96x96.jpeg\",\"caption\":\"Zenilton Lima\"},\"url\":\"https:\/\/portalnpm.com\/index.php\/author\/zenilton\/\"}]}<\/script>\n<!-- \/ Yoast SEO plugin. -->","yoast_head_json":{"title":"Bloqueio de recursos pode inviabilizar funcionamento da UFPI de Picos - Portal NPM","robots":{"index":"index","follow":"follow","max-snippet":"max-snippet:-1","max-image-preview":"max-image-preview:large","max-video-preview":"max-video-preview:-1"},"canonical":"https:\/\/portalnpm.com\/index.php\/2019\/05\/08\/bloqueio-de-recursos-pode-inviabilizar-funcionamento-da-ufpi-de-picos\/","og_locale":"pt_BR","og_type":"article","og_title":"Bloqueio de recursos pode inviabilizar funcionamento da UFPI de Picos - Portal NPM","og_description":"O bloqueio de 30% dos recursos das universidades federais promovido pelo Minist\u00e9rio da Educa\u00e7\u00e3o tem repercutido seriamente por todo o Brasil, e em Picos n\u00e3o \u00e9 diferente. O diretor da UFPI \u2013 Campus Senador Helv\u00eddio Nunes de Barros (CSHNB), Prof. Dr. Gleison Monteiro, afirmou que o funcionamento da institui\u00e7\u00e3o poder\u00e1 ser inviabilizado no segundo semestre &hellip;","og_url":"https:\/\/portalnpm.com\/index.php\/2019\/05\/08\/bloqueio-de-recursos-pode-inviabilizar-funcionamento-da-ufpi-de-picos\/","og_site_name":"Portal NPM","article_published_time":"2019-05-08T17:32:04+00:00","author":"Zenilton Lima","twitter_card":"summary_large_image","twitter_misc":{"Escrito por":"Zenilton Lima","Est. tempo de leitura":"3 minutos"},"schema":{"@context":"https:\/\/schema.org","@graph":[{"@type":"WebPage","@id":"https:\/\/portalnpm.com\/index.php\/2019\/05\/08\/bloqueio-de-recursos-pode-inviabilizar-funcionamento-da-ufpi-de-picos\/","url":"https:\/\/portalnpm.com\/index.php\/2019\/05\/08\/bloqueio-de-recursos-pode-inviabilizar-funcionamento-da-ufpi-de-picos\/","name":"Bloqueio de recursos pode inviabilizar funcionamento da UFPI de Picos - Portal NPM","isPartOf":{"@id":"https:\/\/portalnpm.com\/#website"},"primaryImageOfPage":{"@id":"https:\/\/portalnpm.com\/index.php\/2019\/05\/08\/bloqueio-de-recursos-pode-inviabilizar-funcionamento-da-ufpi-de-picos\/#primaryimage"},"image":{"@id":"https:\/\/portalnpm.com\/index.php\/2019\/05\/08\/bloqueio-de-recursos-pode-inviabilizar-funcionamento-da-ufpi-de-picos\/#primaryimage"},"thumbnailUrl":"","datePublished":"2019-05-08T17:32:04+00:00","dateModified":"2019-05-08T17:32:04+00:00","author":{"@id":"https:\/\/portalnpm.com\/#\/schema\/person\/35cb55186eae3f074b6783da6d35591e"},"breadcrumb":{"@id":"https:\/\/portalnpm.com\/index.php\/2019\/05\/08\/bloqueio-de-recursos-pode-inviabilizar-funcionamento-da-ufpi-de-picos\/#breadcrumb"},"inLanguage":"pt-BR","potentialAction":[{"@type":"ReadAction","target":["https:\/\/portalnpm.com\/index.php\/2019\/05\/08\/bloqueio-de-recursos-pode-inviabilizar-funcionamento-da-ufpi-de-picos\/"]}]},{"@type":"ImageObject","inLanguage":"pt-BR","@id":"https:\/\/portalnpm.com\/index.php\/2019\/05\/08\/bloqueio-de-recursos-pode-inviabilizar-funcionamento-da-ufpi-de-picos\/#primaryimage","url":"","contentUrl":""},{"@type":"BreadcrumbList","@id":"https:\/\/portalnpm.com\/index.php\/2019\/05\/08\/bloqueio-de-recursos-pode-inviabilizar-funcionamento-da-ufpi-de-picos\/#breadcrumb","itemListElement":[{"@type":"ListItem","position":1,"name":"In\u00edcio","item":"https:\/\/portalnpm.com\/"},{"@type":"ListItem","position":2,"name":"Bloqueio de recursos pode inviabilizar funcionamento da UFPI de Picos"}]},{"@type":"WebSite","@id":"https:\/\/portalnpm.com\/#website","url":"https:\/\/portalnpm.com\/","name":"Portal NPM","description":"Not\u00edcias em Primeira M\u00e3o","potentialAction":[{"@type":"SearchAction","target":{"@type":"EntryPoint","urlTemplate":"https:\/\/portalnpm.com\/?s={search_term_string}"},"query-input":"required name=search_term_string"}],"inLanguage":"pt-BR"},{"@type":"Person","@id":"https:\/\/portalnpm.com\/#\/schema\/person\/35cb55186eae3f074b6783da6d35591e","name":"Zenilton Lima","image":{"@type":"ImageObject","inLanguage":"pt-BR","@id":"https:\/\/portalnpm.com\/#\/schema\/person\/image\/","url":"https:\/\/portalnpm.com\/wp-content\/uploads\/2024\/12\/avatar_user_8_1733658137-96x96.jpeg","contentUrl":"https:\/\/portalnpm.com\/wp-content\/uploads\/2024\/12\/avatar_user_8_1733658137-96x96.jpeg","caption":"Zenilton Lima"},"url":"https:\/\/portalnpm.com\/index.php\/author\/zenilton\/"}]}},"jetpack_sharing_enabled":true,"jetpack_featured_media_url":"","_links":{"self":[{"href":"https:\/\/portalnpm.com\/index.php\/wp-json\/wp\/v2\/posts\/8120"}],"collection":[{"href":"https:\/\/portalnpm.com\/index.php\/wp-json\/wp\/v2\/posts"}],"about":[{"href":"https:\/\/portalnpm.com\/index.php\/wp-json\/wp\/v2\/types\/post"}],"author":[{"embeddable":true,"href":"https:\/\/portalnpm.com\/index.php\/wp-json\/wp\/v2\/users\/8"}],"replies":[{"embeddable":true,"href":"https:\/\/portalnpm.com\/index.php\/wp-json\/wp\/v2\/comments?post=8120"}],"version-history":[{"count":0,"href":"https:\/\/portalnpm.com\/index.php\/wp-json\/wp\/v2\/posts\/8120\/revisions"}],"wp:featuredmedia":[{"embeddable":true,"href":"https:\/\/portalnpm.com\/index.php\/wp-json\/"}],"wp:attachment":[{"href":"https:\/\/portalnpm.com\/index.php\/wp-json\/wp\/v2\/media?parent=8120"}],"wp:term":[{"taxonomy":"category","embeddable":true,"href":"https:\/\/portalnpm.com\/index.php\/wp-json\/wp\/v2\/categories?post=8120"},{"taxonomy":"post_tag","embeddable":true,"href":"https:\/\/portalnpm.com\/index.php\/wp-json\/wp\/v2\/tags?post=8120"}],"curies":[{"name":"wp","href":"https:\/\/api.w.org\/{rel}","templated":true}]}}