{"id":81329,"date":"2024-11-17T12:12:56","date_gmt":"2024-11-17T15:12:56","guid":{"rendered":"https:\/\/portalnpm.com\/?p=81329"},"modified":"2024-11-17T12:12:56","modified_gmt":"2024-11-17T15:12:56","slug":"prefeito-ademar-anuncia-atracoes-para-o-aniversario-de-29-anos-de-belem-do-piaui-confira","status":"publish","type":"post","link":"https:\/\/portalnpm.com\/index.php\/2024\/11\/17\/prefeito-ademar-anuncia-atracoes-para-o-aniversario-de-29-anos-de-belem-do-piaui-confira\/","title":{"rendered":"Prefeito Ademar anuncia atra\u00e7\u00f5es para o anivers\u00e1rio de 29 anos de Bel\u00e9m do Piau\u00ed; confira!"},"content":{"rendered":"<div class=\"td-a-ad id_top_ad \"><\/div>\n<p>A Prefeitura Municipal de Bel\u00e9m do Piau\u00ed, sob a gest\u00e3o do prefeito Ademar Carvalho, divulgou neste s\u00e1bado (16), as atra\u00e7\u00f5es musicais que ir\u00e3o animar o anivers\u00e1rio de 29 anos de emancipa\u00e7\u00e3o pol\u00edtica-administrativa do munic\u00edpio. O evento acontecer\u00e1 no dia 14 de dezembro, em pra\u00e7a p\u00fablica.<\/p>\n<p>Em um v\u00eddeo publicado nas redes sociais, o prefeito revelou os nomes que prometem movimentar a cidade, sendo eles, Fabinho Testado, Forr\u00f3 dos Plays e Z\u00e9 Armando. As atra\u00e7\u00f5es foram escolhidas para garantir uma noite de celebra\u00e7\u00e3o e entretenimento, valorizando o p\u00fablico local e visitantes.<\/p>\n<p><a class=\"td-modal-image\" href=\"https:\/\/infonewss-bucket.s3.amazonaws.com\/2024\/11\/IMG_7324.jpeg\"><img fetchpriority=\"high\" decoding=\"async\" class=\"alignnone size-full wp-image-569635\" src=\"https:\/\/infonewss-bucket.s3.amazonaws.com\/2024\/11\/IMG_7324.jpeg\" sizes=\"(max-width: 1284px) 100vw, 1284px\" srcset=\"https:\/\/infonewss-bucket.s3.amazonaws.com\/2024\/11\/IMG_7324-169x300.jpeg 169w, https:\/\/infonewss-bucket.s3.amazonaws.com\/2024\/11\/IMG_7324-578x1024.jpeg 578w, https:\/\/infonewss-bucket.s3.amazonaws.com\/2024\/11\/IMG_7324-768x1361.jpeg 768w, https:\/\/infonewss-bucket.s3.amazonaws.com\/2024\/11\/IMG_7324-867x1536.jpeg 867w, https:\/\/infonewss-bucket.s3.amazonaws.com\/2024\/11\/IMG_7324-1155x2048.jpeg 1155w, https:\/\/infonewss-bucket.s3.amazonaws.com\/2024\/11\/IMG_7324-150x266.jpeg 150w, https:\/\/infonewss-bucket.s3.amazonaws.com\/2024\/11\/IMG_7324-300x532.jpeg 300w, https:\/\/infonewss-bucket.s3.amazonaws.com\/2024\/11\/IMG_7324-696x1234.jpeg 696w, https:\/\/infonewss-bucket.s3.amazonaws.com\/2024\/11\/IMG_7324-1068x1893.jpeg 1068w, https:\/\/infonewss-bucket.s3.amazonaws.com\/2024\/11\/IMG_7324.jpeg 1284w\" alt=\"\" width=\"1284\" height=\"2276\" \/><\/a><\/p>\n<p>Al\u00e9m dos shows musicais, o prefeito destacou que a programa\u00e7\u00e3o completa da festividade ser\u00e1 divulgada em breve pela equipe organizadora. \u201cSer\u00e1 uma data especial para o povo de Bel\u00e9m do Piau\u00ed, e estamos preparando uma programa\u00e7\u00e3o diversificada, que inclui cultura, esportes, lazer, homenagens e entrega de obras, al\u00e9m de atividades que refor\u00e7am o orgulho e a identidade do nosso munic\u00edpio\u201d, declarou Ademar.<\/p>\n<p>A expectativa \u00e9 de que o evento re\u00fana um grande p\u00fablico, movimentando a economia local e destacando a hospitalidade caracter\u00edstica do munic\u00edpio.<\/p>\n<p>Mais informa\u00e7\u00f5es sobre as atividades e os hor\u00e1rios das apresenta\u00e7\u00f5es devem ser anunciadas nos pr\u00f3ximos dias.<\/p>\n<p>&nbsp;<\/p>\n<p>Fonte: Infonewss<\/p>\n","protected":false},"excerpt":{"rendered":"<p>A Prefeitura Municipal de Bel\u00e9m do Piau\u00ed, sob a gest\u00e3o do prefeito Ademar Carvalho, divulgou neste s\u00e1bado (16), as atra\u00e7\u00f5es musicais que ir\u00e3o animar o anivers\u00e1rio de 29 anos de emancipa\u00e7\u00e3o pol\u00edtica-administrativa do munic\u00edpio. O evento acontecer\u00e1 no dia 14 de dezembro, em pra\u00e7a p\u00fablica. Em um v\u00eddeo publicado nas redes sociais, o prefeito revelou &hellip;<\/p>\n","protected":false},"author":2,"featured_media":81330,"comment_status":"open","ping_status":"open","sticky":false,"template":"","format":"standard","meta":{"content-type":"","rop_custom_images_group":[],"rop_custom_messages_group":[],"rop_publish_now":"yes","rop_publish_now_accounts":{"facebook_2648258775420054_1618374048415101":""},"rop_publish_now_history":[],"rop_publish_now_status":"pending","footnotes":"","_jetpack_memberships_contains_paid_content":false},"categories":[4308,147,109],"tags":[4582,12868,116,221,223,437,105,934,230,852,187,135],"yoast_head":"<!-- This site is optimized with the Yoast SEO plugin v22.3 - https:\/\/yoast.com\/wordpress\/plugins\/seo\/ -->\n<title>Prefeito Ademar anuncia atra\u00e7\u00f5es para o anivers\u00e1rio de 29 anos de Bel\u00e9m do Piau\u00ed; confira! - Portal NPM<\/title>\n<meta name=\"robots\" content=\"index, follow, max-snippet:-1, max-image-preview:large, max-video-preview:-1\" \/>\n<link rel=\"canonical\" href=\"https:\/\/portalnpm.com\/index.php\/2024\/11\/17\/prefeito-ademar-anuncia-atracoes-para-o-aniversario-de-29-anos-de-belem-do-piaui-confira\/\" \/>\n<meta property=\"og:locale\" content=\"pt_BR\" \/>\n<meta property=\"og:type\" content=\"article\" \/>\n<meta property=\"og:title\" content=\"Prefeito Ademar anuncia atra\u00e7\u00f5es para o anivers\u00e1rio de 29 anos de Bel\u00e9m do Piau\u00ed; confira! - Portal NPM\" \/>\n<meta property=\"og:description\" content=\"A Prefeitura Municipal de Bel\u00e9m do Piau\u00ed, sob a gest\u00e3o do prefeito Ademar Carvalho, divulgou neste s\u00e1bado (16), as atra\u00e7\u00f5es musicais que ir\u00e3o animar o anivers\u00e1rio de 29 anos de emancipa\u00e7\u00e3o pol\u00edtica-administrativa do munic\u00edpio. O evento acontecer\u00e1 no dia 14 de dezembro, em pra\u00e7a p\u00fablica. Em um v\u00eddeo publicado nas redes sociais, o prefeito revelou &hellip;\" \/>\n<meta property=\"og:url\" content=\"https:\/\/portalnpm.com\/index.php\/2024\/11\/17\/prefeito-ademar-anuncia-atracoes-para-o-aniversario-de-29-anos-de-belem-do-piaui-confira\/\" \/>\n<meta property=\"og:site_name\" content=\"Portal NPM\" \/>\n<meta property=\"article:published_time\" content=\"2024-11-17T15:12:56+00:00\" \/>\n<meta property=\"og:image\" content=\"https:\/\/portalnpm.com\/wp-content\/uploads\/2024\/11\/IMG_7322.jpeg\" \/>\n\t<meta property=\"og:image:width\" content=\"678\" \/>\n\t<meta property=\"og:image:height\" content=\"452\" \/>\n\t<meta property=\"og:image:type\" content=\"image\/jpeg\" \/>\n<meta name=\"author\" content=\"Genival Barbosa\" \/>\n<meta name=\"twitter:card\" content=\"summary_large_image\" \/>\n<meta name=\"twitter:label1\" content=\"Escrito por\" \/>\n\t<meta name=\"twitter:data1\" content=\"Genival Barbosa\" \/>\n\t<meta name=\"twitter:label2\" content=\"Est. tempo de leitura\" \/>\n\t<meta name=\"twitter:data2\" content=\"2 minutos\" \/>\n<script type=\"application\/ld+json\" class=\"yoast-schema-graph\">{\"@context\":\"https:\/\/schema.org\",\"@graph\":[{\"@type\":\"WebPage\",\"@id\":\"https:\/\/portalnpm.com\/index.php\/2024\/11\/17\/prefeito-ademar-anuncia-atracoes-para-o-aniversario-de-29-anos-de-belem-do-piaui-confira\/\",\"url\":\"https:\/\/portalnpm.com\/index.php\/2024\/11\/17\/prefeito-ademar-anuncia-atracoes-para-o-aniversario-de-29-anos-de-belem-do-piaui-confira\/\",\"name\":\"Prefeito Ademar anuncia atra\u00e7\u00f5es para o anivers\u00e1rio de 29 anos de Bel\u00e9m do Piau\u00ed; confira! - Portal NPM\",\"isPartOf\":{\"@id\":\"https:\/\/portalnpm.com\/#website\"},\"primaryImageOfPage\":{\"@id\":\"https:\/\/portalnpm.com\/index.php\/2024\/11\/17\/prefeito-ademar-anuncia-atracoes-para-o-aniversario-de-29-anos-de-belem-do-piaui-confira\/#primaryimage\"},\"image\":{\"@id\":\"https:\/\/portalnpm.com\/index.php\/2024\/11\/17\/prefeito-ademar-anuncia-atracoes-para-o-aniversario-de-29-anos-de-belem-do-piaui-confira\/#primaryimage\"},\"thumbnailUrl\":\"https:\/\/portalnpm.com\/wp-content\/uploads\/2024\/11\/IMG_7322.jpeg\",\"datePublished\":\"2024-11-17T15:12:56+00:00\",\"dateModified\":\"2024-11-17T15:12:56+00:00\",\"author\":{\"@id\":\"https:\/\/portalnpm.com\/#\/schema\/person\/49313e563cfdefcc167f1ee4c017c294\"},\"breadcrumb\":{\"@id\":\"https:\/\/portalnpm.com\/index.php\/2024\/11\/17\/prefeito-ademar-anuncia-atracoes-para-o-aniversario-de-29-anos-de-belem-do-piaui-confira\/#breadcrumb\"},\"inLanguage\":\"pt-BR\",\"potentialAction\":[{\"@type\":\"ReadAction\",\"target\":[\"https:\/\/portalnpm.com\/index.php\/2024\/11\/17\/prefeito-ademar-anuncia-atracoes-para-o-aniversario-de-29-anos-de-belem-do-piaui-confira\/\"]}]},{\"@type\":\"ImageObject\",\"inLanguage\":\"pt-BR\",\"@id\":\"https:\/\/portalnpm.com\/index.php\/2024\/11\/17\/prefeito-ademar-anuncia-atracoes-para-o-aniversario-de-29-anos-de-belem-do-piaui-confira\/#primaryimage\",\"url\":\"https:\/\/portalnpm.com\/wp-content\/uploads\/2024\/11\/IMG_7322.jpeg\",\"contentUrl\":\"https:\/\/portalnpm.com\/wp-content\/uploads\/2024\/11\/IMG_7322.jpeg\",\"width\":678,\"height\":452},{\"@type\":\"BreadcrumbList\",\"@id\":\"https:\/\/portalnpm.com\/index.php\/2024\/11\/17\/prefeito-ademar-anuncia-atracoes-para-o-aniversario-de-29-anos-de-belem-do-piaui-confira\/#breadcrumb\",\"itemListElement\":[{\"@type\":\"ListItem\",\"position\":1,\"name\":\"In\u00edcio\",\"item\":\"https:\/\/portalnpm.com\/\"},{\"@type\":\"ListItem\",\"position\":2,\"name\":\"Prefeito Ademar anuncia atra\u00e7\u00f5es para o anivers\u00e1rio de 29 anos de Bel\u00e9m do Piau\u00ed; confira!\"}]},{\"@type\":\"WebSite\",\"@id\":\"https:\/\/portalnpm.com\/#website\",\"url\":\"https:\/\/portalnpm.com\/\",\"name\":\"Portal NPM\",\"description\":\"Not\u00edcias em Primeira M\u00e3o\",\"potentialAction\":[{\"@type\":\"SearchAction\",\"target\":{\"@type\":\"EntryPoint\",\"urlTemplate\":\"https:\/\/portalnpm.com\/?s={search_term_string}\"},\"query-input\":\"required name=search_term_string\"}],\"inLanguage\":\"pt-BR\"},{\"@type\":\"Person\",\"@id\":\"https:\/\/portalnpm.com\/#\/schema\/person\/49313e563cfdefcc167f1ee4c017c294\",\"name\":\"Genival Barbosa\",\"image\":{\"@type\":\"ImageObject\",\"inLanguage\":\"pt-BR\",\"@id\":\"https:\/\/portalnpm.com\/#\/schema\/person\/image\/\",\"url\":\"https:\/\/portalnpm.com\/wp-content\/uploads\/2024\/02\/avatar_user_2_1707743258-96x96.jpeg\",\"contentUrl\":\"https:\/\/portalnpm.com\/wp-content\/uploads\/2024\/02\/avatar_user_2_1707743258-96x96.jpeg\",\"caption\":\"Genival Barbosa\"},\"url\":\"https:\/\/portalnpm.com\/index.php\/author\/genival\/\"}]}<\/script>\n<!-- \/ Yoast SEO plugin. -->","yoast_head_json":{"title":"Prefeito Ademar anuncia atra\u00e7\u00f5es para o anivers\u00e1rio de 29 anos de Bel\u00e9m do Piau\u00ed; confira! - Portal NPM","robots":{"index":"index","follow":"follow","max-snippet":"max-snippet:-1","max-image-preview":"max-image-preview:large","max-video-preview":"max-video-preview:-1"},"canonical":"https:\/\/portalnpm.com\/index.php\/2024\/11\/17\/prefeito-ademar-anuncia-atracoes-para-o-aniversario-de-29-anos-de-belem-do-piaui-confira\/","og_locale":"pt_BR","og_type":"article","og_title":"Prefeito Ademar anuncia atra\u00e7\u00f5es para o anivers\u00e1rio de 29 anos de Bel\u00e9m do Piau\u00ed; confira! - Portal NPM","og_description":"A Prefeitura Municipal de Bel\u00e9m do Piau\u00ed, sob a gest\u00e3o do prefeito Ademar Carvalho, divulgou neste s\u00e1bado (16), as atra\u00e7\u00f5es musicais que ir\u00e3o animar o anivers\u00e1rio de 29 anos de emancipa\u00e7\u00e3o pol\u00edtica-administrativa do munic\u00edpio. O evento acontecer\u00e1 no dia 14 de dezembro, em pra\u00e7a p\u00fablica. Em um v\u00eddeo publicado nas redes sociais, o prefeito revelou &hellip;","og_url":"https:\/\/portalnpm.com\/index.php\/2024\/11\/17\/prefeito-ademar-anuncia-atracoes-para-o-aniversario-de-29-anos-de-belem-do-piaui-confira\/","og_site_name":"Portal NPM","article_published_time":"2024-11-17T15:12:56+00:00","og_image":[{"width":678,"height":452,"url":"https:\/\/portalnpm.com\/wp-content\/uploads\/2024\/11\/IMG_7322.jpeg","type":"image\/jpeg"}],"author":"Genival Barbosa","twitter_card":"summary_large_image","twitter_misc":{"Escrito por":"Genival Barbosa","Est. tempo de leitura":"2 minutos"},"schema":{"@context":"https:\/\/schema.org","@graph":[{"@type":"WebPage","@id":"https:\/\/portalnpm.com\/index.php\/2024\/11\/17\/prefeito-ademar-anuncia-atracoes-para-o-aniversario-de-29-anos-de-belem-do-piaui-confira\/","url":"https:\/\/portalnpm.com\/index.php\/2024\/11\/17\/prefeito-ademar-anuncia-atracoes-para-o-aniversario-de-29-anos-de-belem-do-piaui-confira\/","name":"Prefeito Ademar anuncia atra\u00e7\u00f5es para o anivers\u00e1rio de 29 anos de Bel\u00e9m do Piau\u00ed; confira! - Portal NPM","isPartOf":{"@id":"https:\/\/portalnpm.com\/#website"},"primaryImageOfPage":{"@id":"https:\/\/portalnpm.com\/index.php\/2024\/11\/17\/prefeito-ademar-anuncia-atracoes-para-o-aniversario-de-29-anos-de-belem-do-piaui-confira\/#primaryimage"},"image":{"@id":"https:\/\/portalnpm.com\/index.php\/2024\/11\/17\/prefeito-ademar-anuncia-atracoes-para-o-aniversario-de-29-anos-de-belem-do-piaui-confira\/#primaryimage"},"thumbnailUrl":"https:\/\/portalnpm.com\/wp-content\/uploads\/2024\/11\/IMG_7322.jpeg","datePublished":"2024-11-17T15:12:56+00:00","dateModified":"2024-11-17T15:12:56+00:00","author":{"@id":"https:\/\/portalnpm.com\/#\/schema\/person\/49313e563cfdefcc167f1ee4c017c294"},"breadcrumb":{"@id":"https:\/\/portalnpm.com\/index.php\/2024\/11\/17\/prefeito-ademar-anuncia-atracoes-para-o-aniversario-de-29-anos-de-belem-do-piaui-confira\/#breadcrumb"},"inLanguage":"pt-BR","potentialAction":[{"@type":"ReadAction","target":["https:\/\/portalnpm.com\/index.php\/2024\/11\/17\/prefeito-ademar-anuncia-atracoes-para-o-aniversario-de-29-anos-de-belem-do-piaui-confira\/"]}]},{"@type":"ImageObject","inLanguage":"pt-BR","@id":"https:\/\/portalnpm.com\/index.php\/2024\/11\/17\/prefeito-ademar-anuncia-atracoes-para-o-aniversario-de-29-anos-de-belem-do-piaui-confira\/#primaryimage","url":"https:\/\/portalnpm.com\/wp-content\/uploads\/2024\/11\/IMG_7322.jpeg","contentUrl":"https:\/\/portalnpm.com\/wp-content\/uploads\/2024\/11\/IMG_7322.jpeg","width":678,"height":452},{"@type":"BreadcrumbList","@id":"https:\/\/portalnpm.com\/index.php\/2024\/11\/17\/prefeito-ademar-anuncia-atracoes-para-o-aniversario-de-29-anos-de-belem-do-piaui-confira\/#breadcrumb","itemListElement":[{"@type":"ListItem","position":1,"name":"In\u00edcio","item":"https:\/\/portalnpm.com\/"},{"@type":"ListItem","position":2,"name":"Prefeito Ademar anuncia atra\u00e7\u00f5es para o anivers\u00e1rio de 29 anos de Bel\u00e9m do Piau\u00ed; confira!"}]},{"@type":"WebSite","@id":"https:\/\/portalnpm.com\/#website","url":"https:\/\/portalnpm.com\/","name":"Portal NPM","description":"Not\u00edcias em Primeira M\u00e3o","potentialAction":[{"@type":"SearchAction","target":{"@type":"EntryPoint","urlTemplate":"https:\/\/portalnpm.com\/?s={search_term_string}"},"query-input":"required name=search_term_string"}],"inLanguage":"pt-BR"},{"@type":"Person","@id":"https:\/\/portalnpm.com\/#\/schema\/person\/49313e563cfdefcc167f1ee4c017c294","name":"Genival Barbosa","image":{"@type":"ImageObject","inLanguage":"pt-BR","@id":"https:\/\/portalnpm.com\/#\/schema\/person\/image\/","url":"https:\/\/portalnpm.com\/wp-content\/uploads\/2024\/02\/avatar_user_2_1707743258-96x96.jpeg","contentUrl":"https:\/\/portalnpm.com\/wp-content\/uploads\/2024\/02\/avatar_user_2_1707743258-96x96.jpeg","caption":"Genival Barbosa"},"url":"https:\/\/portalnpm.com\/index.php\/author\/genival\/"}]}},"jetpack_sharing_enabled":true,"jetpack_featured_media_url":"https:\/\/portalnpm.com\/wp-content\/uploads\/2024\/11\/IMG_7322.jpeg","_links":{"self":[{"href":"https:\/\/portalnpm.com\/index.php\/wp-json\/wp\/v2\/posts\/81329"}],"collection":[{"href":"https:\/\/portalnpm.com\/index.php\/wp-json\/wp\/v2\/posts"}],"about":[{"href":"https:\/\/portalnpm.com\/index.php\/wp-json\/wp\/v2\/types\/post"}],"author":[{"embeddable":true,"href":"https:\/\/portalnpm.com\/index.php\/wp-json\/wp\/v2\/users\/2"}],"replies":[{"embeddable":true,"href":"https:\/\/portalnpm.com\/index.php\/wp-json\/wp\/v2\/comments?post=81329"}],"version-history":[{"count":1,"href":"https:\/\/portalnpm.com\/index.php\/wp-json\/wp\/v2\/posts\/81329\/revisions"}],"predecessor-version":[{"id":81331,"href":"https:\/\/portalnpm.com\/index.php\/wp-json\/wp\/v2\/posts\/81329\/revisions\/81331"}],"wp:featuredmedia":[{"embeddable":true,"href":"https:\/\/portalnpm.com\/index.php\/wp-json\/wp\/v2\/media\/81330"}],"wp:attachment":[{"href":"https:\/\/portalnpm.com\/index.php\/wp-json\/wp\/v2\/media?parent=81329"}],"wp:term":[{"taxonomy":"category","embeddable":true,"href":"https:\/\/portalnpm.com\/index.php\/wp-json\/wp\/v2\/categories?post=81329"},{"taxonomy":"post_tag","embeddable":true,"href":"https:\/\/portalnpm.com\/index.php\/wp-json\/wp\/v2\/tags?post=81329"}],"curies":[{"name":"wp","href":"https:\/\/api.w.org\/{rel}","templated":true}]}}