{"id":81338,"date":"2024-11-17T12:20:03","date_gmt":"2024-11-17T15:20:03","guid":{"rendered":"https:\/\/portalnpm.com\/?p=81338"},"modified":"2024-11-17T12:20:03","modified_gmt":"2024-11-17T15:20:03","slug":"tarcisio-do-acordeon-e-banda-som-e-louvor-sao-atracoes-confirmadas-para-o-29o-aniversario-de-sussuapara","status":"publish","type":"post","link":"https:\/\/portalnpm.com\/index.php\/2024\/11\/17\/tarcisio-do-acordeon-e-banda-som-e-louvor-sao-atracoes-confirmadas-para-o-29o-aniversario-de-sussuapara\/","title":{"rendered":"Tarc\u00edsio do Acordeon e Banda Som e Louvor s\u00e3o atra\u00e7\u00f5es confirmadas para o 29\u00ba anivers\u00e1rio de Sussuapara"},"content":{"rendered":"<div class=\"td-a-ad id_top_ad \"><\/div>\n<p>A Prefeitura de Sussuapara anunciou duas atra\u00e7\u00f5es principais para a comemorar os 29 anos de emancipa\u00e7\u00e3o pol\u00edtica do munic\u00edpio. O evento contar\u00e1 com duas noites de shows em pra\u00e7a p\u00fablica, 13 e 14 de dezembro.<\/p>\n<p>No dia 13 de dezembro, sobe ao palco o cantor de forr\u00f3 e piseiro Tarc\u00edsio do Acordeon, e no dia 14 de dezembro \u2014 data oficial do anivers\u00e1rio da cidade \u2014, ser\u00e1 a vez da Banda Som e Louvor, em celebra\u00e7\u00e3o ao Dia do Evang\u00e9lico.<\/p>\n<p>O an\u00fancio foi feito pelo prefeito Dr. Naerton Silva Moura na \u00faltima sexta-feira, 15, por meio de sua conta oficial no Instagram. O gestor destacou a programa\u00e7\u00e3o diversificada e a import\u00e2ncia das festividades para a comunidade.<\/p>\n<p><iframe src=\"about:blank\" width=\"400\" height=\"700\" frameborder=\"0\" scrolling=\"no\" data-lazyloaded=\"1\" data-src=\"https:\/\/www.instagram.com\/p\/DCZXVu3JbO0\/embed\" data-mce-fragment=\"1\"><\/iframe><\/p>\n<p><em>\u201cSussuapara celebra 29 anos com festa em dobro! Dia 13 de dezembro: Grande show com Tarc\u00edsio do Acordeon para comemorar o anivers\u00e1rio da nossa cidade! Dia 14 de dezembro: Dia do Evang\u00e9lico com a Banda Som e Louvor, uma noite de f\u00e9 e adora\u00e7\u00e3o\u201d<\/em>, escreveu.<\/p>\n<p><a href=\"https:\/\/infonewss.com\/tarcisio-do-acordeon-e-banda-som-e-louvor-sao-atracoes-confirmadas-para-o-29o-aniversario-de-sussuapara\/tarcisio-do-acordeon-e-banda-som-e-louvor-sao-atracoes-confirmadas-para-o-29o-aniversario-de-sussuapara\/\" rel=\"attachment wp-att-569177\"><img fetchpriority=\"high\" decoding=\"async\" class=\"alignnone size-full wp-image-569177\" src=\"https:\/\/infonewss-bucket.s3.amazonaws.com\/2024\/11\/Tarcisio-do-Acordeon-e-Banda-Som-e-Louvor-sao-atracoes-confirmadas-para-o-29o-aniversario-de-Sussuapara.jpg\" sizes=\"(max-width: 1080px) 100vw, 1080px\" srcset=\"https:\/\/infonewss-bucket.s3.amazonaws.com\/2024\/11\/Tarcisio-do-Acordeon-e-Banda-Som-e-Louvor-sao-atracoes-confirmadas-para-o-29o-aniversario-de-Sussuapara-241x300.jpg 241w, https:\/\/infonewss-bucket.s3.amazonaws.com\/2024\/11\/Tarcisio-do-Acordeon-e-Banda-Som-e-Louvor-sao-atracoes-confirmadas-para-o-29o-aniversario-de-Sussuapara-822x1024.jpg 822w, https:\/\/infonewss-bucket.s3.amazonaws.com\/2024\/11\/Tarcisio-do-Acordeon-e-Banda-Som-e-Louvor-sao-atracoes-confirmadas-para-o-29o-aniversario-de-Sussuapara-768x957.jpg 768w, https:\/\/infonewss-bucket.s3.amazonaws.com\/2024\/11\/Tarcisio-do-Acordeon-e-Banda-Som-e-Louvor-sao-atracoes-confirmadas-para-o-29o-aniversario-de-Sussuapara-150x187.jpg 150w, https:\/\/infonewss-bucket.s3.amazonaws.com\/2024\/11\/Tarcisio-do-Acordeon-e-Banda-Som-e-Louvor-sao-atracoes-confirmadas-para-o-29o-aniversario-de-Sussuapara-300x374.jpg 300w, https:\/\/infonewss-bucket.s3.amazonaws.com\/2024\/11\/Tarcisio-do-Acordeon-e-Banda-Som-e-Louvor-sao-atracoes-confirmadas-para-o-29o-aniversario-de-Sussuapara-696x867.jpg 696w, https:\/\/infonewss-bucket.s3.amazonaws.com\/2024\/11\/Tarcisio-do-Acordeon-e-Banda-Som-e-Louvor-sao-atracoes-confirmadas-para-o-29o-aniversario-de-Sussuapara-1068x1331.jpg 1068w, https:\/\/infonewss-bucket.s3.amazonaws.com\/2024\/11\/Tarcisio-do-Acordeon-e-Banda-Som-e-Louvor-sao-atracoes-confirmadas-para-o-29o-aniversario-de-Sussuapara.jpg 1080w\" alt=\"\" width=\"1080\" height=\"1346\" \/><\/a><\/p>\n<h5><strong>Tarc\u00edsio do Acordeon<\/strong><\/h5>\n<p>Nascido em Campos Sales, no Cear\u00e1, Tarc\u00edsio do Acordeon \u00e9 um dos maiores nomes do forr\u00f3 e piseiro da atualidade, reconhecido nacionalmente pelo seu talento e carisma. O artista, que come\u00e7ou sua carreira em festas e pequenas apresenta\u00e7\u00f5es no Nordeste, alcan\u00e7ou sucesso nacional com hits que conquistaram milh\u00f5es de f\u00e3s.<\/p>\n<p>Entre suas m\u00fasicas mais conhecidas est\u00e3o \u201cN\u00eaga\u201d, \u201cEsquema Preferido\u201d, \u201cMeia Noite (Voc\u00ea Tem Meu WhatsApp)\u201d, \u201cProte\u00e7\u00e3o de Tela\u201d e \u201cNem \u00e9 Bom Lembrar\u201d, que embalam multid\u00f5es em seus shows e plataformas digitais.<\/p>\n<h4><strong>Banda Som e Louvor<\/strong><\/h4>\n<p>No dia 14 de dezembro, as comemora\u00e7\u00f5es continuam com o show da Banda Som e Louvor, uma das principais refer\u00eancias na m\u00fasica gospel nacional. Conhecida por suas letras marcantes e cheias de mensagens de f\u00e9, a banda tem emocionado p\u00fablicos em todo pa\u00eds.<\/p>\n<p>Com sucessos como \u201cFesta de Crente\u201d, \u201cAdore\u201d, \u201cDeus \u00e9 Deus\u201d, \u201cQuatro Segundos\u201d e \u201cApocalipse\u201d, Som e Louvor \u00e9 reconhecida por seu estilo que mistura m\u00fasica gospel com elementos do forr\u00f3, conquistando fi\u00e9is de diferentes idades e denomina\u00e7\u00f5es. O show ser\u00e1 um momento especial de adora\u00e7\u00e3o para a comunidade evang\u00e9lica do munic\u00edpio.<\/p>\n<p>Al\u00e9m dos shows, a Prefeitura de Sussuapara est\u00e1 preparando uma programa\u00e7\u00e3o diversificada com atividades culturais, esportivas e c\u00edvicas para marcar o anivers\u00e1rio do munic\u00edpio. Detalhes adicionais sobre o calend\u00e1rio de eventos devem ser divulgados nos pr\u00f3ximos dias.<\/p>\n<p>&nbsp;<\/p>\n<p>Fonte: Infonewss<\/p>\n","protected":false},"excerpt":{"rendered":"<p>A Prefeitura de Sussuapara anunciou duas atra\u00e7\u00f5es principais para a comemorar os 29 anos de emancipa\u00e7\u00e3o pol\u00edtica do munic\u00edpio. O evento contar\u00e1 com duas noites de shows em pra\u00e7a p\u00fablica, 13 e 14 de dezembro. No dia 13 de dezembro, sobe ao palco o cantor de forr\u00f3 e piseiro Tarc\u00edsio do Acordeon, e no dia &hellip;<\/p>\n","protected":false},"author":2,"featured_media":81339,"comment_status":"open","ping_status":"open","sticky":false,"template":"","format":"standard","meta":{"content-type":"","rop_custom_images_group":[],"rop_custom_messages_group":[],"rop_publish_now":"yes","rop_publish_now_accounts":{"facebook_2648258775420054_1618374048415101":""},"rop_publish_now_history":[],"rop_publish_now_status":"pending","footnotes":"","_jetpack_memberships_contains_paid_content":false},"categories":[147,109],"tags":[15967,226,116,437,580,4710,230,15983,852,1196,4277,2387,225],"yoast_head":"<!-- This site is optimized with the Yoast SEO plugin v22.3 - https:\/\/yoast.com\/wordpress\/plugins\/seo\/ -->\n<title>Tarc\u00edsio do Acordeon e Banda Som e Louvor s\u00e3o atra\u00e7\u00f5es confirmadas para o 29\u00ba anivers\u00e1rio de Sussuapara - Portal NPM<\/title>\n<meta name=\"robots\" content=\"index, follow, max-snippet:-1, max-image-preview:large, max-video-preview:-1\" \/>\n<link rel=\"canonical\" href=\"https:\/\/portalnpm.com\/index.php\/2024\/11\/17\/tarcisio-do-acordeon-e-banda-som-e-louvor-sao-atracoes-confirmadas-para-o-29o-aniversario-de-sussuapara\/\" \/>\n<meta property=\"og:locale\" content=\"pt_BR\" \/>\n<meta property=\"og:type\" content=\"article\" \/>\n<meta property=\"og:title\" content=\"Tarc\u00edsio do Acordeon e Banda Som e Louvor s\u00e3o atra\u00e7\u00f5es confirmadas para o 29\u00ba anivers\u00e1rio de Sussuapara - Portal NPM\" \/>\n<meta property=\"og:description\" content=\"A Prefeitura de Sussuapara anunciou duas atra\u00e7\u00f5es principais para a comemorar os 29 anos de emancipa\u00e7\u00e3o pol\u00edtica do munic\u00edpio. O evento contar\u00e1 com duas noites de shows em pra\u00e7a p\u00fablica, 13 e 14 de dezembro. No dia 13 de dezembro, sobe ao palco o cantor de forr\u00f3 e piseiro Tarc\u00edsio do Acordeon, e no dia &hellip;\" \/>\n<meta property=\"og:url\" content=\"https:\/\/portalnpm.com\/index.php\/2024\/11\/17\/tarcisio-do-acordeon-e-banda-som-e-louvor-sao-atracoes-confirmadas-para-o-29o-aniversario-de-sussuapara\/\" \/>\n<meta property=\"og:site_name\" content=\"Portal NPM\" \/>\n<meta property=\"article:published_time\" content=\"2024-11-17T15:20:03+00:00\" \/>\n<meta property=\"og:image\" content=\"https:\/\/portalnpm.com\/wp-content\/uploads\/2024\/11\/Tarcisio-do-Acordeon-e-Banda-Som-e-Louvor-sao-atracoes-confirmadas-para-o-29o-aniversario-de-Sussuapara-destaque.jpg\" \/>\n\t<meta property=\"og:image:width\" content=\"660\" \/>\n\t<meta property=\"og:image:height\" content=\"330\" \/>\n\t<meta property=\"og:image:type\" content=\"image\/jpeg\" \/>\n<meta name=\"author\" content=\"Genival Barbosa\" \/>\n<meta name=\"twitter:card\" content=\"summary_large_image\" \/>\n<meta name=\"twitter:label1\" content=\"Escrito por\" \/>\n\t<meta name=\"twitter:data1\" content=\"Genival Barbosa\" \/>\n\t<meta name=\"twitter:label2\" content=\"Est. tempo de leitura\" \/>\n\t<meta name=\"twitter:data2\" content=\"3 minutos\" \/>\n<script type=\"application\/ld+json\" class=\"yoast-schema-graph\">{\"@context\":\"https:\/\/schema.org\",\"@graph\":[{\"@type\":\"WebPage\",\"@id\":\"https:\/\/portalnpm.com\/index.php\/2024\/11\/17\/tarcisio-do-acordeon-e-banda-som-e-louvor-sao-atracoes-confirmadas-para-o-29o-aniversario-de-sussuapara\/\",\"url\":\"https:\/\/portalnpm.com\/index.php\/2024\/11\/17\/tarcisio-do-acordeon-e-banda-som-e-louvor-sao-atracoes-confirmadas-para-o-29o-aniversario-de-sussuapara\/\",\"name\":\"Tarc\u00edsio do Acordeon e Banda Som e Louvor s\u00e3o atra\u00e7\u00f5es confirmadas para o 29\u00ba anivers\u00e1rio de Sussuapara - Portal NPM\",\"isPartOf\":{\"@id\":\"https:\/\/portalnpm.com\/#website\"},\"primaryImageOfPage\":{\"@id\":\"https:\/\/portalnpm.com\/index.php\/2024\/11\/17\/tarcisio-do-acordeon-e-banda-som-e-louvor-sao-atracoes-confirmadas-para-o-29o-aniversario-de-sussuapara\/#primaryimage\"},\"image\":{\"@id\":\"https:\/\/portalnpm.com\/index.php\/2024\/11\/17\/tarcisio-do-acordeon-e-banda-som-e-louvor-sao-atracoes-confirmadas-para-o-29o-aniversario-de-sussuapara\/#primaryimage\"},\"thumbnailUrl\":\"https:\/\/portalnpm.com\/wp-content\/uploads\/2024\/11\/Tarcisio-do-Acordeon-e-Banda-Som-e-Louvor-sao-atracoes-confirmadas-para-o-29o-aniversario-de-Sussuapara-destaque.jpg\",\"datePublished\":\"2024-11-17T15:20:03+00:00\",\"dateModified\":\"2024-11-17T15:20:03+00:00\",\"author\":{\"@id\":\"https:\/\/portalnpm.com\/#\/schema\/person\/49313e563cfdefcc167f1ee4c017c294\"},\"breadcrumb\":{\"@id\":\"https:\/\/portalnpm.com\/index.php\/2024\/11\/17\/tarcisio-do-acordeon-e-banda-som-e-louvor-sao-atracoes-confirmadas-para-o-29o-aniversario-de-sussuapara\/#breadcrumb\"},\"inLanguage\":\"pt-BR\",\"potentialAction\":[{\"@type\":\"ReadAction\",\"target\":[\"https:\/\/portalnpm.com\/index.php\/2024\/11\/17\/tarcisio-do-acordeon-e-banda-som-e-louvor-sao-atracoes-confirmadas-para-o-29o-aniversario-de-sussuapara\/\"]}]},{\"@type\":\"ImageObject\",\"inLanguage\":\"pt-BR\",\"@id\":\"https:\/\/portalnpm.com\/index.php\/2024\/11\/17\/tarcisio-do-acordeon-e-banda-som-e-louvor-sao-atracoes-confirmadas-para-o-29o-aniversario-de-sussuapara\/#primaryimage\",\"url\":\"https:\/\/portalnpm.com\/wp-content\/uploads\/2024\/11\/Tarcisio-do-Acordeon-e-Banda-Som-e-Louvor-sao-atracoes-confirmadas-para-o-29o-aniversario-de-Sussuapara-destaque.jpg\",\"contentUrl\":\"https:\/\/portalnpm.com\/wp-content\/uploads\/2024\/11\/Tarcisio-do-Acordeon-e-Banda-Som-e-Louvor-sao-atracoes-confirmadas-para-o-29o-aniversario-de-Sussuapara-destaque.jpg\",\"width\":660,\"height\":330},{\"@type\":\"BreadcrumbList\",\"@id\":\"https:\/\/portalnpm.com\/index.php\/2024\/11\/17\/tarcisio-do-acordeon-e-banda-som-e-louvor-sao-atracoes-confirmadas-para-o-29o-aniversario-de-sussuapara\/#breadcrumb\",\"itemListElement\":[{\"@type\":\"ListItem\",\"position\":1,\"name\":\"In\u00edcio\",\"item\":\"https:\/\/portalnpm.com\/\"},{\"@type\":\"ListItem\",\"position\":2,\"name\":\"Tarc\u00edsio do Acordeon e Banda Som e Louvor s\u00e3o atra\u00e7\u00f5es confirmadas para o 29\u00ba anivers\u00e1rio de Sussuapara\"}]},{\"@type\":\"WebSite\",\"@id\":\"https:\/\/portalnpm.com\/#website\",\"url\":\"https:\/\/portalnpm.com\/\",\"name\":\"Portal NPM\",\"description\":\"Not\u00edcias em Primeira M\u00e3o\",\"potentialAction\":[{\"@type\":\"SearchAction\",\"target\":{\"@type\":\"EntryPoint\",\"urlTemplate\":\"https:\/\/portalnpm.com\/?s={search_term_string}\"},\"query-input\":\"required name=search_term_string\"}],\"inLanguage\":\"pt-BR\"},{\"@type\":\"Person\",\"@id\":\"https:\/\/portalnpm.com\/#\/schema\/person\/49313e563cfdefcc167f1ee4c017c294\",\"name\":\"Genival Barbosa\",\"image\":{\"@type\":\"ImageObject\",\"inLanguage\":\"pt-BR\",\"@id\":\"https:\/\/portalnpm.com\/#\/schema\/person\/image\/\",\"url\":\"https:\/\/portalnpm.com\/wp-content\/uploads\/2024\/02\/avatar_user_2_1707743258-96x96.jpeg\",\"contentUrl\":\"https:\/\/portalnpm.com\/wp-content\/uploads\/2024\/02\/avatar_user_2_1707743258-96x96.jpeg\",\"caption\":\"Genival Barbosa\"},\"url\":\"https:\/\/portalnpm.com\/index.php\/author\/genival\/\"}]}<\/script>\n<!-- \/ Yoast SEO plugin. -->","yoast_head_json":{"title":"Tarc\u00edsio do Acordeon e Banda Som e Louvor s\u00e3o atra\u00e7\u00f5es confirmadas para o 29\u00ba anivers\u00e1rio de Sussuapara - Portal NPM","robots":{"index":"index","follow":"follow","max-snippet":"max-snippet:-1","max-image-preview":"max-image-preview:large","max-video-preview":"max-video-preview:-1"},"canonical":"https:\/\/portalnpm.com\/index.php\/2024\/11\/17\/tarcisio-do-acordeon-e-banda-som-e-louvor-sao-atracoes-confirmadas-para-o-29o-aniversario-de-sussuapara\/","og_locale":"pt_BR","og_type":"article","og_title":"Tarc\u00edsio do Acordeon e Banda Som e Louvor s\u00e3o atra\u00e7\u00f5es confirmadas para o 29\u00ba anivers\u00e1rio de Sussuapara - Portal NPM","og_description":"A Prefeitura de Sussuapara anunciou duas atra\u00e7\u00f5es principais para a comemorar os 29 anos de emancipa\u00e7\u00e3o pol\u00edtica do munic\u00edpio. O evento contar\u00e1 com duas noites de shows em pra\u00e7a p\u00fablica, 13 e 14 de dezembro. No dia 13 de dezembro, sobe ao palco o cantor de forr\u00f3 e piseiro Tarc\u00edsio do Acordeon, e no dia &hellip;","og_url":"https:\/\/portalnpm.com\/index.php\/2024\/11\/17\/tarcisio-do-acordeon-e-banda-som-e-louvor-sao-atracoes-confirmadas-para-o-29o-aniversario-de-sussuapara\/","og_site_name":"Portal NPM","article_published_time":"2024-11-17T15:20:03+00:00","og_image":[{"width":660,"height":330,"url":"https:\/\/portalnpm.com\/wp-content\/uploads\/2024\/11\/Tarcisio-do-Acordeon-e-Banda-Som-e-Louvor-sao-atracoes-confirmadas-para-o-29o-aniversario-de-Sussuapara-destaque.jpg","type":"image\/jpeg"}],"author":"Genival Barbosa","twitter_card":"summary_large_image","twitter_misc":{"Escrito por":"Genival Barbosa","Est. tempo de leitura":"3 minutos"},"schema":{"@context":"https:\/\/schema.org","@graph":[{"@type":"WebPage","@id":"https:\/\/portalnpm.com\/index.php\/2024\/11\/17\/tarcisio-do-acordeon-e-banda-som-e-louvor-sao-atracoes-confirmadas-para-o-29o-aniversario-de-sussuapara\/","url":"https:\/\/portalnpm.com\/index.php\/2024\/11\/17\/tarcisio-do-acordeon-e-banda-som-e-louvor-sao-atracoes-confirmadas-para-o-29o-aniversario-de-sussuapara\/","name":"Tarc\u00edsio do Acordeon e Banda Som e Louvor s\u00e3o atra\u00e7\u00f5es confirmadas para o 29\u00ba anivers\u00e1rio de Sussuapara - Portal NPM","isPartOf":{"@id":"https:\/\/portalnpm.com\/#website"},"primaryImageOfPage":{"@id":"https:\/\/portalnpm.com\/index.php\/2024\/11\/17\/tarcisio-do-acordeon-e-banda-som-e-louvor-sao-atracoes-confirmadas-para-o-29o-aniversario-de-sussuapara\/#primaryimage"},"image":{"@id":"https:\/\/portalnpm.com\/index.php\/2024\/11\/17\/tarcisio-do-acordeon-e-banda-som-e-louvor-sao-atracoes-confirmadas-para-o-29o-aniversario-de-sussuapara\/#primaryimage"},"thumbnailUrl":"https:\/\/portalnpm.com\/wp-content\/uploads\/2024\/11\/Tarcisio-do-Acordeon-e-Banda-Som-e-Louvor-sao-atracoes-confirmadas-para-o-29o-aniversario-de-Sussuapara-destaque.jpg","datePublished":"2024-11-17T15:20:03+00:00","dateModified":"2024-11-17T15:20:03+00:00","author":{"@id":"https:\/\/portalnpm.com\/#\/schema\/person\/49313e563cfdefcc167f1ee4c017c294"},"breadcrumb":{"@id":"https:\/\/portalnpm.com\/index.php\/2024\/11\/17\/tarcisio-do-acordeon-e-banda-som-e-louvor-sao-atracoes-confirmadas-para-o-29o-aniversario-de-sussuapara\/#breadcrumb"},"inLanguage":"pt-BR","potentialAction":[{"@type":"ReadAction","target":["https:\/\/portalnpm.com\/index.php\/2024\/11\/17\/tarcisio-do-acordeon-e-banda-som-e-louvor-sao-atracoes-confirmadas-para-o-29o-aniversario-de-sussuapara\/"]}]},{"@type":"ImageObject","inLanguage":"pt-BR","@id":"https:\/\/portalnpm.com\/index.php\/2024\/11\/17\/tarcisio-do-acordeon-e-banda-som-e-louvor-sao-atracoes-confirmadas-para-o-29o-aniversario-de-sussuapara\/#primaryimage","url":"https:\/\/portalnpm.com\/wp-content\/uploads\/2024\/11\/Tarcisio-do-Acordeon-e-Banda-Som-e-Louvor-sao-atracoes-confirmadas-para-o-29o-aniversario-de-Sussuapara-destaque.jpg","contentUrl":"https:\/\/portalnpm.com\/wp-content\/uploads\/2024\/11\/Tarcisio-do-Acordeon-e-Banda-Som-e-Louvor-sao-atracoes-confirmadas-para-o-29o-aniversario-de-Sussuapara-destaque.jpg","width":660,"height":330},{"@type":"BreadcrumbList","@id":"https:\/\/portalnpm.com\/index.php\/2024\/11\/17\/tarcisio-do-acordeon-e-banda-som-e-louvor-sao-atracoes-confirmadas-para-o-29o-aniversario-de-sussuapara\/#breadcrumb","itemListElement":[{"@type":"ListItem","position":1,"name":"In\u00edcio","item":"https:\/\/portalnpm.com\/"},{"@type":"ListItem","position":2,"name":"Tarc\u00edsio do Acordeon e Banda Som e Louvor s\u00e3o atra\u00e7\u00f5es confirmadas para o 29\u00ba anivers\u00e1rio de Sussuapara"}]},{"@type":"WebSite","@id":"https:\/\/portalnpm.com\/#website","url":"https:\/\/portalnpm.com\/","name":"Portal NPM","description":"Not\u00edcias em Primeira M\u00e3o","potentialAction":[{"@type":"SearchAction","target":{"@type":"EntryPoint","urlTemplate":"https:\/\/portalnpm.com\/?s={search_term_string}"},"query-input":"required name=search_term_string"}],"inLanguage":"pt-BR"},{"@type":"Person","@id":"https:\/\/portalnpm.com\/#\/schema\/person\/49313e563cfdefcc167f1ee4c017c294","name":"Genival Barbosa","image":{"@type":"ImageObject","inLanguage":"pt-BR","@id":"https:\/\/portalnpm.com\/#\/schema\/person\/image\/","url":"https:\/\/portalnpm.com\/wp-content\/uploads\/2024\/02\/avatar_user_2_1707743258-96x96.jpeg","contentUrl":"https:\/\/portalnpm.com\/wp-content\/uploads\/2024\/02\/avatar_user_2_1707743258-96x96.jpeg","caption":"Genival Barbosa"},"url":"https:\/\/portalnpm.com\/index.php\/author\/genival\/"}]}},"jetpack_sharing_enabled":true,"jetpack_featured_media_url":"https:\/\/portalnpm.com\/wp-content\/uploads\/2024\/11\/Tarcisio-do-Acordeon-e-Banda-Som-e-Louvor-sao-atracoes-confirmadas-para-o-29o-aniversario-de-Sussuapara-destaque.jpg","_links":{"self":[{"href":"https:\/\/portalnpm.com\/index.php\/wp-json\/wp\/v2\/posts\/81338"}],"collection":[{"href":"https:\/\/portalnpm.com\/index.php\/wp-json\/wp\/v2\/posts"}],"about":[{"href":"https:\/\/portalnpm.com\/index.php\/wp-json\/wp\/v2\/types\/post"}],"author":[{"embeddable":true,"href":"https:\/\/portalnpm.com\/index.php\/wp-json\/wp\/v2\/users\/2"}],"replies":[{"embeddable":true,"href":"https:\/\/portalnpm.com\/index.php\/wp-json\/wp\/v2\/comments?post=81338"}],"version-history":[{"count":1,"href":"https:\/\/portalnpm.com\/index.php\/wp-json\/wp\/v2\/posts\/81338\/revisions"}],"predecessor-version":[{"id":81340,"href":"https:\/\/portalnpm.com\/index.php\/wp-json\/wp\/v2\/posts\/81338\/revisions\/81340"}],"wp:featuredmedia":[{"embeddable":true,"href":"https:\/\/portalnpm.com\/index.php\/wp-json\/wp\/v2\/media\/81339"}],"wp:attachment":[{"href":"https:\/\/portalnpm.com\/index.php\/wp-json\/wp\/v2\/media?parent=81338"}],"wp:term":[{"taxonomy":"category","embeddable":true,"href":"https:\/\/portalnpm.com\/index.php\/wp-json\/wp\/v2\/categories?post=81338"},{"taxonomy":"post_tag","embeddable":true,"href":"https:\/\/portalnpm.com\/index.php\/wp-json\/wp\/v2\/tags?post=81338"}],"curies":[{"name":"wp","href":"https:\/\/api.w.org\/{rel}","templated":true}]}}