{"id":81380,"date":"2024-11-19T08:50:36","date_gmt":"2024-11-19T11:50:36","guid":{"rendered":"https:\/\/portalnpm.com\/?p=81380"},"modified":"2024-11-19T08:52:54","modified_gmt":"2024-11-19T11:52:54","slug":"250-policiais-militares-sao-promovidos-no-dia-da-bande-veja-relacao","status":"publish","type":"post","link":"https:\/\/portalnpm.com\/index.php\/2024\/11\/19\/250-policiais-militares-sao-promovidos-no-dia-da-bande-veja-relacao\/","title":{"rendered":"250 policiais militares s\u00e3o promovidos no Dia da Bandeira; veja rela\u00e7\u00e3o"},"content":{"rendered":"<p>A Pol\u00edcia Militar do Piau\u00ed realiza ter\u00e7a-feira (19) a solenidade C\u00edvico-Militar em alus\u00e3o ao Dia da Bandeira, ocasi\u00e3o em que o governador Rafael Fonteles ir\u00e1 promover mais de 250 oficiais e pra\u00e7as. Durante o evento, no Quartel do Comando-Geral (QCG), tamb\u00e9m haver\u00e1 a concess\u00e3o de Diplomas de Amigo da Pol\u00edcia Militar e de Honra ao M\u00e9rito.<\/p>\n<p>Para o comandante-geral da PMPI, coronel Scheiwann Lopes, o momento marca mais uma etapa de progress\u00e3o de carreira dos profissionais, que se dedicam diariamente no exerc\u00edcio da profiss\u00e3o. As promo\u00e7\u00f5es ocorrem pelos crit\u00e9rios de antiguidade, merecimento e m\u00e9rito intelectual. Al\u00e9m disso, a data celebra o s\u00edmbolo m\u00e1ximo da p\u00e1tria.<\/p>\n<p>&#8220;Dia 19 de novembro, dia da nossa bandeira, pavilh\u00e3o nacional, um dos s\u00edmbolos da Rep\u00fablica que n\u00f3s temos sempre que venerar e honrar.\u00a0 \u00c9 a nossa refer\u00eancia como simbologia de Estado democr\u00e1tico de direito.\u00a0 Temos tamb\u00e9m nessa oportunidade, atrav\u00e9s do nosso governador Rafael Fonteles, a valoriza\u00e7\u00e3o profissional com a progress\u00e3o na carreira dos nossos policiais. A data faz parte do calend\u00e1rio da Pol\u00edcia Militar e prev\u00ea a promo\u00e7\u00e3o de oficiais e pra\u00e7as como forma de premiar e prestigiar aqueles que se destacaram na corpora\u00e7\u00e3o\u201d, ressaltou.<\/p>\n<p>Na solenidade, civis e militares tamb\u00e9m ser\u00e3o homenageados com diplomas de Amigo da Pol\u00edcia Militar e de Honra ao M\u00e9rito, refor\u00e7ando a import\u00e2ncia do elo entre a pol\u00edcia e comunidade. O momento tamb\u00e9m contar\u00e1 com desfiles da tropa e incinera\u00e7\u00e3o da bandeira antiga e hasteamento solene da bandeira nacional nova, como parte dos ritos tradicionais.<\/p>\n<p><strong><a href=\"https:\/\/cidadeverde.com\/assets\/uploads\/files\/pm_promovidos-nov-2024_1732015732.pdf\" target=\"_blank\" rel=\"noopener\">VEJA RELA\u00c7\u00c3O DOS POLICIAIS PROMOVIDOS<\/a><\/strong><\/p>\n<p><strong>Dia da Bandeira<\/strong><\/p>\n<p>O Dia da Bandeira foi estabelecido apenas quatro dias ap\u00f3s a Proclama\u00e7\u00e3o da Rep\u00fablica, datada de 15 de novembro de 1889, por meio do Decreto-Lei n\u00ba 4, em rever\u00eancia a este s\u00edmbolo nacional t\u00e3o significativo. Assim, celebrado especificamente em 19 de novembro, representa mais um elemento marcante na consolida\u00e7\u00e3o da identidade do Brasil.<\/p>\n<p>Quando uma bandeira brasileira se torna desgastada, suja ou danificada, \u00e9 crucial substitu\u00ed-la prontamente por uma nova. A bandeira retirada deve ser entregue a uma unidade militar, respons\u00e1vel por realizar sua incinera\u00e7\u00e3o no dia 19 de novembro. Este procedimento respeitoso preserva o valor simb\u00f3lico do emblema nacional.<\/p>\n<p><strong>Fonte<\/strong>: Cidade Verde<\/p>\n","protected":false},"excerpt":{"rendered":"<p>A Pol\u00edcia Militar do Piau\u00ed realiza ter\u00e7a-feira (19) a solenidade C\u00edvico-Militar em alus\u00e3o ao Dia da Bandeira, ocasi\u00e3o em que o governador Rafael Fonteles ir\u00e1 promover mais de 250 oficiais e pra\u00e7as. Durante o evento, no Quartel do Comando-Geral (QCG), tamb\u00e9m haver\u00e1 a concess\u00e3o de Diplomas de Amigo da Pol\u00edcia Militar e de Honra ao &hellip;<\/p>\n","protected":false},"author":8,"featured_media":81381,"comment_status":"open","ping_status":"open","sticky":false,"template":"","format":"standard","meta":{"content-type":"","rop_custom_images_group":[],"rop_custom_messages_group":[],"rop_publish_now":"yes","rop_publish_now_accounts":{"facebook_2648258775420054_1618374048415101":""},"rop_publish_now_history":[],"rop_publish_now_status":"pending","footnotes":"","_jetpack_memberships_contains_paid_content":false},"categories":[113,4034],"tags":[11980,15996,836,1178,2422,1900,15995,10427,1196,842],"yoast_head":"<!-- This site is optimized with the Yoast SEO plugin v22.3 - https:\/\/yoast.com\/wordpress\/plugins\/seo\/ -->\n<title>250 policiais militares s\u00e3o promovidos no Dia da Bandeira; veja rela\u00e7\u00e3o - Portal NPM<\/title>\n<meta name=\"robots\" content=\"index, follow, max-snippet:-1, max-image-preview:large, max-video-preview:-1\" \/>\n<link rel=\"canonical\" href=\"https:\/\/portalnpm.com\/index.php\/2024\/11\/19\/250-policiais-militares-sao-promovidos-no-dia-da-bande-veja-relacao\/\" \/>\n<meta property=\"og:locale\" content=\"pt_BR\" \/>\n<meta property=\"og:type\" content=\"article\" \/>\n<meta property=\"og:title\" content=\"250 policiais militares s\u00e3o promovidos no Dia da Bandeira; veja rela\u00e7\u00e3o - Portal NPM\" \/>\n<meta property=\"og:description\" content=\"A Pol\u00edcia Militar do Piau\u00ed realiza ter\u00e7a-feira (19) a solenidade C\u00edvico-Militar em alus\u00e3o ao Dia da Bandeira, ocasi\u00e3o em que o governador Rafael Fonteles ir\u00e1 promover mais de 250 oficiais e pra\u00e7as. Durante o evento, no Quartel do Comando-Geral (QCG), tamb\u00e9m haver\u00e1 a concess\u00e3o de Diplomas de Amigo da Pol\u00edcia Militar e de Honra ao &hellip;\" \/>\n<meta property=\"og:url\" content=\"https:\/\/portalnpm.com\/index.php\/2024\/11\/19\/250-policiais-militares-sao-promovidos-no-dia-da-bande-veja-relacao\/\" \/>\n<meta property=\"og:site_name\" content=\"Portal NPM\" \/>\n<meta property=\"article:published_time\" content=\"2024-11-19T11:50:36+00:00\" \/>\n<meta property=\"article:modified_time\" content=\"2024-11-19T11:52:54+00:00\" \/>\n<meta property=\"og:image\" content=\"https:\/\/portalnpm.com\/wp-content\/uploads\/2024\/11\/IMG_4902.jpeg\" \/>\n\t<meta property=\"og:image:width\" content=\"1000\" \/>\n\t<meta property=\"og:image:height\" content=\"563\" \/>\n\t<meta property=\"og:image:type\" content=\"image\/jpeg\" \/>\n<meta name=\"author\" content=\"Zenilton Lima\" \/>\n<meta name=\"twitter:card\" content=\"summary_large_image\" \/>\n<meta name=\"twitter:label1\" content=\"Escrito por\" \/>\n\t<meta name=\"twitter:data1\" content=\"Zenilton Lima\" \/>\n\t<meta name=\"twitter:label2\" content=\"Est. tempo de leitura\" \/>\n\t<meta name=\"twitter:data2\" content=\"3 minutos\" \/>\n<script type=\"application\/ld+json\" class=\"yoast-schema-graph\">{\"@context\":\"https:\/\/schema.org\",\"@graph\":[{\"@type\":\"WebPage\",\"@id\":\"https:\/\/portalnpm.com\/index.php\/2024\/11\/19\/250-policiais-militares-sao-promovidos-no-dia-da-bande-veja-relacao\/\",\"url\":\"https:\/\/portalnpm.com\/index.php\/2024\/11\/19\/250-policiais-militares-sao-promovidos-no-dia-da-bande-veja-relacao\/\",\"name\":\"250 policiais militares s\u00e3o promovidos no Dia da Bandeira; veja rela\u00e7\u00e3o - Portal NPM\",\"isPartOf\":{\"@id\":\"https:\/\/portalnpm.com\/#website\"},\"primaryImageOfPage\":{\"@id\":\"https:\/\/portalnpm.com\/index.php\/2024\/11\/19\/250-policiais-militares-sao-promovidos-no-dia-da-bande-veja-relacao\/#primaryimage\"},\"image\":{\"@id\":\"https:\/\/portalnpm.com\/index.php\/2024\/11\/19\/250-policiais-militares-sao-promovidos-no-dia-da-bande-veja-relacao\/#primaryimage\"},\"thumbnailUrl\":\"https:\/\/portalnpm.com\/wp-content\/uploads\/2024\/11\/IMG_4902.jpeg\",\"datePublished\":\"2024-11-19T11:50:36+00:00\",\"dateModified\":\"2024-11-19T11:52:54+00:00\",\"author\":{\"@id\":\"https:\/\/portalnpm.com\/#\/schema\/person\/35cb55186eae3f074b6783da6d35591e\"},\"breadcrumb\":{\"@id\":\"https:\/\/portalnpm.com\/index.php\/2024\/11\/19\/250-policiais-militares-sao-promovidos-no-dia-da-bande-veja-relacao\/#breadcrumb\"},\"inLanguage\":\"pt-BR\",\"potentialAction\":[{\"@type\":\"ReadAction\",\"target\":[\"https:\/\/portalnpm.com\/index.php\/2024\/11\/19\/250-policiais-militares-sao-promovidos-no-dia-da-bande-veja-relacao\/\"]}]},{\"@type\":\"ImageObject\",\"inLanguage\":\"pt-BR\",\"@id\":\"https:\/\/portalnpm.com\/index.php\/2024\/11\/19\/250-policiais-militares-sao-promovidos-no-dia-da-bande-veja-relacao\/#primaryimage\",\"url\":\"https:\/\/portalnpm.com\/wp-content\/uploads\/2024\/11\/IMG_4902.jpeg\",\"contentUrl\":\"https:\/\/portalnpm.com\/wp-content\/uploads\/2024\/11\/IMG_4902.jpeg\",\"width\":1000,\"height\":563,\"caption\":\"Foto: Reprodu\u00e7\u00e3o\"},{\"@type\":\"BreadcrumbList\",\"@id\":\"https:\/\/portalnpm.com\/index.php\/2024\/11\/19\/250-policiais-militares-sao-promovidos-no-dia-da-bande-veja-relacao\/#breadcrumb\",\"itemListElement\":[{\"@type\":\"ListItem\",\"position\":1,\"name\":\"In\u00edcio\",\"item\":\"https:\/\/portalnpm.com\/\"},{\"@type\":\"ListItem\",\"position\":2,\"name\":\"250 policiais militares s\u00e3o promovidos no Dia da Bandeira; veja rela\u00e7\u00e3o\"}]},{\"@type\":\"WebSite\",\"@id\":\"https:\/\/portalnpm.com\/#website\",\"url\":\"https:\/\/portalnpm.com\/\",\"name\":\"Portal NPM\",\"description\":\"Not\u00edcias em Primeira M\u00e3o\",\"potentialAction\":[{\"@type\":\"SearchAction\",\"target\":{\"@type\":\"EntryPoint\",\"urlTemplate\":\"https:\/\/portalnpm.com\/?s={search_term_string}\"},\"query-input\":\"required name=search_term_string\"}],\"inLanguage\":\"pt-BR\"},{\"@type\":\"Person\",\"@id\":\"https:\/\/portalnpm.com\/#\/schema\/person\/35cb55186eae3f074b6783da6d35591e\",\"name\":\"Zenilton Lima\",\"image\":{\"@type\":\"ImageObject\",\"inLanguage\":\"pt-BR\",\"@id\":\"https:\/\/portalnpm.com\/#\/schema\/person\/image\/\",\"url\":\"https:\/\/portalnpm.com\/wp-content\/uploads\/2024\/12\/avatar_user_8_1733658137-96x96.jpeg\",\"contentUrl\":\"https:\/\/portalnpm.com\/wp-content\/uploads\/2024\/12\/avatar_user_8_1733658137-96x96.jpeg\",\"caption\":\"Zenilton Lima\"},\"url\":\"https:\/\/portalnpm.com\/index.php\/author\/zenilton\/\"}]}<\/script>\n<!-- \/ Yoast SEO plugin. -->","yoast_head_json":{"title":"250 policiais militares s\u00e3o promovidos no Dia da Bandeira; veja rela\u00e7\u00e3o - Portal NPM","robots":{"index":"index","follow":"follow","max-snippet":"max-snippet:-1","max-image-preview":"max-image-preview:large","max-video-preview":"max-video-preview:-1"},"canonical":"https:\/\/portalnpm.com\/index.php\/2024\/11\/19\/250-policiais-militares-sao-promovidos-no-dia-da-bande-veja-relacao\/","og_locale":"pt_BR","og_type":"article","og_title":"250 policiais militares s\u00e3o promovidos no Dia da Bandeira; veja rela\u00e7\u00e3o - Portal NPM","og_description":"A Pol\u00edcia Militar do Piau\u00ed realiza ter\u00e7a-feira (19) a solenidade C\u00edvico-Militar em alus\u00e3o ao Dia da Bandeira, ocasi\u00e3o em que o governador Rafael Fonteles ir\u00e1 promover mais de 250 oficiais e pra\u00e7as. Durante o evento, no Quartel do Comando-Geral (QCG), tamb\u00e9m haver\u00e1 a concess\u00e3o de Diplomas de Amigo da Pol\u00edcia Militar e de Honra ao &hellip;","og_url":"https:\/\/portalnpm.com\/index.php\/2024\/11\/19\/250-policiais-militares-sao-promovidos-no-dia-da-bande-veja-relacao\/","og_site_name":"Portal NPM","article_published_time":"2024-11-19T11:50:36+00:00","article_modified_time":"2024-11-19T11:52:54+00:00","og_image":[{"width":1000,"height":563,"url":"https:\/\/portalnpm.com\/wp-content\/uploads\/2024\/11\/IMG_4902.jpeg","type":"image\/jpeg"}],"author":"Zenilton Lima","twitter_card":"summary_large_image","twitter_misc":{"Escrito por":"Zenilton Lima","Est. tempo de leitura":"3 minutos"},"schema":{"@context":"https:\/\/schema.org","@graph":[{"@type":"WebPage","@id":"https:\/\/portalnpm.com\/index.php\/2024\/11\/19\/250-policiais-militares-sao-promovidos-no-dia-da-bande-veja-relacao\/","url":"https:\/\/portalnpm.com\/index.php\/2024\/11\/19\/250-policiais-militares-sao-promovidos-no-dia-da-bande-veja-relacao\/","name":"250 policiais militares s\u00e3o promovidos no Dia da Bandeira; veja rela\u00e7\u00e3o - Portal NPM","isPartOf":{"@id":"https:\/\/portalnpm.com\/#website"},"primaryImageOfPage":{"@id":"https:\/\/portalnpm.com\/index.php\/2024\/11\/19\/250-policiais-militares-sao-promovidos-no-dia-da-bande-veja-relacao\/#primaryimage"},"image":{"@id":"https:\/\/portalnpm.com\/index.php\/2024\/11\/19\/250-policiais-militares-sao-promovidos-no-dia-da-bande-veja-relacao\/#primaryimage"},"thumbnailUrl":"https:\/\/portalnpm.com\/wp-content\/uploads\/2024\/11\/IMG_4902.jpeg","datePublished":"2024-11-19T11:50:36+00:00","dateModified":"2024-11-19T11:52:54+00:00","author":{"@id":"https:\/\/portalnpm.com\/#\/schema\/person\/35cb55186eae3f074b6783da6d35591e"},"breadcrumb":{"@id":"https:\/\/portalnpm.com\/index.php\/2024\/11\/19\/250-policiais-militares-sao-promovidos-no-dia-da-bande-veja-relacao\/#breadcrumb"},"inLanguage":"pt-BR","potentialAction":[{"@type":"ReadAction","target":["https:\/\/portalnpm.com\/index.php\/2024\/11\/19\/250-policiais-militares-sao-promovidos-no-dia-da-bande-veja-relacao\/"]}]},{"@type":"ImageObject","inLanguage":"pt-BR","@id":"https:\/\/portalnpm.com\/index.php\/2024\/11\/19\/250-policiais-militares-sao-promovidos-no-dia-da-bande-veja-relacao\/#primaryimage","url":"https:\/\/portalnpm.com\/wp-content\/uploads\/2024\/11\/IMG_4902.jpeg","contentUrl":"https:\/\/portalnpm.com\/wp-content\/uploads\/2024\/11\/IMG_4902.jpeg","width":1000,"height":563,"caption":"Foto: Reprodu\u00e7\u00e3o"},{"@type":"BreadcrumbList","@id":"https:\/\/portalnpm.com\/index.php\/2024\/11\/19\/250-policiais-militares-sao-promovidos-no-dia-da-bande-veja-relacao\/#breadcrumb","itemListElement":[{"@type":"ListItem","position":1,"name":"In\u00edcio","item":"https:\/\/portalnpm.com\/"},{"@type":"ListItem","position":2,"name":"250 policiais militares s\u00e3o promovidos no Dia da Bandeira; veja rela\u00e7\u00e3o"}]},{"@type":"WebSite","@id":"https:\/\/portalnpm.com\/#website","url":"https:\/\/portalnpm.com\/","name":"Portal NPM","description":"Not\u00edcias em Primeira M\u00e3o","potentialAction":[{"@type":"SearchAction","target":{"@type":"EntryPoint","urlTemplate":"https:\/\/portalnpm.com\/?s={search_term_string}"},"query-input":"required name=search_term_string"}],"inLanguage":"pt-BR"},{"@type":"Person","@id":"https:\/\/portalnpm.com\/#\/schema\/person\/35cb55186eae3f074b6783da6d35591e","name":"Zenilton Lima","image":{"@type":"ImageObject","inLanguage":"pt-BR","@id":"https:\/\/portalnpm.com\/#\/schema\/person\/image\/","url":"https:\/\/portalnpm.com\/wp-content\/uploads\/2024\/12\/avatar_user_8_1733658137-96x96.jpeg","contentUrl":"https:\/\/portalnpm.com\/wp-content\/uploads\/2024\/12\/avatar_user_8_1733658137-96x96.jpeg","caption":"Zenilton Lima"},"url":"https:\/\/portalnpm.com\/index.php\/author\/zenilton\/"}]}},"jetpack_sharing_enabled":true,"jetpack_featured_media_url":"https:\/\/portalnpm.com\/wp-content\/uploads\/2024\/11\/IMG_4902.jpeg","_links":{"self":[{"href":"https:\/\/portalnpm.com\/index.php\/wp-json\/wp\/v2\/posts\/81380"}],"collection":[{"href":"https:\/\/portalnpm.com\/index.php\/wp-json\/wp\/v2\/posts"}],"about":[{"href":"https:\/\/portalnpm.com\/index.php\/wp-json\/wp\/v2\/types\/post"}],"author":[{"embeddable":true,"href":"https:\/\/portalnpm.com\/index.php\/wp-json\/wp\/v2\/users\/8"}],"replies":[{"embeddable":true,"href":"https:\/\/portalnpm.com\/index.php\/wp-json\/wp\/v2\/comments?post=81380"}],"version-history":[{"count":2,"href":"https:\/\/portalnpm.com\/index.php\/wp-json\/wp\/v2\/posts\/81380\/revisions"}],"predecessor-version":[{"id":81383,"href":"https:\/\/portalnpm.com\/index.php\/wp-json\/wp\/v2\/posts\/81380\/revisions\/81383"}],"wp:featuredmedia":[{"embeddable":true,"href":"https:\/\/portalnpm.com\/index.php\/wp-json\/wp\/v2\/media\/81381"}],"wp:attachment":[{"href":"https:\/\/portalnpm.com\/index.php\/wp-json\/wp\/v2\/media?parent=81380"}],"wp:term":[{"taxonomy":"category","embeddable":true,"href":"https:\/\/portalnpm.com\/index.php\/wp-json\/wp\/v2\/categories?post=81380"},{"taxonomy":"post_tag","embeddable":true,"href":"https:\/\/portalnpm.com\/index.php\/wp-json\/wp\/v2\/tags?post=81380"}],"curies":[{"name":"wp","href":"https:\/\/api.w.org\/{rel}","templated":true}]}}