{"id":81428,"date":"2024-11-21T15:10:38","date_gmt":"2024-11-21T18:10:38","guid":{"rendered":"https:\/\/portalnpm.com\/?p=81428"},"modified":"2024-11-21T15:10:38","modified_gmt":"2024-11-21T18:10:38","slug":"sao-juliao-organizado-pelo-governo-do-estado-prefeito-eleito-renaldinho-participa-em-teresina-do-evento-pactos-pelo-piaui-veja","status":"publish","type":"post","link":"https:\/\/portalnpm.com\/index.php\/2024\/11\/21\/sao-juliao-organizado-pelo-governo-do-estado-prefeito-eleito-renaldinho-participa-em-teresina-do-evento-pactos-pelo-piaui-veja\/","title":{"rendered":"S\u00e3o Juli\u00e3o | Organizado pelo Governo do Estado, prefeito eleito Renaldinho participa em Teresina do evento Pactos pelo Piau\u00ed; veja!"},"content":{"rendered":"<p>O prefeito eleito da cidade de <strong>S\u00e3o Juli\u00e3o &#8211; PI<\/strong>, <strong>Renaldinho Ramos<\/strong> (PDT), participou nesta quinta-feira, 21 de novembro, da primeira edi\u00e7\u00e3o do Pactos pelo Piau\u00ed, evento que reuniu prefeitos eleitos e reeleitos em 2024, realizado no Centro de Conven\u00e7\u00f5es de Teresina.<\/p>\n<p><img fetchpriority=\"high\" decoding=\"async\" class=\"alignnone wp-image-81429 size-full\" src=\"https:\/\/portalnpm.com\/wp-content\/uploads\/2024\/11\/IMG-20241121-WA0418.jpg\" alt=\"\" width=\"1200\" height=\"1600\" srcset=\"https:\/\/portalnpm.com\/wp-content\/uploads\/2024\/11\/IMG-20241121-WA0418.jpg 1200w, https:\/\/portalnpm.com\/wp-content\/uploads\/2024\/11\/IMG-20241121-WA0418-225x300.jpg 225w, https:\/\/portalnpm.com\/wp-content\/uploads\/2024\/11\/IMG-20241121-WA0418-768x1024.jpg 768w, https:\/\/portalnpm.com\/wp-content\/uploads\/2024\/11\/IMG-20241121-WA0418-1152x1536.jpg 1152w\" sizes=\"(max-width: 1200px) 100vw, 1200px\" \/><\/p>\n<p>O evento busca fortalecer a colabora\u00e7\u00e3o entre o Governo do Estado, o governo federal e as prefeituras municipais.<\/p>\n<p>Mais de 200 prefeitos participaram do evento, al\u00e9m do governador Rafael Fonteles. Organizado pelo Governo do Estado e pela Associa\u00e7\u00e3o Piauiense de Munic\u00edpios (APPM), o evento visa estreitar as parcerias entre o Governo do Estado, o governo federal e as prefeituras municipais, al\u00e9m de promover o debate sobre pol\u00edticas p\u00fablicas em diversas \u00e1reas.<\/p>\n<p>Tamb\u00e9m foram abordados indicadores desafiadores para o Estado do Piau\u00ed e buscar\u00e3o impulsionar a\u00e7\u00f5es em \u00e1reas como educa\u00e7\u00e3o, meio ambiente, sa\u00fade, seguran\u00e7a, tr\u00e2nsito, saneamento, defesa civil, primeira inf\u00e2ncia, gest\u00e3o e tecnologia.<\/p>\n<p>O prefeito Renaldinho esteve acompanhado do ex-prefeito Francimar Pereira, o vice-prefeito eleito Jos\u00e9 Neci, Lucinete Pereira e Bruno Liberato.<\/p>\n<p><img decoding=\"async\" class=\"alignnone size-medium wp-image-81430\" src=\"https:\/\/portalnpm.com\/wp-content\/uploads\/2024\/11\/IMG-20241121-WA0417-225x300.jpg\" alt=\"\" width=\"225\" height=\"300\" srcset=\"https:\/\/portalnpm.com\/wp-content\/uploads\/2024\/11\/IMG-20241121-WA0417-225x300.jpg 225w, https:\/\/portalnpm.com\/wp-content\/uploads\/2024\/11\/IMG-20241121-WA0417-768x1024.jpg 768w, https:\/\/portalnpm.com\/wp-content\/uploads\/2024\/11\/IMG-20241121-WA0417-1152x1536.jpg 1152w, https:\/\/portalnpm.com\/wp-content\/uploads\/2024\/11\/IMG-20241121-WA0417.jpg 1200w\" sizes=\"(max-width: 225px) 100vw, 225px\" \/> <img decoding=\"async\" class=\"alignnone size-medium wp-image-81431\" src=\"https:\/\/portalnpm.com\/wp-content\/uploads\/2024\/11\/IMG-20241121-WA0415-225x300.jpg\" alt=\"\" width=\"225\" height=\"300\" srcset=\"https:\/\/portalnpm.com\/wp-content\/uploads\/2024\/11\/IMG-20241121-WA0415-225x300.jpg 225w, https:\/\/portalnpm.com\/wp-content\/uploads\/2024\/11\/IMG-20241121-WA0415-768x1024.jpg 768w, https:\/\/portalnpm.com\/wp-content\/uploads\/2024\/11\/IMG-20241121-WA0415-1152x1536.jpg 1152w, https:\/\/portalnpm.com\/wp-content\/uploads\/2024\/11\/IMG-20241121-WA0415.jpg 1200w\" sizes=\"(max-width: 225px) 100vw, 225px\" \/> <img loading=\"lazy\" decoding=\"async\" class=\"alignnone size-medium wp-image-81432\" src=\"https:\/\/portalnpm.com\/wp-content\/uploads\/2024\/11\/IMG-20241121-WA0414-225x300.jpg\" alt=\"\" width=\"225\" height=\"300\" srcset=\"https:\/\/portalnpm.com\/wp-content\/uploads\/2024\/11\/IMG-20241121-WA0414-225x300.jpg 225w, https:\/\/portalnpm.com\/wp-content\/uploads\/2024\/11\/IMG-20241121-WA0414-768x1024.jpg 768w, https:\/\/portalnpm.com\/wp-content\/uploads\/2024\/11\/IMG-20241121-WA0414-1152x1536.jpg 1152w, https:\/\/portalnpm.com\/wp-content\/uploads\/2024\/11\/IMG-20241121-WA0414.jpg 1200w\" sizes=\"(max-width: 225px) 100vw, 225px\" \/> <img loading=\"lazy\" decoding=\"async\" class=\"alignnone size-medium wp-image-81433\" src=\"https:\/\/portalnpm.com\/wp-content\/uploads\/2024\/11\/IMG-20241121-WA0413-225x300.jpg\" alt=\"\" width=\"225\" height=\"300\" srcset=\"https:\/\/portalnpm.com\/wp-content\/uploads\/2024\/11\/IMG-20241121-WA0413-225x300.jpg 225w, https:\/\/portalnpm.com\/wp-content\/uploads\/2024\/11\/IMG-20241121-WA0413-768x1024.jpg 768w, https:\/\/portalnpm.com\/wp-content\/uploads\/2024\/11\/IMG-20241121-WA0413-1152x1536.jpg 1152w, https:\/\/portalnpm.com\/wp-content\/uploads\/2024\/11\/IMG-20241121-WA0413.jpg 1200w\" sizes=\"(max-width: 225px) 100vw, 225px\" \/> <img loading=\"lazy\" decoding=\"async\" class=\"alignnone size-medium wp-image-81434\" src=\"https:\/\/portalnpm.com\/wp-content\/uploads\/2024\/11\/large_Whats_App_Image_2024_11_19_at_12_15_24_aa003a8e0d-240x300.jpeg\" alt=\"\" width=\"240\" height=\"300\" srcset=\"https:\/\/portalnpm.com\/wp-content\/uploads\/2024\/11\/large_Whats_App_Image_2024_11_19_at_12_15_24_aa003a8e0d-240x300.jpeg 240w, https:\/\/portalnpm.com\/wp-content\/uploads\/2024\/11\/large_Whats_App_Image_2024_11_19_at_12_15_24_aa003a8e0d-768x960.jpeg 768w, https:\/\/portalnpm.com\/wp-content\/uploads\/2024\/11\/large_Whats_App_Image_2024_11_19_at_12_15_24_aa003a8e0d.jpeg 800w\" sizes=\"(max-width: 240px) 100vw, 240px\" \/><\/p>\n","protected":false},"excerpt":{"rendered":"<p>O prefeito eleito da cidade de S\u00e3o Juli\u00e3o &#8211; PI, Renaldinho Ramos (PDT), participou nesta quinta-feira, 21 de novembro, da primeira edi\u00e7\u00e3o do Pactos pelo Piau\u00ed, evento que reuniu prefeitos eleitos e reeleitos em 2024, realizado no Centro de Conven\u00e7\u00f5es de Teresina. O evento busca fortalecer a colabora\u00e7\u00e3o entre o Governo do Estado, o governo &hellip;<\/p>\n","protected":false},"author":4,"featured_media":81435,"comment_status":"open","ping_status":"open","sticky":false,"template":"","format":"standard","meta":{"content-type":"","rop_custom_images_group":[],"rop_custom_messages_group":[],"rop_publish_now":"yes","rop_publish_now_accounts":{"facebook_2648258775420054_1618374048415101":""},"rop_publish_now_history":[],"rop_publish_now_status":"pending","footnotes":"","_jetpack_memberships_contains_paid_content":false},"categories":[113,109,3998],"tags":[1068,855,1185,3267,524,1197,15889,15969,1488,1184,187,135,2984,1196,766,842],"yoast_head":"<!-- This site is optimized with the Yoast SEO plugin v22.3 - https:\/\/yoast.com\/wordpress\/plugins\/seo\/ -->\n<title>S\u00e3o Juli\u00e3o | Organizado pelo Governo do Estado, prefeito eleito Renaldinho participa em Teresina do evento Pactos pelo Piau\u00ed; veja! - Portal NPM<\/title>\n<meta name=\"robots\" content=\"index, follow, max-snippet:-1, max-image-preview:large, max-video-preview:-1\" \/>\n<link rel=\"canonical\" href=\"https:\/\/portalnpm.com\/index.php\/2024\/11\/21\/sao-juliao-organizado-pelo-governo-do-estado-prefeito-eleito-renaldinho-participa-em-teresina-do-evento-pactos-pelo-piaui-veja\/\" \/>\n<meta property=\"og:locale\" content=\"pt_BR\" \/>\n<meta property=\"og:type\" content=\"article\" \/>\n<meta property=\"og:title\" content=\"S\u00e3o Juli\u00e3o | Organizado pelo Governo do Estado, prefeito eleito Renaldinho participa em Teresina do evento Pactos pelo Piau\u00ed; veja! - Portal NPM\" \/>\n<meta property=\"og:description\" content=\"O prefeito eleito da cidade de S\u00e3o Juli\u00e3o &#8211; PI, Renaldinho Ramos (PDT), participou nesta quinta-feira, 21 de novembro, da primeira edi\u00e7\u00e3o do Pactos pelo Piau\u00ed, evento que reuniu prefeitos eleitos e reeleitos em 2024, realizado no Centro de Conven\u00e7\u00f5es de Teresina. O evento busca fortalecer a colabora\u00e7\u00e3o entre o Governo do Estado, o governo &hellip;\" \/>\n<meta property=\"og:url\" content=\"https:\/\/portalnpm.com\/index.php\/2024\/11\/21\/sao-juliao-organizado-pelo-governo-do-estado-prefeito-eleito-renaldinho-participa-em-teresina-do-evento-pactos-pelo-piaui-veja\/\" \/>\n<meta property=\"og:site_name\" content=\"Portal NPM\" \/>\n<meta property=\"article:published_time\" content=\"2024-11-21T18:10:38+00:00\" \/>\n<meta property=\"og:image\" content=\"https:\/\/portalnpm.com\/wp-content\/uploads\/2024\/11\/IMG-20241121-WA0412.jpg\" \/>\n\t<meta property=\"og:image:width\" content=\"1200\" \/>\n\t<meta property=\"og:image:height\" content=\"1600\" \/>\n\t<meta property=\"og:image:type\" content=\"image\/jpeg\" \/>\n<meta name=\"author\" content=\"Reda\u00e7\u00e3o\" \/>\n<meta name=\"twitter:card\" content=\"summary_large_image\" \/>\n<meta name=\"twitter:label1\" content=\"Escrito por\" \/>\n\t<meta name=\"twitter:data1\" content=\"Reda\u00e7\u00e3o\" \/>\n\t<meta name=\"twitter:label2\" content=\"Est. tempo de leitura\" \/>\n\t<meta name=\"twitter:data2\" content=\"3 minutos\" \/>\n<script type=\"application\/ld+json\" class=\"yoast-schema-graph\">{\"@context\":\"https:\/\/schema.org\",\"@graph\":[{\"@type\":\"WebPage\",\"@id\":\"https:\/\/portalnpm.com\/index.php\/2024\/11\/21\/sao-juliao-organizado-pelo-governo-do-estado-prefeito-eleito-renaldinho-participa-em-teresina-do-evento-pactos-pelo-piaui-veja\/\",\"url\":\"https:\/\/portalnpm.com\/index.php\/2024\/11\/21\/sao-juliao-organizado-pelo-governo-do-estado-prefeito-eleito-renaldinho-participa-em-teresina-do-evento-pactos-pelo-piaui-veja\/\",\"name\":\"S\u00e3o Juli\u00e3o | Organizado pelo Governo do Estado, prefeito eleito Renaldinho participa em Teresina do evento Pactos pelo Piau\u00ed; veja! - Portal NPM\",\"isPartOf\":{\"@id\":\"https:\/\/portalnpm.com\/#website\"},\"primaryImageOfPage\":{\"@id\":\"https:\/\/portalnpm.com\/index.php\/2024\/11\/21\/sao-juliao-organizado-pelo-governo-do-estado-prefeito-eleito-renaldinho-participa-em-teresina-do-evento-pactos-pelo-piaui-veja\/#primaryimage\"},\"image\":{\"@id\":\"https:\/\/portalnpm.com\/index.php\/2024\/11\/21\/sao-juliao-organizado-pelo-governo-do-estado-prefeito-eleito-renaldinho-participa-em-teresina-do-evento-pactos-pelo-piaui-veja\/#primaryimage\"},\"thumbnailUrl\":\"https:\/\/portalnpm.com\/wp-content\/uploads\/2024\/11\/IMG-20241121-WA0412.jpg\",\"datePublished\":\"2024-11-21T18:10:38+00:00\",\"dateModified\":\"2024-11-21T18:10:38+00:00\",\"author\":{\"@id\":\"https:\/\/portalnpm.com\/#\/schema\/person\/0b5f230ec96cee25504fa328e7f2b733\"},\"breadcrumb\":{\"@id\":\"https:\/\/portalnpm.com\/index.php\/2024\/11\/21\/sao-juliao-organizado-pelo-governo-do-estado-prefeito-eleito-renaldinho-participa-em-teresina-do-evento-pactos-pelo-piaui-veja\/#breadcrumb\"},\"inLanguage\":\"pt-BR\",\"potentialAction\":[{\"@type\":\"ReadAction\",\"target\":[\"https:\/\/portalnpm.com\/index.php\/2024\/11\/21\/sao-juliao-organizado-pelo-governo-do-estado-prefeito-eleito-renaldinho-participa-em-teresina-do-evento-pactos-pelo-piaui-veja\/\"]}]},{\"@type\":\"ImageObject\",\"inLanguage\":\"pt-BR\",\"@id\":\"https:\/\/portalnpm.com\/index.php\/2024\/11\/21\/sao-juliao-organizado-pelo-governo-do-estado-prefeito-eleito-renaldinho-participa-em-teresina-do-evento-pactos-pelo-piaui-veja\/#primaryimage\",\"url\":\"https:\/\/portalnpm.com\/wp-content\/uploads\/2024\/11\/IMG-20241121-WA0412.jpg\",\"contentUrl\":\"https:\/\/portalnpm.com\/wp-content\/uploads\/2024\/11\/IMG-20241121-WA0412.jpg\",\"width\":1200,\"height\":1600},{\"@type\":\"BreadcrumbList\",\"@id\":\"https:\/\/portalnpm.com\/index.php\/2024\/11\/21\/sao-juliao-organizado-pelo-governo-do-estado-prefeito-eleito-renaldinho-participa-em-teresina-do-evento-pactos-pelo-piaui-veja\/#breadcrumb\",\"itemListElement\":[{\"@type\":\"ListItem\",\"position\":1,\"name\":\"In\u00edcio\",\"item\":\"https:\/\/portalnpm.com\/\"},{\"@type\":\"ListItem\",\"position\":2,\"name\":\"S\u00e3o Juli\u00e3o | Organizado pelo Governo do Estado, prefeito eleito Renaldinho participa em Teresina do evento Pactos pelo Piau\u00ed; veja!\"}]},{\"@type\":\"WebSite\",\"@id\":\"https:\/\/portalnpm.com\/#website\",\"url\":\"https:\/\/portalnpm.com\/\",\"name\":\"Portal NPM\",\"description\":\"Not\u00edcias em Primeira M\u00e3o\",\"potentialAction\":[{\"@type\":\"SearchAction\",\"target\":{\"@type\":\"EntryPoint\",\"urlTemplate\":\"https:\/\/portalnpm.com\/?s={search_term_string}\"},\"query-input\":\"required name=search_term_string\"}],\"inLanguage\":\"pt-BR\"},{\"@type\":\"Person\",\"@id\":\"https:\/\/portalnpm.com\/#\/schema\/person\/0b5f230ec96cee25504fa328e7f2b733\",\"name\":\"Reda\u00e7\u00e3o\",\"image\":{\"@type\":\"ImageObject\",\"inLanguage\":\"pt-BR\",\"@id\":\"https:\/\/portalnpm.com\/#\/schema\/person\/image\/\",\"url\":\"https:\/\/portalnpm.com\/wp-content\/uploads\/2024\/03\/avatar_user_4_1710097212-96x96.png\",\"contentUrl\":\"https:\/\/portalnpm.com\/wp-content\/uploads\/2024\/03\/avatar_user_4_1710097212-96x96.png\",\"caption\":\"Reda\u00e7\u00e3o\"},\"url\":\"https:\/\/portalnpm.com\/index.php\/author\/redacao\/\"}]}<\/script>\n<!-- \/ Yoast SEO plugin. -->","yoast_head_json":{"title":"S\u00e3o Juli\u00e3o | Organizado pelo Governo do Estado, prefeito eleito Renaldinho participa em Teresina do evento Pactos pelo Piau\u00ed; veja! - Portal NPM","robots":{"index":"index","follow":"follow","max-snippet":"max-snippet:-1","max-image-preview":"max-image-preview:large","max-video-preview":"max-video-preview:-1"},"canonical":"https:\/\/portalnpm.com\/index.php\/2024\/11\/21\/sao-juliao-organizado-pelo-governo-do-estado-prefeito-eleito-renaldinho-participa-em-teresina-do-evento-pactos-pelo-piaui-veja\/","og_locale":"pt_BR","og_type":"article","og_title":"S\u00e3o Juli\u00e3o | Organizado pelo Governo do Estado, prefeito eleito Renaldinho participa em Teresina do evento Pactos pelo Piau\u00ed; veja! - Portal NPM","og_description":"O prefeito eleito da cidade de S\u00e3o Juli\u00e3o &#8211; PI, Renaldinho Ramos (PDT), participou nesta quinta-feira, 21 de novembro, da primeira edi\u00e7\u00e3o do Pactos pelo Piau\u00ed, evento que reuniu prefeitos eleitos e reeleitos em 2024, realizado no Centro de Conven\u00e7\u00f5es de Teresina. O evento busca fortalecer a colabora\u00e7\u00e3o entre o Governo do Estado, o governo &hellip;","og_url":"https:\/\/portalnpm.com\/index.php\/2024\/11\/21\/sao-juliao-organizado-pelo-governo-do-estado-prefeito-eleito-renaldinho-participa-em-teresina-do-evento-pactos-pelo-piaui-veja\/","og_site_name":"Portal NPM","article_published_time":"2024-11-21T18:10:38+00:00","og_image":[{"width":1200,"height":1600,"url":"https:\/\/portalnpm.com\/wp-content\/uploads\/2024\/11\/IMG-20241121-WA0412.jpg","type":"image\/jpeg"}],"author":"Reda\u00e7\u00e3o","twitter_card":"summary_large_image","twitter_misc":{"Escrito por":"Reda\u00e7\u00e3o","Est. tempo de leitura":"3 minutos"},"schema":{"@context":"https:\/\/schema.org","@graph":[{"@type":"WebPage","@id":"https:\/\/portalnpm.com\/index.php\/2024\/11\/21\/sao-juliao-organizado-pelo-governo-do-estado-prefeito-eleito-renaldinho-participa-em-teresina-do-evento-pactos-pelo-piaui-veja\/","url":"https:\/\/portalnpm.com\/index.php\/2024\/11\/21\/sao-juliao-organizado-pelo-governo-do-estado-prefeito-eleito-renaldinho-participa-em-teresina-do-evento-pactos-pelo-piaui-veja\/","name":"S\u00e3o Juli\u00e3o | Organizado pelo Governo do Estado, prefeito eleito Renaldinho participa em Teresina do evento Pactos pelo Piau\u00ed; veja! - Portal NPM","isPartOf":{"@id":"https:\/\/portalnpm.com\/#website"},"primaryImageOfPage":{"@id":"https:\/\/portalnpm.com\/index.php\/2024\/11\/21\/sao-juliao-organizado-pelo-governo-do-estado-prefeito-eleito-renaldinho-participa-em-teresina-do-evento-pactos-pelo-piaui-veja\/#primaryimage"},"image":{"@id":"https:\/\/portalnpm.com\/index.php\/2024\/11\/21\/sao-juliao-organizado-pelo-governo-do-estado-prefeito-eleito-renaldinho-participa-em-teresina-do-evento-pactos-pelo-piaui-veja\/#primaryimage"},"thumbnailUrl":"https:\/\/portalnpm.com\/wp-content\/uploads\/2024\/11\/IMG-20241121-WA0412.jpg","datePublished":"2024-11-21T18:10:38+00:00","dateModified":"2024-11-21T18:10:38+00:00","author":{"@id":"https:\/\/portalnpm.com\/#\/schema\/person\/0b5f230ec96cee25504fa328e7f2b733"},"breadcrumb":{"@id":"https:\/\/portalnpm.com\/index.php\/2024\/11\/21\/sao-juliao-organizado-pelo-governo-do-estado-prefeito-eleito-renaldinho-participa-em-teresina-do-evento-pactos-pelo-piaui-veja\/#breadcrumb"},"inLanguage":"pt-BR","potentialAction":[{"@type":"ReadAction","target":["https:\/\/portalnpm.com\/index.php\/2024\/11\/21\/sao-juliao-organizado-pelo-governo-do-estado-prefeito-eleito-renaldinho-participa-em-teresina-do-evento-pactos-pelo-piaui-veja\/"]}]},{"@type":"ImageObject","inLanguage":"pt-BR","@id":"https:\/\/portalnpm.com\/index.php\/2024\/11\/21\/sao-juliao-organizado-pelo-governo-do-estado-prefeito-eleito-renaldinho-participa-em-teresina-do-evento-pactos-pelo-piaui-veja\/#primaryimage","url":"https:\/\/portalnpm.com\/wp-content\/uploads\/2024\/11\/IMG-20241121-WA0412.jpg","contentUrl":"https:\/\/portalnpm.com\/wp-content\/uploads\/2024\/11\/IMG-20241121-WA0412.jpg","width":1200,"height":1600},{"@type":"BreadcrumbList","@id":"https:\/\/portalnpm.com\/index.php\/2024\/11\/21\/sao-juliao-organizado-pelo-governo-do-estado-prefeito-eleito-renaldinho-participa-em-teresina-do-evento-pactos-pelo-piaui-veja\/#breadcrumb","itemListElement":[{"@type":"ListItem","position":1,"name":"In\u00edcio","item":"https:\/\/portalnpm.com\/"},{"@type":"ListItem","position":2,"name":"S\u00e3o Juli\u00e3o | Organizado pelo Governo do Estado, prefeito eleito Renaldinho participa em Teresina do evento Pactos pelo Piau\u00ed; veja!"}]},{"@type":"WebSite","@id":"https:\/\/portalnpm.com\/#website","url":"https:\/\/portalnpm.com\/","name":"Portal NPM","description":"Not\u00edcias em Primeira M\u00e3o","potentialAction":[{"@type":"SearchAction","target":{"@type":"EntryPoint","urlTemplate":"https:\/\/portalnpm.com\/?s={search_term_string}"},"query-input":"required name=search_term_string"}],"inLanguage":"pt-BR"},{"@type":"Person","@id":"https:\/\/portalnpm.com\/#\/schema\/person\/0b5f230ec96cee25504fa328e7f2b733","name":"Reda\u00e7\u00e3o","image":{"@type":"ImageObject","inLanguage":"pt-BR","@id":"https:\/\/portalnpm.com\/#\/schema\/person\/image\/","url":"https:\/\/portalnpm.com\/wp-content\/uploads\/2024\/03\/avatar_user_4_1710097212-96x96.png","contentUrl":"https:\/\/portalnpm.com\/wp-content\/uploads\/2024\/03\/avatar_user_4_1710097212-96x96.png","caption":"Reda\u00e7\u00e3o"},"url":"https:\/\/portalnpm.com\/index.php\/author\/redacao\/"}]}},"jetpack_sharing_enabled":true,"jetpack_featured_media_url":"https:\/\/portalnpm.com\/wp-content\/uploads\/2024\/11\/IMG-20241121-WA0412.jpg","_links":{"self":[{"href":"https:\/\/portalnpm.com\/index.php\/wp-json\/wp\/v2\/posts\/81428"}],"collection":[{"href":"https:\/\/portalnpm.com\/index.php\/wp-json\/wp\/v2\/posts"}],"about":[{"href":"https:\/\/portalnpm.com\/index.php\/wp-json\/wp\/v2\/types\/post"}],"author":[{"embeddable":true,"href":"https:\/\/portalnpm.com\/index.php\/wp-json\/wp\/v2\/users\/4"}],"replies":[{"embeddable":true,"href":"https:\/\/portalnpm.com\/index.php\/wp-json\/wp\/v2\/comments?post=81428"}],"version-history":[{"count":1,"href":"https:\/\/portalnpm.com\/index.php\/wp-json\/wp\/v2\/posts\/81428\/revisions"}],"predecessor-version":[{"id":81436,"href":"https:\/\/portalnpm.com\/index.php\/wp-json\/wp\/v2\/posts\/81428\/revisions\/81436"}],"wp:featuredmedia":[{"embeddable":true,"href":"https:\/\/portalnpm.com\/index.php\/wp-json\/wp\/v2\/media\/81435"}],"wp:attachment":[{"href":"https:\/\/portalnpm.com\/index.php\/wp-json\/wp\/v2\/media?parent=81428"}],"wp:term":[{"taxonomy":"category","embeddable":true,"href":"https:\/\/portalnpm.com\/index.php\/wp-json\/wp\/v2\/categories?post=81428"},{"taxonomy":"post_tag","embeddable":true,"href":"https:\/\/portalnpm.com\/index.php\/wp-json\/wp\/v2\/tags?post=81428"}],"curies":[{"name":"wp","href":"https:\/\/api.w.org\/{rel}","templated":true}]}}