{"id":81458,"date":"2024-11-22T12:10:13","date_gmt":"2024-11-22T15:10:13","guid":{"rendered":"https:\/\/portalnpm.com\/?p=81458"},"modified":"2024-11-22T12:10:13","modified_gmt":"2024-11-22T15:10:13","slug":"sao-juliao-celebra-o-dia-municipal-do-sanfoneiro-com-iii-festival-da-sanfona-e-hoje","status":"publish","type":"post","link":"https:\/\/portalnpm.com\/index.php\/2024\/11\/22\/sao-juliao-celebra-o-dia-municipal-do-sanfoneiro-com-iii-festival-da-sanfona-e-hoje\/","title":{"rendered":"S\u00e3o Juli\u00e3o celebra o Dia Municipal do Sanfoneiro com III Festival da Sanfona; \u00c9 Hoje!"},"content":{"rendered":"<p>Fonte: Portal \u00c9 Not\u00edcias<\/p>\n<p><img fetchpriority=\"high\" decoding=\"async\" class=\"alignnone wp-image-81459 size-full\" src=\"https:\/\/portalnpm.com\/wp-content\/uploads\/2024\/11\/8c862385-ce49-46ac-b84b-8438fc12c893.jpg\" alt=\"\" width=\"640\" height=\"800\" srcset=\"https:\/\/portalnpm.com\/wp-content\/uploads\/2024\/11\/8c862385-ce49-46ac-b84b-8438fc12c893.jpg 640w, https:\/\/portalnpm.com\/wp-content\/uploads\/2024\/11\/8c862385-ce49-46ac-b84b-8438fc12c893-240x300.jpg 240w\" sizes=\"(max-width: 640px) 100vw, 640px\" \/><\/p>\n<p>S\u00e3o Juli\u00e3o \u2013 PI celebra nesta sexta-feira, 22 de novembro, o\u00a0<em><strong>Dia Municipal do Sanfoneiro<\/strong><\/em>, institu\u00eddo por Lei, atrav\u00e9s de um\u00a0<em><strong>Projeto de Lei de autoria do Vereador N\u00e9 Rocha.\u00a0<\/strong><\/em><\/p>\n<p>A data foi escolhida em homenagem ao anivers\u00e1rio natal\u00edcio do saudoso\u00a0<em><strong>Chico Cadino<\/strong><\/em>, maior artista popular de S\u00e3o Juli\u00e3o \u2013 PI e celebra tamb\u00e9m o\u00a0<em><strong>Dia Nacional do M\u00fasico e o Dia de Santa Cec\u00edlia<\/strong><\/em>, padroeira dos m\u00fasicos.<\/p>\n<p>Desde ent\u00e3o, para comemorar a data, \u00e9 realizado na cidade o tradicional\u00a0<em><strong>Festival de Sanfona<\/strong><\/em>. Este ano, o evento se encontra em sua terceira edi\u00e7\u00e3o e mais uma vez \u00e9 organizado pelo jovem\u00a0<em><strong>Wenderson S\u00e1 e o Grupo Sanfona Sentida.<\/strong><\/em><\/p>\n<blockquote>\n<figure class=\"wp-caption alignnone\"><img decoding=\"async\" src=\"https:\/\/i0.wp.com\/www.portalenoticias.com.br\/wp-content\/uploads\/2022\/11\/festivalsanfonasaojuplsanfona-28.jpg?fit=1000%2C667&amp;ssl=1\" alt=\"\" width=\"1000\" height=\"667\" \/><figcaption class=\"wp-caption-text\">S\u00e3o Juli\u00e3o celebra o Dia Municipal do Sanfoneiro com III Festival da Sanfona<\/p>\n<p>O III Festival da Sanfona de S\u00e3o Juli\u00e3o \u2013 PI ter\u00e1 in\u00edcio a partir das 19h30 de hoje, na 3R Pallace, com entrada gratuita. Venham prestigiar a cultura da sanfona, onde contaremos com a participa\u00e7\u00e3o do sanfoneiro Alvino Luz, e do Grupo Sanfona Sentida que re\u00fane diversos sanfoneiros da macrorregi\u00e3o de Picos e tamb\u00e9m contaremos com todos os artistas locais\u201d, disse.<\/figcaption><\/figure>\n<\/blockquote>\n","protected":false},"excerpt":{"rendered":"<p>Fonte: Portal \u00c9 Not\u00edcias S\u00e3o Juli\u00e3o \u2013 PI celebra nesta sexta-feira, 22 de novembro, o\u00a0Dia Municipal do Sanfoneiro, institu\u00eddo por Lei, atrav\u00e9s de um\u00a0Projeto de Lei de autoria do Vereador N\u00e9 Rocha.\u00a0 A data foi escolhida em homenagem ao anivers\u00e1rio natal\u00edcio do saudoso\u00a0Chico Cadino, maior artista popular de S\u00e3o Juli\u00e3o \u2013 PI e celebra tamb\u00e9m &hellip;<\/p>\n","protected":false},"author":4,"featured_media":81459,"comment_status":"open","ping_status":"open","sticky":false,"template":"","format":"standard","meta":{"content-type":"","rop_custom_images_group":[],"rop_custom_messages_group":[],"rop_publish_now":"yes","rop_publish_now_accounts":{"facebook_2648258775420054_1618374048415101":""},"rop_publish_now_history":[],"rop_publish_now_status":"pending","footnotes":"","_jetpack_memberships_contains_paid_content":false},"categories":[113,109,3998],"tags":[5317,836,1178,925,1808,1811,15759,1197,1923,10518,4175,1196],"yoast_head":"<!-- This site is optimized with the Yoast SEO plugin v22.3 - https:\/\/yoast.com\/wordpress\/plugins\/seo\/ -->\n<title>S\u00e3o Juli\u00e3o celebra o Dia Municipal do Sanfoneiro com III Festival da Sanfona; \u00c9 Hoje! - Portal NPM<\/title>\n<meta name=\"robots\" content=\"index, follow, max-snippet:-1, max-image-preview:large, max-video-preview:-1\" \/>\n<link rel=\"canonical\" href=\"https:\/\/portalnpm.com\/index.php\/2024\/11\/22\/sao-juliao-celebra-o-dia-municipal-do-sanfoneiro-com-iii-festival-da-sanfona-e-hoje\/\" \/>\n<meta property=\"og:locale\" content=\"pt_BR\" \/>\n<meta property=\"og:type\" content=\"article\" \/>\n<meta property=\"og:title\" content=\"S\u00e3o Juli\u00e3o celebra o Dia Municipal do Sanfoneiro com III Festival da Sanfona; \u00c9 Hoje! - Portal NPM\" \/>\n<meta property=\"og:description\" content=\"Fonte: Portal \u00c9 Not\u00edcias S\u00e3o Juli\u00e3o \u2013 PI celebra nesta sexta-feira, 22 de novembro, o\u00a0Dia Municipal do Sanfoneiro, institu\u00eddo por Lei, atrav\u00e9s de um\u00a0Projeto de Lei de autoria do Vereador N\u00e9 Rocha.\u00a0 A data foi escolhida em homenagem ao anivers\u00e1rio natal\u00edcio do saudoso\u00a0Chico Cadino, maior artista popular de S\u00e3o Juli\u00e3o \u2013 PI e celebra tamb\u00e9m &hellip;\" \/>\n<meta property=\"og:url\" content=\"https:\/\/portalnpm.com\/index.php\/2024\/11\/22\/sao-juliao-celebra-o-dia-municipal-do-sanfoneiro-com-iii-festival-da-sanfona-e-hoje\/\" \/>\n<meta property=\"og:site_name\" content=\"Portal NPM\" \/>\n<meta property=\"article:published_time\" content=\"2024-11-22T15:10:13+00:00\" \/>\n<meta property=\"og:image\" content=\"https:\/\/portalnpm.com\/wp-content\/uploads\/2024\/11\/8c862385-ce49-46ac-b84b-8438fc12c893.jpg\" \/>\n\t<meta property=\"og:image:width\" content=\"640\" \/>\n\t<meta property=\"og:image:height\" content=\"800\" \/>\n\t<meta property=\"og:image:type\" content=\"image\/jpeg\" \/>\n<meta name=\"author\" content=\"Reda\u00e7\u00e3o\" \/>\n<meta name=\"twitter:card\" content=\"summary_large_image\" \/>\n<meta name=\"twitter:label1\" content=\"Escrito por\" \/>\n\t<meta name=\"twitter:data1\" content=\"Reda\u00e7\u00e3o\" \/>\n\t<meta name=\"twitter:label2\" content=\"Est. tempo de leitura\" \/>\n\t<meta name=\"twitter:data2\" content=\"2 minutos\" \/>\n<script type=\"application\/ld+json\" class=\"yoast-schema-graph\">{\"@context\":\"https:\/\/schema.org\",\"@graph\":[{\"@type\":\"WebPage\",\"@id\":\"https:\/\/portalnpm.com\/index.php\/2024\/11\/22\/sao-juliao-celebra-o-dia-municipal-do-sanfoneiro-com-iii-festival-da-sanfona-e-hoje\/\",\"url\":\"https:\/\/portalnpm.com\/index.php\/2024\/11\/22\/sao-juliao-celebra-o-dia-municipal-do-sanfoneiro-com-iii-festival-da-sanfona-e-hoje\/\",\"name\":\"S\u00e3o Juli\u00e3o celebra o Dia Municipal do Sanfoneiro com III Festival da Sanfona; \u00c9 Hoje! - Portal NPM\",\"isPartOf\":{\"@id\":\"https:\/\/portalnpm.com\/#website\"},\"primaryImageOfPage\":{\"@id\":\"https:\/\/portalnpm.com\/index.php\/2024\/11\/22\/sao-juliao-celebra-o-dia-municipal-do-sanfoneiro-com-iii-festival-da-sanfona-e-hoje\/#primaryimage\"},\"image\":{\"@id\":\"https:\/\/portalnpm.com\/index.php\/2024\/11\/22\/sao-juliao-celebra-o-dia-municipal-do-sanfoneiro-com-iii-festival-da-sanfona-e-hoje\/#primaryimage\"},\"thumbnailUrl\":\"https:\/\/portalnpm.com\/wp-content\/uploads\/2024\/11\/8c862385-ce49-46ac-b84b-8438fc12c893.jpg\",\"datePublished\":\"2024-11-22T15:10:13+00:00\",\"dateModified\":\"2024-11-22T15:10:13+00:00\",\"author\":{\"@id\":\"https:\/\/portalnpm.com\/#\/schema\/person\/0b5f230ec96cee25504fa328e7f2b733\"},\"breadcrumb\":{\"@id\":\"https:\/\/portalnpm.com\/index.php\/2024\/11\/22\/sao-juliao-celebra-o-dia-municipal-do-sanfoneiro-com-iii-festival-da-sanfona-e-hoje\/#breadcrumb\"},\"inLanguage\":\"pt-BR\",\"potentialAction\":[{\"@type\":\"ReadAction\",\"target\":[\"https:\/\/portalnpm.com\/index.php\/2024\/11\/22\/sao-juliao-celebra-o-dia-municipal-do-sanfoneiro-com-iii-festival-da-sanfona-e-hoje\/\"]}]},{\"@type\":\"ImageObject\",\"inLanguage\":\"pt-BR\",\"@id\":\"https:\/\/portalnpm.com\/index.php\/2024\/11\/22\/sao-juliao-celebra-o-dia-municipal-do-sanfoneiro-com-iii-festival-da-sanfona-e-hoje\/#primaryimage\",\"url\":\"https:\/\/portalnpm.com\/wp-content\/uploads\/2024\/11\/8c862385-ce49-46ac-b84b-8438fc12c893.jpg\",\"contentUrl\":\"https:\/\/portalnpm.com\/wp-content\/uploads\/2024\/11\/8c862385-ce49-46ac-b84b-8438fc12c893.jpg\",\"width\":640,\"height\":800},{\"@type\":\"BreadcrumbList\",\"@id\":\"https:\/\/portalnpm.com\/index.php\/2024\/11\/22\/sao-juliao-celebra-o-dia-municipal-do-sanfoneiro-com-iii-festival-da-sanfona-e-hoje\/#breadcrumb\",\"itemListElement\":[{\"@type\":\"ListItem\",\"position\":1,\"name\":\"In\u00edcio\",\"item\":\"https:\/\/portalnpm.com\/\"},{\"@type\":\"ListItem\",\"position\":2,\"name\":\"S\u00e3o Juli\u00e3o celebra o Dia Municipal do Sanfoneiro com III Festival da Sanfona; \u00c9 Hoje!\"}]},{\"@type\":\"WebSite\",\"@id\":\"https:\/\/portalnpm.com\/#website\",\"url\":\"https:\/\/portalnpm.com\/\",\"name\":\"Portal NPM\",\"description\":\"Not\u00edcias em Primeira M\u00e3o\",\"potentialAction\":[{\"@type\":\"SearchAction\",\"target\":{\"@type\":\"EntryPoint\",\"urlTemplate\":\"https:\/\/portalnpm.com\/?s={search_term_string}\"},\"query-input\":\"required name=search_term_string\"}],\"inLanguage\":\"pt-BR\"},{\"@type\":\"Person\",\"@id\":\"https:\/\/portalnpm.com\/#\/schema\/person\/0b5f230ec96cee25504fa328e7f2b733\",\"name\":\"Reda\u00e7\u00e3o\",\"image\":{\"@type\":\"ImageObject\",\"inLanguage\":\"pt-BR\",\"@id\":\"https:\/\/portalnpm.com\/#\/schema\/person\/image\/\",\"url\":\"https:\/\/portalnpm.com\/wp-content\/uploads\/2024\/03\/avatar_user_4_1710097212-96x96.png\",\"contentUrl\":\"https:\/\/portalnpm.com\/wp-content\/uploads\/2024\/03\/avatar_user_4_1710097212-96x96.png\",\"caption\":\"Reda\u00e7\u00e3o\"},\"url\":\"https:\/\/portalnpm.com\/index.php\/author\/redacao\/\"}]}<\/script>\n<!-- \/ Yoast SEO plugin. -->","yoast_head_json":{"title":"S\u00e3o Juli\u00e3o celebra o Dia Municipal do Sanfoneiro com III Festival da Sanfona; \u00c9 Hoje! - Portal NPM","robots":{"index":"index","follow":"follow","max-snippet":"max-snippet:-1","max-image-preview":"max-image-preview:large","max-video-preview":"max-video-preview:-1"},"canonical":"https:\/\/portalnpm.com\/index.php\/2024\/11\/22\/sao-juliao-celebra-o-dia-municipal-do-sanfoneiro-com-iii-festival-da-sanfona-e-hoje\/","og_locale":"pt_BR","og_type":"article","og_title":"S\u00e3o Juli\u00e3o celebra o Dia Municipal do Sanfoneiro com III Festival da Sanfona; \u00c9 Hoje! - Portal NPM","og_description":"Fonte: Portal \u00c9 Not\u00edcias S\u00e3o Juli\u00e3o \u2013 PI celebra nesta sexta-feira, 22 de novembro, o\u00a0Dia Municipal do Sanfoneiro, institu\u00eddo por Lei, atrav\u00e9s de um\u00a0Projeto de Lei de autoria do Vereador N\u00e9 Rocha.\u00a0 A data foi escolhida em homenagem ao anivers\u00e1rio natal\u00edcio do saudoso\u00a0Chico Cadino, maior artista popular de S\u00e3o Juli\u00e3o \u2013 PI e celebra tamb\u00e9m &hellip;","og_url":"https:\/\/portalnpm.com\/index.php\/2024\/11\/22\/sao-juliao-celebra-o-dia-municipal-do-sanfoneiro-com-iii-festival-da-sanfona-e-hoje\/","og_site_name":"Portal NPM","article_published_time":"2024-11-22T15:10:13+00:00","og_image":[{"width":640,"height":800,"url":"https:\/\/portalnpm.com\/wp-content\/uploads\/2024\/11\/8c862385-ce49-46ac-b84b-8438fc12c893.jpg","type":"image\/jpeg"}],"author":"Reda\u00e7\u00e3o","twitter_card":"summary_large_image","twitter_misc":{"Escrito por":"Reda\u00e7\u00e3o","Est. tempo de leitura":"2 minutos"},"schema":{"@context":"https:\/\/schema.org","@graph":[{"@type":"WebPage","@id":"https:\/\/portalnpm.com\/index.php\/2024\/11\/22\/sao-juliao-celebra-o-dia-municipal-do-sanfoneiro-com-iii-festival-da-sanfona-e-hoje\/","url":"https:\/\/portalnpm.com\/index.php\/2024\/11\/22\/sao-juliao-celebra-o-dia-municipal-do-sanfoneiro-com-iii-festival-da-sanfona-e-hoje\/","name":"S\u00e3o Juli\u00e3o celebra o Dia Municipal do Sanfoneiro com III Festival da Sanfona; \u00c9 Hoje! - Portal NPM","isPartOf":{"@id":"https:\/\/portalnpm.com\/#website"},"primaryImageOfPage":{"@id":"https:\/\/portalnpm.com\/index.php\/2024\/11\/22\/sao-juliao-celebra-o-dia-municipal-do-sanfoneiro-com-iii-festival-da-sanfona-e-hoje\/#primaryimage"},"image":{"@id":"https:\/\/portalnpm.com\/index.php\/2024\/11\/22\/sao-juliao-celebra-o-dia-municipal-do-sanfoneiro-com-iii-festival-da-sanfona-e-hoje\/#primaryimage"},"thumbnailUrl":"https:\/\/portalnpm.com\/wp-content\/uploads\/2024\/11\/8c862385-ce49-46ac-b84b-8438fc12c893.jpg","datePublished":"2024-11-22T15:10:13+00:00","dateModified":"2024-11-22T15:10:13+00:00","author":{"@id":"https:\/\/portalnpm.com\/#\/schema\/person\/0b5f230ec96cee25504fa328e7f2b733"},"breadcrumb":{"@id":"https:\/\/portalnpm.com\/index.php\/2024\/11\/22\/sao-juliao-celebra-o-dia-municipal-do-sanfoneiro-com-iii-festival-da-sanfona-e-hoje\/#breadcrumb"},"inLanguage":"pt-BR","potentialAction":[{"@type":"ReadAction","target":["https:\/\/portalnpm.com\/index.php\/2024\/11\/22\/sao-juliao-celebra-o-dia-municipal-do-sanfoneiro-com-iii-festival-da-sanfona-e-hoje\/"]}]},{"@type":"ImageObject","inLanguage":"pt-BR","@id":"https:\/\/portalnpm.com\/index.php\/2024\/11\/22\/sao-juliao-celebra-o-dia-municipal-do-sanfoneiro-com-iii-festival-da-sanfona-e-hoje\/#primaryimage","url":"https:\/\/portalnpm.com\/wp-content\/uploads\/2024\/11\/8c862385-ce49-46ac-b84b-8438fc12c893.jpg","contentUrl":"https:\/\/portalnpm.com\/wp-content\/uploads\/2024\/11\/8c862385-ce49-46ac-b84b-8438fc12c893.jpg","width":640,"height":800},{"@type":"BreadcrumbList","@id":"https:\/\/portalnpm.com\/index.php\/2024\/11\/22\/sao-juliao-celebra-o-dia-municipal-do-sanfoneiro-com-iii-festival-da-sanfona-e-hoje\/#breadcrumb","itemListElement":[{"@type":"ListItem","position":1,"name":"In\u00edcio","item":"https:\/\/portalnpm.com\/"},{"@type":"ListItem","position":2,"name":"S\u00e3o Juli\u00e3o celebra o Dia Municipal do Sanfoneiro com III Festival da Sanfona; \u00c9 Hoje!"}]},{"@type":"WebSite","@id":"https:\/\/portalnpm.com\/#website","url":"https:\/\/portalnpm.com\/","name":"Portal NPM","description":"Not\u00edcias em Primeira M\u00e3o","potentialAction":[{"@type":"SearchAction","target":{"@type":"EntryPoint","urlTemplate":"https:\/\/portalnpm.com\/?s={search_term_string}"},"query-input":"required name=search_term_string"}],"inLanguage":"pt-BR"},{"@type":"Person","@id":"https:\/\/portalnpm.com\/#\/schema\/person\/0b5f230ec96cee25504fa328e7f2b733","name":"Reda\u00e7\u00e3o","image":{"@type":"ImageObject","inLanguage":"pt-BR","@id":"https:\/\/portalnpm.com\/#\/schema\/person\/image\/","url":"https:\/\/portalnpm.com\/wp-content\/uploads\/2024\/03\/avatar_user_4_1710097212-96x96.png","contentUrl":"https:\/\/portalnpm.com\/wp-content\/uploads\/2024\/03\/avatar_user_4_1710097212-96x96.png","caption":"Reda\u00e7\u00e3o"},"url":"https:\/\/portalnpm.com\/index.php\/author\/redacao\/"}]}},"jetpack_sharing_enabled":true,"jetpack_featured_media_url":"https:\/\/portalnpm.com\/wp-content\/uploads\/2024\/11\/8c862385-ce49-46ac-b84b-8438fc12c893.jpg","_links":{"self":[{"href":"https:\/\/portalnpm.com\/index.php\/wp-json\/wp\/v2\/posts\/81458"}],"collection":[{"href":"https:\/\/portalnpm.com\/index.php\/wp-json\/wp\/v2\/posts"}],"about":[{"href":"https:\/\/portalnpm.com\/index.php\/wp-json\/wp\/v2\/types\/post"}],"author":[{"embeddable":true,"href":"https:\/\/portalnpm.com\/index.php\/wp-json\/wp\/v2\/users\/4"}],"replies":[{"embeddable":true,"href":"https:\/\/portalnpm.com\/index.php\/wp-json\/wp\/v2\/comments?post=81458"}],"version-history":[{"count":2,"href":"https:\/\/portalnpm.com\/index.php\/wp-json\/wp\/v2\/posts\/81458\/revisions"}],"predecessor-version":[{"id":81461,"href":"https:\/\/portalnpm.com\/index.php\/wp-json\/wp\/v2\/posts\/81458\/revisions\/81461"}],"wp:featuredmedia":[{"embeddable":true,"href":"https:\/\/portalnpm.com\/index.php\/wp-json\/wp\/v2\/media\/81459"}],"wp:attachment":[{"href":"https:\/\/portalnpm.com\/index.php\/wp-json\/wp\/v2\/media?parent=81458"}],"wp:term":[{"taxonomy":"category","embeddable":true,"href":"https:\/\/portalnpm.com\/index.php\/wp-json\/wp\/v2\/categories?post=81458"},{"taxonomy":"post_tag","embeddable":true,"href":"https:\/\/portalnpm.com\/index.php\/wp-json\/wp\/v2\/tags?post=81458"}],"curies":[{"name":"wp","href":"https:\/\/api.w.org\/{rel}","templated":true}]}}