{"id":81586,"date":"2024-11-27T09:43:40","date_gmt":"2024-11-27T12:43:40","guid":{"rendered":"https:\/\/portalnpm.com\/?p=81586"},"modified":"2024-11-27T09:43:40","modified_gmt":"2024-11-27T12:43:40","slug":"anatel-libera-ativacao-do-5g-no-pais-inteiro-14-meses-antes-do-prazo-previsto","status":"publish","type":"post","link":"https:\/\/portalnpm.com\/index.php\/2024\/11\/27\/anatel-libera-ativacao-do-5g-no-pais-inteiro-14-meses-antes-do-prazo-previsto\/","title":{"rendered":"Anatel libera ativa\u00e7\u00e3o do 5G no pa\u00eds inteiro 14 meses antes do prazo previsto"},"content":{"rendered":"<p>A ANATEL (Ag\u00eancia Nacional de Telecomunica\u00e7\u00f5es) anunciou nesta ter\u00e7a-feira (26),<strong>\u00a0que a ativa\u00e7\u00e3o da internet m\u00f3vel de quinta gera\u00e7\u00e3o (5G) foi liberada em todos os 5,5 mil munic\u00edpios do Pa\u00eds.\u00a0<\/strong>A medida dependia da limpeza da faixa de 3,5 Ghz, que foi destinado ao tr\u00e1fego do sinal de 5G, mas que at\u00e9 ent\u00e3o era ocupada pelo sinal de TV por antenas parab\u00f3licas.<\/p>\n<p>A limpeza da faixa consistiu em migrar o sinal das parab\u00f3licas da banda C para a banda KU. Isso exigiu a desocupa\u00e7\u00e3o de 1,4 mil esta\u00e7\u00f5es de radiodifus\u00e3o e a instala\u00e7\u00e3o de 5 milh\u00f5es de kits com filtros nas parab\u00f3licas para garantir que a popula\u00e7\u00e3o continuasse tendo acesso \u00e0 televis\u00e3o aberta, sem interfer\u00eancia do sinal da internet. <strong>O trabalho de limpeza foi conclu\u00eddo 14 meses antes do prazo m\u00e1ximo previsto na regulamenta\u00e7\u00e3o.<\/strong><\/p>\n<p>S\u00f3 depois dessa limpeza, as operadoras podem ligar suas antenas e oferecer o 5G aos clientes. Hoje, o sinal do 5G j\u00e1 est\u00e1 funcionando em 770 cidades, com a cobertura atendendo 35 milh\u00f5es de usu\u00e1rios. A velocidade m\u00e9dia est\u00e1 em cerca de 300 megabits por segundo. A<strong> antecipa\u00e7\u00e3o na libera\u00e7\u00e3o do sinal significa, portanto, que as operadoras poder\u00e3o avan\u00e7ar mais rapidamente na implementa\u00e7\u00e3o da cobertura.<\/strong><\/p>\n<p>\u201cPelas regras do edital, dever\u00edamos ter cerca de 100 cidades cobertas pelo 5G. N\u00f3s conseguimos fazer um trabalho c\u00e9lere para limpeza da faixa, e as operadoras viram que o modelo de neg\u00f3cio era interessante, antecipando a ativa\u00e7\u00e3o do sinal\u201d, afirmou o conselheiro da Anatel, Vin\u00edcius Caram, em entrevista coletiva \u00e0 imprensa.<\/p>\n<p><strong>A limpeza da faixa come\u00e7ou pelas cidades de maior porte e se estendeu pelos munic\u00edpios do interior do Pa\u00eds. <\/strong>Ao longo de todos o processo, o trabalho antecipou as metas de instala\u00e7\u00e3o dos filtros nas parab\u00f3licas, sendo totalmente conclu\u00eddo neste m\u00eas. Na reta final, faltavam 190 cidades na Bahia.<\/p>\n<p>\u201cHoje, somos a quinta maior popula\u00e7\u00e3o do mundo em termos de celulares em opera\u00e7\u00e3o com 5G\u201d, ressaltou Caram. \u201cIsso \u00e9 importante porque n\u00e3o podemos falar de crescimento econ\u00f4mico sem a base das telecomunica\u00e7\u00f5es. O 5G veio para catalisar o crescimento\u201d, acrescentou o conselheiro, citando as aplica\u00e7\u00f5es de internet em portos, aeroportos, log\u00edstica, ind\u00fastria e agroneg\u00f3cios, entre outros.<\/p>\n<p>O trabalho de limpeza foi feito pela EAF (Entidade Administradora da Faixa), criada conforme previs\u00e3o do edital do 5G, justamente para atuar nessa atividade, em parceria com a Anatel. A atividade contou com um or\u00e7amento de R$ 3,5 bilh\u00f5es.<\/p>\n<p>\u201cFoi um trabalho sem precedentes no mundo\u201d, comentou o presidente da EAF, Leandro Guerra. Entre as dificuldades superadas, foi preciso selecionar equipamentos para filtragem do sinal, importa\u00e7\u00e3o de fornecedores asi\u00e1ticos em plena pandemia, bem como o atendimento a milh\u00f5es de domic\u00edlios espalhados pelo Pa\u00eds.<\/p>\n<p>Pelas regras em vigor, <strong>as operadoras t\u00eam at\u00e9 31 de julho de 2025 para implantar o 5G nos munic\u00edpios com popula\u00e7\u00e3o igual ou superior a 500 mil habitantes, e at\u00e9 31 de julho de 2026 para atender as cidades com popula\u00e7\u00e3o igual ou superior a 200 mil habitantes.<\/strong> Um ano depois, precisam estar contemplados os munic\u00edpios que t\u00eam a partir de 100 mil moradores. O cronograma do restante das cidades vai at\u00e9 2029.<\/p>\n<p>\u201cA libera\u00e7\u00e3o da faixa de 3,5 GHz \u00e9 o primeiro passo necess\u00e1rio para a chegada do 5G\u201d, destacou Marcos Ferrari, presidente da Conexis Brasil Digital, sindicato que re\u00fane as grandes operadoras. Ferrari citou, em nota, que as operadoras j\u00e1 cumpriram 100% das metas de cobertura para 2024 e 70% das fixadas para 2025, antecipando a ativa\u00e7\u00e3o do sinal.<\/p>\n<p>Ferrari defendeu ainda a import\u00e2ncia das cidades atualizarem suas leis de antenas para evitar gargalos na implementa\u00e7\u00e3o da infraestrutura necess\u00e1ria para ativar o novo sinal de internet.<\/p>\n<p><em><strong>Fonte<\/strong>: R7<\/em><\/p>\n","protected":false},"excerpt":{"rendered":"<p>A ANATEL (Ag\u00eancia Nacional de Telecomunica\u00e7\u00f5es) anunciou nesta ter\u00e7a-feira (26),\u00a0que a ativa\u00e7\u00e3o da internet m\u00f3vel de quinta gera\u00e7\u00e3o (5G) foi liberada em todos os 5,5 mil munic\u00edpios do Pa\u00eds.\u00a0A medida dependia da limpeza da faixa de 3,5 Ghz, que foi destinado ao tr\u00e1fego do sinal de 5G, mas que at\u00e9 ent\u00e3o era ocupada pelo sinal &hellip;<\/p>\n","protected":false},"author":8,"featured_media":81587,"comment_status":"open","ping_status":"open","sticky":false,"template":"","format":"standard","meta":{"content-type":"","rop_custom_images_group":[],"rop_custom_messages_group":[],"rop_publish_now":"yes","rop_publish_now_accounts":{"facebook_2648258775420054_1618374048415101":""},"rop_publish_now_history":[],"rop_publish_now_status":"pending","footnotes":"","_jetpack_memberships_contains_paid_content":false},"categories":[113,125],"tags":[954,14194,14195,8501,15585,16063,1678,4447,2634,1136,12055],"yoast_head":"<!-- This site is optimized with the Yoast SEO plugin v22.3 - https:\/\/yoast.com\/wordpress\/plugins\/seo\/ -->\n<title>Anatel libera ativa\u00e7\u00e3o do 5G no pa\u00eds inteiro 14 meses antes do prazo previsto - Portal NPM<\/title>\n<meta name=\"robots\" content=\"index, follow, max-snippet:-1, max-image-preview:large, max-video-preview:-1\" \/>\n<link rel=\"canonical\" href=\"https:\/\/portalnpm.com\/index.php\/2024\/11\/27\/anatel-libera-ativacao-do-5g-no-pais-inteiro-14-meses-antes-do-prazo-previsto\/\" \/>\n<meta property=\"og:locale\" content=\"pt_BR\" \/>\n<meta property=\"og:type\" content=\"article\" \/>\n<meta property=\"og:title\" content=\"Anatel libera ativa\u00e7\u00e3o do 5G no pa\u00eds inteiro 14 meses antes do prazo previsto - Portal NPM\" \/>\n<meta property=\"og:description\" content=\"A ANATEL (Ag\u00eancia Nacional de Telecomunica\u00e7\u00f5es) anunciou nesta ter\u00e7a-feira (26),\u00a0que a ativa\u00e7\u00e3o da internet m\u00f3vel de quinta gera\u00e7\u00e3o (5G) foi liberada em todos os 5,5 mil munic\u00edpios do Pa\u00eds.\u00a0A medida dependia da limpeza da faixa de 3,5 Ghz, que foi destinado ao tr\u00e1fego do sinal de 5G, mas que at\u00e9 ent\u00e3o era ocupada pelo sinal &hellip;\" \/>\n<meta property=\"og:url\" content=\"https:\/\/portalnpm.com\/index.php\/2024\/11\/27\/anatel-libera-ativacao-do-5g-no-pais-inteiro-14-meses-antes-do-prazo-previsto\/\" \/>\n<meta property=\"og:site_name\" content=\"Portal NPM\" \/>\n<meta property=\"article:published_time\" content=\"2024-11-27T12:43:40+00:00\" \/>\n<meta property=\"og:image\" content=\"https:\/\/portalnpm.com\/wp-content\/uploads\/2024\/11\/IMG_5042.jpeg\" \/>\n\t<meta property=\"og:image:width\" content=\"1170\" \/>\n\t<meta property=\"og:image:height\" content=\"700\" \/>\n\t<meta property=\"og:image:type\" content=\"image\/jpeg\" \/>\n<meta name=\"author\" content=\"Zenilton Lima\" \/>\n<meta name=\"twitter:card\" content=\"summary_large_image\" \/>\n<meta name=\"twitter:label1\" content=\"Escrito por\" \/>\n\t<meta name=\"twitter:data1\" content=\"Zenilton Lima\" \/>\n\t<meta name=\"twitter:label2\" content=\"Est. tempo de leitura\" \/>\n\t<meta name=\"twitter:data2\" content=\"4 minutos\" \/>\n<script type=\"application\/ld+json\" class=\"yoast-schema-graph\">{\"@context\":\"https:\/\/schema.org\",\"@graph\":[{\"@type\":\"WebPage\",\"@id\":\"https:\/\/portalnpm.com\/index.php\/2024\/11\/27\/anatel-libera-ativacao-do-5g-no-pais-inteiro-14-meses-antes-do-prazo-previsto\/\",\"url\":\"https:\/\/portalnpm.com\/index.php\/2024\/11\/27\/anatel-libera-ativacao-do-5g-no-pais-inteiro-14-meses-antes-do-prazo-previsto\/\",\"name\":\"Anatel libera ativa\u00e7\u00e3o do 5G no pa\u00eds inteiro 14 meses antes do prazo previsto - Portal NPM\",\"isPartOf\":{\"@id\":\"https:\/\/portalnpm.com\/#website\"},\"primaryImageOfPage\":{\"@id\":\"https:\/\/portalnpm.com\/index.php\/2024\/11\/27\/anatel-libera-ativacao-do-5g-no-pais-inteiro-14-meses-antes-do-prazo-previsto\/#primaryimage\"},\"image\":{\"@id\":\"https:\/\/portalnpm.com\/index.php\/2024\/11\/27\/anatel-libera-ativacao-do-5g-no-pais-inteiro-14-meses-antes-do-prazo-previsto\/#primaryimage\"},\"thumbnailUrl\":\"https:\/\/portalnpm.com\/wp-content\/uploads\/2024\/11\/IMG_5042.jpeg\",\"datePublished\":\"2024-11-27T12:43:40+00:00\",\"dateModified\":\"2024-11-27T12:43:40+00:00\",\"author\":{\"@id\":\"https:\/\/portalnpm.com\/#\/schema\/person\/35cb55186eae3f074b6783da6d35591e\"},\"breadcrumb\":{\"@id\":\"https:\/\/portalnpm.com\/index.php\/2024\/11\/27\/anatel-libera-ativacao-do-5g-no-pais-inteiro-14-meses-antes-do-prazo-previsto\/#breadcrumb\"},\"inLanguage\":\"pt-BR\",\"potentialAction\":[{\"@type\":\"ReadAction\",\"target\":[\"https:\/\/portalnpm.com\/index.php\/2024\/11\/27\/anatel-libera-ativacao-do-5g-no-pais-inteiro-14-meses-antes-do-prazo-previsto\/\"]}]},{\"@type\":\"ImageObject\",\"inLanguage\":\"pt-BR\",\"@id\":\"https:\/\/portalnpm.com\/index.php\/2024\/11\/27\/anatel-libera-ativacao-do-5g-no-pais-inteiro-14-meses-antes-do-prazo-previsto\/#primaryimage\",\"url\":\"https:\/\/portalnpm.com\/wp-content\/uploads\/2024\/11\/IMG_5042.jpeg\",\"contentUrl\":\"https:\/\/portalnpm.com\/wp-content\/uploads\/2024\/11\/IMG_5042.jpeg\",\"width\":1170,\"height\":700,\"caption\":\"Anatel libera ativa\u00e7\u00e3o do 5G no pa\u00eds inteiro 14 meses antes do prazo previsto Marcello Casal \/ Ag\u00eancia Brasil\"},{\"@type\":\"BreadcrumbList\",\"@id\":\"https:\/\/portalnpm.com\/index.php\/2024\/11\/27\/anatel-libera-ativacao-do-5g-no-pais-inteiro-14-meses-antes-do-prazo-previsto\/#breadcrumb\",\"itemListElement\":[{\"@type\":\"ListItem\",\"position\":1,\"name\":\"In\u00edcio\",\"item\":\"https:\/\/portalnpm.com\/\"},{\"@type\":\"ListItem\",\"position\":2,\"name\":\"Anatel libera ativa\u00e7\u00e3o do 5G no pa\u00eds inteiro 14 meses antes do prazo previsto\"}]},{\"@type\":\"WebSite\",\"@id\":\"https:\/\/portalnpm.com\/#website\",\"url\":\"https:\/\/portalnpm.com\/\",\"name\":\"Portal NPM\",\"description\":\"Not\u00edcias em Primeira M\u00e3o\",\"potentialAction\":[{\"@type\":\"SearchAction\",\"target\":{\"@type\":\"EntryPoint\",\"urlTemplate\":\"https:\/\/portalnpm.com\/?s={search_term_string}\"},\"query-input\":\"required name=search_term_string\"}],\"inLanguage\":\"pt-BR\"},{\"@type\":\"Person\",\"@id\":\"https:\/\/portalnpm.com\/#\/schema\/person\/35cb55186eae3f074b6783da6d35591e\",\"name\":\"Zenilton Lima\",\"image\":{\"@type\":\"ImageObject\",\"inLanguage\":\"pt-BR\",\"@id\":\"https:\/\/portalnpm.com\/#\/schema\/person\/image\/\",\"url\":\"https:\/\/portalnpm.com\/wp-content\/uploads\/2024\/12\/avatar_user_8_1733658137-96x96.jpeg\",\"contentUrl\":\"https:\/\/portalnpm.com\/wp-content\/uploads\/2024\/12\/avatar_user_8_1733658137-96x96.jpeg\",\"caption\":\"Zenilton Lima\"},\"url\":\"https:\/\/portalnpm.com\/index.php\/author\/zenilton\/\"}]}<\/script>\n<!-- \/ Yoast SEO plugin. -->","yoast_head_json":{"title":"Anatel libera ativa\u00e7\u00e3o do 5G no pa\u00eds inteiro 14 meses antes do prazo previsto - Portal NPM","robots":{"index":"index","follow":"follow","max-snippet":"max-snippet:-1","max-image-preview":"max-image-preview:large","max-video-preview":"max-video-preview:-1"},"canonical":"https:\/\/portalnpm.com\/index.php\/2024\/11\/27\/anatel-libera-ativacao-do-5g-no-pais-inteiro-14-meses-antes-do-prazo-previsto\/","og_locale":"pt_BR","og_type":"article","og_title":"Anatel libera ativa\u00e7\u00e3o do 5G no pa\u00eds inteiro 14 meses antes do prazo previsto - Portal NPM","og_description":"A ANATEL (Ag\u00eancia Nacional de Telecomunica\u00e7\u00f5es) anunciou nesta ter\u00e7a-feira (26),\u00a0que a ativa\u00e7\u00e3o da internet m\u00f3vel de quinta gera\u00e7\u00e3o (5G) foi liberada em todos os 5,5 mil munic\u00edpios do Pa\u00eds.\u00a0A medida dependia da limpeza da faixa de 3,5 Ghz, que foi destinado ao tr\u00e1fego do sinal de 5G, mas que at\u00e9 ent\u00e3o era ocupada pelo sinal &hellip;","og_url":"https:\/\/portalnpm.com\/index.php\/2024\/11\/27\/anatel-libera-ativacao-do-5g-no-pais-inteiro-14-meses-antes-do-prazo-previsto\/","og_site_name":"Portal NPM","article_published_time":"2024-11-27T12:43:40+00:00","og_image":[{"width":1170,"height":700,"url":"https:\/\/portalnpm.com\/wp-content\/uploads\/2024\/11\/IMG_5042.jpeg","type":"image\/jpeg"}],"author":"Zenilton Lima","twitter_card":"summary_large_image","twitter_misc":{"Escrito por":"Zenilton Lima","Est. tempo de leitura":"4 minutos"},"schema":{"@context":"https:\/\/schema.org","@graph":[{"@type":"WebPage","@id":"https:\/\/portalnpm.com\/index.php\/2024\/11\/27\/anatel-libera-ativacao-do-5g-no-pais-inteiro-14-meses-antes-do-prazo-previsto\/","url":"https:\/\/portalnpm.com\/index.php\/2024\/11\/27\/anatel-libera-ativacao-do-5g-no-pais-inteiro-14-meses-antes-do-prazo-previsto\/","name":"Anatel libera ativa\u00e7\u00e3o do 5G no pa\u00eds inteiro 14 meses antes do prazo previsto - Portal NPM","isPartOf":{"@id":"https:\/\/portalnpm.com\/#website"},"primaryImageOfPage":{"@id":"https:\/\/portalnpm.com\/index.php\/2024\/11\/27\/anatel-libera-ativacao-do-5g-no-pais-inteiro-14-meses-antes-do-prazo-previsto\/#primaryimage"},"image":{"@id":"https:\/\/portalnpm.com\/index.php\/2024\/11\/27\/anatel-libera-ativacao-do-5g-no-pais-inteiro-14-meses-antes-do-prazo-previsto\/#primaryimage"},"thumbnailUrl":"https:\/\/portalnpm.com\/wp-content\/uploads\/2024\/11\/IMG_5042.jpeg","datePublished":"2024-11-27T12:43:40+00:00","dateModified":"2024-11-27T12:43:40+00:00","author":{"@id":"https:\/\/portalnpm.com\/#\/schema\/person\/35cb55186eae3f074b6783da6d35591e"},"breadcrumb":{"@id":"https:\/\/portalnpm.com\/index.php\/2024\/11\/27\/anatel-libera-ativacao-do-5g-no-pais-inteiro-14-meses-antes-do-prazo-previsto\/#breadcrumb"},"inLanguage":"pt-BR","potentialAction":[{"@type":"ReadAction","target":["https:\/\/portalnpm.com\/index.php\/2024\/11\/27\/anatel-libera-ativacao-do-5g-no-pais-inteiro-14-meses-antes-do-prazo-previsto\/"]}]},{"@type":"ImageObject","inLanguage":"pt-BR","@id":"https:\/\/portalnpm.com\/index.php\/2024\/11\/27\/anatel-libera-ativacao-do-5g-no-pais-inteiro-14-meses-antes-do-prazo-previsto\/#primaryimage","url":"https:\/\/portalnpm.com\/wp-content\/uploads\/2024\/11\/IMG_5042.jpeg","contentUrl":"https:\/\/portalnpm.com\/wp-content\/uploads\/2024\/11\/IMG_5042.jpeg","width":1170,"height":700,"caption":"Anatel libera ativa\u00e7\u00e3o do 5G no pa\u00eds inteiro 14 meses antes do prazo previsto Marcello Casal \/ Ag\u00eancia Brasil"},{"@type":"BreadcrumbList","@id":"https:\/\/portalnpm.com\/index.php\/2024\/11\/27\/anatel-libera-ativacao-do-5g-no-pais-inteiro-14-meses-antes-do-prazo-previsto\/#breadcrumb","itemListElement":[{"@type":"ListItem","position":1,"name":"In\u00edcio","item":"https:\/\/portalnpm.com\/"},{"@type":"ListItem","position":2,"name":"Anatel libera ativa\u00e7\u00e3o do 5G no pa\u00eds inteiro 14 meses antes do prazo previsto"}]},{"@type":"WebSite","@id":"https:\/\/portalnpm.com\/#website","url":"https:\/\/portalnpm.com\/","name":"Portal NPM","description":"Not\u00edcias em Primeira M\u00e3o","potentialAction":[{"@type":"SearchAction","target":{"@type":"EntryPoint","urlTemplate":"https:\/\/portalnpm.com\/?s={search_term_string}"},"query-input":"required name=search_term_string"}],"inLanguage":"pt-BR"},{"@type":"Person","@id":"https:\/\/portalnpm.com\/#\/schema\/person\/35cb55186eae3f074b6783da6d35591e","name":"Zenilton Lima","image":{"@type":"ImageObject","inLanguage":"pt-BR","@id":"https:\/\/portalnpm.com\/#\/schema\/person\/image\/","url":"https:\/\/portalnpm.com\/wp-content\/uploads\/2024\/12\/avatar_user_8_1733658137-96x96.jpeg","contentUrl":"https:\/\/portalnpm.com\/wp-content\/uploads\/2024\/12\/avatar_user_8_1733658137-96x96.jpeg","caption":"Zenilton Lima"},"url":"https:\/\/portalnpm.com\/index.php\/author\/zenilton\/"}]}},"jetpack_sharing_enabled":true,"jetpack_featured_media_url":"https:\/\/portalnpm.com\/wp-content\/uploads\/2024\/11\/IMG_5042.jpeg","_links":{"self":[{"href":"https:\/\/portalnpm.com\/index.php\/wp-json\/wp\/v2\/posts\/81586"}],"collection":[{"href":"https:\/\/portalnpm.com\/index.php\/wp-json\/wp\/v2\/posts"}],"about":[{"href":"https:\/\/portalnpm.com\/index.php\/wp-json\/wp\/v2\/types\/post"}],"author":[{"embeddable":true,"href":"https:\/\/portalnpm.com\/index.php\/wp-json\/wp\/v2\/users\/8"}],"replies":[{"embeddable":true,"href":"https:\/\/portalnpm.com\/index.php\/wp-json\/wp\/v2\/comments?post=81586"}],"version-history":[{"count":1,"href":"https:\/\/portalnpm.com\/index.php\/wp-json\/wp\/v2\/posts\/81586\/revisions"}],"predecessor-version":[{"id":81588,"href":"https:\/\/portalnpm.com\/index.php\/wp-json\/wp\/v2\/posts\/81586\/revisions\/81588"}],"wp:featuredmedia":[{"embeddable":true,"href":"https:\/\/portalnpm.com\/index.php\/wp-json\/wp\/v2\/media\/81587"}],"wp:attachment":[{"href":"https:\/\/portalnpm.com\/index.php\/wp-json\/wp\/v2\/media?parent=81586"}],"wp:term":[{"taxonomy":"category","embeddable":true,"href":"https:\/\/portalnpm.com\/index.php\/wp-json\/wp\/v2\/categories?post=81586"},{"taxonomy":"post_tag","embeddable":true,"href":"https:\/\/portalnpm.com\/index.php\/wp-json\/wp\/v2\/tags?post=81586"}],"curies":[{"name":"wp","href":"https:\/\/api.w.org\/{rel}","templated":true}]}}