{"id":8162,"date":"2019-05-10T10:52:31","date_gmt":"2019-05-10T13:52:31","guid":{"rendered":"http:\/\/srv.portalnpm.com.br\/?p=8162"},"modified":"2019-05-10T10:52:31","modified_gmt":"2019-05-10T13:52:31","slug":"acm-neto-acerta-filiacao-de-mao-santa-ao-dem","status":"publish","type":"post","link":"https:\/\/portalnpm.com\/index.php\/2019\/05\/10\/acm-neto-acerta-filiacao-de-mao-santa-ao-dem\/","title":{"rendered":"ACM Neto acerta filia\u00e7\u00e3o de M\u00e3o Santa ao DEM"},"content":{"rendered":"<p style=\"text-align: justify;\">O prefeito de Salvador e presidente nacional do Democratas conversou, por telefone, com o prefeito de Parna\u00edba, M\u00e3o Santa, e selou acordo para filia\u00e7\u00e3o do gestor piauiense ao partido. O ato de ades\u00e3o ainda n\u00e3o tem data, mas ser\u00e1 em Parna\u00edba, com presen\u00e7as de ACM Neto,\u00a0 lideran\u00e7as nacionais\u00a0 do DEM\u00a0 e de siglas aliadas a M\u00e3o Santa.<\/p>\n<p style=\"text-align: justify;\">O ex-deputado federal Her\u00e1clito Fortes pavimentou o caminho para a filia\u00e7\u00e3o de M\u00e3o Santa ao Democratas. Junto com M\u00e3o Santa, prefeitos de munic\u00edpios da regi\u00e3o norte tamb\u00e9m devem assinar ficha de filia\u00e7\u00e3o ao DEM.<\/p>\n<p style=\"text-align: justify;\">No final de semana, o prefeito parna\u00edbano visitar\u00e1 o Luiz Menezes, em Piripiri, para formalizar convite ao gestor.<\/p>\n<p style=\"text-align: justify;\"><strong>FONTE: Cidade Verde<\/strong><\/p>\n","protected":false},"excerpt":{"rendered":"<p>O prefeito de Salvador e presidente nacional do Democratas conversou, por telefone, com o prefeito de Parna\u00edba, M\u00e3o Santa, e selou acordo para filia\u00e7\u00e3o do gestor piauiense ao partido. O ato de ades\u00e3o ainda n\u00e3o tem data, mas ser\u00e1 em Parna\u00edba, com presen\u00e7as de ACM Neto,\u00a0 lideran\u00e7as nacionais\u00a0 do DEM\u00a0 e de siglas aliadas a &hellip;<\/p>\n","protected":false},"author":4,"featured_media":8163,"comment_status":"open","ping_status":"open","sticky":false,"template":"","format":"standard","meta":{"content-type":"","rop_custom_images_group":[],"rop_custom_messages_group":[],"rop_publish_now":"initial","rop_publish_now_accounts":{"facebook_2648258775420054_1618374048415101":""},"rop_publish_now_history":[],"rop_publish_now_status":"pending","footnotes":"","_jetpack_memberships_contains_paid_content":false},"categories":[130],"tags":[2797,785,1447,633],"yoast_head":"<!-- This site is optimized with the Yoast SEO plugin v22.3 - https:\/\/yoast.com\/wordpress\/plugins\/seo\/ -->\n<title>ACM Neto acerta filia\u00e7\u00e3o de M\u00e3o Santa ao DEM - Portal NPM<\/title>\n<meta name=\"robots\" content=\"index, follow, max-snippet:-1, max-image-preview:large, max-video-preview:-1\" \/>\n<link rel=\"canonical\" href=\"https:\/\/portalnpm.com\/index.php\/2019\/05\/10\/acm-neto-acerta-filiacao-de-mao-santa-ao-dem\/\" \/>\n<meta property=\"og:locale\" content=\"pt_BR\" \/>\n<meta property=\"og:type\" content=\"article\" \/>\n<meta property=\"og:title\" content=\"ACM Neto acerta filia\u00e7\u00e3o de M\u00e3o Santa ao DEM - Portal NPM\" \/>\n<meta property=\"og:description\" content=\"O prefeito de Salvador e presidente nacional do Democratas conversou, por telefone, com o prefeito de Parna\u00edba, M\u00e3o Santa, e selou acordo para filia\u00e7\u00e3o do gestor piauiense ao partido. O ato de ades\u00e3o ainda n\u00e3o tem data, mas ser\u00e1 em Parna\u00edba, com presen\u00e7as de ACM Neto,\u00a0 lideran\u00e7as nacionais\u00a0 do DEM\u00a0 e de siglas aliadas a &hellip;\" \/>\n<meta property=\"og:url\" content=\"https:\/\/portalnpm.com\/index.php\/2019\/05\/10\/acm-neto-acerta-filiacao-de-mao-santa-ao-dem\/\" \/>\n<meta property=\"og:site_name\" content=\"Portal NPM\" \/>\n<meta property=\"article:published_time\" content=\"2019-05-10T13:52:31+00:00\" \/>\n<meta name=\"author\" content=\"Reda\u00e7\u00e3o\" \/>\n<meta name=\"twitter:card\" content=\"summary_large_image\" \/>\n<meta name=\"twitter:label1\" content=\"Escrito por\" \/>\n\t<meta name=\"twitter:data1\" content=\"Reda\u00e7\u00e3o\" \/>\n\t<meta name=\"twitter:label2\" content=\"Est. tempo de leitura\" \/>\n\t<meta name=\"twitter:data2\" content=\"1 minuto\" \/>\n<script type=\"application\/ld+json\" class=\"yoast-schema-graph\">{\"@context\":\"https:\/\/schema.org\",\"@graph\":[{\"@type\":\"WebPage\",\"@id\":\"https:\/\/portalnpm.com\/index.php\/2019\/05\/10\/acm-neto-acerta-filiacao-de-mao-santa-ao-dem\/\",\"url\":\"https:\/\/portalnpm.com\/index.php\/2019\/05\/10\/acm-neto-acerta-filiacao-de-mao-santa-ao-dem\/\",\"name\":\"ACM Neto acerta filia\u00e7\u00e3o de M\u00e3o Santa ao DEM - Portal NPM\",\"isPartOf\":{\"@id\":\"https:\/\/portalnpm.com\/#website\"},\"primaryImageOfPage\":{\"@id\":\"https:\/\/portalnpm.com\/index.php\/2019\/05\/10\/acm-neto-acerta-filiacao-de-mao-santa-ao-dem\/#primaryimage\"},\"image\":{\"@id\":\"https:\/\/portalnpm.com\/index.php\/2019\/05\/10\/acm-neto-acerta-filiacao-de-mao-santa-ao-dem\/#primaryimage\"},\"thumbnailUrl\":\"\",\"datePublished\":\"2019-05-10T13:52:31+00:00\",\"dateModified\":\"2019-05-10T13:52:31+00:00\",\"author\":{\"@id\":\"https:\/\/portalnpm.com\/#\/schema\/person\/0b5f230ec96cee25504fa328e7f2b733\"},\"breadcrumb\":{\"@id\":\"https:\/\/portalnpm.com\/index.php\/2019\/05\/10\/acm-neto-acerta-filiacao-de-mao-santa-ao-dem\/#breadcrumb\"},\"inLanguage\":\"pt-BR\",\"potentialAction\":[{\"@type\":\"ReadAction\",\"target\":[\"https:\/\/portalnpm.com\/index.php\/2019\/05\/10\/acm-neto-acerta-filiacao-de-mao-santa-ao-dem\/\"]}]},{\"@type\":\"ImageObject\",\"inLanguage\":\"pt-BR\",\"@id\":\"https:\/\/portalnpm.com\/index.php\/2019\/05\/10\/acm-neto-acerta-filiacao-de-mao-santa-ao-dem\/#primaryimage\",\"url\":\"\",\"contentUrl\":\"\"},{\"@type\":\"BreadcrumbList\",\"@id\":\"https:\/\/portalnpm.com\/index.php\/2019\/05\/10\/acm-neto-acerta-filiacao-de-mao-santa-ao-dem\/#breadcrumb\",\"itemListElement\":[{\"@type\":\"ListItem\",\"position\":1,\"name\":\"In\u00edcio\",\"item\":\"https:\/\/portalnpm.com\/\"},{\"@type\":\"ListItem\",\"position\":2,\"name\":\"ACM Neto acerta filia\u00e7\u00e3o de M\u00e3o Santa ao DEM\"}]},{\"@type\":\"WebSite\",\"@id\":\"https:\/\/portalnpm.com\/#website\",\"url\":\"https:\/\/portalnpm.com\/\",\"name\":\"Portal NPM\",\"description\":\"Not\u00edcias em Primeira M\u00e3o\",\"potentialAction\":[{\"@type\":\"SearchAction\",\"target\":{\"@type\":\"EntryPoint\",\"urlTemplate\":\"https:\/\/portalnpm.com\/?s={search_term_string}\"},\"query-input\":\"required name=search_term_string\"}],\"inLanguage\":\"pt-BR\"},{\"@type\":\"Person\",\"@id\":\"https:\/\/portalnpm.com\/#\/schema\/person\/0b5f230ec96cee25504fa328e7f2b733\",\"name\":\"Reda\u00e7\u00e3o\",\"image\":{\"@type\":\"ImageObject\",\"inLanguage\":\"pt-BR\",\"@id\":\"https:\/\/portalnpm.com\/#\/schema\/person\/image\/\",\"url\":\"https:\/\/portalnpm.com\/wp-content\/uploads\/2024\/03\/avatar_user_4_1710097212-96x96.png\",\"contentUrl\":\"https:\/\/portalnpm.com\/wp-content\/uploads\/2024\/03\/avatar_user_4_1710097212-96x96.png\",\"caption\":\"Reda\u00e7\u00e3o\"},\"url\":\"https:\/\/portalnpm.com\/index.php\/author\/redacao\/\"}]}<\/script>\n<!-- \/ Yoast SEO plugin. -->","yoast_head_json":{"title":"ACM Neto acerta filia\u00e7\u00e3o de M\u00e3o Santa ao DEM - Portal NPM","robots":{"index":"index","follow":"follow","max-snippet":"max-snippet:-1","max-image-preview":"max-image-preview:large","max-video-preview":"max-video-preview:-1"},"canonical":"https:\/\/portalnpm.com\/index.php\/2019\/05\/10\/acm-neto-acerta-filiacao-de-mao-santa-ao-dem\/","og_locale":"pt_BR","og_type":"article","og_title":"ACM Neto acerta filia\u00e7\u00e3o de M\u00e3o Santa ao DEM - Portal NPM","og_description":"O prefeito de Salvador e presidente nacional do Democratas conversou, por telefone, com o prefeito de Parna\u00edba, M\u00e3o Santa, e selou acordo para filia\u00e7\u00e3o do gestor piauiense ao partido. O ato de ades\u00e3o ainda n\u00e3o tem data, mas ser\u00e1 em Parna\u00edba, com presen\u00e7as de ACM Neto,\u00a0 lideran\u00e7as nacionais\u00a0 do DEM\u00a0 e de siglas aliadas a &hellip;","og_url":"https:\/\/portalnpm.com\/index.php\/2019\/05\/10\/acm-neto-acerta-filiacao-de-mao-santa-ao-dem\/","og_site_name":"Portal NPM","article_published_time":"2019-05-10T13:52:31+00:00","author":"Reda\u00e7\u00e3o","twitter_card":"summary_large_image","twitter_misc":{"Escrito por":"Reda\u00e7\u00e3o","Est. tempo de leitura":"1 minuto"},"schema":{"@context":"https:\/\/schema.org","@graph":[{"@type":"WebPage","@id":"https:\/\/portalnpm.com\/index.php\/2019\/05\/10\/acm-neto-acerta-filiacao-de-mao-santa-ao-dem\/","url":"https:\/\/portalnpm.com\/index.php\/2019\/05\/10\/acm-neto-acerta-filiacao-de-mao-santa-ao-dem\/","name":"ACM Neto acerta filia\u00e7\u00e3o de M\u00e3o Santa ao DEM - Portal NPM","isPartOf":{"@id":"https:\/\/portalnpm.com\/#website"},"primaryImageOfPage":{"@id":"https:\/\/portalnpm.com\/index.php\/2019\/05\/10\/acm-neto-acerta-filiacao-de-mao-santa-ao-dem\/#primaryimage"},"image":{"@id":"https:\/\/portalnpm.com\/index.php\/2019\/05\/10\/acm-neto-acerta-filiacao-de-mao-santa-ao-dem\/#primaryimage"},"thumbnailUrl":"","datePublished":"2019-05-10T13:52:31+00:00","dateModified":"2019-05-10T13:52:31+00:00","author":{"@id":"https:\/\/portalnpm.com\/#\/schema\/person\/0b5f230ec96cee25504fa328e7f2b733"},"breadcrumb":{"@id":"https:\/\/portalnpm.com\/index.php\/2019\/05\/10\/acm-neto-acerta-filiacao-de-mao-santa-ao-dem\/#breadcrumb"},"inLanguage":"pt-BR","potentialAction":[{"@type":"ReadAction","target":["https:\/\/portalnpm.com\/index.php\/2019\/05\/10\/acm-neto-acerta-filiacao-de-mao-santa-ao-dem\/"]}]},{"@type":"ImageObject","inLanguage":"pt-BR","@id":"https:\/\/portalnpm.com\/index.php\/2019\/05\/10\/acm-neto-acerta-filiacao-de-mao-santa-ao-dem\/#primaryimage","url":"","contentUrl":""},{"@type":"BreadcrumbList","@id":"https:\/\/portalnpm.com\/index.php\/2019\/05\/10\/acm-neto-acerta-filiacao-de-mao-santa-ao-dem\/#breadcrumb","itemListElement":[{"@type":"ListItem","position":1,"name":"In\u00edcio","item":"https:\/\/portalnpm.com\/"},{"@type":"ListItem","position":2,"name":"ACM Neto acerta filia\u00e7\u00e3o de M\u00e3o Santa ao DEM"}]},{"@type":"WebSite","@id":"https:\/\/portalnpm.com\/#website","url":"https:\/\/portalnpm.com\/","name":"Portal NPM","description":"Not\u00edcias em Primeira M\u00e3o","potentialAction":[{"@type":"SearchAction","target":{"@type":"EntryPoint","urlTemplate":"https:\/\/portalnpm.com\/?s={search_term_string}"},"query-input":"required name=search_term_string"}],"inLanguage":"pt-BR"},{"@type":"Person","@id":"https:\/\/portalnpm.com\/#\/schema\/person\/0b5f230ec96cee25504fa328e7f2b733","name":"Reda\u00e7\u00e3o","image":{"@type":"ImageObject","inLanguage":"pt-BR","@id":"https:\/\/portalnpm.com\/#\/schema\/person\/image\/","url":"https:\/\/portalnpm.com\/wp-content\/uploads\/2024\/03\/avatar_user_4_1710097212-96x96.png","contentUrl":"https:\/\/portalnpm.com\/wp-content\/uploads\/2024\/03\/avatar_user_4_1710097212-96x96.png","caption":"Reda\u00e7\u00e3o"},"url":"https:\/\/portalnpm.com\/index.php\/author\/redacao\/"}]}},"jetpack_sharing_enabled":true,"jetpack_featured_media_url":"","_links":{"self":[{"href":"https:\/\/portalnpm.com\/index.php\/wp-json\/wp\/v2\/posts\/8162"}],"collection":[{"href":"https:\/\/portalnpm.com\/index.php\/wp-json\/wp\/v2\/posts"}],"about":[{"href":"https:\/\/portalnpm.com\/index.php\/wp-json\/wp\/v2\/types\/post"}],"author":[{"embeddable":true,"href":"https:\/\/portalnpm.com\/index.php\/wp-json\/wp\/v2\/users\/4"}],"replies":[{"embeddable":true,"href":"https:\/\/portalnpm.com\/index.php\/wp-json\/wp\/v2\/comments?post=8162"}],"version-history":[{"count":0,"href":"https:\/\/portalnpm.com\/index.php\/wp-json\/wp\/v2\/posts\/8162\/revisions"}],"wp:featuredmedia":[{"embeddable":true,"href":"https:\/\/portalnpm.com\/index.php\/wp-json\/"}],"wp:attachment":[{"href":"https:\/\/portalnpm.com\/index.php\/wp-json\/wp\/v2\/media?parent=8162"}],"wp:term":[{"taxonomy":"category","embeddable":true,"href":"https:\/\/portalnpm.com\/index.php\/wp-json\/wp\/v2\/categories?post=8162"},{"taxonomy":"post_tag","embeddable":true,"href":"https:\/\/portalnpm.com\/index.php\/wp-json\/wp\/v2\/tags?post=8162"}],"curies":[{"name":"wp","href":"https:\/\/api.w.org\/{rel}","templated":true}]}}