{"id":81622,"date":"2024-11-28T09:05:12","date_gmt":"2024-11-28T12:05:12","guid":{"rendered":"https:\/\/portalnpm.com\/?p=81622"},"modified":"2024-11-28T09:06:17","modified_gmt":"2024-11-28T12:06:17","slug":"dolar-fecha-na-maior-cotacao-do-plano-real-na-espera-por-cortes","status":"publish","type":"post","link":"https:\/\/portalnpm.com\/index.php\/2024\/11\/28\/dolar-fecha-na-maior-cotacao-do-plano-real-na-espera-por-cortes\/","title":{"rendered":"D\u00f3lar fecha na maior cota\u00e7\u00e3o do Plano Real na espera por cortes"},"content":{"rendered":"<p>As expectativas em rela\u00e7\u00e3o ao pacote de corte de gastos provocaram um dia de nervosismo para o mercado financeiro. O d\u00f3lar superou a barreira de R$ 5,90 e fechou na maior cota\u00e7\u00e3o do Plano Real. A Bolsa de Valores caiu mais de 1,5% e ficou abaixo dos 128 mil pontos.<img decoding=\"async\" src=\"https:\/\/agenciabrasil.ebc.com.br\/ebc.png?id=1621482&amp;o=node\" \/><img decoding=\"async\" src=\"https:\/\/agenciabrasil.ebc.com.br\/ebc.gif?id=1621482&amp;o=node\" \/><\/p>\n<p>O d\u00f3lar comercial encerrou esta ter\u00e7a-feira (27) vendido a R$ 5,912, com alta de R$ 0,106 (+1,8%). A cota\u00e7\u00e3o passou a manh\u00e3 relativamente est\u00e1vel, mas come\u00e7ou a disparar \u00e0 tarde, ap\u00f3s not\u00edcias de que o pacote de corte de gastos incluir\u00e1 a isen\u00e7\u00e3o de Imposto de Renda para quem ganha at\u00e9 R$ 5 mil. Na m\u00e1xima do dia, por volta de 16h, a moeda norte-americana alcan\u00e7ou R$ 5,92.<\/p>\n<p>Com o desempenho de hoje, o d\u00f3lar acumula alta de 2,27% em novembro. Em 2024, a valoriza\u00e7\u00e3o chega a 21,8%.<\/p>\n<p>No mercado de a\u00e7\u00f5es, o dia tamb\u00e9m foi tenso. O \u00edndice Ibovespa, da B3, fechou aos 127.668,61 pontos, com queda de 1,73%. O indicador chegou a registrar leve alta durante a manh\u00e3, mas desabou ap\u00f3s a divulga\u00e7\u00e3o de not\u00edcias sobre o pacote fiscal.<\/p>\n<p>Durante a tarde, o ministro do Trabalho e Emprego, Luiz Marinho, afirmou que a proposta tratar\u00e1 da tabela do Imposto de Renda, mas n\u00e3o entrou em detalhes. Em contrapartida, confirmou que o pacote propor\u00e1 a cobran\u00e7a de um imposto sobre grandes fortunas e a limita\u00e7\u00e3o de supersal\u00e1rios no servi\u00e7o p\u00fablico.<\/p>\n<p>\u00c0s 20h30, o ministro da Fazenda, Fernando Haddad, apresentar\u00e1 as medidas em pronunciamento em cadeia de r\u00e1dio e televis\u00e3o. Nesta quinta-feira (28), o Minist\u00e9rio da Fazenda dar\u00e1 uma entrevista coletiva para explicar os detalhes do pacote de corte de gastos obrigat\u00f3rios.<\/p>\n<p><em><strong>Fonte<\/strong>: Ag\u00eancia Brasil Com informa\u00e7\u00f5es da Reuters<\/em><\/p>\n","protected":false},"excerpt":{"rendered":"<p>As expectativas em rela\u00e7\u00e3o ao pacote de corte de gastos provocaram um dia de nervosismo para o mercado financeiro. O d\u00f3lar superou a barreira de R$ 5,90 e fechou na maior cota\u00e7\u00e3o do Plano Real. A Bolsa de Valores caiu mais de 1,5% e ficou abaixo dos 128 mil pontos. O d\u00f3lar comercial encerrou esta &hellip;<\/p>\n","protected":false},"author":8,"featured_media":81623,"comment_status":"open","ping_status":"open","sticky":false,"template":"","format":"standard","meta":{"content-type":"","rop_custom_images_group":[],"rop_custom_messages_group":[],"rop_publish_now":"yes","rop_publish_now_accounts":{"facebook_2648258775420054_1618374048415101":""},"rop_publish_now_history":[],"rop_publish_now_status":"pending","footnotes":"","_jetpack_memberships_contains_paid_content":false},"categories":[113,414],"tags":[1474,16074,3568,1480,4415,1632,911,1098,1167,7789],"yoast_head":"<!-- This site is optimized with the Yoast SEO plugin v22.3 - https:\/\/yoast.com\/wordpress\/plugins\/seo\/ -->\n<title>D\u00f3lar fecha na maior cota\u00e7\u00e3o do Plano Real na espera por cortes - Portal NPM<\/title>\n<meta name=\"robots\" content=\"index, follow, max-snippet:-1, max-image-preview:large, max-video-preview:-1\" \/>\n<link rel=\"canonical\" href=\"https:\/\/portalnpm.com\/index.php\/2024\/11\/28\/dolar-fecha-na-maior-cotacao-do-plano-real-na-espera-por-cortes\/\" \/>\n<meta property=\"og:locale\" content=\"pt_BR\" \/>\n<meta property=\"og:type\" content=\"article\" \/>\n<meta property=\"og:title\" content=\"D\u00f3lar fecha na maior cota\u00e7\u00e3o do Plano Real na espera por cortes - Portal NPM\" \/>\n<meta property=\"og:description\" content=\"As expectativas em rela\u00e7\u00e3o ao pacote de corte de gastos provocaram um dia de nervosismo para o mercado financeiro. O d\u00f3lar superou a barreira de R$ 5,90 e fechou na maior cota\u00e7\u00e3o do Plano Real. A Bolsa de Valores caiu mais de 1,5% e ficou abaixo dos 128 mil pontos. O d\u00f3lar comercial encerrou esta &hellip;\" \/>\n<meta property=\"og:url\" content=\"https:\/\/portalnpm.com\/index.php\/2024\/11\/28\/dolar-fecha-na-maior-cotacao-do-plano-real-na-espera-por-cortes\/\" \/>\n<meta property=\"og:site_name\" content=\"Portal NPM\" \/>\n<meta property=\"article:published_time\" content=\"2024-11-28T12:05:12+00:00\" \/>\n<meta property=\"article:modified_time\" content=\"2024-11-28T12:06:17+00:00\" \/>\n<meta property=\"og:image\" content=\"https:\/\/portalnpm.com\/wp-content\/uploads\/2024\/11\/IMG_5066.webp\" \/>\n\t<meta property=\"og:image:width\" content=\"1170\" \/>\n\t<meta property=\"og:image:height\" content=\"700\" \/>\n\t<meta property=\"og:image:type\" content=\"image\/webp\" \/>\n<meta name=\"author\" content=\"Zenilton Lima\" \/>\n<meta name=\"twitter:card\" content=\"summary_large_image\" \/>\n<meta name=\"twitter:label1\" content=\"Escrito por\" \/>\n\t<meta name=\"twitter:data1\" content=\"Zenilton Lima\" \/>\n\t<meta name=\"twitter:label2\" content=\"Est. tempo de leitura\" \/>\n\t<meta name=\"twitter:data2\" content=\"3 minutos\" \/>\n<script type=\"application\/ld+json\" class=\"yoast-schema-graph\">{\"@context\":\"https:\/\/schema.org\",\"@graph\":[{\"@type\":\"WebPage\",\"@id\":\"https:\/\/portalnpm.com\/index.php\/2024\/11\/28\/dolar-fecha-na-maior-cotacao-do-plano-real-na-espera-por-cortes\/\",\"url\":\"https:\/\/portalnpm.com\/index.php\/2024\/11\/28\/dolar-fecha-na-maior-cotacao-do-plano-real-na-espera-por-cortes\/\",\"name\":\"D\u00f3lar fecha na maior cota\u00e7\u00e3o do Plano Real na espera por cortes - Portal NPM\",\"isPartOf\":{\"@id\":\"https:\/\/portalnpm.com\/#website\"},\"primaryImageOfPage\":{\"@id\":\"https:\/\/portalnpm.com\/index.php\/2024\/11\/28\/dolar-fecha-na-maior-cotacao-do-plano-real-na-espera-por-cortes\/#primaryimage\"},\"image\":{\"@id\":\"https:\/\/portalnpm.com\/index.php\/2024\/11\/28\/dolar-fecha-na-maior-cotacao-do-plano-real-na-espera-por-cortes\/#primaryimage\"},\"thumbnailUrl\":\"https:\/\/portalnpm.com\/wp-content\/uploads\/2024\/11\/IMG_5066.webp\",\"datePublished\":\"2024-11-28T12:05:12+00:00\",\"dateModified\":\"2024-11-28T12:06:17+00:00\",\"author\":{\"@id\":\"https:\/\/portalnpm.com\/#\/schema\/person\/35cb55186eae3f074b6783da6d35591e\"},\"breadcrumb\":{\"@id\":\"https:\/\/portalnpm.com\/index.php\/2024\/11\/28\/dolar-fecha-na-maior-cotacao-do-plano-real-na-espera-por-cortes\/#breadcrumb\"},\"inLanguage\":\"pt-BR\",\"potentialAction\":[{\"@type\":\"ReadAction\",\"target\":[\"https:\/\/portalnpm.com\/index.php\/2024\/11\/28\/dolar-fecha-na-maior-cotacao-do-plano-real-na-espera-por-cortes\/\"]}]},{\"@type\":\"ImageObject\",\"inLanguage\":\"pt-BR\",\"@id\":\"https:\/\/portalnpm.com\/index.php\/2024\/11\/28\/dolar-fecha-na-maior-cotacao-do-plano-real-na-espera-por-cortes\/#primaryimage\",\"url\":\"https:\/\/portalnpm.com\/wp-content\/uploads\/2024\/11\/IMG_5066.webp\",\"contentUrl\":\"https:\/\/portalnpm.com\/wp-content\/uploads\/2024\/11\/IMG_5066.webp\",\"width\":1170,\"height\":700,\"caption\":\"VALTER CAMPANATO\/AG\u00caNCIA BRASIL\"},{\"@type\":\"BreadcrumbList\",\"@id\":\"https:\/\/portalnpm.com\/index.php\/2024\/11\/28\/dolar-fecha-na-maior-cotacao-do-plano-real-na-espera-por-cortes\/#breadcrumb\",\"itemListElement\":[{\"@type\":\"ListItem\",\"position\":1,\"name\":\"In\u00edcio\",\"item\":\"https:\/\/portalnpm.com\/\"},{\"@type\":\"ListItem\",\"position\":2,\"name\":\"D\u00f3lar fecha na maior cota\u00e7\u00e3o do Plano Real na espera por cortes\"}]},{\"@type\":\"WebSite\",\"@id\":\"https:\/\/portalnpm.com\/#website\",\"url\":\"https:\/\/portalnpm.com\/\",\"name\":\"Portal NPM\",\"description\":\"Not\u00edcias em Primeira M\u00e3o\",\"potentialAction\":[{\"@type\":\"SearchAction\",\"target\":{\"@type\":\"EntryPoint\",\"urlTemplate\":\"https:\/\/portalnpm.com\/?s={search_term_string}\"},\"query-input\":\"required name=search_term_string\"}],\"inLanguage\":\"pt-BR\"},{\"@type\":\"Person\",\"@id\":\"https:\/\/portalnpm.com\/#\/schema\/person\/35cb55186eae3f074b6783da6d35591e\",\"name\":\"Zenilton Lima\",\"image\":{\"@type\":\"ImageObject\",\"inLanguage\":\"pt-BR\",\"@id\":\"https:\/\/portalnpm.com\/#\/schema\/person\/image\/\",\"url\":\"https:\/\/portalnpm.com\/wp-content\/uploads\/2024\/12\/avatar_user_8_1733658137-96x96.jpeg\",\"contentUrl\":\"https:\/\/portalnpm.com\/wp-content\/uploads\/2024\/12\/avatar_user_8_1733658137-96x96.jpeg\",\"caption\":\"Zenilton Lima\"},\"url\":\"https:\/\/portalnpm.com\/index.php\/author\/zenilton\/\"}]}<\/script>\n<!-- \/ Yoast SEO plugin. -->","yoast_head_json":{"title":"D\u00f3lar fecha na maior cota\u00e7\u00e3o do Plano Real na espera por cortes - Portal NPM","robots":{"index":"index","follow":"follow","max-snippet":"max-snippet:-1","max-image-preview":"max-image-preview:large","max-video-preview":"max-video-preview:-1"},"canonical":"https:\/\/portalnpm.com\/index.php\/2024\/11\/28\/dolar-fecha-na-maior-cotacao-do-plano-real-na-espera-por-cortes\/","og_locale":"pt_BR","og_type":"article","og_title":"D\u00f3lar fecha na maior cota\u00e7\u00e3o do Plano Real na espera por cortes - Portal NPM","og_description":"As expectativas em rela\u00e7\u00e3o ao pacote de corte de gastos provocaram um dia de nervosismo para o mercado financeiro. O d\u00f3lar superou a barreira de R$ 5,90 e fechou na maior cota\u00e7\u00e3o do Plano Real. A Bolsa de Valores caiu mais de 1,5% e ficou abaixo dos 128 mil pontos. O d\u00f3lar comercial encerrou esta &hellip;","og_url":"https:\/\/portalnpm.com\/index.php\/2024\/11\/28\/dolar-fecha-na-maior-cotacao-do-plano-real-na-espera-por-cortes\/","og_site_name":"Portal NPM","article_published_time":"2024-11-28T12:05:12+00:00","article_modified_time":"2024-11-28T12:06:17+00:00","og_image":[{"width":1170,"height":700,"url":"https:\/\/portalnpm.com\/wp-content\/uploads\/2024\/11\/IMG_5066.webp","type":"image\/webp"}],"author":"Zenilton Lima","twitter_card":"summary_large_image","twitter_misc":{"Escrito por":"Zenilton Lima","Est. tempo de leitura":"3 minutos"},"schema":{"@context":"https:\/\/schema.org","@graph":[{"@type":"WebPage","@id":"https:\/\/portalnpm.com\/index.php\/2024\/11\/28\/dolar-fecha-na-maior-cotacao-do-plano-real-na-espera-por-cortes\/","url":"https:\/\/portalnpm.com\/index.php\/2024\/11\/28\/dolar-fecha-na-maior-cotacao-do-plano-real-na-espera-por-cortes\/","name":"D\u00f3lar fecha na maior cota\u00e7\u00e3o do Plano Real na espera por cortes - Portal NPM","isPartOf":{"@id":"https:\/\/portalnpm.com\/#website"},"primaryImageOfPage":{"@id":"https:\/\/portalnpm.com\/index.php\/2024\/11\/28\/dolar-fecha-na-maior-cotacao-do-plano-real-na-espera-por-cortes\/#primaryimage"},"image":{"@id":"https:\/\/portalnpm.com\/index.php\/2024\/11\/28\/dolar-fecha-na-maior-cotacao-do-plano-real-na-espera-por-cortes\/#primaryimage"},"thumbnailUrl":"https:\/\/portalnpm.com\/wp-content\/uploads\/2024\/11\/IMG_5066.webp","datePublished":"2024-11-28T12:05:12+00:00","dateModified":"2024-11-28T12:06:17+00:00","author":{"@id":"https:\/\/portalnpm.com\/#\/schema\/person\/35cb55186eae3f074b6783da6d35591e"},"breadcrumb":{"@id":"https:\/\/portalnpm.com\/index.php\/2024\/11\/28\/dolar-fecha-na-maior-cotacao-do-plano-real-na-espera-por-cortes\/#breadcrumb"},"inLanguage":"pt-BR","potentialAction":[{"@type":"ReadAction","target":["https:\/\/portalnpm.com\/index.php\/2024\/11\/28\/dolar-fecha-na-maior-cotacao-do-plano-real-na-espera-por-cortes\/"]}]},{"@type":"ImageObject","inLanguage":"pt-BR","@id":"https:\/\/portalnpm.com\/index.php\/2024\/11\/28\/dolar-fecha-na-maior-cotacao-do-plano-real-na-espera-por-cortes\/#primaryimage","url":"https:\/\/portalnpm.com\/wp-content\/uploads\/2024\/11\/IMG_5066.webp","contentUrl":"https:\/\/portalnpm.com\/wp-content\/uploads\/2024\/11\/IMG_5066.webp","width":1170,"height":700,"caption":"VALTER CAMPANATO\/AG\u00caNCIA BRASIL"},{"@type":"BreadcrumbList","@id":"https:\/\/portalnpm.com\/index.php\/2024\/11\/28\/dolar-fecha-na-maior-cotacao-do-plano-real-na-espera-por-cortes\/#breadcrumb","itemListElement":[{"@type":"ListItem","position":1,"name":"In\u00edcio","item":"https:\/\/portalnpm.com\/"},{"@type":"ListItem","position":2,"name":"D\u00f3lar fecha na maior cota\u00e7\u00e3o do Plano Real na espera por cortes"}]},{"@type":"WebSite","@id":"https:\/\/portalnpm.com\/#website","url":"https:\/\/portalnpm.com\/","name":"Portal NPM","description":"Not\u00edcias em Primeira M\u00e3o","potentialAction":[{"@type":"SearchAction","target":{"@type":"EntryPoint","urlTemplate":"https:\/\/portalnpm.com\/?s={search_term_string}"},"query-input":"required name=search_term_string"}],"inLanguage":"pt-BR"},{"@type":"Person","@id":"https:\/\/portalnpm.com\/#\/schema\/person\/35cb55186eae3f074b6783da6d35591e","name":"Zenilton Lima","image":{"@type":"ImageObject","inLanguage":"pt-BR","@id":"https:\/\/portalnpm.com\/#\/schema\/person\/image\/","url":"https:\/\/portalnpm.com\/wp-content\/uploads\/2024\/12\/avatar_user_8_1733658137-96x96.jpeg","contentUrl":"https:\/\/portalnpm.com\/wp-content\/uploads\/2024\/12\/avatar_user_8_1733658137-96x96.jpeg","caption":"Zenilton Lima"},"url":"https:\/\/portalnpm.com\/index.php\/author\/zenilton\/"}]}},"jetpack_sharing_enabled":true,"jetpack_featured_media_url":"https:\/\/portalnpm.com\/wp-content\/uploads\/2024\/11\/IMG_5066.webp","_links":{"self":[{"href":"https:\/\/portalnpm.com\/index.php\/wp-json\/wp\/v2\/posts\/81622"}],"collection":[{"href":"https:\/\/portalnpm.com\/index.php\/wp-json\/wp\/v2\/posts"}],"about":[{"href":"https:\/\/portalnpm.com\/index.php\/wp-json\/wp\/v2\/types\/post"}],"author":[{"embeddable":true,"href":"https:\/\/portalnpm.com\/index.php\/wp-json\/wp\/v2\/users\/8"}],"replies":[{"embeddable":true,"href":"https:\/\/portalnpm.com\/index.php\/wp-json\/wp\/v2\/comments?post=81622"}],"version-history":[{"count":2,"href":"https:\/\/portalnpm.com\/index.php\/wp-json\/wp\/v2\/posts\/81622\/revisions"}],"predecessor-version":[{"id":81625,"href":"https:\/\/portalnpm.com\/index.php\/wp-json\/wp\/v2\/posts\/81622\/revisions\/81625"}],"wp:featuredmedia":[{"embeddable":true,"href":"https:\/\/portalnpm.com\/index.php\/wp-json\/wp\/v2\/media\/81623"}],"wp:attachment":[{"href":"https:\/\/portalnpm.com\/index.php\/wp-json\/wp\/v2\/media?parent=81622"}],"wp:term":[{"taxonomy":"category","embeddable":true,"href":"https:\/\/portalnpm.com\/index.php\/wp-json\/wp\/v2\/categories?post=81622"},{"taxonomy":"post_tag","embeddable":true,"href":"https:\/\/portalnpm.com\/index.php\/wp-json\/wp\/v2\/tags?post=81622"}],"curies":[{"name":"wp","href":"https:\/\/api.w.org\/{rel}","templated":true}]}}