{"id":81645,"date":"2024-11-29T10:24:59","date_gmt":"2024-11-29T13:24:59","guid":{"rendered":"https:\/\/portalnpm.com\/?p=81645"},"modified":"2024-11-29T10:24:59","modified_gmt":"2024-11-29T13:24:59","slug":"primeira-parcela-do-decimo-terceiro-deve-ser-depositada-ate-esta-sexta-feira","status":"publish","type":"post","link":"https:\/\/portalnpm.com\/index.php\/2024\/11\/29\/primeira-parcela-do-decimo-terceiro-deve-ser-depositada-ate-esta-sexta-feira\/","title":{"rendered":"Primeira parcela do d\u00e9cimo terceiro deve ser depositada at\u00e9 esta sexta-feira"},"content":{"rendered":"<p>Um dos principais benef\u00edcios trabalhistas do pa\u00eds, o d\u00e9cimo terceiro sal\u00e1rio tem a primeira parcela depositada at\u00e9 esta sexta-feira (29). A partir de 1\u00ba de dezembro, o empregado com carteira assinada come\u00e7ar\u00e1 a receber a segunda parcela, que deve ser paga at\u00e9 20 de dezembro.<img decoding=\"async\" class=\"fr-fic fr-dii\" src=\"https:\/\/a10mais.com\/uploads\/editor\/1732879502546_1200fa4de2a0f8a2cb7c5ccab6665da072476096.jpg\" data-cfsrc=\"\/uploads\/editor\/1732879502546_1200fa4de2a0f8a2cb7c5ccab6665da072476096.jpg\" data-pin-no-hover=\"true\" \/><img decoding=\"async\" class=\"fr-fic fr-dii\" src=\"https:\/\/a10mais.com\/uploads\/editor\/1732879502702_c61e5ccba3d8312821deca36e167e455b761fbb6.jpg\" data-cfsrc=\"\/uploads\/editor\/1732879502702_c61e5ccba3d8312821deca36e167e455b761fbb6.jpg\" data-pin-no-hover=\"true\" \/><\/p>\n<p>Segundo o Departamento Intersindical de Estat\u00edstica e Estudos Socioecon\u00f4micos (Dieese), o sal\u00e1rio extra i<a href=\"https:\/\/agenciabrasil.ebc.com.br\/economia\/noticia\/2023-11\/pagamento-do-13o-salario-injetara-r-291-bilhoes-na-economia\" target=\"_blank\" rel=\"noopener\">njetar\u00e1 R$ 321,4 bilh\u00f5es<\/a> na economia neste ano. Em m\u00e9dia, cada trabalhador dever\u00e1 receber R$ 3.096,78.\u00a0<span class=\"fr-img-caption fr-fic fr-dii fr-draggable\"><br \/>\n<\/span><\/p>\n<p>Essas datas valem apenas para os trabalhadores na ativa. Como nos \u00faltimos anos, o d\u00e9cimo terceiro dos aposentados e pensionistas do Instituto Nacional do Seguro Social (INSS) foi antecipado. A primeira parcela foi paga entre 24 de abril a 8 de maio. A segunda foi depositada de 24 de maio a 7 de junho.<\/p>\n<h2><strong>Quem tem direito<\/strong><\/h2>\n<p>Segundo a<a href=\"http:\/\/www.planalto.gov.br\/ccivil_03\/leis\/l4090.htm\" target=\"_blank\" rel=\"noopener\">\u00a0Lei 4.090\/1962<\/a>, que criou a gratifica\u00e7\u00e3o natalina, t\u00eam direito ao d\u00e9cimo terceiro aposentados, pensionistas e quem trabalhou com carteira assinada por pelo menos 15 dias. Dessa forma, o m\u00eas em que o empregado tiver trabalhado 15 dias ou mais ser\u00e1 contado como m\u00eas inteiro, com pagamento integral da gratifica\u00e7\u00e3o correspondente \u00e0quele m\u00eas.<\/p>\n<p>Trabalhadores em licen\u00e7a maternidade e afastados por doen\u00e7a ou por acidente tamb\u00e9m recebem o benef\u00edcio. No caso de demiss\u00e3o sem justa causa, o d\u00e9cimo terceiro deve ser calculado proporcionalmente ao per\u00edodo trabalhado e pago junto com a rescis\u00e3o. No entanto, o trabalhador perde o benef\u00edcio se for dispensado com justa causa.<\/p>\n<h2><strong>C\u00e1lculo proporcional<\/strong><\/h2>\n<p>O d\u00e9cimo terceiro sal\u00e1rio s\u00f3 ser\u00e1 pago integralmente a quem trabalha h\u00e1 pelo menos um ano na mesma empresa. Quem trabalhou menos tempo receber\u00e1 proporcionalmente. O c\u00e1lculo \u00e9 feito da seguinte forma: a cada m\u00eas em que trabalha pelo menos 15 dias, o empregado tem direito a 1\/12 (um doze avos) do sal\u00e1rio total de dezembro. Dessa forma, o c\u00e1lculo do d\u00e9cimo terceiro considera como um m\u00eas inteiro o prazo de 15 dias trabalhados.<\/p>\n<p>A regra que beneficia o trabalhador o prejudica no caso de excesso de faltas sem justificativa. O m\u00eas inteiro ser\u00e1 descontado do d\u00e9cimo terceiro se o empregado deixar de trabalhar mais de 15 dias no m\u00eas e n\u00e3o justificar a aus\u00eancia.<\/p>\n<h2><strong>Tributa\u00e7\u00e3o<\/strong><\/h2>\n<p>O trabalhador deve estar atento quanto \u00e0 tributa\u00e7\u00e3o do d\u00e9cimo terceiro. Sobre o d\u00e9cimo terceiro incide tributa\u00e7\u00e3o de Imposto de Renda, INSS e, no caso do patr\u00e3o, o Fundo de Garantia do Tempo de Servi\u00e7o. No entanto, os tributos s\u00f3 s\u00e3o cobrados no pagamento da segunda parcela.<\/p>\n<p>A primeira metade do sal\u00e1rio \u00e9 paga integralmente, sem descontos. A tributa\u00e7\u00e3o do d\u00e9cimo terceiro \u00e9 informada num campo especial na declara\u00e7\u00e3o anual do Imposto de Renda Pessoa F\u00edsica.<\/p>\n<p><em><strong>Fonte<\/strong>: Ag\u00eancia Brasil<\/em><\/p>\n<p>&nbsp;<\/p>\n","protected":false},"excerpt":{"rendered":"<p>Um dos principais benef\u00edcios trabalhistas do pa\u00eds, o d\u00e9cimo terceiro sal\u00e1rio tem a primeira parcela depositada at\u00e9 esta sexta-feira (29). A partir de 1\u00ba de dezembro, o empregado com carteira assinada come\u00e7ar\u00e1 a receber a segunda parcela, que deve ser paga at\u00e9 20 de dezembro. Segundo o Departamento Intersindical de Estat\u00edstica e Estudos Socioecon\u00f4micos (Dieese), &hellip;<\/p>\n","protected":false},"author":8,"featured_media":81646,"comment_status":"open","ping_status":"open","sticky":false,"template":"","format":"standard","meta":{"content-type":"","rop_custom_images_group":[],"rop_custom_messages_group":[],"rop_publish_now":"yes","rop_publish_now_accounts":{"facebook_2648258775420054_1618374048415101":""},"rop_publish_now_history":[],"rop_publish_now_status":"pending","footnotes":"","_jetpack_memberships_contains_paid_content":false},"categories":[113,414],"tags":[4465,4892,16077,4997,4032,549,3240,979,12550,2886],"yoast_head":"<!-- This site is optimized with the Yoast SEO plugin v22.3 - https:\/\/yoast.com\/wordpress\/plugins\/seo\/ -->\n<title>Primeira parcela do d\u00e9cimo terceiro deve ser depositada at\u00e9 esta sexta-feira - Portal NPM<\/title>\n<meta name=\"robots\" content=\"index, follow, max-snippet:-1, max-image-preview:large, max-video-preview:-1\" \/>\n<link rel=\"canonical\" href=\"https:\/\/portalnpm.com\/index.php\/2024\/11\/29\/primeira-parcela-do-decimo-terceiro-deve-ser-depositada-ate-esta-sexta-feira\/\" \/>\n<meta property=\"og:locale\" content=\"pt_BR\" \/>\n<meta property=\"og:type\" content=\"article\" \/>\n<meta property=\"og:title\" content=\"Primeira parcela do d\u00e9cimo terceiro deve ser depositada at\u00e9 esta sexta-feira - Portal NPM\" \/>\n<meta property=\"og:description\" content=\"Um dos principais benef\u00edcios trabalhistas do pa\u00eds, o d\u00e9cimo terceiro sal\u00e1rio tem a primeira parcela depositada at\u00e9 esta sexta-feira (29). A partir de 1\u00ba de dezembro, o empregado com carteira assinada come\u00e7ar\u00e1 a receber a segunda parcela, que deve ser paga at\u00e9 20 de dezembro. Segundo o Departamento Intersindical de Estat\u00edstica e Estudos Socioecon\u00f4micos (Dieese), &hellip;\" \/>\n<meta property=\"og:url\" content=\"https:\/\/portalnpm.com\/index.php\/2024\/11\/29\/primeira-parcela-do-decimo-terceiro-deve-ser-depositada-ate-esta-sexta-feira\/\" \/>\n<meta property=\"og:site_name\" content=\"Portal NPM\" \/>\n<meta property=\"article:published_time\" content=\"2024-11-29T13:24:59+00:00\" \/>\n<meta property=\"og:image\" content=\"https:\/\/portalnpm.com\/wp-content\/uploads\/2024\/11\/IMG_5086.jpeg\" \/>\n\t<meta property=\"og:image:width\" content=\"1170\" \/>\n\t<meta property=\"og:image:height\" content=\"700\" \/>\n\t<meta property=\"og:image:type\" content=\"image\/jpeg\" \/>\n<meta name=\"author\" content=\"Zenilton Lima\" \/>\n<meta name=\"twitter:card\" content=\"summary_large_image\" \/>\n<meta name=\"twitter:label1\" content=\"Escrito por\" \/>\n\t<meta name=\"twitter:data1\" content=\"Zenilton Lima\" \/>\n\t<meta name=\"twitter:label2\" content=\"Est. tempo de leitura\" \/>\n\t<meta name=\"twitter:data2\" content=\"3 minutos\" \/>\n<script type=\"application\/ld+json\" class=\"yoast-schema-graph\">{\"@context\":\"https:\/\/schema.org\",\"@graph\":[{\"@type\":\"WebPage\",\"@id\":\"https:\/\/portalnpm.com\/index.php\/2024\/11\/29\/primeira-parcela-do-decimo-terceiro-deve-ser-depositada-ate-esta-sexta-feira\/\",\"url\":\"https:\/\/portalnpm.com\/index.php\/2024\/11\/29\/primeira-parcela-do-decimo-terceiro-deve-ser-depositada-ate-esta-sexta-feira\/\",\"name\":\"Primeira parcela do d\u00e9cimo terceiro deve ser depositada at\u00e9 esta sexta-feira - Portal NPM\",\"isPartOf\":{\"@id\":\"https:\/\/portalnpm.com\/#website\"},\"primaryImageOfPage\":{\"@id\":\"https:\/\/portalnpm.com\/index.php\/2024\/11\/29\/primeira-parcela-do-decimo-terceiro-deve-ser-depositada-ate-esta-sexta-feira\/#primaryimage\"},\"image\":{\"@id\":\"https:\/\/portalnpm.com\/index.php\/2024\/11\/29\/primeira-parcela-do-decimo-terceiro-deve-ser-depositada-ate-esta-sexta-feira\/#primaryimage\"},\"thumbnailUrl\":\"https:\/\/portalnpm.com\/wp-content\/uploads\/2024\/11\/IMG_5086.jpeg\",\"datePublished\":\"2024-11-29T13:24:59+00:00\",\"dateModified\":\"2024-11-29T13:24:59+00:00\",\"author\":{\"@id\":\"https:\/\/portalnpm.com\/#\/schema\/person\/35cb55186eae3f074b6783da6d35591e\"},\"breadcrumb\":{\"@id\":\"https:\/\/portalnpm.com\/index.php\/2024\/11\/29\/primeira-parcela-do-decimo-terceiro-deve-ser-depositada-ate-esta-sexta-feira\/#breadcrumb\"},\"inLanguage\":\"pt-BR\",\"potentialAction\":[{\"@type\":\"ReadAction\",\"target\":[\"https:\/\/portalnpm.com\/index.php\/2024\/11\/29\/primeira-parcela-do-decimo-terceiro-deve-ser-depositada-ate-esta-sexta-feira\/\"]}]},{\"@type\":\"ImageObject\",\"inLanguage\":\"pt-BR\",\"@id\":\"https:\/\/portalnpm.com\/index.php\/2024\/11\/29\/primeira-parcela-do-decimo-terceiro-deve-ser-depositada-ate-esta-sexta-feira\/#primaryimage\",\"url\":\"https:\/\/portalnpm.com\/wp-content\/uploads\/2024\/11\/IMG_5086.jpeg\",\"contentUrl\":\"https:\/\/portalnpm.com\/wp-content\/uploads\/2024\/11\/IMG_5086.jpeg\",\"width\":1170,\"height\":700,\"caption\":\"Primeira parcela do d\u00e9cimo terceiro deve ser depositada at\u00e9 esta sexta-feira Jos\u00e9 Cruz\/ Ag\u00eancia Brasil\"},{\"@type\":\"BreadcrumbList\",\"@id\":\"https:\/\/portalnpm.com\/index.php\/2024\/11\/29\/primeira-parcela-do-decimo-terceiro-deve-ser-depositada-ate-esta-sexta-feira\/#breadcrumb\",\"itemListElement\":[{\"@type\":\"ListItem\",\"position\":1,\"name\":\"In\u00edcio\",\"item\":\"https:\/\/portalnpm.com\/\"},{\"@type\":\"ListItem\",\"position\":2,\"name\":\"Primeira parcela do d\u00e9cimo terceiro deve ser depositada at\u00e9 esta sexta-feira\"}]},{\"@type\":\"WebSite\",\"@id\":\"https:\/\/portalnpm.com\/#website\",\"url\":\"https:\/\/portalnpm.com\/\",\"name\":\"Portal NPM\",\"description\":\"Not\u00edcias em Primeira M\u00e3o\",\"potentialAction\":[{\"@type\":\"SearchAction\",\"target\":{\"@type\":\"EntryPoint\",\"urlTemplate\":\"https:\/\/portalnpm.com\/?s={search_term_string}\"},\"query-input\":\"required name=search_term_string\"}],\"inLanguage\":\"pt-BR\"},{\"@type\":\"Person\",\"@id\":\"https:\/\/portalnpm.com\/#\/schema\/person\/35cb55186eae3f074b6783da6d35591e\",\"name\":\"Zenilton Lima\",\"image\":{\"@type\":\"ImageObject\",\"inLanguage\":\"pt-BR\",\"@id\":\"https:\/\/portalnpm.com\/#\/schema\/person\/image\/\",\"url\":\"https:\/\/portalnpm.com\/wp-content\/uploads\/2024\/12\/avatar_user_8_1733658137-96x96.jpeg\",\"contentUrl\":\"https:\/\/portalnpm.com\/wp-content\/uploads\/2024\/12\/avatar_user_8_1733658137-96x96.jpeg\",\"caption\":\"Zenilton Lima\"},\"url\":\"https:\/\/portalnpm.com\/index.php\/author\/zenilton\/\"}]}<\/script>\n<!-- \/ Yoast SEO plugin. -->","yoast_head_json":{"title":"Primeira parcela do d\u00e9cimo terceiro deve ser depositada at\u00e9 esta sexta-feira - Portal NPM","robots":{"index":"index","follow":"follow","max-snippet":"max-snippet:-1","max-image-preview":"max-image-preview:large","max-video-preview":"max-video-preview:-1"},"canonical":"https:\/\/portalnpm.com\/index.php\/2024\/11\/29\/primeira-parcela-do-decimo-terceiro-deve-ser-depositada-ate-esta-sexta-feira\/","og_locale":"pt_BR","og_type":"article","og_title":"Primeira parcela do d\u00e9cimo terceiro deve ser depositada at\u00e9 esta sexta-feira - Portal NPM","og_description":"Um dos principais benef\u00edcios trabalhistas do pa\u00eds, o d\u00e9cimo terceiro sal\u00e1rio tem a primeira parcela depositada at\u00e9 esta sexta-feira (29). A partir de 1\u00ba de dezembro, o empregado com carteira assinada come\u00e7ar\u00e1 a receber a segunda parcela, que deve ser paga at\u00e9 20 de dezembro. Segundo o Departamento Intersindical de Estat\u00edstica e Estudos Socioecon\u00f4micos (Dieese), &hellip;","og_url":"https:\/\/portalnpm.com\/index.php\/2024\/11\/29\/primeira-parcela-do-decimo-terceiro-deve-ser-depositada-ate-esta-sexta-feira\/","og_site_name":"Portal NPM","article_published_time":"2024-11-29T13:24:59+00:00","og_image":[{"width":1170,"height":700,"url":"https:\/\/portalnpm.com\/wp-content\/uploads\/2024\/11\/IMG_5086.jpeg","type":"image\/jpeg"}],"author":"Zenilton Lima","twitter_card":"summary_large_image","twitter_misc":{"Escrito por":"Zenilton Lima","Est. tempo de leitura":"3 minutos"},"schema":{"@context":"https:\/\/schema.org","@graph":[{"@type":"WebPage","@id":"https:\/\/portalnpm.com\/index.php\/2024\/11\/29\/primeira-parcela-do-decimo-terceiro-deve-ser-depositada-ate-esta-sexta-feira\/","url":"https:\/\/portalnpm.com\/index.php\/2024\/11\/29\/primeira-parcela-do-decimo-terceiro-deve-ser-depositada-ate-esta-sexta-feira\/","name":"Primeira parcela do d\u00e9cimo terceiro deve ser depositada at\u00e9 esta sexta-feira - Portal NPM","isPartOf":{"@id":"https:\/\/portalnpm.com\/#website"},"primaryImageOfPage":{"@id":"https:\/\/portalnpm.com\/index.php\/2024\/11\/29\/primeira-parcela-do-decimo-terceiro-deve-ser-depositada-ate-esta-sexta-feira\/#primaryimage"},"image":{"@id":"https:\/\/portalnpm.com\/index.php\/2024\/11\/29\/primeira-parcela-do-decimo-terceiro-deve-ser-depositada-ate-esta-sexta-feira\/#primaryimage"},"thumbnailUrl":"https:\/\/portalnpm.com\/wp-content\/uploads\/2024\/11\/IMG_5086.jpeg","datePublished":"2024-11-29T13:24:59+00:00","dateModified":"2024-11-29T13:24:59+00:00","author":{"@id":"https:\/\/portalnpm.com\/#\/schema\/person\/35cb55186eae3f074b6783da6d35591e"},"breadcrumb":{"@id":"https:\/\/portalnpm.com\/index.php\/2024\/11\/29\/primeira-parcela-do-decimo-terceiro-deve-ser-depositada-ate-esta-sexta-feira\/#breadcrumb"},"inLanguage":"pt-BR","potentialAction":[{"@type":"ReadAction","target":["https:\/\/portalnpm.com\/index.php\/2024\/11\/29\/primeira-parcela-do-decimo-terceiro-deve-ser-depositada-ate-esta-sexta-feira\/"]}]},{"@type":"ImageObject","inLanguage":"pt-BR","@id":"https:\/\/portalnpm.com\/index.php\/2024\/11\/29\/primeira-parcela-do-decimo-terceiro-deve-ser-depositada-ate-esta-sexta-feira\/#primaryimage","url":"https:\/\/portalnpm.com\/wp-content\/uploads\/2024\/11\/IMG_5086.jpeg","contentUrl":"https:\/\/portalnpm.com\/wp-content\/uploads\/2024\/11\/IMG_5086.jpeg","width":1170,"height":700,"caption":"Primeira parcela do d\u00e9cimo terceiro deve ser depositada at\u00e9 esta sexta-feira Jos\u00e9 Cruz\/ Ag\u00eancia Brasil"},{"@type":"BreadcrumbList","@id":"https:\/\/portalnpm.com\/index.php\/2024\/11\/29\/primeira-parcela-do-decimo-terceiro-deve-ser-depositada-ate-esta-sexta-feira\/#breadcrumb","itemListElement":[{"@type":"ListItem","position":1,"name":"In\u00edcio","item":"https:\/\/portalnpm.com\/"},{"@type":"ListItem","position":2,"name":"Primeira parcela do d\u00e9cimo terceiro deve ser depositada at\u00e9 esta sexta-feira"}]},{"@type":"WebSite","@id":"https:\/\/portalnpm.com\/#website","url":"https:\/\/portalnpm.com\/","name":"Portal NPM","description":"Not\u00edcias em Primeira M\u00e3o","potentialAction":[{"@type":"SearchAction","target":{"@type":"EntryPoint","urlTemplate":"https:\/\/portalnpm.com\/?s={search_term_string}"},"query-input":"required name=search_term_string"}],"inLanguage":"pt-BR"},{"@type":"Person","@id":"https:\/\/portalnpm.com\/#\/schema\/person\/35cb55186eae3f074b6783da6d35591e","name":"Zenilton Lima","image":{"@type":"ImageObject","inLanguage":"pt-BR","@id":"https:\/\/portalnpm.com\/#\/schema\/person\/image\/","url":"https:\/\/portalnpm.com\/wp-content\/uploads\/2024\/12\/avatar_user_8_1733658137-96x96.jpeg","contentUrl":"https:\/\/portalnpm.com\/wp-content\/uploads\/2024\/12\/avatar_user_8_1733658137-96x96.jpeg","caption":"Zenilton Lima"},"url":"https:\/\/portalnpm.com\/index.php\/author\/zenilton\/"}]}},"jetpack_sharing_enabled":true,"jetpack_featured_media_url":"https:\/\/portalnpm.com\/wp-content\/uploads\/2024\/11\/IMG_5086.jpeg","_links":{"self":[{"href":"https:\/\/portalnpm.com\/index.php\/wp-json\/wp\/v2\/posts\/81645"}],"collection":[{"href":"https:\/\/portalnpm.com\/index.php\/wp-json\/wp\/v2\/posts"}],"about":[{"href":"https:\/\/portalnpm.com\/index.php\/wp-json\/wp\/v2\/types\/post"}],"author":[{"embeddable":true,"href":"https:\/\/portalnpm.com\/index.php\/wp-json\/wp\/v2\/users\/8"}],"replies":[{"embeddable":true,"href":"https:\/\/portalnpm.com\/index.php\/wp-json\/wp\/v2\/comments?post=81645"}],"version-history":[{"count":1,"href":"https:\/\/portalnpm.com\/index.php\/wp-json\/wp\/v2\/posts\/81645\/revisions"}],"predecessor-version":[{"id":81647,"href":"https:\/\/portalnpm.com\/index.php\/wp-json\/wp\/v2\/posts\/81645\/revisions\/81647"}],"wp:featuredmedia":[{"embeddable":true,"href":"https:\/\/portalnpm.com\/index.php\/wp-json\/wp\/v2\/media\/81646"}],"wp:attachment":[{"href":"https:\/\/portalnpm.com\/index.php\/wp-json\/wp\/v2\/media?parent=81645"}],"wp:term":[{"taxonomy":"category","embeddable":true,"href":"https:\/\/portalnpm.com\/index.php\/wp-json\/wp\/v2\/categories?post=81645"},{"taxonomy":"post_tag","embeddable":true,"href":"https:\/\/portalnpm.com\/index.php\/wp-json\/wp\/v2\/tags?post=81645"}],"curies":[{"name":"wp","href":"https:\/\/api.w.org\/{rel}","templated":true}]}}