{"id":81785,"date":"2024-12-05T08:57:16","date_gmt":"2024-12-05T11:57:16","guid":{"rendered":"https:\/\/portalnpm.com\/?p=81785"},"modified":"2024-12-05T08:57:16","modified_gmt":"2024-12-05T11:57:16","slug":"programa-vai-oferecer-capacitacoes-para-fortalecer-cooperativas-da-agricultura-familiar-no-piaui","status":"publish","type":"post","link":"https:\/\/portalnpm.com\/index.php\/2024\/12\/05\/programa-vai-oferecer-capacitacoes-para-fortalecer-cooperativas-da-agricultura-familiar-no-piaui\/","title":{"rendered":"Programa vai oferecer capacita\u00e7\u00f5es para fortalecer cooperativas da agricultura familiar no Piau\u00ed"},"content":{"rendered":"<p>O Programa de Fortalecimento das Cooperativas da Agricultura Familiar do Piau\u00ed (Redecoopi) est\u00e1 sendo estruturado para fortalecer cooperativas e, por consequ\u00eancia, incentivar a comercializa\u00e7\u00e3o de produtos da agricultura familiar do Piau\u00ed. <strong>Executado pela Secretaria da Agricultura Familiar (SAF), em parceria com a Investe Piau\u00ed, ser\u00e3o oferecidas capacita\u00e7\u00f5es e assessoramento a dez cooperativas de diferentes cadeias produtivas do Piau\u00ed.<\/strong><\/p>\n<p>A coordenadora do Programa RedeCoop, Jeosafira Chagas, explica que o programa vai contar com assessoria t\u00e9cnica nas \u00e1reas jur\u00eddica, cont\u00e1bil e de gest\u00e3o para oferecer uma melhor formata\u00e7\u00e3o \u00e0s cooperativas da agricultura familiar.<\/p>\n<p>\u201c\u00c9 um programa de fortalecimento das cooperativas da agricultura familiar, no tocante \u00e0 quest\u00e3o da infraestrutura, \u00e0 gest\u00e3o, e \u00e0 organiza\u00e7\u00e3o social. Durante esses dois anos, um conjunto de a\u00e7\u00f5es ser\u00e1 realizado. O objetivo \u00e9 construir coletivamente com as cooperativas\u201d, citou a coordenadora.<\/p>\n<p>Para a sele\u00e7\u00e3o das dez cooperativas, ser\u00e3o levados em conta os diferentes territ\u00f3rios e tamb\u00e9m as diversas cadeias produtivas. Tamb\u00e9m v\u00e3o ser priorizadas cooperativas de locais beneficiados com outros projetos da SAF, como por exemplo, o Piau\u00ed Sustent\u00e1vel e Inclusivo (PSI), que vai apoiar com a constru\u00e7\u00e3o de projetos produtivos no campo. O programa RedeCoop tamb\u00e9m vai priorizar a participa\u00e7\u00e3o de mulheres e jovens nos espa\u00e7os de gest\u00e3o das cooperativas.<\/p>\n<p>\u201cUma forma de trazer os jovens para o campo \u00e9 faz\u00ea-lo protagonista dentro das cooperativas, assumindo cargos de gest\u00e3o e fazer valer a for\u00e7a que eles t\u00eam. E as mulheres, que j\u00e1 s\u00e3o protagonistas no campo, a gente quer incentivar que elas participem da gest\u00e3o da cooperativa e da comercializa\u00e7\u00e3o\u201d, pontuou Jeosafira Chagas.<\/p>\n<p>Ap\u00f3s a sele\u00e7\u00e3o das cooperativas e a contrata\u00e7\u00e3o da equipe t\u00e9cnica, dever\u00e3o ter in\u00edcio em fevereiro de 2025 as primeiras oficinas de apresenta\u00e7\u00e3o dos programas \u00e0s cooperativas e o in\u00edcio das a\u00e7\u00f5es.<\/p>\n<p><em><strong>Fonte<\/strong>: Portal A10+<\/em><\/p>\n","protected":false},"excerpt":{"rendered":"<p>O Programa de Fortalecimento das Cooperativas da Agricultura Familiar do Piau\u00ed (Redecoopi) est\u00e1 sendo estruturado para fortalecer cooperativas e, por consequ\u00eancia, incentivar a comercializa\u00e7\u00e3o de produtos da agricultura familiar do Piau\u00ed. Executado pela Secretaria da Agricultura Familiar (SAF), em parceria com a Investe Piau\u00ed, ser\u00e3o oferecidas capacita\u00e7\u00f5es e assessoramento a dez cooperativas de diferentes cadeias &hellip;<\/p>\n","protected":false},"author":8,"featured_media":81786,"comment_status":"open","ping_status":"open","sticky":false,"template":"","format":"standard","meta":{"content-type":"","rop_custom_images_group":[],"rop_custom_messages_group":[],"rop_publish_now":"yes","rop_publish_now_accounts":{"facebook_2648258775420054_1618374048415101":""},"rop_publish_now_history":[],"rop_publish_now_status":"pending","footnotes":"","_jetpack_memberships_contains_paid_content":false},"categories":[113,414],"tags":[12817,16119,16121,836,16122,16120,12758,852,187,1894,833],"yoast_head":"<!-- This site is optimized with the Yoast SEO plugin v22.3 - https:\/\/yoast.com\/wordpress\/plugins\/seo\/ -->\n<title>Programa vai oferecer capacita\u00e7\u00f5es para fortalecer cooperativas da agricultura familiar no Piau\u00ed - Portal NPM<\/title>\n<meta name=\"robots\" content=\"index, follow, max-snippet:-1, max-image-preview:large, max-video-preview:-1\" \/>\n<link rel=\"canonical\" href=\"https:\/\/portalnpm.com\/index.php\/2024\/12\/05\/programa-vai-oferecer-capacitacoes-para-fortalecer-cooperativas-da-agricultura-familiar-no-piaui\/\" \/>\n<meta property=\"og:locale\" content=\"pt_BR\" \/>\n<meta property=\"og:type\" content=\"article\" \/>\n<meta property=\"og:title\" content=\"Programa vai oferecer capacita\u00e7\u00f5es para fortalecer cooperativas da agricultura familiar no Piau\u00ed - Portal NPM\" \/>\n<meta property=\"og:description\" content=\"O Programa de Fortalecimento das Cooperativas da Agricultura Familiar do Piau\u00ed (Redecoopi) est\u00e1 sendo estruturado para fortalecer cooperativas e, por consequ\u00eancia, incentivar a comercializa\u00e7\u00e3o de produtos da agricultura familiar do Piau\u00ed. Executado pela Secretaria da Agricultura Familiar (SAF), em parceria com a Investe Piau\u00ed, ser\u00e3o oferecidas capacita\u00e7\u00f5es e assessoramento a dez cooperativas de diferentes cadeias &hellip;\" \/>\n<meta property=\"og:url\" content=\"https:\/\/portalnpm.com\/index.php\/2024\/12\/05\/programa-vai-oferecer-capacitacoes-para-fortalecer-cooperativas-da-agricultura-familiar-no-piaui\/\" \/>\n<meta property=\"og:site_name\" content=\"Portal NPM\" \/>\n<meta property=\"article:published_time\" content=\"2024-12-05T11:57:16+00:00\" \/>\n<meta property=\"og:image\" content=\"https:\/\/portalnpm.com\/wp-content\/uploads\/2024\/12\/IMG_5206.jpeg\" \/>\n\t<meta property=\"og:image:width\" content=\"1080\" \/>\n\t<meta property=\"og:image:height\" content=\"720\" \/>\n\t<meta property=\"og:image:type\" content=\"image\/jpeg\" \/>\n<meta name=\"author\" content=\"Zenilton Lima\" \/>\n<meta name=\"twitter:card\" content=\"summary_large_image\" \/>\n<meta name=\"twitter:label1\" content=\"Escrito por\" \/>\n\t<meta name=\"twitter:data1\" content=\"Zenilton Lima\" \/>\n\t<meta name=\"twitter:label2\" content=\"Est. tempo de leitura\" \/>\n\t<meta name=\"twitter:data2\" content=\"2 minutos\" \/>\n<script type=\"application\/ld+json\" class=\"yoast-schema-graph\">{\"@context\":\"https:\/\/schema.org\",\"@graph\":[{\"@type\":\"WebPage\",\"@id\":\"https:\/\/portalnpm.com\/index.php\/2024\/12\/05\/programa-vai-oferecer-capacitacoes-para-fortalecer-cooperativas-da-agricultura-familiar-no-piaui\/\",\"url\":\"https:\/\/portalnpm.com\/index.php\/2024\/12\/05\/programa-vai-oferecer-capacitacoes-para-fortalecer-cooperativas-da-agricultura-familiar-no-piaui\/\",\"name\":\"Programa vai oferecer capacita\u00e7\u00f5es para fortalecer cooperativas da agricultura familiar no Piau\u00ed - Portal NPM\",\"isPartOf\":{\"@id\":\"https:\/\/portalnpm.com\/#website\"},\"primaryImageOfPage\":{\"@id\":\"https:\/\/portalnpm.com\/index.php\/2024\/12\/05\/programa-vai-oferecer-capacitacoes-para-fortalecer-cooperativas-da-agricultura-familiar-no-piaui\/#primaryimage\"},\"image\":{\"@id\":\"https:\/\/portalnpm.com\/index.php\/2024\/12\/05\/programa-vai-oferecer-capacitacoes-para-fortalecer-cooperativas-da-agricultura-familiar-no-piaui\/#primaryimage\"},\"thumbnailUrl\":\"https:\/\/portalnpm.com\/wp-content\/uploads\/2024\/12\/IMG_5206.jpeg\",\"datePublished\":\"2024-12-05T11:57:16+00:00\",\"dateModified\":\"2024-12-05T11:57:16+00:00\",\"author\":{\"@id\":\"https:\/\/portalnpm.com\/#\/schema\/person\/35cb55186eae3f074b6783da6d35591e\"},\"breadcrumb\":{\"@id\":\"https:\/\/portalnpm.com\/index.php\/2024\/12\/05\/programa-vai-oferecer-capacitacoes-para-fortalecer-cooperativas-da-agricultura-familiar-no-piaui\/#breadcrumb\"},\"inLanguage\":\"pt-BR\",\"potentialAction\":[{\"@type\":\"ReadAction\",\"target\":[\"https:\/\/portalnpm.com\/index.php\/2024\/12\/05\/programa-vai-oferecer-capacitacoes-para-fortalecer-cooperativas-da-agricultura-familiar-no-piaui\/\"]}]},{\"@type\":\"ImageObject\",\"inLanguage\":\"pt-BR\",\"@id\":\"https:\/\/portalnpm.com\/index.php\/2024\/12\/05\/programa-vai-oferecer-capacitacoes-para-fortalecer-cooperativas-da-agricultura-familiar-no-piaui\/#primaryimage\",\"url\":\"https:\/\/portalnpm.com\/wp-content\/uploads\/2024\/12\/IMG_5206.jpeg\",\"contentUrl\":\"https:\/\/portalnpm.com\/wp-content\/uploads\/2024\/12\/IMG_5206.jpeg\",\"width\":1080,\"height\":720,\"caption\":\"Programa vai oferecer capacita\u00e7\u00f5es para fortalecer cooperativas da agricultura familiar no Piau\u00ed Divulga\u00e7\u00e3o\"},{\"@type\":\"BreadcrumbList\",\"@id\":\"https:\/\/portalnpm.com\/index.php\/2024\/12\/05\/programa-vai-oferecer-capacitacoes-para-fortalecer-cooperativas-da-agricultura-familiar-no-piaui\/#breadcrumb\",\"itemListElement\":[{\"@type\":\"ListItem\",\"position\":1,\"name\":\"In\u00edcio\",\"item\":\"https:\/\/portalnpm.com\/\"},{\"@type\":\"ListItem\",\"position\":2,\"name\":\"Programa vai oferecer capacita\u00e7\u00f5es para fortalecer cooperativas da agricultura familiar no Piau\u00ed\"}]},{\"@type\":\"WebSite\",\"@id\":\"https:\/\/portalnpm.com\/#website\",\"url\":\"https:\/\/portalnpm.com\/\",\"name\":\"Portal NPM\",\"description\":\"Not\u00edcias em Primeira M\u00e3o\",\"potentialAction\":[{\"@type\":\"SearchAction\",\"target\":{\"@type\":\"EntryPoint\",\"urlTemplate\":\"https:\/\/portalnpm.com\/?s={search_term_string}\"},\"query-input\":\"required name=search_term_string\"}],\"inLanguage\":\"pt-BR\"},{\"@type\":\"Person\",\"@id\":\"https:\/\/portalnpm.com\/#\/schema\/person\/35cb55186eae3f074b6783da6d35591e\",\"name\":\"Zenilton Lima\",\"image\":{\"@type\":\"ImageObject\",\"inLanguage\":\"pt-BR\",\"@id\":\"https:\/\/portalnpm.com\/#\/schema\/person\/image\/\",\"url\":\"https:\/\/portalnpm.com\/wp-content\/uploads\/2024\/12\/avatar_user_8_1733658137-96x96.jpeg\",\"contentUrl\":\"https:\/\/portalnpm.com\/wp-content\/uploads\/2024\/12\/avatar_user_8_1733658137-96x96.jpeg\",\"caption\":\"Zenilton Lima\"},\"url\":\"https:\/\/portalnpm.com\/index.php\/author\/zenilton\/\"}]}<\/script>\n<!-- \/ Yoast SEO plugin. -->","yoast_head_json":{"title":"Programa vai oferecer capacita\u00e7\u00f5es para fortalecer cooperativas da agricultura familiar no Piau\u00ed - Portal NPM","robots":{"index":"index","follow":"follow","max-snippet":"max-snippet:-1","max-image-preview":"max-image-preview:large","max-video-preview":"max-video-preview:-1"},"canonical":"https:\/\/portalnpm.com\/index.php\/2024\/12\/05\/programa-vai-oferecer-capacitacoes-para-fortalecer-cooperativas-da-agricultura-familiar-no-piaui\/","og_locale":"pt_BR","og_type":"article","og_title":"Programa vai oferecer capacita\u00e7\u00f5es para fortalecer cooperativas da agricultura familiar no Piau\u00ed - Portal NPM","og_description":"O Programa de Fortalecimento das Cooperativas da Agricultura Familiar do Piau\u00ed (Redecoopi) est\u00e1 sendo estruturado para fortalecer cooperativas e, por consequ\u00eancia, incentivar a comercializa\u00e7\u00e3o de produtos da agricultura familiar do Piau\u00ed. Executado pela Secretaria da Agricultura Familiar (SAF), em parceria com a Investe Piau\u00ed, ser\u00e3o oferecidas capacita\u00e7\u00f5es e assessoramento a dez cooperativas de diferentes cadeias &hellip;","og_url":"https:\/\/portalnpm.com\/index.php\/2024\/12\/05\/programa-vai-oferecer-capacitacoes-para-fortalecer-cooperativas-da-agricultura-familiar-no-piaui\/","og_site_name":"Portal NPM","article_published_time":"2024-12-05T11:57:16+00:00","og_image":[{"width":1080,"height":720,"url":"https:\/\/portalnpm.com\/wp-content\/uploads\/2024\/12\/IMG_5206.jpeg","type":"image\/jpeg"}],"author":"Zenilton Lima","twitter_card":"summary_large_image","twitter_misc":{"Escrito por":"Zenilton Lima","Est. tempo de leitura":"2 minutos"},"schema":{"@context":"https:\/\/schema.org","@graph":[{"@type":"WebPage","@id":"https:\/\/portalnpm.com\/index.php\/2024\/12\/05\/programa-vai-oferecer-capacitacoes-para-fortalecer-cooperativas-da-agricultura-familiar-no-piaui\/","url":"https:\/\/portalnpm.com\/index.php\/2024\/12\/05\/programa-vai-oferecer-capacitacoes-para-fortalecer-cooperativas-da-agricultura-familiar-no-piaui\/","name":"Programa vai oferecer capacita\u00e7\u00f5es para fortalecer cooperativas da agricultura familiar no Piau\u00ed - Portal NPM","isPartOf":{"@id":"https:\/\/portalnpm.com\/#website"},"primaryImageOfPage":{"@id":"https:\/\/portalnpm.com\/index.php\/2024\/12\/05\/programa-vai-oferecer-capacitacoes-para-fortalecer-cooperativas-da-agricultura-familiar-no-piaui\/#primaryimage"},"image":{"@id":"https:\/\/portalnpm.com\/index.php\/2024\/12\/05\/programa-vai-oferecer-capacitacoes-para-fortalecer-cooperativas-da-agricultura-familiar-no-piaui\/#primaryimage"},"thumbnailUrl":"https:\/\/portalnpm.com\/wp-content\/uploads\/2024\/12\/IMG_5206.jpeg","datePublished":"2024-12-05T11:57:16+00:00","dateModified":"2024-12-05T11:57:16+00:00","author":{"@id":"https:\/\/portalnpm.com\/#\/schema\/person\/35cb55186eae3f074b6783da6d35591e"},"breadcrumb":{"@id":"https:\/\/portalnpm.com\/index.php\/2024\/12\/05\/programa-vai-oferecer-capacitacoes-para-fortalecer-cooperativas-da-agricultura-familiar-no-piaui\/#breadcrumb"},"inLanguage":"pt-BR","potentialAction":[{"@type":"ReadAction","target":["https:\/\/portalnpm.com\/index.php\/2024\/12\/05\/programa-vai-oferecer-capacitacoes-para-fortalecer-cooperativas-da-agricultura-familiar-no-piaui\/"]}]},{"@type":"ImageObject","inLanguage":"pt-BR","@id":"https:\/\/portalnpm.com\/index.php\/2024\/12\/05\/programa-vai-oferecer-capacitacoes-para-fortalecer-cooperativas-da-agricultura-familiar-no-piaui\/#primaryimage","url":"https:\/\/portalnpm.com\/wp-content\/uploads\/2024\/12\/IMG_5206.jpeg","contentUrl":"https:\/\/portalnpm.com\/wp-content\/uploads\/2024\/12\/IMG_5206.jpeg","width":1080,"height":720,"caption":"Programa vai oferecer capacita\u00e7\u00f5es para fortalecer cooperativas da agricultura familiar no Piau\u00ed Divulga\u00e7\u00e3o"},{"@type":"BreadcrumbList","@id":"https:\/\/portalnpm.com\/index.php\/2024\/12\/05\/programa-vai-oferecer-capacitacoes-para-fortalecer-cooperativas-da-agricultura-familiar-no-piaui\/#breadcrumb","itemListElement":[{"@type":"ListItem","position":1,"name":"In\u00edcio","item":"https:\/\/portalnpm.com\/"},{"@type":"ListItem","position":2,"name":"Programa vai oferecer capacita\u00e7\u00f5es para fortalecer cooperativas da agricultura familiar no Piau\u00ed"}]},{"@type":"WebSite","@id":"https:\/\/portalnpm.com\/#website","url":"https:\/\/portalnpm.com\/","name":"Portal NPM","description":"Not\u00edcias em Primeira M\u00e3o","potentialAction":[{"@type":"SearchAction","target":{"@type":"EntryPoint","urlTemplate":"https:\/\/portalnpm.com\/?s={search_term_string}"},"query-input":"required name=search_term_string"}],"inLanguage":"pt-BR"},{"@type":"Person","@id":"https:\/\/portalnpm.com\/#\/schema\/person\/35cb55186eae3f074b6783da6d35591e","name":"Zenilton Lima","image":{"@type":"ImageObject","inLanguage":"pt-BR","@id":"https:\/\/portalnpm.com\/#\/schema\/person\/image\/","url":"https:\/\/portalnpm.com\/wp-content\/uploads\/2024\/12\/avatar_user_8_1733658137-96x96.jpeg","contentUrl":"https:\/\/portalnpm.com\/wp-content\/uploads\/2024\/12\/avatar_user_8_1733658137-96x96.jpeg","caption":"Zenilton Lima"},"url":"https:\/\/portalnpm.com\/index.php\/author\/zenilton\/"}]}},"jetpack_sharing_enabled":true,"jetpack_featured_media_url":"https:\/\/portalnpm.com\/wp-content\/uploads\/2024\/12\/IMG_5206.jpeg","_links":{"self":[{"href":"https:\/\/portalnpm.com\/index.php\/wp-json\/wp\/v2\/posts\/81785"}],"collection":[{"href":"https:\/\/portalnpm.com\/index.php\/wp-json\/wp\/v2\/posts"}],"about":[{"href":"https:\/\/portalnpm.com\/index.php\/wp-json\/wp\/v2\/types\/post"}],"author":[{"embeddable":true,"href":"https:\/\/portalnpm.com\/index.php\/wp-json\/wp\/v2\/users\/8"}],"replies":[{"embeddable":true,"href":"https:\/\/portalnpm.com\/index.php\/wp-json\/wp\/v2\/comments?post=81785"}],"version-history":[{"count":1,"href":"https:\/\/portalnpm.com\/index.php\/wp-json\/wp\/v2\/posts\/81785\/revisions"}],"predecessor-version":[{"id":81787,"href":"https:\/\/portalnpm.com\/index.php\/wp-json\/wp\/v2\/posts\/81785\/revisions\/81787"}],"wp:featuredmedia":[{"embeddable":true,"href":"https:\/\/portalnpm.com\/index.php\/wp-json\/wp\/v2\/media\/81786"}],"wp:attachment":[{"href":"https:\/\/portalnpm.com\/index.php\/wp-json\/wp\/v2\/media?parent=81785"}],"wp:term":[{"taxonomy":"category","embeddable":true,"href":"https:\/\/portalnpm.com\/index.php\/wp-json\/wp\/v2\/categories?post=81785"},{"taxonomy":"post_tag","embeddable":true,"href":"https:\/\/portalnpm.com\/index.php\/wp-json\/wp\/v2\/tags?post=81785"}],"curies":[{"name":"wp","href":"https:\/\/api.w.org\/{rel}","templated":true}]}}