{"id":81794,"date":"2024-12-05T09:08:24","date_gmt":"2024-12-05T12:08:24","guid":{"rendered":"https:\/\/portalnpm.com\/?p=81794"},"modified":"2024-12-05T09:08:24","modified_gmt":"2024-12-05T12:08:24","slug":"industria-eletroeletronica-anuncia-investimentos-de-r-5-bi-ate-2027","status":"publish","type":"post","link":"https:\/\/portalnpm.com\/index.php\/2024\/12\/05\/industria-eletroeletronica-anuncia-investimentos-de-r-5-bi-ate-2027\/","title":{"rendered":"Ind\u00fastria eletroeletr\u00f4nica anuncia investimentos de R$ 5 bi at\u00e9 2027"},"content":{"rendered":"<p>A Associa\u00e7\u00e3o Nacional dos Fabricantes de Produtos Eletroeletr\u00f4nicos (Eletros) anunciou nesta quarta-feira (4) investimentos de R$ 5 bilh\u00f5es no pa\u00eds nos pr\u00f3ximos tr\u00eas anos. Entre as a\u00e7\u00f5es previstas\u00a0est\u00e3o a constru\u00e7\u00e3o e amplia\u00e7\u00e3o de f\u00e1bricas e a inova\u00e7\u00e3o em produtos e em processos produtivos.<img decoding=\"async\" src=\"https:\/\/agenciabrasil.ebc.com.br\/ebc.png?id=1622475&amp;o=node\" \/><img decoding=\"async\" src=\"https:\/\/agenciabrasil.ebc.com.br\/ebc.gif?id=1622475&amp;o=node\" \/><\/p>\n<p>Os planos de investimento foram anunciados em reuni\u00e3o de representantes da Eletros e com o\u00a0vice-presidente e ministro do Desenvolvimento, Ind\u00fastria, Com\u00e9rcio e Servi\u00e7os (Mdic), Geraldo Alckmin. A associa\u00e7\u00e3o ressaltou que o setor eletroeletr\u00f4nico investiu outros R$ 5 bilh\u00f5es em 2023 e 2024.<\/p>\n<h2>Balan\u00e7o<\/h2>\n<p>Na reuni\u00e3o com Alckmin, a Eletros apresentou o balan\u00e7o do setor. De janeiro a setembro desde ano, a produ\u00e7\u00e3o de eletroeletr\u00f4nicos cresceu 29% em rela\u00e7\u00e3o aos mesmos meses de 2023. A entidade prev\u00ea crescimento de 25% nos resultados de 2024, o melhor resultado dos \u00faltimos dez anos.<\/p>\n<p>Nos nove primeiros meses do ano, foram comercializadas 83,8 milh\u00f5es de unidades de produtos eletroeletr\u00f4nicos, contra 65 milh\u00f5es no mesmo per\u00edodo de 2023. Segundo a Eletros, os principais motivos para o crescimento s\u00e3o as pol\u00edticas atuais de desenvolvimento industrial, o crescimento do emprego e da renda e a quest\u00e3o clim\u00e1tica, que impulsionou a venda de ventiladores e aparelhos de ar-condicionado.<\/p>\n<p>Segundo a Eletros, o Brasil \u00e9 o segundo maior polo produtor de ar-condicionado do mundo. No caso da linha branca, que abrange fog\u00e3o, geladeira e lavadora de roupa, as empresas associadas \u00e0 entidade atendem a 97% do mercado nacional.<\/p>\n<p><strong>Fonte<\/strong>: Ag\u00eancia Brasil<\/p>\n","protected":false},"excerpt":{"rendered":"<p>A Associa\u00e7\u00e3o Nacional dos Fabricantes de Produtos Eletroeletr\u00f4nicos (Eletros) anunciou nesta quarta-feira (4) investimentos de R$ 5 bilh\u00f5es no pa\u00eds nos pr\u00f3ximos tr\u00eas anos. Entre as a\u00e7\u00f5es previstas\u00a0est\u00e3o a constru\u00e7\u00e3o e amplia\u00e7\u00e3o de f\u00e1bricas e a inova\u00e7\u00e3o em produtos e em processos produtivos. Os planos de investimento foram anunciados em reuni\u00e3o de representantes da Eletros &hellip;<\/p>\n","protected":false},"author":8,"featured_media":81795,"comment_status":"open","ping_status":"open","sticky":false,"template":"","format":"standard","meta":{"content-type":"","rop_custom_images_group":[],"rop_custom_messages_group":[],"rop_publish_now":"yes","rop_publish_now_accounts":{"facebook_2648258775420054_1618374048415101":""},"rop_publish_now_history":[],"rop_publish_now_status":"pending","footnotes":"","_jetpack_memberships_contains_paid_content":false},"categories":[414],"tags":[15731,223,4465,8433,230,16126,13045,1409],"yoast_head":"<!-- This site is optimized with the Yoast SEO plugin v22.3 - https:\/\/yoast.com\/wordpress\/plugins\/seo\/ -->\n<title>Ind\u00fastria eletroeletr\u00f4nica anuncia investimentos de R$ 5 bi at\u00e9 2027 - Portal NPM<\/title>\n<meta name=\"robots\" content=\"index, follow, max-snippet:-1, max-image-preview:large, max-video-preview:-1\" \/>\n<link rel=\"canonical\" href=\"https:\/\/portalnpm.com\/index.php\/2024\/12\/05\/industria-eletroeletronica-anuncia-investimentos-de-r-5-bi-ate-2027\/\" \/>\n<meta property=\"og:locale\" content=\"pt_BR\" \/>\n<meta property=\"og:type\" content=\"article\" \/>\n<meta property=\"og:title\" content=\"Ind\u00fastria eletroeletr\u00f4nica anuncia investimentos de R$ 5 bi at\u00e9 2027 - Portal NPM\" \/>\n<meta property=\"og:description\" content=\"A Associa\u00e7\u00e3o Nacional dos Fabricantes de Produtos Eletroeletr\u00f4nicos (Eletros) anunciou nesta quarta-feira (4) investimentos de R$ 5 bilh\u00f5es no pa\u00eds nos pr\u00f3ximos tr\u00eas anos. Entre as a\u00e7\u00f5es previstas\u00a0est\u00e3o a constru\u00e7\u00e3o e amplia\u00e7\u00e3o de f\u00e1bricas e a inova\u00e7\u00e3o em produtos e em processos produtivos. Os planos de investimento foram anunciados em reuni\u00e3o de representantes da Eletros &hellip;\" \/>\n<meta property=\"og:url\" content=\"https:\/\/portalnpm.com\/index.php\/2024\/12\/05\/industria-eletroeletronica-anuncia-investimentos-de-r-5-bi-ate-2027\/\" \/>\n<meta property=\"og:site_name\" content=\"Portal NPM\" \/>\n<meta property=\"article:published_time\" content=\"2024-12-05T12:08:24+00:00\" \/>\n<meta property=\"og:image\" content=\"https:\/\/portalnpm.com\/wp-content\/uploads\/2024\/12\/IMG_5209.webp\" \/>\n\t<meta property=\"og:image:width\" content=\"1170\" \/>\n\t<meta property=\"og:image:height\" content=\"700\" \/>\n\t<meta property=\"og:image:type\" content=\"image\/webp\" \/>\n<meta name=\"author\" content=\"Zenilton Lima\" \/>\n<meta name=\"twitter:card\" content=\"summary_large_image\" \/>\n<meta name=\"twitter:label1\" content=\"Escrito por\" \/>\n\t<meta name=\"twitter:data1\" content=\"Zenilton Lima\" \/>\n\t<meta name=\"twitter:label2\" content=\"Est. tempo de leitura\" \/>\n\t<meta name=\"twitter:data2\" content=\"2 minutos\" \/>\n<script type=\"application\/ld+json\" class=\"yoast-schema-graph\">{\"@context\":\"https:\/\/schema.org\",\"@graph\":[{\"@type\":\"WebPage\",\"@id\":\"https:\/\/portalnpm.com\/index.php\/2024\/12\/05\/industria-eletroeletronica-anuncia-investimentos-de-r-5-bi-ate-2027\/\",\"url\":\"https:\/\/portalnpm.com\/index.php\/2024\/12\/05\/industria-eletroeletronica-anuncia-investimentos-de-r-5-bi-ate-2027\/\",\"name\":\"Ind\u00fastria eletroeletr\u00f4nica anuncia investimentos de R$ 5 bi at\u00e9 2027 - Portal NPM\",\"isPartOf\":{\"@id\":\"https:\/\/portalnpm.com\/#website\"},\"primaryImageOfPage\":{\"@id\":\"https:\/\/portalnpm.com\/index.php\/2024\/12\/05\/industria-eletroeletronica-anuncia-investimentos-de-r-5-bi-ate-2027\/#primaryimage\"},\"image\":{\"@id\":\"https:\/\/portalnpm.com\/index.php\/2024\/12\/05\/industria-eletroeletronica-anuncia-investimentos-de-r-5-bi-ate-2027\/#primaryimage\"},\"thumbnailUrl\":\"https:\/\/portalnpm.com\/wp-content\/uploads\/2024\/12\/IMG_5209.webp\",\"datePublished\":\"2024-12-05T12:08:24+00:00\",\"dateModified\":\"2024-12-05T12:08:24+00:00\",\"author\":{\"@id\":\"https:\/\/portalnpm.com\/#\/schema\/person\/35cb55186eae3f074b6783da6d35591e\"},\"breadcrumb\":{\"@id\":\"https:\/\/portalnpm.com\/index.php\/2024\/12\/05\/industria-eletroeletronica-anuncia-investimentos-de-r-5-bi-ate-2027\/#breadcrumb\"},\"inLanguage\":\"pt-BR\",\"potentialAction\":[{\"@type\":\"ReadAction\",\"target\":[\"https:\/\/portalnpm.com\/index.php\/2024\/12\/05\/industria-eletroeletronica-anuncia-investimentos-de-r-5-bi-ate-2027\/\"]}]},{\"@type\":\"ImageObject\",\"inLanguage\":\"pt-BR\",\"@id\":\"https:\/\/portalnpm.com\/index.php\/2024\/12\/05\/industria-eletroeletronica-anuncia-investimentos-de-r-5-bi-ate-2027\/#primaryimage\",\"url\":\"https:\/\/portalnpm.com\/wp-content\/uploads\/2024\/12\/IMG_5209.webp\",\"contentUrl\":\"https:\/\/portalnpm.com\/wp-content\/uploads\/2024\/12\/IMG_5209.webp\",\"width\":1170,\"height\":700,\"caption\":\"ARQUIVO\/AG\u00caNCIA BRASIL\"},{\"@type\":\"BreadcrumbList\",\"@id\":\"https:\/\/portalnpm.com\/index.php\/2024\/12\/05\/industria-eletroeletronica-anuncia-investimentos-de-r-5-bi-ate-2027\/#breadcrumb\",\"itemListElement\":[{\"@type\":\"ListItem\",\"position\":1,\"name\":\"In\u00edcio\",\"item\":\"https:\/\/portalnpm.com\/\"},{\"@type\":\"ListItem\",\"position\":2,\"name\":\"Ind\u00fastria eletroeletr\u00f4nica anuncia investimentos de R$ 5 bi at\u00e9 2027\"}]},{\"@type\":\"WebSite\",\"@id\":\"https:\/\/portalnpm.com\/#website\",\"url\":\"https:\/\/portalnpm.com\/\",\"name\":\"Portal NPM\",\"description\":\"Not\u00edcias em Primeira M\u00e3o\",\"potentialAction\":[{\"@type\":\"SearchAction\",\"target\":{\"@type\":\"EntryPoint\",\"urlTemplate\":\"https:\/\/portalnpm.com\/?s={search_term_string}\"},\"query-input\":\"required name=search_term_string\"}],\"inLanguage\":\"pt-BR\"},{\"@type\":\"Person\",\"@id\":\"https:\/\/portalnpm.com\/#\/schema\/person\/35cb55186eae3f074b6783da6d35591e\",\"name\":\"Zenilton Lima\",\"image\":{\"@type\":\"ImageObject\",\"inLanguage\":\"pt-BR\",\"@id\":\"https:\/\/portalnpm.com\/#\/schema\/person\/image\/\",\"url\":\"https:\/\/portalnpm.com\/wp-content\/uploads\/2024\/12\/avatar_user_8_1733658137-96x96.jpeg\",\"contentUrl\":\"https:\/\/portalnpm.com\/wp-content\/uploads\/2024\/12\/avatar_user_8_1733658137-96x96.jpeg\",\"caption\":\"Zenilton Lima\"},\"url\":\"https:\/\/portalnpm.com\/index.php\/author\/zenilton\/\"}]}<\/script>\n<!-- \/ Yoast SEO plugin. -->","yoast_head_json":{"title":"Ind\u00fastria eletroeletr\u00f4nica anuncia investimentos de R$ 5 bi at\u00e9 2027 - Portal NPM","robots":{"index":"index","follow":"follow","max-snippet":"max-snippet:-1","max-image-preview":"max-image-preview:large","max-video-preview":"max-video-preview:-1"},"canonical":"https:\/\/portalnpm.com\/index.php\/2024\/12\/05\/industria-eletroeletronica-anuncia-investimentos-de-r-5-bi-ate-2027\/","og_locale":"pt_BR","og_type":"article","og_title":"Ind\u00fastria eletroeletr\u00f4nica anuncia investimentos de R$ 5 bi at\u00e9 2027 - Portal NPM","og_description":"A Associa\u00e7\u00e3o Nacional dos Fabricantes de Produtos Eletroeletr\u00f4nicos (Eletros) anunciou nesta quarta-feira (4) investimentos de R$ 5 bilh\u00f5es no pa\u00eds nos pr\u00f3ximos tr\u00eas anos. Entre as a\u00e7\u00f5es previstas\u00a0est\u00e3o a constru\u00e7\u00e3o e amplia\u00e7\u00e3o de f\u00e1bricas e a inova\u00e7\u00e3o em produtos e em processos produtivos. Os planos de investimento foram anunciados em reuni\u00e3o de representantes da Eletros &hellip;","og_url":"https:\/\/portalnpm.com\/index.php\/2024\/12\/05\/industria-eletroeletronica-anuncia-investimentos-de-r-5-bi-ate-2027\/","og_site_name":"Portal NPM","article_published_time":"2024-12-05T12:08:24+00:00","og_image":[{"width":1170,"height":700,"url":"https:\/\/portalnpm.com\/wp-content\/uploads\/2024\/12\/IMG_5209.webp","type":"image\/webp"}],"author":"Zenilton Lima","twitter_card":"summary_large_image","twitter_misc":{"Escrito por":"Zenilton Lima","Est. tempo de leitura":"2 minutos"},"schema":{"@context":"https:\/\/schema.org","@graph":[{"@type":"WebPage","@id":"https:\/\/portalnpm.com\/index.php\/2024\/12\/05\/industria-eletroeletronica-anuncia-investimentos-de-r-5-bi-ate-2027\/","url":"https:\/\/portalnpm.com\/index.php\/2024\/12\/05\/industria-eletroeletronica-anuncia-investimentos-de-r-5-bi-ate-2027\/","name":"Ind\u00fastria eletroeletr\u00f4nica anuncia investimentos de R$ 5 bi at\u00e9 2027 - Portal NPM","isPartOf":{"@id":"https:\/\/portalnpm.com\/#website"},"primaryImageOfPage":{"@id":"https:\/\/portalnpm.com\/index.php\/2024\/12\/05\/industria-eletroeletronica-anuncia-investimentos-de-r-5-bi-ate-2027\/#primaryimage"},"image":{"@id":"https:\/\/portalnpm.com\/index.php\/2024\/12\/05\/industria-eletroeletronica-anuncia-investimentos-de-r-5-bi-ate-2027\/#primaryimage"},"thumbnailUrl":"https:\/\/portalnpm.com\/wp-content\/uploads\/2024\/12\/IMG_5209.webp","datePublished":"2024-12-05T12:08:24+00:00","dateModified":"2024-12-05T12:08:24+00:00","author":{"@id":"https:\/\/portalnpm.com\/#\/schema\/person\/35cb55186eae3f074b6783da6d35591e"},"breadcrumb":{"@id":"https:\/\/portalnpm.com\/index.php\/2024\/12\/05\/industria-eletroeletronica-anuncia-investimentos-de-r-5-bi-ate-2027\/#breadcrumb"},"inLanguage":"pt-BR","potentialAction":[{"@type":"ReadAction","target":["https:\/\/portalnpm.com\/index.php\/2024\/12\/05\/industria-eletroeletronica-anuncia-investimentos-de-r-5-bi-ate-2027\/"]}]},{"@type":"ImageObject","inLanguage":"pt-BR","@id":"https:\/\/portalnpm.com\/index.php\/2024\/12\/05\/industria-eletroeletronica-anuncia-investimentos-de-r-5-bi-ate-2027\/#primaryimage","url":"https:\/\/portalnpm.com\/wp-content\/uploads\/2024\/12\/IMG_5209.webp","contentUrl":"https:\/\/portalnpm.com\/wp-content\/uploads\/2024\/12\/IMG_5209.webp","width":1170,"height":700,"caption":"ARQUIVO\/AG\u00caNCIA BRASIL"},{"@type":"BreadcrumbList","@id":"https:\/\/portalnpm.com\/index.php\/2024\/12\/05\/industria-eletroeletronica-anuncia-investimentos-de-r-5-bi-ate-2027\/#breadcrumb","itemListElement":[{"@type":"ListItem","position":1,"name":"In\u00edcio","item":"https:\/\/portalnpm.com\/"},{"@type":"ListItem","position":2,"name":"Ind\u00fastria eletroeletr\u00f4nica anuncia investimentos de R$ 5 bi at\u00e9 2027"}]},{"@type":"WebSite","@id":"https:\/\/portalnpm.com\/#website","url":"https:\/\/portalnpm.com\/","name":"Portal NPM","description":"Not\u00edcias em Primeira M\u00e3o","potentialAction":[{"@type":"SearchAction","target":{"@type":"EntryPoint","urlTemplate":"https:\/\/portalnpm.com\/?s={search_term_string}"},"query-input":"required name=search_term_string"}],"inLanguage":"pt-BR"},{"@type":"Person","@id":"https:\/\/portalnpm.com\/#\/schema\/person\/35cb55186eae3f074b6783da6d35591e","name":"Zenilton Lima","image":{"@type":"ImageObject","inLanguage":"pt-BR","@id":"https:\/\/portalnpm.com\/#\/schema\/person\/image\/","url":"https:\/\/portalnpm.com\/wp-content\/uploads\/2024\/12\/avatar_user_8_1733658137-96x96.jpeg","contentUrl":"https:\/\/portalnpm.com\/wp-content\/uploads\/2024\/12\/avatar_user_8_1733658137-96x96.jpeg","caption":"Zenilton Lima"},"url":"https:\/\/portalnpm.com\/index.php\/author\/zenilton\/"}]}},"jetpack_sharing_enabled":true,"jetpack_featured_media_url":"https:\/\/portalnpm.com\/wp-content\/uploads\/2024\/12\/IMG_5209.webp","_links":{"self":[{"href":"https:\/\/portalnpm.com\/index.php\/wp-json\/wp\/v2\/posts\/81794"}],"collection":[{"href":"https:\/\/portalnpm.com\/index.php\/wp-json\/wp\/v2\/posts"}],"about":[{"href":"https:\/\/portalnpm.com\/index.php\/wp-json\/wp\/v2\/types\/post"}],"author":[{"embeddable":true,"href":"https:\/\/portalnpm.com\/index.php\/wp-json\/wp\/v2\/users\/8"}],"replies":[{"embeddable":true,"href":"https:\/\/portalnpm.com\/index.php\/wp-json\/wp\/v2\/comments?post=81794"}],"version-history":[{"count":1,"href":"https:\/\/portalnpm.com\/index.php\/wp-json\/wp\/v2\/posts\/81794\/revisions"}],"predecessor-version":[{"id":81796,"href":"https:\/\/portalnpm.com\/index.php\/wp-json\/wp\/v2\/posts\/81794\/revisions\/81796"}],"wp:featuredmedia":[{"embeddable":true,"href":"https:\/\/portalnpm.com\/index.php\/wp-json\/wp\/v2\/media\/81795"}],"wp:attachment":[{"href":"https:\/\/portalnpm.com\/index.php\/wp-json\/wp\/v2\/media?parent=81794"}],"wp:term":[{"taxonomy":"category","embeddable":true,"href":"https:\/\/portalnpm.com\/index.php\/wp-json\/wp\/v2\/categories?post=81794"},{"taxonomy":"post_tag","embeddable":true,"href":"https:\/\/portalnpm.com\/index.php\/wp-json\/wp\/v2\/tags?post=81794"}],"curies":[{"name":"wp","href":"https:\/\/api.w.org\/{rel}","templated":true}]}}