{"id":81838,"date":"2024-12-07T10:33:30","date_gmt":"2024-12-07T13:33:30","guid":{"rendered":"https:\/\/portalnpm.com\/?p=81838"},"modified":"2024-12-07T10:33:30","modified_gmt":"2024-12-07T13:33:30","slug":"governo-autoriza-concurso-publico-para-192-vagas-na-policia-federal","status":"publish","type":"post","link":"https:\/\/portalnpm.com\/index.php\/2024\/12\/07\/governo-autoriza-concurso-publico-para-192-vagas-na-policia-federal\/","title":{"rendered":"Governo autoriza concurso p\u00fablico para 192 vagas na Pol\u00edcia Federal"},"content":{"rendered":"<p>O Minist\u00e9rio da Gest\u00e3o e da Inova\u00e7\u00e3o em Servi\u00e7os P\u00fablicos (MGO) autorizou, sexta-feira (6), o concurso p\u00fablico para 192 vagas da Pol\u00edcia Federal (PF), subordinada ao Minist\u00e9rio da Justi\u00e7a e Seguran\u00e7a P\u00fablica.<img decoding=\"async\" src=\"https:\/\/agenciabrasil.ebc.com.br\/ebc.png?id=1622739&amp;o=node\" \/><img decoding=\"async\" src=\"https:\/\/agenciabrasil.ebc.com.br\/ebc.gif?id=1622739&amp;o=node\" \/><\/p>\n<p>A institui\u00e7\u00e3o ser\u00e1 a respons\u00e1vel pela realiza\u00e7\u00e3o do concurso p\u00fablico desde a publica\u00e7\u00e3o do edital p\u00fablico e demais procedimentos relacionados ao planejamento e \u00e0 execu\u00e7\u00e3o do futuro certame.<\/p>\n<p>O edital de abertura do concurso p\u00fablico deve ser publicado pela PF em at\u00e9 seis meses.<\/p>\n<p>J\u00e1 o prazo m\u00ednimo entre a publica\u00e7\u00e3o do edital e a primeira prova do certame \u00e9 dois meses. Ap\u00f3s homologa\u00e7\u00e3o do resultado final do concurso, o preenchimento dos cargos ficar\u00e1 condicionado \u00e0 disponibilidade de or\u00e7ament\u00e1ria e financeira.<\/p>\n<p>De acordo com a <a href=\"https:\/\/www.in.gov.br\/en\/web\/dou\/-\/portaria-mgi-n-9.363-de-5-de-dezembro-de-2024-600038323\" target=\"_blank\" rel=\"noopener\">portaria<\/a> publicada nesta sexta-feira (6) que autoriza a realiza\u00e7\u00e3o deste processo seletivo, as 192 vagas est\u00e3o distribu\u00eddas para o cargo de n\u00edvel intermedi\u00e1rio e outros 11 cargos de n\u00edvel superior das seguintes especialidades: assistente social (13 vagas); contador (9 vagas); enfermeiro (3 vagas); m\u00e9dico (35 vagas); psic\u00f3logo (6 vagas); farmac\u00eautico (2 vagas); nutricionista (1 vaga); estat\u00edstico (4 vagas); administrador (6 vagas); t\u00e9cnico em comunica\u00e7\u00e3o social (3 vagas) e t\u00e9cnico em assuntos educacionais (10 vagas).<\/p>\n<p>A Pol\u00edcia Federal tem, entre outras atribui\u00e7\u00f5es, combater o crime organizado; reprimir crimes na fronteira; investigar crimes contra a Uni\u00e3o, proteger autoridades; fazer o controle de armas de fogo e explosivos; realizar o controle migrat\u00f3rio e manter a coopera\u00e7\u00e3o internacional.<\/p>\n<p><strong>Fonte<\/strong>: Ag\u00eancia Brasil<\/p>\n","protected":false},"excerpt":{"rendered":"<p>O Minist\u00e9rio da Gest\u00e3o e da Inova\u00e7\u00e3o em Servi\u00e7os P\u00fablicos (MGO) autorizou, sexta-feira (6), o concurso p\u00fablico para 192 vagas da Pol\u00edcia Federal (PF), subordinada ao Minist\u00e9rio da Justi\u00e7a e Seguran\u00e7a P\u00fablica. A institui\u00e7\u00e3o ser\u00e1 a respons\u00e1vel pela realiza\u00e7\u00e3o do concurso p\u00fablico desde a publica\u00e7\u00e3o do edital p\u00fablico e demais procedimentos relacionados ao planejamento e &hellip;<\/p>\n","protected":false},"author":8,"featured_media":81839,"comment_status":"open","ping_status":"open","sticky":false,"template":"","format":"standard","meta":{"content-type":"","rop_custom_images_group":[],"rop_custom_messages_group":[],"rop_publish_now":"yes","rop_publish_now_accounts":{"facebook_2648258775420054_1618374048415101":""},"rop_publish_now_history":[],"rop_publish_now_status":"pending","footnotes":"","_jetpack_memberships_contains_paid_content":false},"categories":[125],"tags":[16142,3027,1230,2647,524,911,852,515,543,1232],"yoast_head":"<!-- This site is optimized with the Yoast SEO plugin v22.3 - https:\/\/yoast.com\/wordpress\/plugins\/seo\/ -->\n<title>Governo autoriza concurso p\u00fablico para 192 vagas na Pol\u00edcia Federal - Portal NPM<\/title>\n<meta name=\"robots\" content=\"index, follow, max-snippet:-1, max-image-preview:large, max-video-preview:-1\" \/>\n<link rel=\"canonical\" href=\"https:\/\/portalnpm.com\/index.php\/2024\/12\/07\/governo-autoriza-concurso-publico-para-192-vagas-na-policia-federal\/\" \/>\n<meta property=\"og:locale\" content=\"pt_BR\" \/>\n<meta property=\"og:type\" content=\"article\" \/>\n<meta property=\"og:title\" content=\"Governo autoriza concurso p\u00fablico para 192 vagas na Pol\u00edcia Federal - Portal NPM\" \/>\n<meta property=\"og:description\" content=\"O Minist\u00e9rio da Gest\u00e3o e da Inova\u00e7\u00e3o em Servi\u00e7os P\u00fablicos (MGO) autorizou, sexta-feira (6), o concurso p\u00fablico para 192 vagas da Pol\u00edcia Federal (PF), subordinada ao Minist\u00e9rio da Justi\u00e7a e Seguran\u00e7a P\u00fablica. A institui\u00e7\u00e3o ser\u00e1 a respons\u00e1vel pela realiza\u00e7\u00e3o do concurso p\u00fablico desde a publica\u00e7\u00e3o do edital p\u00fablico e demais procedimentos relacionados ao planejamento e &hellip;\" \/>\n<meta property=\"og:url\" content=\"https:\/\/portalnpm.com\/index.php\/2024\/12\/07\/governo-autoriza-concurso-publico-para-192-vagas-na-policia-federal\/\" \/>\n<meta property=\"og:site_name\" content=\"Portal NPM\" \/>\n<meta property=\"article:published_time\" content=\"2024-12-07T13:33:30+00:00\" \/>\n<meta property=\"og:image\" content=\"https:\/\/portalnpm.com\/wp-content\/uploads\/2024\/12\/IMG_5253.webp\" \/>\n\t<meta property=\"og:image:width\" content=\"1170\" \/>\n\t<meta property=\"og:image:height\" content=\"700\" \/>\n\t<meta property=\"og:image:type\" content=\"image\/webp\" \/>\n<meta name=\"author\" content=\"Zenilton Lima\" \/>\n<meta name=\"twitter:card\" content=\"summary_large_image\" \/>\n<meta name=\"twitter:label1\" content=\"Escrito por\" \/>\n\t<meta name=\"twitter:data1\" content=\"Zenilton Lima\" \/>\n\t<meta name=\"twitter:label2\" content=\"Est. tempo de leitura\" \/>\n\t<meta name=\"twitter:data2\" content=\"2 minutos\" \/>\n<script type=\"application\/ld+json\" class=\"yoast-schema-graph\">{\"@context\":\"https:\/\/schema.org\",\"@graph\":[{\"@type\":\"WebPage\",\"@id\":\"https:\/\/portalnpm.com\/index.php\/2024\/12\/07\/governo-autoriza-concurso-publico-para-192-vagas-na-policia-federal\/\",\"url\":\"https:\/\/portalnpm.com\/index.php\/2024\/12\/07\/governo-autoriza-concurso-publico-para-192-vagas-na-policia-federal\/\",\"name\":\"Governo autoriza concurso p\u00fablico para 192 vagas na Pol\u00edcia Federal - Portal NPM\",\"isPartOf\":{\"@id\":\"https:\/\/portalnpm.com\/#website\"},\"primaryImageOfPage\":{\"@id\":\"https:\/\/portalnpm.com\/index.php\/2024\/12\/07\/governo-autoriza-concurso-publico-para-192-vagas-na-policia-federal\/#primaryimage\"},\"image\":{\"@id\":\"https:\/\/portalnpm.com\/index.php\/2024\/12\/07\/governo-autoriza-concurso-publico-para-192-vagas-na-policia-federal\/#primaryimage\"},\"thumbnailUrl\":\"https:\/\/portalnpm.com\/wp-content\/uploads\/2024\/12\/IMG_5253.webp\",\"datePublished\":\"2024-12-07T13:33:30+00:00\",\"dateModified\":\"2024-12-07T13:33:30+00:00\",\"author\":{\"@id\":\"https:\/\/portalnpm.com\/#\/schema\/person\/35cb55186eae3f074b6783da6d35591e\"},\"breadcrumb\":{\"@id\":\"https:\/\/portalnpm.com\/index.php\/2024\/12\/07\/governo-autoriza-concurso-publico-para-192-vagas-na-policia-federal\/#breadcrumb\"},\"inLanguage\":\"pt-BR\",\"potentialAction\":[{\"@type\":\"ReadAction\",\"target\":[\"https:\/\/portalnpm.com\/index.php\/2024\/12\/07\/governo-autoriza-concurso-publico-para-192-vagas-na-policia-federal\/\"]}]},{\"@type\":\"ImageObject\",\"inLanguage\":\"pt-BR\",\"@id\":\"https:\/\/portalnpm.com\/index.php\/2024\/12\/07\/governo-autoriza-concurso-publico-para-192-vagas-na-policia-federal\/#primaryimage\",\"url\":\"https:\/\/portalnpm.com\/wp-content\/uploads\/2024\/12\/IMG_5253.webp\",\"contentUrl\":\"https:\/\/portalnpm.com\/wp-content\/uploads\/2024\/12\/IMG_5253.webp\",\"width\":1170,\"height\":700,\"caption\":\"MARCELO CAMARGO\/AG\u00caNCIA BRASIL\"},{\"@type\":\"BreadcrumbList\",\"@id\":\"https:\/\/portalnpm.com\/index.php\/2024\/12\/07\/governo-autoriza-concurso-publico-para-192-vagas-na-policia-federal\/#breadcrumb\",\"itemListElement\":[{\"@type\":\"ListItem\",\"position\":1,\"name\":\"In\u00edcio\",\"item\":\"https:\/\/portalnpm.com\/\"},{\"@type\":\"ListItem\",\"position\":2,\"name\":\"Governo autoriza concurso p\u00fablico para 192 vagas na Pol\u00edcia Federal\"}]},{\"@type\":\"WebSite\",\"@id\":\"https:\/\/portalnpm.com\/#website\",\"url\":\"https:\/\/portalnpm.com\/\",\"name\":\"Portal NPM\",\"description\":\"Not\u00edcias em Primeira M\u00e3o\",\"potentialAction\":[{\"@type\":\"SearchAction\",\"target\":{\"@type\":\"EntryPoint\",\"urlTemplate\":\"https:\/\/portalnpm.com\/?s={search_term_string}\"},\"query-input\":\"required name=search_term_string\"}],\"inLanguage\":\"pt-BR\"},{\"@type\":\"Person\",\"@id\":\"https:\/\/portalnpm.com\/#\/schema\/person\/35cb55186eae3f074b6783da6d35591e\",\"name\":\"Zenilton Lima\",\"image\":{\"@type\":\"ImageObject\",\"inLanguage\":\"pt-BR\",\"@id\":\"https:\/\/portalnpm.com\/#\/schema\/person\/image\/\",\"url\":\"https:\/\/portalnpm.com\/wp-content\/uploads\/2024\/12\/avatar_user_8_1733658137-96x96.jpeg\",\"contentUrl\":\"https:\/\/portalnpm.com\/wp-content\/uploads\/2024\/12\/avatar_user_8_1733658137-96x96.jpeg\",\"caption\":\"Zenilton Lima\"},\"url\":\"https:\/\/portalnpm.com\/index.php\/author\/zenilton\/\"}]}<\/script>\n<!-- \/ Yoast SEO plugin. -->","yoast_head_json":{"title":"Governo autoriza concurso p\u00fablico para 192 vagas na Pol\u00edcia Federal - Portal NPM","robots":{"index":"index","follow":"follow","max-snippet":"max-snippet:-1","max-image-preview":"max-image-preview:large","max-video-preview":"max-video-preview:-1"},"canonical":"https:\/\/portalnpm.com\/index.php\/2024\/12\/07\/governo-autoriza-concurso-publico-para-192-vagas-na-policia-federal\/","og_locale":"pt_BR","og_type":"article","og_title":"Governo autoriza concurso p\u00fablico para 192 vagas na Pol\u00edcia Federal - Portal NPM","og_description":"O Minist\u00e9rio da Gest\u00e3o e da Inova\u00e7\u00e3o em Servi\u00e7os P\u00fablicos (MGO) autorizou, sexta-feira (6), o concurso p\u00fablico para 192 vagas da Pol\u00edcia Federal (PF), subordinada ao Minist\u00e9rio da Justi\u00e7a e Seguran\u00e7a P\u00fablica. A institui\u00e7\u00e3o ser\u00e1 a respons\u00e1vel pela realiza\u00e7\u00e3o do concurso p\u00fablico desde a publica\u00e7\u00e3o do edital p\u00fablico e demais procedimentos relacionados ao planejamento e &hellip;","og_url":"https:\/\/portalnpm.com\/index.php\/2024\/12\/07\/governo-autoriza-concurso-publico-para-192-vagas-na-policia-federal\/","og_site_name":"Portal NPM","article_published_time":"2024-12-07T13:33:30+00:00","og_image":[{"width":1170,"height":700,"url":"https:\/\/portalnpm.com\/wp-content\/uploads\/2024\/12\/IMG_5253.webp","type":"image\/webp"}],"author":"Zenilton Lima","twitter_card":"summary_large_image","twitter_misc":{"Escrito por":"Zenilton Lima","Est. tempo de leitura":"2 minutos"},"schema":{"@context":"https:\/\/schema.org","@graph":[{"@type":"WebPage","@id":"https:\/\/portalnpm.com\/index.php\/2024\/12\/07\/governo-autoriza-concurso-publico-para-192-vagas-na-policia-federal\/","url":"https:\/\/portalnpm.com\/index.php\/2024\/12\/07\/governo-autoriza-concurso-publico-para-192-vagas-na-policia-federal\/","name":"Governo autoriza concurso p\u00fablico para 192 vagas na Pol\u00edcia Federal - Portal NPM","isPartOf":{"@id":"https:\/\/portalnpm.com\/#website"},"primaryImageOfPage":{"@id":"https:\/\/portalnpm.com\/index.php\/2024\/12\/07\/governo-autoriza-concurso-publico-para-192-vagas-na-policia-federal\/#primaryimage"},"image":{"@id":"https:\/\/portalnpm.com\/index.php\/2024\/12\/07\/governo-autoriza-concurso-publico-para-192-vagas-na-policia-federal\/#primaryimage"},"thumbnailUrl":"https:\/\/portalnpm.com\/wp-content\/uploads\/2024\/12\/IMG_5253.webp","datePublished":"2024-12-07T13:33:30+00:00","dateModified":"2024-12-07T13:33:30+00:00","author":{"@id":"https:\/\/portalnpm.com\/#\/schema\/person\/35cb55186eae3f074b6783da6d35591e"},"breadcrumb":{"@id":"https:\/\/portalnpm.com\/index.php\/2024\/12\/07\/governo-autoriza-concurso-publico-para-192-vagas-na-policia-federal\/#breadcrumb"},"inLanguage":"pt-BR","potentialAction":[{"@type":"ReadAction","target":["https:\/\/portalnpm.com\/index.php\/2024\/12\/07\/governo-autoriza-concurso-publico-para-192-vagas-na-policia-federal\/"]}]},{"@type":"ImageObject","inLanguage":"pt-BR","@id":"https:\/\/portalnpm.com\/index.php\/2024\/12\/07\/governo-autoriza-concurso-publico-para-192-vagas-na-policia-federal\/#primaryimage","url":"https:\/\/portalnpm.com\/wp-content\/uploads\/2024\/12\/IMG_5253.webp","contentUrl":"https:\/\/portalnpm.com\/wp-content\/uploads\/2024\/12\/IMG_5253.webp","width":1170,"height":700,"caption":"MARCELO CAMARGO\/AG\u00caNCIA BRASIL"},{"@type":"BreadcrumbList","@id":"https:\/\/portalnpm.com\/index.php\/2024\/12\/07\/governo-autoriza-concurso-publico-para-192-vagas-na-policia-federal\/#breadcrumb","itemListElement":[{"@type":"ListItem","position":1,"name":"In\u00edcio","item":"https:\/\/portalnpm.com\/"},{"@type":"ListItem","position":2,"name":"Governo autoriza concurso p\u00fablico para 192 vagas na Pol\u00edcia Federal"}]},{"@type":"WebSite","@id":"https:\/\/portalnpm.com\/#website","url":"https:\/\/portalnpm.com\/","name":"Portal NPM","description":"Not\u00edcias em Primeira M\u00e3o","potentialAction":[{"@type":"SearchAction","target":{"@type":"EntryPoint","urlTemplate":"https:\/\/portalnpm.com\/?s={search_term_string}"},"query-input":"required name=search_term_string"}],"inLanguage":"pt-BR"},{"@type":"Person","@id":"https:\/\/portalnpm.com\/#\/schema\/person\/35cb55186eae3f074b6783da6d35591e","name":"Zenilton Lima","image":{"@type":"ImageObject","inLanguage":"pt-BR","@id":"https:\/\/portalnpm.com\/#\/schema\/person\/image\/","url":"https:\/\/portalnpm.com\/wp-content\/uploads\/2024\/12\/avatar_user_8_1733658137-96x96.jpeg","contentUrl":"https:\/\/portalnpm.com\/wp-content\/uploads\/2024\/12\/avatar_user_8_1733658137-96x96.jpeg","caption":"Zenilton Lima"},"url":"https:\/\/portalnpm.com\/index.php\/author\/zenilton\/"}]}},"jetpack_sharing_enabled":true,"jetpack_featured_media_url":"https:\/\/portalnpm.com\/wp-content\/uploads\/2024\/12\/IMG_5253.webp","_links":{"self":[{"href":"https:\/\/portalnpm.com\/index.php\/wp-json\/wp\/v2\/posts\/81838"}],"collection":[{"href":"https:\/\/portalnpm.com\/index.php\/wp-json\/wp\/v2\/posts"}],"about":[{"href":"https:\/\/portalnpm.com\/index.php\/wp-json\/wp\/v2\/types\/post"}],"author":[{"embeddable":true,"href":"https:\/\/portalnpm.com\/index.php\/wp-json\/wp\/v2\/users\/8"}],"replies":[{"embeddable":true,"href":"https:\/\/portalnpm.com\/index.php\/wp-json\/wp\/v2\/comments?post=81838"}],"version-history":[{"count":1,"href":"https:\/\/portalnpm.com\/index.php\/wp-json\/wp\/v2\/posts\/81838\/revisions"}],"predecessor-version":[{"id":81840,"href":"https:\/\/portalnpm.com\/index.php\/wp-json\/wp\/v2\/posts\/81838\/revisions\/81840"}],"wp:featuredmedia":[{"embeddable":true,"href":"https:\/\/portalnpm.com\/index.php\/wp-json\/wp\/v2\/media\/81839"}],"wp:attachment":[{"href":"https:\/\/portalnpm.com\/index.php\/wp-json\/wp\/v2\/media?parent=81838"}],"wp:term":[{"taxonomy":"category","embeddable":true,"href":"https:\/\/portalnpm.com\/index.php\/wp-json\/wp\/v2\/categories?post=81838"},{"taxonomy":"post_tag","embeddable":true,"href":"https:\/\/portalnpm.com\/index.php\/wp-json\/wp\/v2\/tags?post=81838"}],"curies":[{"name":"wp","href":"https:\/\/api.w.org\/{rel}","templated":true}]}}