{"id":81904,"date":"2024-12-09T16:54:04","date_gmt":"2024-12-09T19:54:04","guid":{"rendered":"https:\/\/portalnpm.com\/?p=81904"},"modified":"2024-12-09T16:54:04","modified_gmt":"2024-12-09T19:54:04","slug":"padre-marcos-vereador-gg-macedo-repudia-veto-do-prefeito-em-projeto-de-lei-que-faz-homenagem-ao-saudoso-vereador-ronald-martan-veja","status":"publish","type":"post","link":"https:\/\/portalnpm.com\/index.php\/2024\/12\/09\/padre-marcos-vereador-gg-macedo-repudia-veto-do-prefeito-em-projeto-de-lei-que-faz-homenagem-ao-saudoso-vereador-ronald-martan-veja\/","title":{"rendered":"Padre Marcos | Vereador GG Macedo repudia veto do prefeito em Projeto de Lei que faz homenagem ao saudoso vereador Ronald Martan; veja!"},"content":{"rendered":"<p>O vereador GG Macedo (MDB), da cidade de Padre Marcos &#8211; PI, repudiou o veto do prefeito Valdinar Silva ao Projeto de Lei n\u00b0 002\/2024, que denominava o nome do saudoso vereador Ronald Martan Macedo Leal \u00e0 sede da Secretaria Municipal de Sa\u00fade do munic\u00edpio.<\/p>\n<figure id=\"attachment_81905\" aria-describedby=\"caption-attachment-81905\" style=\"width: 1147px\" class=\"wp-caption alignnone\"><img fetchpriority=\"high\" decoding=\"async\" class=\"wp-image-81905 size-full\" src=\"https:\/\/portalnpm.com\/wp-content\/uploads\/2024\/12\/IMG-20241209-WA0311.jpg\" alt=\"\" width=\"1147\" height=\"1280\" srcset=\"https:\/\/portalnpm.com\/wp-content\/uploads\/2024\/12\/IMG-20241209-WA0311.jpg 1147w, https:\/\/portalnpm.com\/wp-content\/uploads\/2024\/12\/IMG-20241209-WA0311-269x300.jpg 269w, https:\/\/portalnpm.com\/wp-content\/uploads\/2024\/12\/IMG-20241209-WA0311-918x1024.jpg 918w, https:\/\/portalnpm.com\/wp-content\/uploads\/2024\/12\/IMG-20241209-WA0311-768x857.jpg 768w\" sizes=\"(max-width: 1147px) 100vw, 1147px\" \/><figcaption id=\"caption-attachment-81905\" class=\"wp-caption-text\">Saudoso vereador Ronald Martan Macedo Leal<\/figcaption><\/figure>\n<p>A homenagem era mais que justa, pois o saudoso vereador Ronald Martan Macedo Leal era funcion\u00e1rio efetivo da secret\u00e1ria de sa\u00fade, ocupando o cargo de enfermeiro. Ronald foi eleito vereador em 2020 e faleceu precocemente no exerc\u00edcio do mandato.<\/p>\n<p>Segundo o vereador GG Macedo, o veto foi apenas um ato pol\u00edtico por parte do prefeito, nada mais que isso.<\/p>\n<p>&#8220;<em>Foi uma homenagem justa que fiz ao apresentar esse Projeto de Lei, aprovado nas comiss\u00f5es e posteriormente no plen\u00e1rio, inclusive pelos demais colegas parlamentares. O argumento do prefeito em rela\u00e7\u00e3o ao veto n\u00e3o faz o menor sentido, pois n\u00e3o ia mexer em documenta\u00e7\u00e3o, sendo apenas um nome fantasia que fazia homenagem ao saudoso vereador Ronald Martan. Lamento profundamente essa atitude do prefeito de Padre Marcos&#8221;<\/em>, disse GG Macedo.<\/p>\n<p>Ainda conforme o parlamentar, tanto o prefeito quanto a C\u00e2mara Municipal ferem a lei org\u00e2nica, pois o projeto foi apresentado em abril, tendo um prazo de quinze dias para o gestor vetar ou sancionar, entretanto, apenas agora o gestor deu sua resposta e mesmo assim a C\u00e2mara recebeu o veto. O vereador ainda ressaltou que existem outros \u00f3rg\u00e3os p\u00fablicos com CNPJ e que t\u00eam o nome de pessoas homenageadas.<\/p>\n<p>Familiares e amigos do saudoso vereador encontram-se indignados com o veto do prefeito. O seu pai, Z\u00e9 Melado, foi vereador e prefeito por duas vezes e, nas elei\u00e7\u00f5es deste ano, retornou pelos bra\u00e7os do povo ao poder legislativo municipal, cargo que exercer\u00e1 a partir de janeiro de 2025.<\/p>\n","protected":false},"excerpt":{"rendered":"<p>O vereador GG Macedo (MDB), da cidade de Padre Marcos &#8211; PI, repudiou o veto do prefeito Valdinar Silva ao Projeto de Lei n\u00b0 002\/2024, que denominava o nome do saudoso vereador Ronald Martan Macedo Leal \u00e0 sede da Secretaria Municipal de Sa\u00fade do munic\u00edpio. A homenagem era mais que justa, pois o saudoso vereador &hellip;<\/p>\n","protected":false},"author":3,"featured_media":81907,"comment_status":"open","ping_status":"open","sticky":false,"template":"","format":"standard","meta":{"content-type":"","rop_custom_images_group":[],"rop_custom_messages_group":[],"rop_publish_now":"yes","rop_publish_now_accounts":{"facebook_2648258775420054_1618374048415101":""},"rop_publish_now_history":[],"rop_publish_now_status":"pending","footnotes":"","_jetpack_memberships_contains_paid_content":false},"categories":[113,109,4094],"tags":[1204,230,855,658,4198,5722,3203,4108,4196,16161,397,135,752,16160,12485,4477,842,194,14263],"yoast_head":"<!-- This site is optimized with the Yoast SEO plugin v22.3 - https:\/\/yoast.com\/wordpress\/plugins\/seo\/ -->\n<title>Padre Marcos | Vereador GG Macedo repudia veto do prefeito em Projeto de Lei que faz homenagem ao saudoso vereador Ronald Martan; veja! - Portal NPM<\/title>\n<meta name=\"robots\" content=\"index, follow, max-snippet:-1, max-image-preview:large, max-video-preview:-1\" \/>\n<link rel=\"canonical\" href=\"https:\/\/portalnpm.com\/index.php\/2024\/12\/09\/padre-marcos-vereador-gg-macedo-repudia-veto-do-prefeito-em-projeto-de-lei-que-faz-homenagem-ao-saudoso-vereador-ronald-martan-veja\/\" \/>\n<meta property=\"og:locale\" content=\"pt_BR\" \/>\n<meta property=\"og:type\" content=\"article\" \/>\n<meta property=\"og:title\" content=\"Padre Marcos | Vereador GG Macedo repudia veto do prefeito em Projeto de Lei que faz homenagem ao saudoso vereador Ronald Martan; veja! - Portal NPM\" \/>\n<meta property=\"og:description\" content=\"O vereador GG Macedo (MDB), da cidade de Padre Marcos &#8211; PI, repudiou o veto do prefeito Valdinar Silva ao Projeto de Lei n\u00b0 002\/2024, que denominava o nome do saudoso vereador Ronald Martan Macedo Leal \u00e0 sede da Secretaria Municipal de Sa\u00fade do munic\u00edpio. A homenagem era mais que justa, pois o saudoso vereador &hellip;\" \/>\n<meta property=\"og:url\" content=\"https:\/\/portalnpm.com\/index.php\/2024\/12\/09\/padre-marcos-vereador-gg-macedo-repudia-veto-do-prefeito-em-projeto-de-lei-que-faz-homenagem-ao-saudoso-vereador-ronald-martan-veja\/\" \/>\n<meta property=\"og:site_name\" content=\"Portal NPM\" \/>\n<meta property=\"article:published_time\" content=\"2024-12-09T19:54:04+00:00\" \/>\n<meta property=\"og:image\" content=\"https:\/\/portalnpm.com\/wp-content\/uploads\/2024\/12\/IMG-20241209-WA0334.jpg\" \/>\n\t<meta property=\"og:image:width\" content=\"696\" \/>\n\t<meta property=\"og:image:height\" content=\"495\" \/>\n\t<meta property=\"og:image:type\" content=\"image\/jpeg\" \/>\n<meta name=\"author\" content=\"Luis Alberto\" \/>\n<meta name=\"twitter:card\" content=\"summary_large_image\" \/>\n<meta name=\"twitter:label1\" content=\"Escrito por\" \/>\n\t<meta name=\"twitter:data1\" content=\"Luis Alberto\" \/>\n\t<meta name=\"twitter:label2\" content=\"Est. tempo de leitura\" \/>\n\t<meta name=\"twitter:data2\" content=\"3 minutos\" \/>\n<script type=\"application\/ld+json\" class=\"yoast-schema-graph\">{\"@context\":\"https:\/\/schema.org\",\"@graph\":[{\"@type\":\"WebPage\",\"@id\":\"https:\/\/portalnpm.com\/index.php\/2024\/12\/09\/padre-marcos-vereador-gg-macedo-repudia-veto-do-prefeito-em-projeto-de-lei-que-faz-homenagem-ao-saudoso-vereador-ronald-martan-veja\/\",\"url\":\"https:\/\/portalnpm.com\/index.php\/2024\/12\/09\/padre-marcos-vereador-gg-macedo-repudia-veto-do-prefeito-em-projeto-de-lei-que-faz-homenagem-ao-saudoso-vereador-ronald-martan-veja\/\",\"name\":\"Padre Marcos | Vereador GG Macedo repudia veto do prefeito em Projeto de Lei que faz homenagem ao saudoso vereador Ronald Martan; veja! - Portal NPM\",\"isPartOf\":{\"@id\":\"https:\/\/portalnpm.com\/#website\"},\"primaryImageOfPage\":{\"@id\":\"https:\/\/portalnpm.com\/index.php\/2024\/12\/09\/padre-marcos-vereador-gg-macedo-repudia-veto-do-prefeito-em-projeto-de-lei-que-faz-homenagem-ao-saudoso-vereador-ronald-martan-veja\/#primaryimage\"},\"image\":{\"@id\":\"https:\/\/portalnpm.com\/index.php\/2024\/12\/09\/padre-marcos-vereador-gg-macedo-repudia-veto-do-prefeito-em-projeto-de-lei-que-faz-homenagem-ao-saudoso-vereador-ronald-martan-veja\/#primaryimage\"},\"thumbnailUrl\":\"https:\/\/portalnpm.com\/wp-content\/uploads\/2024\/12\/IMG-20241209-WA0334.jpg\",\"datePublished\":\"2024-12-09T19:54:04+00:00\",\"dateModified\":\"2024-12-09T19:54:04+00:00\",\"author\":{\"@id\":\"https:\/\/portalnpm.com\/#\/schema\/person\/5c8006acdf71774cd4e7a5ab98482152\"},\"breadcrumb\":{\"@id\":\"https:\/\/portalnpm.com\/index.php\/2024\/12\/09\/padre-marcos-vereador-gg-macedo-repudia-veto-do-prefeito-em-projeto-de-lei-que-faz-homenagem-ao-saudoso-vereador-ronald-martan-veja\/#breadcrumb\"},\"inLanguage\":\"pt-BR\",\"potentialAction\":[{\"@type\":\"ReadAction\",\"target\":[\"https:\/\/portalnpm.com\/index.php\/2024\/12\/09\/padre-marcos-vereador-gg-macedo-repudia-veto-do-prefeito-em-projeto-de-lei-que-faz-homenagem-ao-saudoso-vereador-ronald-martan-veja\/\"]}]},{\"@type\":\"ImageObject\",\"inLanguage\":\"pt-BR\",\"@id\":\"https:\/\/portalnpm.com\/index.php\/2024\/12\/09\/padre-marcos-vereador-gg-macedo-repudia-veto-do-prefeito-em-projeto-de-lei-que-faz-homenagem-ao-saudoso-vereador-ronald-martan-veja\/#primaryimage\",\"url\":\"https:\/\/portalnpm.com\/wp-content\/uploads\/2024\/12\/IMG-20241209-WA0334.jpg\",\"contentUrl\":\"https:\/\/portalnpm.com\/wp-content\/uploads\/2024\/12\/IMG-20241209-WA0334.jpg\",\"width\":696,\"height\":495},{\"@type\":\"BreadcrumbList\",\"@id\":\"https:\/\/portalnpm.com\/index.php\/2024\/12\/09\/padre-marcos-vereador-gg-macedo-repudia-veto-do-prefeito-em-projeto-de-lei-que-faz-homenagem-ao-saudoso-vereador-ronald-martan-veja\/#breadcrumb\",\"itemListElement\":[{\"@type\":\"ListItem\",\"position\":1,\"name\":\"In\u00edcio\",\"item\":\"https:\/\/portalnpm.com\/\"},{\"@type\":\"ListItem\",\"position\":2,\"name\":\"Padre Marcos | Vereador GG Macedo repudia veto do prefeito em Projeto de Lei que faz homenagem ao saudoso vereador Ronald Martan; veja!\"}]},{\"@type\":\"WebSite\",\"@id\":\"https:\/\/portalnpm.com\/#website\",\"url\":\"https:\/\/portalnpm.com\/\",\"name\":\"Portal NPM\",\"description\":\"Not\u00edcias em Primeira M\u00e3o\",\"potentialAction\":[{\"@type\":\"SearchAction\",\"target\":{\"@type\":\"EntryPoint\",\"urlTemplate\":\"https:\/\/portalnpm.com\/?s={search_term_string}\"},\"query-input\":\"required name=search_term_string\"}],\"inLanguage\":\"pt-BR\"},{\"@type\":\"Person\",\"@id\":\"https:\/\/portalnpm.com\/#\/schema\/person\/5c8006acdf71774cd4e7a5ab98482152\",\"name\":\"Luis Alberto\",\"image\":{\"@type\":\"ImageObject\",\"inLanguage\":\"pt-BR\",\"@id\":\"https:\/\/portalnpm.com\/#\/schema\/person\/image\/\",\"url\":\"https:\/\/portalnpm.com\/wp-content\/uploads\/2024\/12\/avatar_user_3_1734699769-96x96.jpeg\",\"contentUrl\":\"https:\/\/portalnpm.com\/wp-content\/uploads\/2024\/12\/avatar_user_3_1734699769-96x96.jpeg\",\"caption\":\"Luis Alberto\"},\"description\":\"Editor-geral do Portal NPM, \u00e9 formado como T\u00e9cnico em Seguran\u00e7a do Trabalho pela Escola Metropolitana de Cursos T\u00e9cnicos. Det\u00e9m ainda licenciatura em Educa\u00e7\u00e3o F\u00edsica e bacharelado em Ci\u00eancias Pol\u00edticas, ambos obtidos pela institui\u00e7\u00e3o Anhanguera\/UNOPAR.\",\"url\":\"https:\/\/portalnpm.com\/index.php\/author\/pereira\/\"}]}<\/script>\n<!-- \/ Yoast SEO plugin. -->","yoast_head_json":{"title":"Padre Marcos | Vereador GG Macedo repudia veto do prefeito em Projeto de Lei que faz homenagem ao saudoso vereador Ronald Martan; veja! - Portal NPM","robots":{"index":"index","follow":"follow","max-snippet":"max-snippet:-1","max-image-preview":"max-image-preview:large","max-video-preview":"max-video-preview:-1"},"canonical":"https:\/\/portalnpm.com\/index.php\/2024\/12\/09\/padre-marcos-vereador-gg-macedo-repudia-veto-do-prefeito-em-projeto-de-lei-que-faz-homenagem-ao-saudoso-vereador-ronald-martan-veja\/","og_locale":"pt_BR","og_type":"article","og_title":"Padre Marcos | Vereador GG Macedo repudia veto do prefeito em Projeto de Lei que faz homenagem ao saudoso vereador Ronald Martan; veja! - Portal NPM","og_description":"O vereador GG Macedo (MDB), da cidade de Padre Marcos &#8211; PI, repudiou o veto do prefeito Valdinar Silva ao Projeto de Lei n\u00b0 002\/2024, que denominava o nome do saudoso vereador Ronald Martan Macedo Leal \u00e0 sede da Secretaria Municipal de Sa\u00fade do munic\u00edpio. A homenagem era mais que justa, pois o saudoso vereador &hellip;","og_url":"https:\/\/portalnpm.com\/index.php\/2024\/12\/09\/padre-marcos-vereador-gg-macedo-repudia-veto-do-prefeito-em-projeto-de-lei-que-faz-homenagem-ao-saudoso-vereador-ronald-martan-veja\/","og_site_name":"Portal NPM","article_published_time":"2024-12-09T19:54:04+00:00","og_image":[{"width":696,"height":495,"url":"https:\/\/portalnpm.com\/wp-content\/uploads\/2024\/12\/IMG-20241209-WA0334.jpg","type":"image\/jpeg"}],"author":"Luis Alberto","twitter_card":"summary_large_image","twitter_misc":{"Escrito por":"Luis Alberto","Est. tempo de leitura":"3 minutos"},"schema":{"@context":"https:\/\/schema.org","@graph":[{"@type":"WebPage","@id":"https:\/\/portalnpm.com\/index.php\/2024\/12\/09\/padre-marcos-vereador-gg-macedo-repudia-veto-do-prefeito-em-projeto-de-lei-que-faz-homenagem-ao-saudoso-vereador-ronald-martan-veja\/","url":"https:\/\/portalnpm.com\/index.php\/2024\/12\/09\/padre-marcos-vereador-gg-macedo-repudia-veto-do-prefeito-em-projeto-de-lei-que-faz-homenagem-ao-saudoso-vereador-ronald-martan-veja\/","name":"Padre Marcos | Vereador GG Macedo repudia veto do prefeito em Projeto de Lei que faz homenagem ao saudoso vereador Ronald Martan; veja! - Portal NPM","isPartOf":{"@id":"https:\/\/portalnpm.com\/#website"},"primaryImageOfPage":{"@id":"https:\/\/portalnpm.com\/index.php\/2024\/12\/09\/padre-marcos-vereador-gg-macedo-repudia-veto-do-prefeito-em-projeto-de-lei-que-faz-homenagem-ao-saudoso-vereador-ronald-martan-veja\/#primaryimage"},"image":{"@id":"https:\/\/portalnpm.com\/index.php\/2024\/12\/09\/padre-marcos-vereador-gg-macedo-repudia-veto-do-prefeito-em-projeto-de-lei-que-faz-homenagem-ao-saudoso-vereador-ronald-martan-veja\/#primaryimage"},"thumbnailUrl":"https:\/\/portalnpm.com\/wp-content\/uploads\/2024\/12\/IMG-20241209-WA0334.jpg","datePublished":"2024-12-09T19:54:04+00:00","dateModified":"2024-12-09T19:54:04+00:00","author":{"@id":"https:\/\/portalnpm.com\/#\/schema\/person\/5c8006acdf71774cd4e7a5ab98482152"},"breadcrumb":{"@id":"https:\/\/portalnpm.com\/index.php\/2024\/12\/09\/padre-marcos-vereador-gg-macedo-repudia-veto-do-prefeito-em-projeto-de-lei-que-faz-homenagem-ao-saudoso-vereador-ronald-martan-veja\/#breadcrumb"},"inLanguage":"pt-BR","potentialAction":[{"@type":"ReadAction","target":["https:\/\/portalnpm.com\/index.php\/2024\/12\/09\/padre-marcos-vereador-gg-macedo-repudia-veto-do-prefeito-em-projeto-de-lei-que-faz-homenagem-ao-saudoso-vereador-ronald-martan-veja\/"]}]},{"@type":"ImageObject","inLanguage":"pt-BR","@id":"https:\/\/portalnpm.com\/index.php\/2024\/12\/09\/padre-marcos-vereador-gg-macedo-repudia-veto-do-prefeito-em-projeto-de-lei-que-faz-homenagem-ao-saudoso-vereador-ronald-martan-veja\/#primaryimage","url":"https:\/\/portalnpm.com\/wp-content\/uploads\/2024\/12\/IMG-20241209-WA0334.jpg","contentUrl":"https:\/\/portalnpm.com\/wp-content\/uploads\/2024\/12\/IMG-20241209-WA0334.jpg","width":696,"height":495},{"@type":"BreadcrumbList","@id":"https:\/\/portalnpm.com\/index.php\/2024\/12\/09\/padre-marcos-vereador-gg-macedo-repudia-veto-do-prefeito-em-projeto-de-lei-que-faz-homenagem-ao-saudoso-vereador-ronald-martan-veja\/#breadcrumb","itemListElement":[{"@type":"ListItem","position":1,"name":"In\u00edcio","item":"https:\/\/portalnpm.com\/"},{"@type":"ListItem","position":2,"name":"Padre Marcos | Vereador GG Macedo repudia veto do prefeito em Projeto de Lei que faz homenagem ao saudoso vereador Ronald Martan; veja!"}]},{"@type":"WebSite","@id":"https:\/\/portalnpm.com\/#website","url":"https:\/\/portalnpm.com\/","name":"Portal NPM","description":"Not\u00edcias em Primeira M\u00e3o","potentialAction":[{"@type":"SearchAction","target":{"@type":"EntryPoint","urlTemplate":"https:\/\/portalnpm.com\/?s={search_term_string}"},"query-input":"required name=search_term_string"}],"inLanguage":"pt-BR"},{"@type":"Person","@id":"https:\/\/portalnpm.com\/#\/schema\/person\/5c8006acdf71774cd4e7a5ab98482152","name":"Luis Alberto","image":{"@type":"ImageObject","inLanguage":"pt-BR","@id":"https:\/\/portalnpm.com\/#\/schema\/person\/image\/","url":"https:\/\/portalnpm.com\/wp-content\/uploads\/2024\/12\/avatar_user_3_1734699769-96x96.jpeg","contentUrl":"https:\/\/portalnpm.com\/wp-content\/uploads\/2024\/12\/avatar_user_3_1734699769-96x96.jpeg","caption":"Luis Alberto"},"description":"Editor-geral do Portal NPM, \u00e9 formado como T\u00e9cnico em Seguran\u00e7a do Trabalho pela Escola Metropolitana de Cursos T\u00e9cnicos. Det\u00e9m ainda licenciatura em Educa\u00e7\u00e3o F\u00edsica e bacharelado em Ci\u00eancias Pol\u00edticas, ambos obtidos pela institui\u00e7\u00e3o Anhanguera\/UNOPAR.","url":"https:\/\/portalnpm.com\/index.php\/author\/pereira\/"}]}},"jetpack_sharing_enabled":true,"jetpack_featured_media_url":"https:\/\/portalnpm.com\/wp-content\/uploads\/2024\/12\/IMG-20241209-WA0334.jpg","_links":{"self":[{"href":"https:\/\/portalnpm.com\/index.php\/wp-json\/wp\/v2\/posts\/81904"}],"collection":[{"href":"https:\/\/portalnpm.com\/index.php\/wp-json\/wp\/v2\/posts"}],"about":[{"href":"https:\/\/portalnpm.com\/index.php\/wp-json\/wp\/v2\/types\/post"}],"author":[{"embeddable":true,"href":"https:\/\/portalnpm.com\/index.php\/wp-json\/wp\/v2\/users\/3"}],"replies":[{"embeddable":true,"href":"https:\/\/portalnpm.com\/index.php\/wp-json\/wp\/v2\/comments?post=81904"}],"version-history":[{"count":1,"href":"https:\/\/portalnpm.com\/index.php\/wp-json\/wp\/v2\/posts\/81904\/revisions"}],"predecessor-version":[{"id":81906,"href":"https:\/\/portalnpm.com\/index.php\/wp-json\/wp\/v2\/posts\/81904\/revisions\/81906"}],"wp:featuredmedia":[{"embeddable":true,"href":"https:\/\/portalnpm.com\/index.php\/wp-json\/wp\/v2\/media\/81907"}],"wp:attachment":[{"href":"https:\/\/portalnpm.com\/index.php\/wp-json\/wp\/v2\/media?parent=81904"}],"wp:term":[{"taxonomy":"category","embeddable":true,"href":"https:\/\/portalnpm.com\/index.php\/wp-json\/wp\/v2\/categories?post=81904"},{"taxonomy":"post_tag","embeddable":true,"href":"https:\/\/portalnpm.com\/index.php\/wp-json\/wp\/v2\/tags?post=81904"}],"curies":[{"name":"wp","href":"https:\/\/api.w.org\/{rel}","templated":true}]}}