{"id":81908,"date":"2024-12-10T09:55:29","date_gmt":"2024-12-10T12:55:29","guid":{"rendered":"https:\/\/portalnpm.com\/?p=81908"},"modified":"2024-12-10T09:55:29","modified_gmt":"2024-12-10T12:55:29","slug":"lula-e-operado-as-pressas-em-sao-paulo-para-drenagem-de-um-hematoma-na-cabeca","status":"publish","type":"post","link":"https:\/\/portalnpm.com\/index.php\/2024\/12\/10\/lula-e-operado-as-pressas-em-sao-paulo-para-drenagem-de-um-hematoma-na-cabeca\/","title":{"rendered":"Lula \u00e9 operado \u00e0s pressas em S\u00e3o Paulo para drenagem de um hematoma na cabe\u00e7a"},"content":{"rendered":"<p>O presidente da Rep\u00fablica, Luiz In\u00e1cio Lula da Silva, <strong>passou por uma cirurgia de emerg\u00eancia na madrugada desta ter\u00e7a-feira (10), no Hospital S\u00edrio-Liban\u00eas, em S\u00e3o Paulo, para drenagem de um hematoma.\u00a0<\/strong>Segundo o primeiro boletim m\u00e9dico, o procedimento ocorreu sem intercorr\u00eancias, e o presidente \u201cencontra-se bem, sob monitoriza\u00e7\u00e3o em leito de UTI\u201d.<\/p>\n<p>Lula sentiu dores de cabe\u00e7a ainda em Bras\u00edlia e, ap\u00f3s realizar exames de imagem no Hospital S\u00edrio-Liban\u00eas local, foi constatada uma hemorragia intracraniana, decorrente de uma queda sofrida no dia 19 de outubro. Assim que o problema foi identificado, o presidente foi transferido para a unidade do hospital em S\u00e3o Paulo.<\/p>\n<h2><strong>Acidente dom\u00e9stico<\/strong><\/h2>\n<p>O presidente deu entrada no Hospital S\u00edrio-Liban\u00eas em Bras\u00edlia na noite do dia 19 de outubro, ap\u00f3s sofrer uma queda no banheiro do Pal\u00e1cio da Alvorada. O acidente dom\u00e9stico resultou em um ferimento na cabe\u00e7a, que exigiu tr\u00eas pontos de sutura. Na ocasi\u00e3o, Lula precisou cancelar uma viagem marcada para Kazan, na R\u00fassia, onde participaria da 16\u00aa C\u00fapula do BRICS.<\/p>\n<figure id=\"attachment_81909\" aria-describedby=\"caption-attachment-81909\" style=\"width: 300px\" class=\"wp-caption alignnone\"><img fetchpriority=\"high\" decoding=\"async\" class=\"size-medium wp-image-81909\" src=\"https:\/\/portalnpm.com\/wp-content\/uploads\/2024\/12\/IMG_5304-300x225.jpeg\" alt=\"\" width=\"300\" height=\"225\" srcset=\"https:\/\/portalnpm.com\/wp-content\/uploads\/2024\/12\/IMG_5304-300x225.jpeg 300w, https:\/\/portalnpm.com\/wp-content\/uploads\/2024\/12\/IMG_5304-768x576.jpeg 768w, https:\/\/portalnpm.com\/wp-content\/uploads\/2024\/12\/IMG_5304.jpeg 924w\" sizes=\"(max-width: 300px) 100vw, 300px\" \/><figcaption id=\"caption-attachment-81909\" class=\"wp-caption-text\">Presidente Lula<br \/>Ag\u00eancia Brasil<\/figcaption><\/figure>\n<h2><strong>Hist\u00f3rico m\u00e9dico do presidente<\/strong><\/h2>\n<p>Aos 78 anos, Lula j\u00e1 enfrentou diversos procedimentos m\u00e9dicos ao longo dos anos, incluindo o tratamento de um c\u00e2ncer na garganta em 2012. A \u00faltima interna\u00e7\u00e3o do presidente no Hospital S\u00edrio-Liban\u00eas foi em janeiro de 2024, em S\u00e3o Paulo, para exames de rotina, sob os cuidados dos m\u00e9dicos Ana Helena Germoglio e Roberto Kalil Filho.<\/p>\n<p>Em setembro de 2023, o presidente passou por uma artroplastia total do quadril direito, procedimento que envolve a substitui\u00e7\u00e3o da articula\u00e7\u00e3o do quadril por uma pr\u00f3tese, visando aliviar a dor e restaurar a mobilidade. Na mesma ocasi\u00e3o, ele tamb\u00e9m realizou uma blefaroplastia, cirurgia pl\u00e1stica nas p\u00e1lpebras para remover excesso de pele, gordura ou m\u00fasculo, melhorando a apar\u00eancia e, em alguns casos, a vis\u00e3o.<\/p>\n<p>Ambas as cirurgias ocorreram sem intercorr\u00eancias, e Lula permaneceu em um quarto particular durante o per\u00edodo de recupera\u00e7\u00e3o.<\/p>\n<p><em><strong>Fonte<\/strong>: R7<\/em><\/p>\n","protected":false},"excerpt":{"rendered":"<p>O presidente da Rep\u00fablica, Luiz In\u00e1cio Lula da Silva, passou por uma cirurgia de emerg\u00eancia na madrugada desta ter\u00e7a-feira (10), no Hospital S\u00edrio-Liban\u00eas, em S\u00e3o Paulo, para drenagem de um hematoma.\u00a0Segundo o primeiro boletim m\u00e9dico, o procedimento ocorreu sem intercorr\u00eancias, e o presidente \u201cencontra-se bem, sob monitoriza\u00e7\u00e3o em leito de UTI\u201d. Lula sentiu dores de &hellip;<\/p>\n","protected":false},"author":8,"featured_media":81910,"comment_status":"open","ping_status":"open","sticky":false,"template":"","format":"standard","meta":{"content-type":"","rop_custom_images_group":[],"rop_custom_messages_group":[],"rop_publish_now":"yes","rop_publish_now_accounts":{"facebook_2648258775420054_1618374048415101":""},"rop_publish_now_history":[],"rop_publish_now_status":"pending","footnotes":"","_jetpack_memberships_contains_paid_content":false},"categories":[113,125],"tags":[834,2532,230,16163,925,855,16164,536,911,16162,852,8040,12471,1196,1212],"yoast_head":"<!-- This site is optimized with the Yoast SEO plugin v22.3 - https:\/\/yoast.com\/wordpress\/plugins\/seo\/ -->\n<title>Lula \u00e9 operado \u00e0s pressas em S\u00e3o Paulo para drenagem de um hematoma na cabe\u00e7a - Portal NPM<\/title>\n<meta name=\"robots\" content=\"index, follow, max-snippet:-1, max-image-preview:large, max-video-preview:-1\" \/>\n<link rel=\"canonical\" href=\"https:\/\/portalnpm.com\/index.php\/2024\/12\/10\/lula-e-operado-as-pressas-em-sao-paulo-para-drenagem-de-um-hematoma-na-cabeca\/\" \/>\n<meta property=\"og:locale\" content=\"pt_BR\" \/>\n<meta property=\"og:type\" content=\"article\" \/>\n<meta property=\"og:title\" content=\"Lula \u00e9 operado \u00e0s pressas em S\u00e3o Paulo para drenagem de um hematoma na cabe\u00e7a - Portal NPM\" \/>\n<meta property=\"og:description\" content=\"O presidente da Rep\u00fablica, Luiz In\u00e1cio Lula da Silva, passou por uma cirurgia de emerg\u00eancia na madrugada desta ter\u00e7a-feira (10), no Hospital S\u00edrio-Liban\u00eas, em S\u00e3o Paulo, para drenagem de um hematoma.\u00a0Segundo o primeiro boletim m\u00e9dico, o procedimento ocorreu sem intercorr\u00eancias, e o presidente \u201cencontra-se bem, sob monitoriza\u00e7\u00e3o em leito de UTI\u201d. Lula sentiu dores de &hellip;\" \/>\n<meta property=\"og:url\" content=\"https:\/\/portalnpm.com\/index.php\/2024\/12\/10\/lula-e-operado-as-pressas-em-sao-paulo-para-drenagem-de-um-hematoma-na-cabeca\/\" \/>\n<meta property=\"og:site_name\" content=\"Portal NPM\" \/>\n<meta property=\"article:published_time\" content=\"2024-12-10T12:55:29+00:00\" \/>\n<meta property=\"og:image\" content=\"https:\/\/portalnpm.com\/wp-content\/uploads\/2024\/12\/IMG_5305.jpeg\" \/>\n\t<meta property=\"og:image:width\" content=\"1200\" \/>\n\t<meta property=\"og:image:height\" content=\"800\" \/>\n\t<meta property=\"og:image:type\" content=\"image\/jpeg\" \/>\n<meta name=\"author\" content=\"Zenilton Lima\" \/>\n<meta name=\"twitter:card\" content=\"summary_large_image\" \/>\n<meta name=\"twitter:label1\" content=\"Escrito por\" \/>\n\t<meta name=\"twitter:data1\" content=\"Zenilton Lima\" \/>\n\t<meta name=\"twitter:label2\" content=\"Est. tempo de leitura\" \/>\n\t<meta name=\"twitter:data2\" content=\"3 minutos\" \/>\n<script type=\"application\/ld+json\" class=\"yoast-schema-graph\">{\"@context\":\"https:\/\/schema.org\",\"@graph\":[{\"@type\":\"WebPage\",\"@id\":\"https:\/\/portalnpm.com\/index.php\/2024\/12\/10\/lula-e-operado-as-pressas-em-sao-paulo-para-drenagem-de-um-hematoma-na-cabeca\/\",\"url\":\"https:\/\/portalnpm.com\/index.php\/2024\/12\/10\/lula-e-operado-as-pressas-em-sao-paulo-para-drenagem-de-um-hematoma-na-cabeca\/\",\"name\":\"Lula \u00e9 operado \u00e0s pressas em S\u00e3o Paulo para drenagem de um hematoma na cabe\u00e7a - Portal NPM\",\"isPartOf\":{\"@id\":\"https:\/\/portalnpm.com\/#website\"},\"primaryImageOfPage\":{\"@id\":\"https:\/\/portalnpm.com\/index.php\/2024\/12\/10\/lula-e-operado-as-pressas-em-sao-paulo-para-drenagem-de-um-hematoma-na-cabeca\/#primaryimage\"},\"image\":{\"@id\":\"https:\/\/portalnpm.com\/index.php\/2024\/12\/10\/lula-e-operado-as-pressas-em-sao-paulo-para-drenagem-de-um-hematoma-na-cabeca\/#primaryimage\"},\"thumbnailUrl\":\"https:\/\/portalnpm.com\/wp-content\/uploads\/2024\/12\/IMG_5305.jpeg\",\"datePublished\":\"2024-12-10T12:55:29+00:00\",\"dateModified\":\"2024-12-10T12:55:29+00:00\",\"author\":{\"@id\":\"https:\/\/portalnpm.com\/#\/schema\/person\/35cb55186eae3f074b6783da6d35591e\"},\"breadcrumb\":{\"@id\":\"https:\/\/portalnpm.com\/index.php\/2024\/12\/10\/lula-e-operado-as-pressas-em-sao-paulo-para-drenagem-de-um-hematoma-na-cabeca\/#breadcrumb\"},\"inLanguage\":\"pt-BR\",\"potentialAction\":[{\"@type\":\"ReadAction\",\"target\":[\"https:\/\/portalnpm.com\/index.php\/2024\/12\/10\/lula-e-operado-as-pressas-em-sao-paulo-para-drenagem-de-um-hematoma-na-cabeca\/\"]}]},{\"@type\":\"ImageObject\",\"inLanguage\":\"pt-BR\",\"@id\":\"https:\/\/portalnpm.com\/index.php\/2024\/12\/10\/lula-e-operado-as-pressas-em-sao-paulo-para-drenagem-de-um-hematoma-na-cabeca\/#primaryimage\",\"url\":\"https:\/\/portalnpm.com\/wp-content\/uploads\/2024\/12\/IMG_5305.jpeg\",\"contentUrl\":\"https:\/\/portalnpm.com\/wp-content\/uploads\/2024\/12\/IMG_5305.jpeg\",\"width\":1200,\"height\":800,\"caption\":\"Lula \u00e9 operado \u00e0s pressas em S\u00e3o Paulo para drenagem de um hematoma na cabe\u00e7a Marcelo Camargo \/ Ag\u00eancia Brasil\"},{\"@type\":\"BreadcrumbList\",\"@id\":\"https:\/\/portalnpm.com\/index.php\/2024\/12\/10\/lula-e-operado-as-pressas-em-sao-paulo-para-drenagem-de-um-hematoma-na-cabeca\/#breadcrumb\",\"itemListElement\":[{\"@type\":\"ListItem\",\"position\":1,\"name\":\"In\u00edcio\",\"item\":\"https:\/\/portalnpm.com\/\"},{\"@type\":\"ListItem\",\"position\":2,\"name\":\"Lula \u00e9 operado \u00e0s pressas em S\u00e3o Paulo para drenagem de um hematoma na cabe\u00e7a\"}]},{\"@type\":\"WebSite\",\"@id\":\"https:\/\/portalnpm.com\/#website\",\"url\":\"https:\/\/portalnpm.com\/\",\"name\":\"Portal NPM\",\"description\":\"Not\u00edcias em Primeira M\u00e3o\",\"potentialAction\":[{\"@type\":\"SearchAction\",\"target\":{\"@type\":\"EntryPoint\",\"urlTemplate\":\"https:\/\/portalnpm.com\/?s={search_term_string}\"},\"query-input\":\"required name=search_term_string\"}],\"inLanguage\":\"pt-BR\"},{\"@type\":\"Person\",\"@id\":\"https:\/\/portalnpm.com\/#\/schema\/person\/35cb55186eae3f074b6783da6d35591e\",\"name\":\"Zenilton Lima\",\"image\":{\"@type\":\"ImageObject\",\"inLanguage\":\"pt-BR\",\"@id\":\"https:\/\/portalnpm.com\/#\/schema\/person\/image\/\",\"url\":\"https:\/\/portalnpm.com\/wp-content\/uploads\/2024\/12\/avatar_user_8_1733658137-96x96.jpeg\",\"contentUrl\":\"https:\/\/portalnpm.com\/wp-content\/uploads\/2024\/12\/avatar_user_8_1733658137-96x96.jpeg\",\"caption\":\"Zenilton Lima\"},\"url\":\"https:\/\/portalnpm.com\/index.php\/author\/zenilton\/\"}]}<\/script>\n<!-- \/ Yoast SEO plugin. -->","yoast_head_json":{"title":"Lula \u00e9 operado \u00e0s pressas em S\u00e3o Paulo para drenagem de um hematoma na cabe\u00e7a - Portal NPM","robots":{"index":"index","follow":"follow","max-snippet":"max-snippet:-1","max-image-preview":"max-image-preview:large","max-video-preview":"max-video-preview:-1"},"canonical":"https:\/\/portalnpm.com\/index.php\/2024\/12\/10\/lula-e-operado-as-pressas-em-sao-paulo-para-drenagem-de-um-hematoma-na-cabeca\/","og_locale":"pt_BR","og_type":"article","og_title":"Lula \u00e9 operado \u00e0s pressas em S\u00e3o Paulo para drenagem de um hematoma na cabe\u00e7a - Portal NPM","og_description":"O presidente da Rep\u00fablica, Luiz In\u00e1cio Lula da Silva, passou por uma cirurgia de emerg\u00eancia na madrugada desta ter\u00e7a-feira (10), no Hospital S\u00edrio-Liban\u00eas, em S\u00e3o Paulo, para drenagem de um hematoma.\u00a0Segundo o primeiro boletim m\u00e9dico, o procedimento ocorreu sem intercorr\u00eancias, e o presidente \u201cencontra-se bem, sob monitoriza\u00e7\u00e3o em leito de UTI\u201d. Lula sentiu dores de &hellip;","og_url":"https:\/\/portalnpm.com\/index.php\/2024\/12\/10\/lula-e-operado-as-pressas-em-sao-paulo-para-drenagem-de-um-hematoma-na-cabeca\/","og_site_name":"Portal NPM","article_published_time":"2024-12-10T12:55:29+00:00","og_image":[{"width":1200,"height":800,"url":"https:\/\/portalnpm.com\/wp-content\/uploads\/2024\/12\/IMG_5305.jpeg","type":"image\/jpeg"}],"author":"Zenilton Lima","twitter_card":"summary_large_image","twitter_misc":{"Escrito por":"Zenilton Lima","Est. tempo de leitura":"3 minutos"},"schema":{"@context":"https:\/\/schema.org","@graph":[{"@type":"WebPage","@id":"https:\/\/portalnpm.com\/index.php\/2024\/12\/10\/lula-e-operado-as-pressas-em-sao-paulo-para-drenagem-de-um-hematoma-na-cabeca\/","url":"https:\/\/portalnpm.com\/index.php\/2024\/12\/10\/lula-e-operado-as-pressas-em-sao-paulo-para-drenagem-de-um-hematoma-na-cabeca\/","name":"Lula \u00e9 operado \u00e0s pressas em S\u00e3o Paulo para drenagem de um hematoma na cabe\u00e7a - Portal NPM","isPartOf":{"@id":"https:\/\/portalnpm.com\/#website"},"primaryImageOfPage":{"@id":"https:\/\/portalnpm.com\/index.php\/2024\/12\/10\/lula-e-operado-as-pressas-em-sao-paulo-para-drenagem-de-um-hematoma-na-cabeca\/#primaryimage"},"image":{"@id":"https:\/\/portalnpm.com\/index.php\/2024\/12\/10\/lula-e-operado-as-pressas-em-sao-paulo-para-drenagem-de-um-hematoma-na-cabeca\/#primaryimage"},"thumbnailUrl":"https:\/\/portalnpm.com\/wp-content\/uploads\/2024\/12\/IMG_5305.jpeg","datePublished":"2024-12-10T12:55:29+00:00","dateModified":"2024-12-10T12:55:29+00:00","author":{"@id":"https:\/\/portalnpm.com\/#\/schema\/person\/35cb55186eae3f074b6783da6d35591e"},"breadcrumb":{"@id":"https:\/\/portalnpm.com\/index.php\/2024\/12\/10\/lula-e-operado-as-pressas-em-sao-paulo-para-drenagem-de-um-hematoma-na-cabeca\/#breadcrumb"},"inLanguage":"pt-BR","potentialAction":[{"@type":"ReadAction","target":["https:\/\/portalnpm.com\/index.php\/2024\/12\/10\/lula-e-operado-as-pressas-em-sao-paulo-para-drenagem-de-um-hematoma-na-cabeca\/"]}]},{"@type":"ImageObject","inLanguage":"pt-BR","@id":"https:\/\/portalnpm.com\/index.php\/2024\/12\/10\/lula-e-operado-as-pressas-em-sao-paulo-para-drenagem-de-um-hematoma-na-cabeca\/#primaryimage","url":"https:\/\/portalnpm.com\/wp-content\/uploads\/2024\/12\/IMG_5305.jpeg","contentUrl":"https:\/\/portalnpm.com\/wp-content\/uploads\/2024\/12\/IMG_5305.jpeg","width":1200,"height":800,"caption":"Lula \u00e9 operado \u00e0s pressas em S\u00e3o Paulo para drenagem de um hematoma na cabe\u00e7a Marcelo Camargo \/ Ag\u00eancia Brasil"},{"@type":"BreadcrumbList","@id":"https:\/\/portalnpm.com\/index.php\/2024\/12\/10\/lula-e-operado-as-pressas-em-sao-paulo-para-drenagem-de-um-hematoma-na-cabeca\/#breadcrumb","itemListElement":[{"@type":"ListItem","position":1,"name":"In\u00edcio","item":"https:\/\/portalnpm.com\/"},{"@type":"ListItem","position":2,"name":"Lula \u00e9 operado \u00e0s pressas em S\u00e3o Paulo para drenagem de um hematoma na cabe\u00e7a"}]},{"@type":"WebSite","@id":"https:\/\/portalnpm.com\/#website","url":"https:\/\/portalnpm.com\/","name":"Portal NPM","description":"Not\u00edcias em Primeira M\u00e3o","potentialAction":[{"@type":"SearchAction","target":{"@type":"EntryPoint","urlTemplate":"https:\/\/portalnpm.com\/?s={search_term_string}"},"query-input":"required name=search_term_string"}],"inLanguage":"pt-BR"},{"@type":"Person","@id":"https:\/\/portalnpm.com\/#\/schema\/person\/35cb55186eae3f074b6783da6d35591e","name":"Zenilton Lima","image":{"@type":"ImageObject","inLanguage":"pt-BR","@id":"https:\/\/portalnpm.com\/#\/schema\/person\/image\/","url":"https:\/\/portalnpm.com\/wp-content\/uploads\/2024\/12\/avatar_user_8_1733658137-96x96.jpeg","contentUrl":"https:\/\/portalnpm.com\/wp-content\/uploads\/2024\/12\/avatar_user_8_1733658137-96x96.jpeg","caption":"Zenilton Lima"},"url":"https:\/\/portalnpm.com\/index.php\/author\/zenilton\/"}]}},"jetpack_sharing_enabled":true,"jetpack_featured_media_url":"https:\/\/portalnpm.com\/wp-content\/uploads\/2024\/12\/IMG_5305.jpeg","_links":{"self":[{"href":"https:\/\/portalnpm.com\/index.php\/wp-json\/wp\/v2\/posts\/81908"}],"collection":[{"href":"https:\/\/portalnpm.com\/index.php\/wp-json\/wp\/v2\/posts"}],"about":[{"href":"https:\/\/portalnpm.com\/index.php\/wp-json\/wp\/v2\/types\/post"}],"author":[{"embeddable":true,"href":"https:\/\/portalnpm.com\/index.php\/wp-json\/wp\/v2\/users\/8"}],"replies":[{"embeddable":true,"href":"https:\/\/portalnpm.com\/index.php\/wp-json\/wp\/v2\/comments?post=81908"}],"version-history":[{"count":1,"href":"https:\/\/portalnpm.com\/index.php\/wp-json\/wp\/v2\/posts\/81908\/revisions"}],"predecessor-version":[{"id":81911,"href":"https:\/\/portalnpm.com\/index.php\/wp-json\/wp\/v2\/posts\/81908\/revisions\/81911"}],"wp:featuredmedia":[{"embeddable":true,"href":"https:\/\/portalnpm.com\/index.php\/wp-json\/wp\/v2\/media\/81910"}],"wp:attachment":[{"href":"https:\/\/portalnpm.com\/index.php\/wp-json\/wp\/v2\/media?parent=81908"}],"wp:term":[{"taxonomy":"category","embeddable":true,"href":"https:\/\/portalnpm.com\/index.php\/wp-json\/wp\/v2\/categories?post=81908"},{"taxonomy":"post_tag","embeddable":true,"href":"https:\/\/portalnpm.com\/index.php\/wp-json\/wp\/v2\/tags?post=81908"}],"curies":[{"name":"wp","href":"https:\/\/api.w.org\/{rel}","templated":true}]}}