{"id":81918,"date":"2024-12-10T10:05:00","date_gmt":"2024-12-10T13:05:00","guid":{"rendered":"https:\/\/portalnpm.com\/?p=81918"},"modified":"2024-12-10T10:05:00","modified_gmt":"2024-12-10T13:05:00","slug":"ministerio-do-trabalho-criara-plataforma-para-atendimento-ao-cidadao","status":"publish","type":"post","link":"https:\/\/portalnpm.com\/index.php\/2024\/12\/10\/ministerio-do-trabalho-criara-plataforma-para-atendimento-ao-cidadao\/","title":{"rendered":"Minist\u00e9rio do Trabalho criar\u00e1 plataforma para atendimento ao cidad\u00e3o"},"content":{"rendered":"<p>O Minist\u00e9rio do Trabalho e Emprego vai disponibilizar, no primeiro semestre de 2025, a plataforma unificada de atendimento (Una), que tem a finalidade de facilitar o acesso aos servi\u00e7os prestados pelas superintend\u00eancias, ger\u00eancias e ag\u00eancias regionais do Trabalho e Emprego. A Una ter\u00e1 in\u00edcio por meio de projeto-piloto, na pr\u00f3xima quarta-feira (11), no estado do Rio de Janeiro, onde os cidad\u00e3os poder\u00e3o solicitar atendimento por meio da plataforma.<img decoding=\"async\" src=\"https:\/\/agenciabrasil.ebc.com.br\/ebc.png?id=1623009&amp;o=node\" \/><img decoding=\"async\" src=\"https:\/\/agenciabrasil.ebc.com.br\/ebc.gif?id=1623009&amp;o=node\" \/><\/p>\n<p>O objetivo principal \u00e9 que as solicita\u00e7\u00f5es sejam atendidas de forma mais r\u00e1pida e segura. Para isso, ser\u00e1 oferecido um conjunto de funcionalidades para o gerenciamento de servi\u00e7os de atendimento presencial ou remoto. A plataforma possibilitar\u00e1 o envio de documentos digitalizados, al\u00e9m de acompanhar ou remarcar agendamentos.<\/p>\n<p>A plataforma oferecer\u00e1 tamb\u00e9m ao Minist\u00e9rio do Trabalho e Emprego maior controle e seguran\u00e7a no atendimento, uma vez que os protocolos ser\u00e3o autenticados na plataforma Gov.br, e integrar\u00e1 processos eletr\u00f4nicos e execu\u00e7\u00e3o de tarefas.<\/p>\n<p>Os servi\u00e7os que estar\u00e3o dispon\u00edveis para os cidad\u00e3os na plataforma s\u00e3o: a solicita\u00e7\u00e3o da rela\u00e7\u00e3o anual de informa\u00e7\u00f5es sociais (RAIS), o agendamento e o esclarecimento de d\u00favidas sobre Carteira de Trabalho e Previd\u00eancia Social (CTPS), al\u00e9m de solicita\u00e7\u00f5es sobre o Cadastro Geral de Empregados e Desempregados (Caged). Tamb\u00e9m est\u00e3o previstos o agendamento e esclarecimento de d\u00favidas sobre abono salarial, registro profissional e o agendamento e seguro desemprego.<\/p>\n<p><strong>Fonte<\/strong>: Ag\u00eancia Brasil<\/p>\n","protected":false},"excerpt":{"rendered":"<p>O Minist\u00e9rio do Trabalho e Emprego vai disponibilizar, no primeiro semestre de 2025, a plataforma unificada de atendimento (Una), que tem a finalidade de facilitar o acesso aos servi\u00e7os prestados pelas superintend\u00eancias, ger\u00eancias e ag\u00eancias regionais do Trabalho e Emprego. A Una ter\u00e1 in\u00edcio por meio de projeto-piloto, na pr\u00f3xima quarta-feira (11), no estado do &hellip;<\/p>\n","protected":false},"author":8,"featured_media":81919,"comment_status":"open","ping_status":"open","sticky":false,"template":"","format":"standard","meta":{"content-type":"","rop_custom_images_group":[],"rop_custom_messages_group":[],"rop_publish_now":"yes","rop_publish_now_accounts":{"facebook_2648258775420054_1618374048415101":""},"rop_publish_now_history":[],"rop_publish_now_status":"pending","footnotes":"","_jetpack_memberships_contains_paid_content":false},"categories":[113,414],"tags":[1204,3495,2651,16168,542,852,11246,2247],"yoast_head":"<!-- This site is optimized with the Yoast SEO plugin v22.3 - https:\/\/yoast.com\/wordpress\/plugins\/seo\/ -->\n<title>Minist\u00e9rio do Trabalho criar\u00e1 plataforma para atendimento ao cidad\u00e3o - Portal NPM<\/title>\n<meta name=\"robots\" content=\"index, follow, max-snippet:-1, max-image-preview:large, max-video-preview:-1\" \/>\n<link rel=\"canonical\" href=\"https:\/\/portalnpm.com\/index.php\/2024\/12\/10\/ministerio-do-trabalho-criara-plataforma-para-atendimento-ao-cidadao\/\" \/>\n<meta property=\"og:locale\" content=\"pt_BR\" \/>\n<meta property=\"og:type\" content=\"article\" \/>\n<meta property=\"og:title\" content=\"Minist\u00e9rio do Trabalho criar\u00e1 plataforma para atendimento ao cidad\u00e3o - Portal NPM\" \/>\n<meta property=\"og:description\" content=\"O Minist\u00e9rio do Trabalho e Emprego vai disponibilizar, no primeiro semestre de 2025, a plataforma unificada de atendimento (Una), que tem a finalidade de facilitar o acesso aos servi\u00e7os prestados pelas superintend\u00eancias, ger\u00eancias e ag\u00eancias regionais do Trabalho e Emprego. A Una ter\u00e1 in\u00edcio por meio de projeto-piloto, na pr\u00f3xima quarta-feira (11), no estado do &hellip;\" \/>\n<meta property=\"og:url\" content=\"https:\/\/portalnpm.com\/index.php\/2024\/12\/10\/ministerio-do-trabalho-criara-plataforma-para-atendimento-ao-cidadao\/\" \/>\n<meta property=\"og:site_name\" content=\"Portal NPM\" \/>\n<meta property=\"article:published_time\" content=\"2024-12-10T13:05:00+00:00\" \/>\n<meta property=\"og:image\" content=\"https:\/\/portalnpm.com\/wp-content\/uploads\/2024\/12\/IMG_5308.webp\" \/>\n\t<meta property=\"og:image:width\" content=\"1170\" \/>\n\t<meta property=\"og:image:height\" content=\"700\" \/>\n\t<meta property=\"og:image:type\" content=\"image\/webp\" \/>\n<meta name=\"author\" content=\"Zenilton Lima\" \/>\n<meta name=\"twitter:card\" content=\"summary_large_image\" \/>\n<meta name=\"twitter:label1\" content=\"Escrito por\" \/>\n\t<meta name=\"twitter:data1\" content=\"Zenilton Lima\" \/>\n\t<meta name=\"twitter:label2\" content=\"Est. tempo de leitura\" \/>\n\t<meta name=\"twitter:data2\" content=\"2 minutos\" \/>\n<script type=\"application\/ld+json\" class=\"yoast-schema-graph\">{\"@context\":\"https:\/\/schema.org\",\"@graph\":[{\"@type\":\"WebPage\",\"@id\":\"https:\/\/portalnpm.com\/index.php\/2024\/12\/10\/ministerio-do-trabalho-criara-plataforma-para-atendimento-ao-cidadao\/\",\"url\":\"https:\/\/portalnpm.com\/index.php\/2024\/12\/10\/ministerio-do-trabalho-criara-plataforma-para-atendimento-ao-cidadao\/\",\"name\":\"Minist\u00e9rio do Trabalho criar\u00e1 plataforma para atendimento ao cidad\u00e3o - Portal NPM\",\"isPartOf\":{\"@id\":\"https:\/\/portalnpm.com\/#website\"},\"primaryImageOfPage\":{\"@id\":\"https:\/\/portalnpm.com\/index.php\/2024\/12\/10\/ministerio-do-trabalho-criara-plataforma-para-atendimento-ao-cidadao\/#primaryimage\"},\"image\":{\"@id\":\"https:\/\/portalnpm.com\/index.php\/2024\/12\/10\/ministerio-do-trabalho-criara-plataforma-para-atendimento-ao-cidadao\/#primaryimage\"},\"thumbnailUrl\":\"https:\/\/portalnpm.com\/wp-content\/uploads\/2024\/12\/IMG_5308.webp\",\"datePublished\":\"2024-12-10T13:05:00+00:00\",\"dateModified\":\"2024-12-10T13:05:00+00:00\",\"author\":{\"@id\":\"https:\/\/portalnpm.com\/#\/schema\/person\/35cb55186eae3f074b6783da6d35591e\"},\"breadcrumb\":{\"@id\":\"https:\/\/portalnpm.com\/index.php\/2024\/12\/10\/ministerio-do-trabalho-criara-plataforma-para-atendimento-ao-cidadao\/#breadcrumb\"},\"inLanguage\":\"pt-BR\",\"potentialAction\":[{\"@type\":\"ReadAction\",\"target\":[\"https:\/\/portalnpm.com\/index.php\/2024\/12\/10\/ministerio-do-trabalho-criara-plataforma-para-atendimento-ao-cidadao\/\"]}]},{\"@type\":\"ImageObject\",\"inLanguage\":\"pt-BR\",\"@id\":\"https:\/\/portalnpm.com\/index.php\/2024\/12\/10\/ministerio-do-trabalho-criara-plataforma-para-atendimento-ao-cidadao\/#primaryimage\",\"url\":\"https:\/\/portalnpm.com\/wp-content\/uploads\/2024\/12\/IMG_5308.webp\",\"contentUrl\":\"https:\/\/portalnpm.com\/wp-content\/uploads\/2024\/12\/IMG_5308.webp\",\"width\":1170,\"height\":700,\"caption\":\"MARCELLO CASAL JRAG\u00caNCIA BRASIL\"},{\"@type\":\"BreadcrumbList\",\"@id\":\"https:\/\/portalnpm.com\/index.php\/2024\/12\/10\/ministerio-do-trabalho-criara-plataforma-para-atendimento-ao-cidadao\/#breadcrumb\",\"itemListElement\":[{\"@type\":\"ListItem\",\"position\":1,\"name\":\"In\u00edcio\",\"item\":\"https:\/\/portalnpm.com\/\"},{\"@type\":\"ListItem\",\"position\":2,\"name\":\"Minist\u00e9rio do Trabalho criar\u00e1 plataforma para atendimento ao cidad\u00e3o\"}]},{\"@type\":\"WebSite\",\"@id\":\"https:\/\/portalnpm.com\/#website\",\"url\":\"https:\/\/portalnpm.com\/\",\"name\":\"Portal NPM\",\"description\":\"Not\u00edcias em Primeira M\u00e3o\",\"potentialAction\":[{\"@type\":\"SearchAction\",\"target\":{\"@type\":\"EntryPoint\",\"urlTemplate\":\"https:\/\/portalnpm.com\/?s={search_term_string}\"},\"query-input\":\"required name=search_term_string\"}],\"inLanguage\":\"pt-BR\"},{\"@type\":\"Person\",\"@id\":\"https:\/\/portalnpm.com\/#\/schema\/person\/35cb55186eae3f074b6783da6d35591e\",\"name\":\"Zenilton Lima\",\"image\":{\"@type\":\"ImageObject\",\"inLanguage\":\"pt-BR\",\"@id\":\"https:\/\/portalnpm.com\/#\/schema\/person\/image\/\",\"url\":\"https:\/\/portalnpm.com\/wp-content\/uploads\/2024\/12\/avatar_user_8_1733658137-96x96.jpeg\",\"contentUrl\":\"https:\/\/portalnpm.com\/wp-content\/uploads\/2024\/12\/avatar_user_8_1733658137-96x96.jpeg\",\"caption\":\"Zenilton Lima\"},\"url\":\"https:\/\/portalnpm.com\/index.php\/author\/zenilton\/\"}]}<\/script>\n<!-- \/ Yoast SEO plugin. -->","yoast_head_json":{"title":"Minist\u00e9rio do Trabalho criar\u00e1 plataforma para atendimento ao cidad\u00e3o - Portal NPM","robots":{"index":"index","follow":"follow","max-snippet":"max-snippet:-1","max-image-preview":"max-image-preview:large","max-video-preview":"max-video-preview:-1"},"canonical":"https:\/\/portalnpm.com\/index.php\/2024\/12\/10\/ministerio-do-trabalho-criara-plataforma-para-atendimento-ao-cidadao\/","og_locale":"pt_BR","og_type":"article","og_title":"Minist\u00e9rio do Trabalho criar\u00e1 plataforma para atendimento ao cidad\u00e3o - Portal NPM","og_description":"O Minist\u00e9rio do Trabalho e Emprego vai disponibilizar, no primeiro semestre de 2025, a plataforma unificada de atendimento (Una), que tem a finalidade de facilitar o acesso aos servi\u00e7os prestados pelas superintend\u00eancias, ger\u00eancias e ag\u00eancias regionais do Trabalho e Emprego. A Una ter\u00e1 in\u00edcio por meio de projeto-piloto, na pr\u00f3xima quarta-feira (11), no estado do &hellip;","og_url":"https:\/\/portalnpm.com\/index.php\/2024\/12\/10\/ministerio-do-trabalho-criara-plataforma-para-atendimento-ao-cidadao\/","og_site_name":"Portal NPM","article_published_time":"2024-12-10T13:05:00+00:00","og_image":[{"width":1170,"height":700,"url":"https:\/\/portalnpm.com\/wp-content\/uploads\/2024\/12\/IMG_5308.webp","type":"image\/webp"}],"author":"Zenilton Lima","twitter_card":"summary_large_image","twitter_misc":{"Escrito por":"Zenilton Lima","Est. tempo de leitura":"2 minutos"},"schema":{"@context":"https:\/\/schema.org","@graph":[{"@type":"WebPage","@id":"https:\/\/portalnpm.com\/index.php\/2024\/12\/10\/ministerio-do-trabalho-criara-plataforma-para-atendimento-ao-cidadao\/","url":"https:\/\/portalnpm.com\/index.php\/2024\/12\/10\/ministerio-do-trabalho-criara-plataforma-para-atendimento-ao-cidadao\/","name":"Minist\u00e9rio do Trabalho criar\u00e1 plataforma para atendimento ao cidad\u00e3o - Portal NPM","isPartOf":{"@id":"https:\/\/portalnpm.com\/#website"},"primaryImageOfPage":{"@id":"https:\/\/portalnpm.com\/index.php\/2024\/12\/10\/ministerio-do-trabalho-criara-plataforma-para-atendimento-ao-cidadao\/#primaryimage"},"image":{"@id":"https:\/\/portalnpm.com\/index.php\/2024\/12\/10\/ministerio-do-trabalho-criara-plataforma-para-atendimento-ao-cidadao\/#primaryimage"},"thumbnailUrl":"https:\/\/portalnpm.com\/wp-content\/uploads\/2024\/12\/IMG_5308.webp","datePublished":"2024-12-10T13:05:00+00:00","dateModified":"2024-12-10T13:05:00+00:00","author":{"@id":"https:\/\/portalnpm.com\/#\/schema\/person\/35cb55186eae3f074b6783da6d35591e"},"breadcrumb":{"@id":"https:\/\/portalnpm.com\/index.php\/2024\/12\/10\/ministerio-do-trabalho-criara-plataforma-para-atendimento-ao-cidadao\/#breadcrumb"},"inLanguage":"pt-BR","potentialAction":[{"@type":"ReadAction","target":["https:\/\/portalnpm.com\/index.php\/2024\/12\/10\/ministerio-do-trabalho-criara-plataforma-para-atendimento-ao-cidadao\/"]}]},{"@type":"ImageObject","inLanguage":"pt-BR","@id":"https:\/\/portalnpm.com\/index.php\/2024\/12\/10\/ministerio-do-trabalho-criara-plataforma-para-atendimento-ao-cidadao\/#primaryimage","url":"https:\/\/portalnpm.com\/wp-content\/uploads\/2024\/12\/IMG_5308.webp","contentUrl":"https:\/\/portalnpm.com\/wp-content\/uploads\/2024\/12\/IMG_5308.webp","width":1170,"height":700,"caption":"MARCELLO CASAL JRAG\u00caNCIA BRASIL"},{"@type":"BreadcrumbList","@id":"https:\/\/portalnpm.com\/index.php\/2024\/12\/10\/ministerio-do-trabalho-criara-plataforma-para-atendimento-ao-cidadao\/#breadcrumb","itemListElement":[{"@type":"ListItem","position":1,"name":"In\u00edcio","item":"https:\/\/portalnpm.com\/"},{"@type":"ListItem","position":2,"name":"Minist\u00e9rio do Trabalho criar\u00e1 plataforma para atendimento ao cidad\u00e3o"}]},{"@type":"WebSite","@id":"https:\/\/portalnpm.com\/#website","url":"https:\/\/portalnpm.com\/","name":"Portal NPM","description":"Not\u00edcias em Primeira M\u00e3o","potentialAction":[{"@type":"SearchAction","target":{"@type":"EntryPoint","urlTemplate":"https:\/\/portalnpm.com\/?s={search_term_string}"},"query-input":"required name=search_term_string"}],"inLanguage":"pt-BR"},{"@type":"Person","@id":"https:\/\/portalnpm.com\/#\/schema\/person\/35cb55186eae3f074b6783da6d35591e","name":"Zenilton Lima","image":{"@type":"ImageObject","inLanguage":"pt-BR","@id":"https:\/\/portalnpm.com\/#\/schema\/person\/image\/","url":"https:\/\/portalnpm.com\/wp-content\/uploads\/2024\/12\/avatar_user_8_1733658137-96x96.jpeg","contentUrl":"https:\/\/portalnpm.com\/wp-content\/uploads\/2024\/12\/avatar_user_8_1733658137-96x96.jpeg","caption":"Zenilton Lima"},"url":"https:\/\/portalnpm.com\/index.php\/author\/zenilton\/"}]}},"jetpack_sharing_enabled":true,"jetpack_featured_media_url":"https:\/\/portalnpm.com\/wp-content\/uploads\/2024\/12\/IMG_5308.webp","_links":{"self":[{"href":"https:\/\/portalnpm.com\/index.php\/wp-json\/wp\/v2\/posts\/81918"}],"collection":[{"href":"https:\/\/portalnpm.com\/index.php\/wp-json\/wp\/v2\/posts"}],"about":[{"href":"https:\/\/portalnpm.com\/index.php\/wp-json\/wp\/v2\/types\/post"}],"author":[{"embeddable":true,"href":"https:\/\/portalnpm.com\/index.php\/wp-json\/wp\/v2\/users\/8"}],"replies":[{"embeddable":true,"href":"https:\/\/portalnpm.com\/index.php\/wp-json\/wp\/v2\/comments?post=81918"}],"version-history":[{"count":1,"href":"https:\/\/portalnpm.com\/index.php\/wp-json\/wp\/v2\/posts\/81918\/revisions"}],"predecessor-version":[{"id":81920,"href":"https:\/\/portalnpm.com\/index.php\/wp-json\/wp\/v2\/posts\/81918\/revisions\/81920"}],"wp:featuredmedia":[{"embeddable":true,"href":"https:\/\/portalnpm.com\/index.php\/wp-json\/wp\/v2\/media\/81919"}],"wp:attachment":[{"href":"https:\/\/portalnpm.com\/index.php\/wp-json\/wp\/v2\/media?parent=81918"}],"wp:term":[{"taxonomy":"category","embeddable":true,"href":"https:\/\/portalnpm.com\/index.php\/wp-json\/wp\/v2\/categories?post=81918"},{"taxonomy":"post_tag","embeddable":true,"href":"https:\/\/portalnpm.com\/index.php\/wp-json\/wp\/v2\/tags?post=81918"}],"curies":[{"name":"wp","href":"https:\/\/api.w.org\/{rel}","templated":true}]}}