{"id":81938,"date":"2024-12-11T10:15:48","date_gmt":"2024-12-11T13:15:48","guid":{"rendered":"https:\/\/portalnpm.com\/?p=81938"},"modified":"2024-12-11T10:15:48","modified_gmt":"2024-12-11T13:15:48","slug":"sem-sequelas-lula-deve-voltar-as-atividades-na-proxima-semana","status":"publish","type":"post","link":"https:\/\/portalnpm.com\/index.php\/2024\/12\/11\/sem-sequelas-lula-deve-voltar-as-atividades-na-proxima-semana\/","title":{"rendered":"Sem sequelas, Lula deve voltar \u00e0s atividades na pr\u00f3xima semana"},"content":{"rendered":"<p>A equipe m\u00e9dica do hospital S\u00edrio-Liban\u00eas, em S\u00e3o Paulo, informou que o presidente Luiz In\u00e1cio Lula da Silva (PT) reagiu bem ao procedimento para drenar uma hemorragia intracraniana e est\u00e1 l\u00facido. A expectativa \u00e9 que o l\u00edder fique em observa\u00e7\u00e3o por mais 24 horas na Unidade de Terapia Intensiva (UTI) e receba alta na pr\u00f3xima semana.<\/p>\n<p>Lula deu entrada no Hospital S\u00edrio-Liban\u00eas, em Bras\u00edlia, na noite de segunda-feira (9) depois de sentir um mal-estar, acompanhado por dores de cabe\u00e7a. No local, ele passou por uma resson\u00e2ncia magn\u00e9tica, que detectou uma hemorragia intracraniana de um hematoma decorrente do acidente domiciliar ocorrido em 19 de outubro.<\/p>\n<p>O presidente, ent\u00e3o, foi transferido para a unidade do hospital em S\u00e3o Paulo, onde passou pelo procedimento cir\u00fargico \u2013 conhecido como trepana\u00e7\u00e3o. No caso de Lula, as perfura\u00e7\u00f5es no cr\u00e2nio foram feitas em duas l\u00e2minas da meninge, seguidas da coloca\u00e7\u00e3o de um dreno, por onde sai o sangue acumulado ap\u00f3s a hemorragia.<\/p>\n<p>Ao todo, o procedimento durou aproximadamente duas horas. Roberto Kalil, m\u00e9dico de Lula, afirmou que os orif\u00edcios feitos no cr\u00e2nio do presidente s\u00e3o pequenos e ter\u00e3o cicatriza\u00e7\u00e3o espont\u00e2nea, sem necessidade de interven\u00e7\u00e3o futura.<\/p>\n<p>\u201cO presidente n\u00e3o teve sequela alguma, nem altera\u00e7\u00e3o de movimento, absolutamente nada. Ent\u00e3o, ele est\u00e1 est\u00e1vel, conversando normalmente. Veja, n\u00e3o teve nenhum comprometimento do c\u00e9rebro. O tempo de interna\u00e7\u00e3o, se tudo correr bem, como est\u00e1 correndo, ele deve voltar \u00e0 Bras\u00edlia no come\u00e7o da semana\u201d, disse Kalil.<\/p>\n<p><strong>Fonte<\/strong>: Cidade Verde<\/p>\n","protected":false},"excerpt":{"rendered":"<p>A equipe m\u00e9dica do hospital S\u00edrio-Liban\u00eas, em S\u00e3o Paulo, informou que o presidente Luiz In\u00e1cio Lula da Silva (PT) reagiu bem ao procedimento para drenar uma hemorragia intracraniana e est\u00e1 l\u00facido. A expectativa \u00e9 que o l\u00edder fique em observa\u00e7\u00e3o por mais 24 horas na Unidade de Terapia Intensiva (UTI) e receba alta na pr\u00f3xima &hellip;<\/p>\n","protected":false},"author":8,"featured_media":81939,"comment_status":"open","ping_status":"open","sticky":false,"template":"","format":"standard","meta":{"content-type":"","rop_custom_images_group":[],"rop_custom_messages_group":[],"rop_publish_now":"yes","rop_publish_now_accounts":{"facebook_2648258775420054_1618374048415101":""},"rop_publish_now_history":[],"rop_publish_now_status":"pending","footnotes":"","_jetpack_memberships_contains_paid_content":false},"categories":[113,118],"tags":[834,2510,4997,536,911,6213,876,2559,3073,5514],"yoast_head":"<!-- This site is optimized with the Yoast SEO plugin v22.3 - https:\/\/yoast.com\/wordpress\/plugins\/seo\/ -->\n<title>Sem sequelas, Lula deve voltar \u00e0s atividades na pr\u00f3xima semana - Portal NPM<\/title>\n<meta name=\"robots\" content=\"index, follow, max-snippet:-1, max-image-preview:large, max-video-preview:-1\" \/>\n<link rel=\"canonical\" href=\"https:\/\/portalnpm.com\/index.php\/2024\/12\/11\/sem-sequelas-lula-deve-voltar-as-atividades-na-proxima-semana\/\" \/>\n<meta property=\"og:locale\" content=\"pt_BR\" \/>\n<meta property=\"og:type\" content=\"article\" \/>\n<meta property=\"og:title\" content=\"Sem sequelas, Lula deve voltar \u00e0s atividades na pr\u00f3xima semana - Portal NPM\" \/>\n<meta property=\"og:description\" content=\"A equipe m\u00e9dica do hospital S\u00edrio-Liban\u00eas, em S\u00e3o Paulo, informou que o presidente Luiz In\u00e1cio Lula da Silva (PT) reagiu bem ao procedimento para drenar uma hemorragia intracraniana e est\u00e1 l\u00facido. A expectativa \u00e9 que o l\u00edder fique em observa\u00e7\u00e3o por mais 24 horas na Unidade de Terapia Intensiva (UTI) e receba alta na pr\u00f3xima &hellip;\" \/>\n<meta property=\"og:url\" content=\"https:\/\/portalnpm.com\/index.php\/2024\/12\/11\/sem-sequelas-lula-deve-voltar-as-atividades-na-proxima-semana\/\" \/>\n<meta property=\"og:site_name\" content=\"Portal NPM\" \/>\n<meta property=\"article:published_time\" content=\"2024-12-11T13:15:48+00:00\" \/>\n<meta property=\"og:image\" content=\"https:\/\/portalnpm.com\/wp-content\/uploads\/2024\/12\/IMG_5325.jpeg\" \/>\n\t<meta property=\"og:image:width\" content=\"790\" \/>\n\t<meta property=\"og:image:height\" content=\"550\" \/>\n\t<meta property=\"og:image:type\" content=\"image\/jpeg\" \/>\n<meta name=\"author\" content=\"Zenilton Lima\" \/>\n<meta name=\"twitter:card\" content=\"summary_large_image\" \/>\n<meta name=\"twitter:label1\" content=\"Escrito por\" \/>\n\t<meta name=\"twitter:data1\" content=\"Zenilton Lima\" \/>\n\t<meta name=\"twitter:label2\" content=\"Est. tempo de leitura\" \/>\n\t<meta name=\"twitter:data2\" content=\"2 minutos\" \/>\n<script type=\"application\/ld+json\" class=\"yoast-schema-graph\">{\"@context\":\"https:\/\/schema.org\",\"@graph\":[{\"@type\":\"WebPage\",\"@id\":\"https:\/\/portalnpm.com\/index.php\/2024\/12\/11\/sem-sequelas-lula-deve-voltar-as-atividades-na-proxima-semana\/\",\"url\":\"https:\/\/portalnpm.com\/index.php\/2024\/12\/11\/sem-sequelas-lula-deve-voltar-as-atividades-na-proxima-semana\/\",\"name\":\"Sem sequelas, Lula deve voltar \u00e0s atividades na pr\u00f3xima semana - Portal NPM\",\"isPartOf\":{\"@id\":\"https:\/\/portalnpm.com\/#website\"},\"primaryImageOfPage\":{\"@id\":\"https:\/\/portalnpm.com\/index.php\/2024\/12\/11\/sem-sequelas-lula-deve-voltar-as-atividades-na-proxima-semana\/#primaryimage\"},\"image\":{\"@id\":\"https:\/\/portalnpm.com\/index.php\/2024\/12\/11\/sem-sequelas-lula-deve-voltar-as-atividades-na-proxima-semana\/#primaryimage\"},\"thumbnailUrl\":\"https:\/\/portalnpm.com\/wp-content\/uploads\/2024\/12\/IMG_5325.jpeg\",\"datePublished\":\"2024-12-11T13:15:48+00:00\",\"dateModified\":\"2024-12-11T13:15:48+00:00\",\"author\":{\"@id\":\"https:\/\/portalnpm.com\/#\/schema\/person\/35cb55186eae3f074b6783da6d35591e\"},\"breadcrumb\":{\"@id\":\"https:\/\/portalnpm.com\/index.php\/2024\/12\/11\/sem-sequelas-lula-deve-voltar-as-atividades-na-proxima-semana\/#breadcrumb\"},\"inLanguage\":\"pt-BR\",\"potentialAction\":[{\"@type\":\"ReadAction\",\"target\":[\"https:\/\/portalnpm.com\/index.php\/2024\/12\/11\/sem-sequelas-lula-deve-voltar-as-atividades-na-proxima-semana\/\"]}]},{\"@type\":\"ImageObject\",\"inLanguage\":\"pt-BR\",\"@id\":\"https:\/\/portalnpm.com\/index.php\/2024\/12\/11\/sem-sequelas-lula-deve-voltar-as-atividades-na-proxima-semana\/#primaryimage\",\"url\":\"https:\/\/portalnpm.com\/wp-content\/uploads\/2024\/12\/IMG_5325.jpeg\",\"contentUrl\":\"https:\/\/portalnpm.com\/wp-content\/uploads\/2024\/12\/IMG_5325.jpeg\",\"width\":790,\"height\":550,\"caption\":\"Foto: Ricardo Stuckert\/PR\"},{\"@type\":\"BreadcrumbList\",\"@id\":\"https:\/\/portalnpm.com\/index.php\/2024\/12\/11\/sem-sequelas-lula-deve-voltar-as-atividades-na-proxima-semana\/#breadcrumb\",\"itemListElement\":[{\"@type\":\"ListItem\",\"position\":1,\"name\":\"In\u00edcio\",\"item\":\"https:\/\/portalnpm.com\/\"},{\"@type\":\"ListItem\",\"position\":2,\"name\":\"Sem sequelas, Lula deve voltar \u00e0s atividades na pr\u00f3xima semana\"}]},{\"@type\":\"WebSite\",\"@id\":\"https:\/\/portalnpm.com\/#website\",\"url\":\"https:\/\/portalnpm.com\/\",\"name\":\"Portal NPM\",\"description\":\"Not\u00edcias em Primeira M\u00e3o\",\"potentialAction\":[{\"@type\":\"SearchAction\",\"target\":{\"@type\":\"EntryPoint\",\"urlTemplate\":\"https:\/\/portalnpm.com\/?s={search_term_string}\"},\"query-input\":\"required name=search_term_string\"}],\"inLanguage\":\"pt-BR\"},{\"@type\":\"Person\",\"@id\":\"https:\/\/portalnpm.com\/#\/schema\/person\/35cb55186eae3f074b6783da6d35591e\",\"name\":\"Zenilton Lima\",\"image\":{\"@type\":\"ImageObject\",\"inLanguage\":\"pt-BR\",\"@id\":\"https:\/\/portalnpm.com\/#\/schema\/person\/image\/\",\"url\":\"https:\/\/portalnpm.com\/wp-content\/uploads\/2024\/12\/avatar_user_8_1733658137-96x96.jpeg\",\"contentUrl\":\"https:\/\/portalnpm.com\/wp-content\/uploads\/2024\/12\/avatar_user_8_1733658137-96x96.jpeg\",\"caption\":\"Zenilton Lima\"},\"url\":\"https:\/\/portalnpm.com\/index.php\/author\/zenilton\/\"}]}<\/script>\n<!-- \/ Yoast SEO plugin. -->","yoast_head_json":{"title":"Sem sequelas, Lula deve voltar \u00e0s atividades na pr\u00f3xima semana - Portal NPM","robots":{"index":"index","follow":"follow","max-snippet":"max-snippet:-1","max-image-preview":"max-image-preview:large","max-video-preview":"max-video-preview:-1"},"canonical":"https:\/\/portalnpm.com\/index.php\/2024\/12\/11\/sem-sequelas-lula-deve-voltar-as-atividades-na-proxima-semana\/","og_locale":"pt_BR","og_type":"article","og_title":"Sem sequelas, Lula deve voltar \u00e0s atividades na pr\u00f3xima semana - Portal NPM","og_description":"A equipe m\u00e9dica do hospital S\u00edrio-Liban\u00eas, em S\u00e3o Paulo, informou que o presidente Luiz In\u00e1cio Lula da Silva (PT) reagiu bem ao procedimento para drenar uma hemorragia intracraniana e est\u00e1 l\u00facido. A expectativa \u00e9 que o l\u00edder fique em observa\u00e7\u00e3o por mais 24 horas na Unidade de Terapia Intensiva (UTI) e receba alta na pr\u00f3xima &hellip;","og_url":"https:\/\/portalnpm.com\/index.php\/2024\/12\/11\/sem-sequelas-lula-deve-voltar-as-atividades-na-proxima-semana\/","og_site_name":"Portal NPM","article_published_time":"2024-12-11T13:15:48+00:00","og_image":[{"width":790,"height":550,"url":"https:\/\/portalnpm.com\/wp-content\/uploads\/2024\/12\/IMG_5325.jpeg","type":"image\/jpeg"}],"author":"Zenilton Lima","twitter_card":"summary_large_image","twitter_misc":{"Escrito por":"Zenilton Lima","Est. tempo de leitura":"2 minutos"},"schema":{"@context":"https:\/\/schema.org","@graph":[{"@type":"WebPage","@id":"https:\/\/portalnpm.com\/index.php\/2024\/12\/11\/sem-sequelas-lula-deve-voltar-as-atividades-na-proxima-semana\/","url":"https:\/\/portalnpm.com\/index.php\/2024\/12\/11\/sem-sequelas-lula-deve-voltar-as-atividades-na-proxima-semana\/","name":"Sem sequelas, Lula deve voltar \u00e0s atividades na pr\u00f3xima semana - Portal NPM","isPartOf":{"@id":"https:\/\/portalnpm.com\/#website"},"primaryImageOfPage":{"@id":"https:\/\/portalnpm.com\/index.php\/2024\/12\/11\/sem-sequelas-lula-deve-voltar-as-atividades-na-proxima-semana\/#primaryimage"},"image":{"@id":"https:\/\/portalnpm.com\/index.php\/2024\/12\/11\/sem-sequelas-lula-deve-voltar-as-atividades-na-proxima-semana\/#primaryimage"},"thumbnailUrl":"https:\/\/portalnpm.com\/wp-content\/uploads\/2024\/12\/IMG_5325.jpeg","datePublished":"2024-12-11T13:15:48+00:00","dateModified":"2024-12-11T13:15:48+00:00","author":{"@id":"https:\/\/portalnpm.com\/#\/schema\/person\/35cb55186eae3f074b6783da6d35591e"},"breadcrumb":{"@id":"https:\/\/portalnpm.com\/index.php\/2024\/12\/11\/sem-sequelas-lula-deve-voltar-as-atividades-na-proxima-semana\/#breadcrumb"},"inLanguage":"pt-BR","potentialAction":[{"@type":"ReadAction","target":["https:\/\/portalnpm.com\/index.php\/2024\/12\/11\/sem-sequelas-lula-deve-voltar-as-atividades-na-proxima-semana\/"]}]},{"@type":"ImageObject","inLanguage":"pt-BR","@id":"https:\/\/portalnpm.com\/index.php\/2024\/12\/11\/sem-sequelas-lula-deve-voltar-as-atividades-na-proxima-semana\/#primaryimage","url":"https:\/\/portalnpm.com\/wp-content\/uploads\/2024\/12\/IMG_5325.jpeg","contentUrl":"https:\/\/portalnpm.com\/wp-content\/uploads\/2024\/12\/IMG_5325.jpeg","width":790,"height":550,"caption":"Foto: Ricardo Stuckert\/PR"},{"@type":"BreadcrumbList","@id":"https:\/\/portalnpm.com\/index.php\/2024\/12\/11\/sem-sequelas-lula-deve-voltar-as-atividades-na-proxima-semana\/#breadcrumb","itemListElement":[{"@type":"ListItem","position":1,"name":"In\u00edcio","item":"https:\/\/portalnpm.com\/"},{"@type":"ListItem","position":2,"name":"Sem sequelas, Lula deve voltar \u00e0s atividades na pr\u00f3xima semana"}]},{"@type":"WebSite","@id":"https:\/\/portalnpm.com\/#website","url":"https:\/\/portalnpm.com\/","name":"Portal NPM","description":"Not\u00edcias em Primeira M\u00e3o","potentialAction":[{"@type":"SearchAction","target":{"@type":"EntryPoint","urlTemplate":"https:\/\/portalnpm.com\/?s={search_term_string}"},"query-input":"required name=search_term_string"}],"inLanguage":"pt-BR"},{"@type":"Person","@id":"https:\/\/portalnpm.com\/#\/schema\/person\/35cb55186eae3f074b6783da6d35591e","name":"Zenilton Lima","image":{"@type":"ImageObject","inLanguage":"pt-BR","@id":"https:\/\/portalnpm.com\/#\/schema\/person\/image\/","url":"https:\/\/portalnpm.com\/wp-content\/uploads\/2024\/12\/avatar_user_8_1733658137-96x96.jpeg","contentUrl":"https:\/\/portalnpm.com\/wp-content\/uploads\/2024\/12\/avatar_user_8_1733658137-96x96.jpeg","caption":"Zenilton Lima"},"url":"https:\/\/portalnpm.com\/index.php\/author\/zenilton\/"}]}},"jetpack_sharing_enabled":true,"jetpack_featured_media_url":"https:\/\/portalnpm.com\/wp-content\/uploads\/2024\/12\/IMG_5325.jpeg","_links":{"self":[{"href":"https:\/\/portalnpm.com\/index.php\/wp-json\/wp\/v2\/posts\/81938"}],"collection":[{"href":"https:\/\/portalnpm.com\/index.php\/wp-json\/wp\/v2\/posts"}],"about":[{"href":"https:\/\/portalnpm.com\/index.php\/wp-json\/wp\/v2\/types\/post"}],"author":[{"embeddable":true,"href":"https:\/\/portalnpm.com\/index.php\/wp-json\/wp\/v2\/users\/8"}],"replies":[{"embeddable":true,"href":"https:\/\/portalnpm.com\/index.php\/wp-json\/wp\/v2\/comments?post=81938"}],"version-history":[{"count":1,"href":"https:\/\/portalnpm.com\/index.php\/wp-json\/wp\/v2\/posts\/81938\/revisions"}],"predecessor-version":[{"id":81940,"href":"https:\/\/portalnpm.com\/index.php\/wp-json\/wp\/v2\/posts\/81938\/revisions\/81940"}],"wp:featuredmedia":[{"embeddable":true,"href":"https:\/\/portalnpm.com\/index.php\/wp-json\/wp\/v2\/media\/81939"}],"wp:attachment":[{"href":"https:\/\/portalnpm.com\/index.php\/wp-json\/wp\/v2\/media?parent=81938"}],"wp:term":[{"taxonomy":"category","embeddable":true,"href":"https:\/\/portalnpm.com\/index.php\/wp-json\/wp\/v2\/categories?post=81938"},{"taxonomy":"post_tag","embeddable":true,"href":"https:\/\/portalnpm.com\/index.php\/wp-json\/wp\/v2\/tags?post=81938"}],"curies":[{"name":"wp","href":"https:\/\/api.w.org\/{rel}","templated":true}]}}