{"id":81974,"date":"2024-12-14T10:18:54","date_gmt":"2024-12-14T13:18:54","guid":{"rendered":"https:\/\/portalnpm.com\/?p=81974"},"modified":"2024-12-14T10:18:54","modified_gmt":"2024-12-14T13:18:54","slug":"ministro-do-stf-andre-mendonca-realiza-palestra-em-teresina-rafael-fonteles-destaca-avanco-da-seguranca-do-piaui-no-evento","status":"publish","type":"post","link":"https:\/\/portalnpm.com\/index.php\/2024\/12\/14\/ministro-do-stf-andre-mendonca-realiza-palestra-em-teresina-rafael-fonteles-destaca-avanco-da-seguranca-do-piaui-no-evento\/","title":{"rendered":"Ministro do STF, Andr\u00e9 Mendon\u00e7a realiza palestra em Teresina; Rafael Fonteles destaca avan\u00e7o da seguran\u00e7a do Piau\u00ed no evento"},"content":{"rendered":"<p>O ministro do Supremo Tribunal Federal, Andr\u00e9 Mendon\u00e7a, palestrou em Teresina na tarde desta sexta-feira (13), durante o encerramento dos cursos de qualifica\u00e7\u00e3o ofertados pela Secretaria de Seguran\u00e7a P\u00fablica do Estado, com o tema \u201cGovernan\u00e7a e Seguran\u00e7a P\u00fablica e Combate ao Crime Organizado\u201d.<\/p>\n<p>Durante a abertura da solenidade, Rafael Fonteles destacou os avan\u00e7os na integra\u00e7\u00e3o das pol\u00edcias com os \u00f3rg\u00e3os que comp\u00f5em o judici\u00e1rio e Minist\u00e9rio P\u00fablico, al\u00e9m dos investimentos em tecnologia, o que tem contribu\u00eddo para a implementa\u00e7\u00e3o de solu\u00e7\u00f5es inovadoras na seguran\u00e7a.<\/p>\n<p>\u201cNossas diretrizes principais s\u00e3o focar em integra\u00e7\u00e3o e intelig\u00eancia. A integra\u00e7\u00e3o das for\u00e7as entre si, das for\u00e7as com o sistema judicial, das for\u00e7as de seguran\u00e7a tamb\u00e9m com a sociedade civil e tamb\u00e9m investir fortemente em intelig\u00eancia para que o Estado, o aparelho estatal, esteja sempre \u00e0 frente do crime organizado, que hoje \u00e9 uma verdadeira ind\u00fastria. Ent\u00e3o, n\u00f3s temos que ter muito investimento em intelig\u00eancia, para a gente poder vencer essa criminalidade que tanto degrada as nossas rela\u00e7\u00f5es humanas aqui no Brasil\u201d, afirmou o governador.<\/p>\n<p dir=\"ltr\">Rafael ressaltou o sucesso do Protocolo de Recupera\u00e7\u00e3o de Celulares, desenvolvido no Piau\u00ed pela equipe da Secretaria de Seguran\u00e7a P\u00fablica e que vem sendo adotado por v\u00e1rios estados brasileiros, gerando bons resultados na redu\u00e7\u00e3o de crimes como homic\u00eddios e roubo a ve\u00edculos. \u201cTemos o menor indicador de homic\u00eddios do norte-nordeste do Brasil, que \u00e9 a regi\u00e3o que mais sofre com a viol\u00eancia. E fazemos isso com uma pol\u00edcia extremamente capacitada, inteligente, precisa e que consegue gerar resultados sem ter que abusar da for\u00e7a\u201d, completou.<\/p>\n<figure id=\"attachment_81975\" aria-describedby=\"caption-attachment-81975\" style=\"width: 300px\" class=\"wp-caption alignnone\"><img fetchpriority=\"high\" decoding=\"async\" class=\"size-medium wp-image-81975\" src=\"https:\/\/portalnpm.com\/wp-content\/uploads\/2024\/12\/IMG_5382-300x200.jpeg\" alt=\"\" width=\"300\" height=\"200\" srcset=\"https:\/\/portalnpm.com\/wp-content\/uploads\/2024\/12\/IMG_5382-300x200.jpeg 300w, https:\/\/portalnpm.com\/wp-content\/uploads\/2024\/12\/IMG_5382-1024x683.jpeg 1024w, https:\/\/portalnpm.com\/wp-content\/uploads\/2024\/12\/IMG_5382-768x512.jpeg 768w, https:\/\/portalnpm.com\/wp-content\/uploads\/2024\/12\/IMG_5382-1536x1024.jpeg 1536w, https:\/\/portalnpm.com\/wp-content\/uploads\/2024\/12\/IMG_5382-2048x1366.jpeg 2048w\" sizes=\"(max-width: 300px) 100vw, 300px\" \/><figcaption id=\"caption-attachment-81975\" class=\"wp-caption-text\">Rafael Fonteles destaca avan\u00e7o da seguran\u00e7a p\u00fablica do Piau\u00ed no evento<br \/>Gabriel Paulino\/ Ccom<\/figcaption><\/figure>\n<div>O comandante da Pol\u00edcia Militar do Piau\u00ed, coronel Scheiwann Lopes, comentou sobre o refor\u00e7o das tropas do Estado, com a realiza\u00e7\u00e3o de concursos p\u00fablicos, e ressaltou a import\u00e2ncia da qualifica\u00e7\u00e3o desses policiais. \u201cNa Pol\u00edcia Militar, temos 7.100 homens e mulheres. N\u00f3s capacitamos mais de 8.600 profissionais, ou seja, tem policiais que fizeram mais de um curso. Isso significa um progresso na carreira, um curso de capacita\u00e7\u00e3o, ou um curso de especializa\u00e7\u00e3o para atuar no seu setor. Por isso, temos bons e excelentes dados de produtividade. S\u00e3o a\u00e7\u00f5es que tendem a diminuir o risco de dano para a nossa sociedade, que s\u00e3o aqueles que se servem no nosso servi\u00e7o\u201d, disse.<\/div>\n<div><\/div>\n<div>Tamb\u00e9m presente na solenidade, o superintendente da Pol\u00edcia Rodovi\u00e1ria Federal no Piau\u00ed, inspetor Fabr\u00edcio Loiola, destacou a import\u00e2ncia da qualifica\u00e7\u00e3o profissional para que as for\u00e7as de seguran\u00e7a consigam atender aos anseios da popula\u00e7\u00e3o. \u201cA Secretaria de Seguran\u00e7a P\u00fablica est\u00e1 de parab\u00e9ns ao investir em conhecimento. \u00c9 atrav\u00e9s da capacita\u00e7\u00e3o dos nossos servidores, dos policiais, \u00e9 atrav\u00e9s da busca por conhecimento que voc\u00ea consegue entregar um servi\u00e7o de melhor qualidade para a sociedade e consegue com a mesma quantidade de recursos humanos e materiais aumentar as entregas para o povo\u201d, destacou.<\/div>\n<div><\/div>\n<div>\n<figure id=\"attachment_81976\" aria-describedby=\"caption-attachment-81976\" style=\"width: 300px\" class=\"wp-caption alignnone\"><img decoding=\"async\" class=\"size-medium wp-image-81976\" src=\"https:\/\/portalnpm.com\/wp-content\/uploads\/2024\/12\/IMG_5383-300x200.jpeg\" alt=\"\" width=\"300\" height=\"200\" srcset=\"https:\/\/portalnpm.com\/wp-content\/uploads\/2024\/12\/IMG_5383-300x200.jpeg 300w, https:\/\/portalnpm.com\/wp-content\/uploads\/2024\/12\/IMG_5383-1024x683.jpeg 1024w, https:\/\/portalnpm.com\/wp-content\/uploads\/2024\/12\/IMG_5383-768x512.jpeg 768w, https:\/\/portalnpm.com\/wp-content\/uploads\/2024\/12\/IMG_5383-1536x1024.jpeg 1536w, https:\/\/portalnpm.com\/wp-content\/uploads\/2024\/12\/IMG_5383-2048x1366.jpeg 2048w\" sizes=\"(max-width: 300px) 100vw, 300px\" \/><figcaption id=\"caption-attachment-81976\" class=\"wp-caption-text\">Ministro Andr\u00e9 Mendon\u00e7a em Teresina<br \/>Gabriel Paulino\/ Ccom<\/figcaption><\/figure>\n<p><em><strong>Fonte<\/strong>: Portal A10+ com informa\u00e7\u00f5es da Ccom<\/em><\/p>\n<\/div>\n","protected":false},"excerpt":{"rendered":"<p>O ministro do Supremo Tribunal Federal, Andr\u00e9 Mendon\u00e7a, palestrou em Teresina na tarde desta sexta-feira (13), durante o encerramento dos cursos de qualifica\u00e7\u00e3o ofertados pela Secretaria de Seguran\u00e7a P\u00fablica do Estado, com o tema \u201cGovernan\u00e7a e Seguran\u00e7a P\u00fablica e Combate ao Crime Organizado\u201d. Durante a abertura da solenidade, Rafael Fonteles destacou os avan\u00e7os na integra\u00e7\u00e3o &hellip;<\/p>\n","protected":false},"author":8,"featured_media":81977,"comment_status":"open","ping_status":"open","sticky":false,"template":"","format":"standard","meta":{"content-type":"","rop_custom_images_group":[],"rop_custom_messages_group":[],"rop_publish_now":"yes","rop_publish_now_accounts":{"facebook_2648258775420054_1618374048415101":""},"rop_publish_now_history":[],"rop_publish_now_status":"pending","footnotes":"","_jetpack_memberships_contains_paid_content":false},"categories":[125,118],"tags":[958,16110,836,9614,855,3267,1192,3104,1253,16188,187,1191,1143,11696,2527,766],"yoast_head":"<!-- This site is optimized with the Yoast SEO plugin v22.3 - https:\/\/yoast.com\/wordpress\/plugins\/seo\/ -->\n<title>Ministro do STF, Andr\u00e9 Mendon\u00e7a realiza palestra em Teresina; Rafael Fonteles destaca avan\u00e7o da seguran\u00e7a do Piau\u00ed no evento - Portal NPM<\/title>\n<meta name=\"robots\" content=\"index, follow, max-snippet:-1, max-image-preview:large, max-video-preview:-1\" \/>\n<link rel=\"canonical\" href=\"https:\/\/portalnpm.com\/index.php\/2024\/12\/14\/ministro-do-stf-andre-mendonca-realiza-palestra-em-teresina-rafael-fonteles-destaca-avanco-da-seguranca-do-piaui-no-evento\/\" \/>\n<meta property=\"og:locale\" content=\"pt_BR\" \/>\n<meta property=\"og:type\" content=\"article\" \/>\n<meta property=\"og:title\" content=\"Ministro do STF, Andr\u00e9 Mendon\u00e7a realiza palestra em Teresina; Rafael Fonteles destaca avan\u00e7o da seguran\u00e7a do Piau\u00ed no evento - Portal NPM\" \/>\n<meta property=\"og:description\" content=\"O ministro do Supremo Tribunal Federal, Andr\u00e9 Mendon\u00e7a, palestrou em Teresina na tarde desta sexta-feira (13), durante o encerramento dos cursos de qualifica\u00e7\u00e3o ofertados pela Secretaria de Seguran\u00e7a P\u00fablica do Estado, com o tema \u201cGovernan\u00e7a e Seguran\u00e7a P\u00fablica e Combate ao Crime Organizado\u201d. Durante a abertura da solenidade, Rafael Fonteles destacou os avan\u00e7os na integra\u00e7\u00e3o &hellip;\" \/>\n<meta property=\"og:url\" content=\"https:\/\/portalnpm.com\/index.php\/2024\/12\/14\/ministro-do-stf-andre-mendonca-realiza-palestra-em-teresina-rafael-fonteles-destaca-avanco-da-seguranca-do-piaui-no-evento\/\" \/>\n<meta property=\"og:site_name\" content=\"Portal NPM\" \/>\n<meta property=\"article:published_time\" content=\"2024-12-14T13:18:54+00:00\" \/>\n<meta property=\"og:image\" content=\"https:\/\/portalnpm.com\/wp-content\/uploads\/2024\/12\/IMG_5384-scaled.jpeg\" \/>\n\t<meta property=\"og:image:width\" content=\"2560\" \/>\n\t<meta property=\"og:image:height\" content=\"1707\" \/>\n\t<meta property=\"og:image:type\" content=\"image\/jpeg\" \/>\n<meta name=\"author\" content=\"Zenilton Lima\" \/>\n<meta name=\"twitter:card\" content=\"summary_large_image\" \/>\n<meta name=\"twitter:label1\" content=\"Escrito por\" \/>\n\t<meta name=\"twitter:data1\" content=\"Zenilton Lima\" \/>\n\t<meta name=\"twitter:label2\" content=\"Est. tempo de leitura\" \/>\n\t<meta name=\"twitter:data2\" content=\"4 minutos\" \/>\n<script type=\"application\/ld+json\" class=\"yoast-schema-graph\">{\"@context\":\"https:\/\/schema.org\",\"@graph\":[{\"@type\":\"WebPage\",\"@id\":\"https:\/\/portalnpm.com\/index.php\/2024\/12\/14\/ministro-do-stf-andre-mendonca-realiza-palestra-em-teresina-rafael-fonteles-destaca-avanco-da-seguranca-do-piaui-no-evento\/\",\"url\":\"https:\/\/portalnpm.com\/index.php\/2024\/12\/14\/ministro-do-stf-andre-mendonca-realiza-palestra-em-teresina-rafael-fonteles-destaca-avanco-da-seguranca-do-piaui-no-evento\/\",\"name\":\"Ministro do STF, Andr\u00e9 Mendon\u00e7a realiza palestra em Teresina; Rafael Fonteles destaca avan\u00e7o da seguran\u00e7a do Piau\u00ed no evento - Portal NPM\",\"isPartOf\":{\"@id\":\"https:\/\/portalnpm.com\/#website\"},\"primaryImageOfPage\":{\"@id\":\"https:\/\/portalnpm.com\/index.php\/2024\/12\/14\/ministro-do-stf-andre-mendonca-realiza-palestra-em-teresina-rafael-fonteles-destaca-avanco-da-seguranca-do-piaui-no-evento\/#primaryimage\"},\"image\":{\"@id\":\"https:\/\/portalnpm.com\/index.php\/2024\/12\/14\/ministro-do-stf-andre-mendonca-realiza-palestra-em-teresina-rafael-fonteles-destaca-avanco-da-seguranca-do-piaui-no-evento\/#primaryimage\"},\"thumbnailUrl\":\"https:\/\/portalnpm.com\/wp-content\/uploads\/2024\/12\/IMG_5384-scaled.jpeg\",\"datePublished\":\"2024-12-14T13:18:54+00:00\",\"dateModified\":\"2024-12-14T13:18:54+00:00\",\"author\":{\"@id\":\"https:\/\/portalnpm.com\/#\/schema\/person\/35cb55186eae3f074b6783da6d35591e\"},\"breadcrumb\":{\"@id\":\"https:\/\/portalnpm.com\/index.php\/2024\/12\/14\/ministro-do-stf-andre-mendonca-realiza-palestra-em-teresina-rafael-fonteles-destaca-avanco-da-seguranca-do-piaui-no-evento\/#breadcrumb\"},\"inLanguage\":\"pt-BR\",\"potentialAction\":[{\"@type\":\"ReadAction\",\"target\":[\"https:\/\/portalnpm.com\/index.php\/2024\/12\/14\/ministro-do-stf-andre-mendonca-realiza-palestra-em-teresina-rafael-fonteles-destaca-avanco-da-seguranca-do-piaui-no-evento\/\"]}]},{\"@type\":\"ImageObject\",\"inLanguage\":\"pt-BR\",\"@id\":\"https:\/\/portalnpm.com\/index.php\/2024\/12\/14\/ministro-do-stf-andre-mendonca-realiza-palestra-em-teresina-rafael-fonteles-destaca-avanco-da-seguranca-do-piaui-no-evento\/#primaryimage\",\"url\":\"https:\/\/portalnpm.com\/wp-content\/uploads\/2024\/12\/IMG_5384-scaled.jpeg\",\"contentUrl\":\"https:\/\/portalnpm.com\/wp-content\/uploads\/2024\/12\/IMG_5384-scaled.jpeg\",\"width\":2560,\"height\":1707,\"caption\":\"Ministro do STF, Andr\u00e9 Mendon\u00e7a realiza palestra em Teresina Gabriel Paulino\/ Ccom\"},{\"@type\":\"BreadcrumbList\",\"@id\":\"https:\/\/portalnpm.com\/index.php\/2024\/12\/14\/ministro-do-stf-andre-mendonca-realiza-palestra-em-teresina-rafael-fonteles-destaca-avanco-da-seguranca-do-piaui-no-evento\/#breadcrumb\",\"itemListElement\":[{\"@type\":\"ListItem\",\"position\":1,\"name\":\"In\u00edcio\",\"item\":\"https:\/\/portalnpm.com\/\"},{\"@type\":\"ListItem\",\"position\":2,\"name\":\"Ministro do STF, Andr\u00e9 Mendon\u00e7a realiza palestra em Teresina; Rafael Fonteles destaca avan\u00e7o da seguran\u00e7a do Piau\u00ed no evento\"}]},{\"@type\":\"WebSite\",\"@id\":\"https:\/\/portalnpm.com\/#website\",\"url\":\"https:\/\/portalnpm.com\/\",\"name\":\"Portal NPM\",\"description\":\"Not\u00edcias em Primeira M\u00e3o\",\"potentialAction\":[{\"@type\":\"SearchAction\",\"target\":{\"@type\":\"EntryPoint\",\"urlTemplate\":\"https:\/\/portalnpm.com\/?s={search_term_string}\"},\"query-input\":\"required name=search_term_string\"}],\"inLanguage\":\"pt-BR\"},{\"@type\":\"Person\",\"@id\":\"https:\/\/portalnpm.com\/#\/schema\/person\/35cb55186eae3f074b6783da6d35591e\",\"name\":\"Zenilton Lima\",\"image\":{\"@type\":\"ImageObject\",\"inLanguage\":\"pt-BR\",\"@id\":\"https:\/\/portalnpm.com\/#\/schema\/person\/image\/\",\"url\":\"https:\/\/portalnpm.com\/wp-content\/uploads\/2024\/12\/avatar_user_8_1733658137-96x96.jpeg\",\"contentUrl\":\"https:\/\/portalnpm.com\/wp-content\/uploads\/2024\/12\/avatar_user_8_1733658137-96x96.jpeg\",\"caption\":\"Zenilton Lima\"},\"url\":\"https:\/\/portalnpm.com\/index.php\/author\/zenilton\/\"}]}<\/script>\n<!-- \/ Yoast SEO plugin. -->","yoast_head_json":{"title":"Ministro do STF, Andr\u00e9 Mendon\u00e7a realiza palestra em Teresina; Rafael Fonteles destaca avan\u00e7o da seguran\u00e7a do Piau\u00ed no evento - Portal NPM","robots":{"index":"index","follow":"follow","max-snippet":"max-snippet:-1","max-image-preview":"max-image-preview:large","max-video-preview":"max-video-preview:-1"},"canonical":"https:\/\/portalnpm.com\/index.php\/2024\/12\/14\/ministro-do-stf-andre-mendonca-realiza-palestra-em-teresina-rafael-fonteles-destaca-avanco-da-seguranca-do-piaui-no-evento\/","og_locale":"pt_BR","og_type":"article","og_title":"Ministro do STF, Andr\u00e9 Mendon\u00e7a realiza palestra em Teresina; Rafael Fonteles destaca avan\u00e7o da seguran\u00e7a do Piau\u00ed no evento - Portal NPM","og_description":"O ministro do Supremo Tribunal Federal, Andr\u00e9 Mendon\u00e7a, palestrou em Teresina na tarde desta sexta-feira (13), durante o encerramento dos cursos de qualifica\u00e7\u00e3o ofertados pela Secretaria de Seguran\u00e7a P\u00fablica do Estado, com o tema \u201cGovernan\u00e7a e Seguran\u00e7a P\u00fablica e Combate ao Crime Organizado\u201d. Durante a abertura da solenidade, Rafael Fonteles destacou os avan\u00e7os na integra\u00e7\u00e3o &hellip;","og_url":"https:\/\/portalnpm.com\/index.php\/2024\/12\/14\/ministro-do-stf-andre-mendonca-realiza-palestra-em-teresina-rafael-fonteles-destaca-avanco-da-seguranca-do-piaui-no-evento\/","og_site_name":"Portal NPM","article_published_time":"2024-12-14T13:18:54+00:00","og_image":[{"width":2560,"height":1707,"url":"https:\/\/portalnpm.com\/wp-content\/uploads\/2024\/12\/IMG_5384-scaled.jpeg","type":"image\/jpeg"}],"author":"Zenilton Lima","twitter_card":"summary_large_image","twitter_misc":{"Escrito por":"Zenilton Lima","Est. tempo de leitura":"4 minutos"},"schema":{"@context":"https:\/\/schema.org","@graph":[{"@type":"WebPage","@id":"https:\/\/portalnpm.com\/index.php\/2024\/12\/14\/ministro-do-stf-andre-mendonca-realiza-palestra-em-teresina-rafael-fonteles-destaca-avanco-da-seguranca-do-piaui-no-evento\/","url":"https:\/\/portalnpm.com\/index.php\/2024\/12\/14\/ministro-do-stf-andre-mendonca-realiza-palestra-em-teresina-rafael-fonteles-destaca-avanco-da-seguranca-do-piaui-no-evento\/","name":"Ministro do STF, Andr\u00e9 Mendon\u00e7a realiza palestra em Teresina; Rafael Fonteles destaca avan\u00e7o da seguran\u00e7a do Piau\u00ed no evento - Portal NPM","isPartOf":{"@id":"https:\/\/portalnpm.com\/#website"},"primaryImageOfPage":{"@id":"https:\/\/portalnpm.com\/index.php\/2024\/12\/14\/ministro-do-stf-andre-mendonca-realiza-palestra-em-teresina-rafael-fonteles-destaca-avanco-da-seguranca-do-piaui-no-evento\/#primaryimage"},"image":{"@id":"https:\/\/portalnpm.com\/index.php\/2024\/12\/14\/ministro-do-stf-andre-mendonca-realiza-palestra-em-teresina-rafael-fonteles-destaca-avanco-da-seguranca-do-piaui-no-evento\/#primaryimage"},"thumbnailUrl":"https:\/\/portalnpm.com\/wp-content\/uploads\/2024\/12\/IMG_5384-scaled.jpeg","datePublished":"2024-12-14T13:18:54+00:00","dateModified":"2024-12-14T13:18:54+00:00","author":{"@id":"https:\/\/portalnpm.com\/#\/schema\/person\/35cb55186eae3f074b6783da6d35591e"},"breadcrumb":{"@id":"https:\/\/portalnpm.com\/index.php\/2024\/12\/14\/ministro-do-stf-andre-mendonca-realiza-palestra-em-teresina-rafael-fonteles-destaca-avanco-da-seguranca-do-piaui-no-evento\/#breadcrumb"},"inLanguage":"pt-BR","potentialAction":[{"@type":"ReadAction","target":["https:\/\/portalnpm.com\/index.php\/2024\/12\/14\/ministro-do-stf-andre-mendonca-realiza-palestra-em-teresina-rafael-fonteles-destaca-avanco-da-seguranca-do-piaui-no-evento\/"]}]},{"@type":"ImageObject","inLanguage":"pt-BR","@id":"https:\/\/portalnpm.com\/index.php\/2024\/12\/14\/ministro-do-stf-andre-mendonca-realiza-palestra-em-teresina-rafael-fonteles-destaca-avanco-da-seguranca-do-piaui-no-evento\/#primaryimage","url":"https:\/\/portalnpm.com\/wp-content\/uploads\/2024\/12\/IMG_5384-scaled.jpeg","contentUrl":"https:\/\/portalnpm.com\/wp-content\/uploads\/2024\/12\/IMG_5384-scaled.jpeg","width":2560,"height":1707,"caption":"Ministro do STF, Andr\u00e9 Mendon\u00e7a realiza palestra em Teresina Gabriel Paulino\/ Ccom"},{"@type":"BreadcrumbList","@id":"https:\/\/portalnpm.com\/index.php\/2024\/12\/14\/ministro-do-stf-andre-mendonca-realiza-palestra-em-teresina-rafael-fonteles-destaca-avanco-da-seguranca-do-piaui-no-evento\/#breadcrumb","itemListElement":[{"@type":"ListItem","position":1,"name":"In\u00edcio","item":"https:\/\/portalnpm.com\/"},{"@type":"ListItem","position":2,"name":"Ministro do STF, Andr\u00e9 Mendon\u00e7a realiza palestra em Teresina; Rafael Fonteles destaca avan\u00e7o da seguran\u00e7a do Piau\u00ed no evento"}]},{"@type":"WebSite","@id":"https:\/\/portalnpm.com\/#website","url":"https:\/\/portalnpm.com\/","name":"Portal NPM","description":"Not\u00edcias em Primeira M\u00e3o","potentialAction":[{"@type":"SearchAction","target":{"@type":"EntryPoint","urlTemplate":"https:\/\/portalnpm.com\/?s={search_term_string}"},"query-input":"required name=search_term_string"}],"inLanguage":"pt-BR"},{"@type":"Person","@id":"https:\/\/portalnpm.com\/#\/schema\/person\/35cb55186eae3f074b6783da6d35591e","name":"Zenilton Lima","image":{"@type":"ImageObject","inLanguage":"pt-BR","@id":"https:\/\/portalnpm.com\/#\/schema\/person\/image\/","url":"https:\/\/portalnpm.com\/wp-content\/uploads\/2024\/12\/avatar_user_8_1733658137-96x96.jpeg","contentUrl":"https:\/\/portalnpm.com\/wp-content\/uploads\/2024\/12\/avatar_user_8_1733658137-96x96.jpeg","caption":"Zenilton Lima"},"url":"https:\/\/portalnpm.com\/index.php\/author\/zenilton\/"}]}},"jetpack_sharing_enabled":true,"jetpack_featured_media_url":"https:\/\/portalnpm.com\/wp-content\/uploads\/2024\/12\/IMG_5384-scaled.jpeg","_links":{"self":[{"href":"https:\/\/portalnpm.com\/index.php\/wp-json\/wp\/v2\/posts\/81974"}],"collection":[{"href":"https:\/\/portalnpm.com\/index.php\/wp-json\/wp\/v2\/posts"}],"about":[{"href":"https:\/\/portalnpm.com\/index.php\/wp-json\/wp\/v2\/types\/post"}],"author":[{"embeddable":true,"href":"https:\/\/portalnpm.com\/index.php\/wp-json\/wp\/v2\/users\/8"}],"replies":[{"embeddable":true,"href":"https:\/\/portalnpm.com\/index.php\/wp-json\/wp\/v2\/comments?post=81974"}],"version-history":[{"count":1,"href":"https:\/\/portalnpm.com\/index.php\/wp-json\/wp\/v2\/posts\/81974\/revisions"}],"predecessor-version":[{"id":81978,"href":"https:\/\/portalnpm.com\/index.php\/wp-json\/wp\/v2\/posts\/81974\/revisions\/81978"}],"wp:featuredmedia":[{"embeddable":true,"href":"https:\/\/portalnpm.com\/index.php\/wp-json\/wp\/v2\/media\/81977"}],"wp:attachment":[{"href":"https:\/\/portalnpm.com\/index.php\/wp-json\/wp\/v2\/media?parent=81974"}],"wp:term":[{"taxonomy":"category","embeddable":true,"href":"https:\/\/portalnpm.com\/index.php\/wp-json\/wp\/v2\/categories?post=81974"},{"taxonomy":"post_tag","embeddable":true,"href":"https:\/\/portalnpm.com\/index.php\/wp-json\/wp\/v2\/tags?post=81974"}],"curies":[{"name":"wp","href":"https:\/\/api.w.org\/{rel}","templated":true}]}}