{"id":82045,"date":"2024-12-17T10:31:43","date_gmt":"2024-12-17T13:31:43","guid":{"rendered":"https:\/\/portalnpm.com\/?p=82045"},"modified":"2024-12-17T10:31:43","modified_gmt":"2024-12-17T13:31:43","slug":"governador-rafael-fonteles-cria-parque-tecnologico-do-estado-do-piaui","status":"publish","type":"post","link":"https:\/\/portalnpm.com\/index.php\/2024\/12\/17\/governador-rafael-fonteles-cria-parque-tecnologico-do-estado-do-piaui\/","title":{"rendered":"Governador Rafael Fonteles cria Parque Tecnol\u00f3gico do Estado do Piau\u00ed"},"content":{"rendered":"<p>O<strong> governador Rafael Fonteles<\/strong> assinou no \u00faltimo final de semana o decreto que institui o <strong>Parque Tecnol\u00f3gico do Estado do Piau\u00ed<\/strong>, uma iniciativa voltada para impulsionar a pesquisa cient\u00edfica, o desenvolvimento tecnol\u00f3gico e a competitividade empresarial na regi\u00e3o. A medida, oficializada no Decreto N\u00ba 23.479, estabelece o compromisso do governo estadual com a inova\u00e7\u00e3o e a transforma\u00e7\u00e3o digital, colocando o Piau\u00ed em destaque no cen\u00e1rio nacional de tecnologia.<\/p>\n<p>A <strong>gest\u00e3o do Parque Tecnol\u00f3gico ser\u00e1 coordenada pela Secretaria de Administra\u00e7\u00e3o (SEAD)<\/strong>, que ter\u00e1 papel central na articula\u00e7\u00e3o de projetos, capta\u00e7\u00e3o de recursos e estabelecimento de parcerias com institui\u00e7\u00f5es p\u00fablicas e privadas. A execu\u00e7\u00e3o t\u00e9cnica e operacional ser\u00e1 responsabilidade do Piau\u00ed <strong>Instituto de Tecnologia (PIT)<\/strong>, encarregado de gerenciar a infraestrutura, atrair empresas e startups, e promover a intera\u00e7\u00e3o entre universidades, empresas e governo.<\/p>\n<p>Segundo o decreto, o Parque Tecnol\u00f3gico tamb\u00e9m contar\u00e1 com o apoio da <strong>Secretaria de Intelig\u00eancia Artificial, Economia Digital<\/strong>, Ci\u00eancia, Tecnologia e Inova\u00e7\u00e3o do Estado. Essa pasta ser\u00e1 respons\u00e1vel por implementar pol\u00edticas relacionadas \u00e0 intelig\u00eancia artificial, transforma\u00e7\u00e3o digital e automa\u00e7\u00e3o, al\u00e9m de fomentar a ado\u00e7\u00e3o de tecnologias inovadoras nas cadeias produtivas.<\/p>\n<p>A \u00e1rea destinada ao Parque ser\u00e1 definida em ato espec\u00edfico, <strong>atendendo crit\u00e9rios t\u00e9cnicos e diretrizes ambientais<\/strong>. A SEAD, por sua vez, dever\u00e1 regulamentar normas complementares para assegurar o funcionamento e a governan\u00e7a da iniciativa, garantindo a integra\u00e7\u00e3o de esfor\u00e7os entre governo, academia e setor privado.<\/p>\n<p>O decreto tamb\u00e9m destaca a import\u00e2ncia de incentivar a instala\u00e7\u00e3o de startups e centros de pesquisa no Parque, promovendo uma <strong>cultura de inova\u00e7\u00e3o que beneficiar\u00e1 diretamente a economia local e regional<\/strong>.<\/p>\n<p><strong>Fonte<\/strong>: Meio Norte<\/p>\n","protected":false},"excerpt":{"rendered":"<p>O governador Rafael Fonteles assinou no \u00faltimo final de semana o decreto que institui o Parque Tecnol\u00f3gico do Estado do Piau\u00ed, uma iniciativa voltada para impulsionar a pesquisa cient\u00edfica, o desenvolvimento tecnol\u00f3gico e a competitividade empresarial na regi\u00e3o. A medida, oficializada no Decreto N\u00ba 23.479, estabelece o compromisso do governo estadual com a inova\u00e7\u00e3o e &hellip;<\/p>\n","protected":false},"author":8,"featured_media":82046,"comment_status":"open","ping_status":"open","sticky":false,"template":"","format":"standard","meta":{"content-type":"","rop_custom_images_group":[],"rop_custom_messages_group":[],"rop_publish_now":"yes","rop_publish_now_accounts":{"facebook_2648258775420054_1618374048415101":""},"rop_publish_now_history":[],"rop_publish_now_status":"pending","footnotes":"","_jetpack_memberships_contains_paid_content":false},"categories":[130],"tags":[4400,1185,1192,402,2037,187,1191,16207],"yoast_head":"<!-- This site is optimized with the Yoast SEO plugin v22.3 - https:\/\/yoast.com\/wordpress\/plugins\/seo\/ -->\n<title>Governador Rafael Fonteles cria Parque Tecnol\u00f3gico do Estado do Piau\u00ed - Portal NPM<\/title>\n<meta name=\"robots\" content=\"index, follow, max-snippet:-1, max-image-preview:large, max-video-preview:-1\" \/>\n<link rel=\"canonical\" href=\"https:\/\/portalnpm.com\/index.php\/2024\/12\/17\/governador-rafael-fonteles-cria-parque-tecnologico-do-estado-do-piaui\/\" \/>\n<meta property=\"og:locale\" content=\"pt_BR\" \/>\n<meta property=\"og:type\" content=\"article\" \/>\n<meta property=\"og:title\" content=\"Governador Rafael Fonteles cria Parque Tecnol\u00f3gico do Estado do Piau\u00ed - Portal NPM\" \/>\n<meta property=\"og:description\" content=\"O governador Rafael Fonteles assinou no \u00faltimo final de semana o decreto que institui o Parque Tecnol\u00f3gico do Estado do Piau\u00ed, uma iniciativa voltada para impulsionar a pesquisa cient\u00edfica, o desenvolvimento tecnol\u00f3gico e a competitividade empresarial na regi\u00e3o. A medida, oficializada no Decreto N\u00ba 23.479, estabelece o compromisso do governo estadual com a inova\u00e7\u00e3o e &hellip;\" \/>\n<meta property=\"og:url\" content=\"https:\/\/portalnpm.com\/index.php\/2024\/12\/17\/governador-rafael-fonteles-cria-parque-tecnologico-do-estado-do-piaui\/\" \/>\n<meta property=\"og:site_name\" content=\"Portal NPM\" \/>\n<meta property=\"article:published_time\" content=\"2024-12-17T13:31:43+00:00\" \/>\n<meta property=\"og:image\" content=\"https:\/\/portalnpm.com\/wp-content\/uploads\/2024\/12\/IMG_5437.webp\" \/>\n\t<meta property=\"og:image:width\" content=\"1167\" \/>\n\t<meta property=\"og:image:height\" content=\"870\" \/>\n\t<meta property=\"og:image:type\" content=\"image\/webp\" \/>\n<meta name=\"author\" content=\"Zenilton Lima\" \/>\n<meta name=\"twitter:card\" content=\"summary_large_image\" \/>\n<meta name=\"twitter:label1\" content=\"Escrito por\" \/>\n\t<meta name=\"twitter:data1\" content=\"Zenilton Lima\" \/>\n\t<meta name=\"twitter:label2\" content=\"Est. tempo de leitura\" \/>\n\t<meta name=\"twitter:data2\" content=\"2 minutos\" \/>\n<script type=\"application\/ld+json\" class=\"yoast-schema-graph\">{\"@context\":\"https:\/\/schema.org\",\"@graph\":[{\"@type\":\"WebPage\",\"@id\":\"https:\/\/portalnpm.com\/index.php\/2024\/12\/17\/governador-rafael-fonteles-cria-parque-tecnologico-do-estado-do-piaui\/\",\"url\":\"https:\/\/portalnpm.com\/index.php\/2024\/12\/17\/governador-rafael-fonteles-cria-parque-tecnologico-do-estado-do-piaui\/\",\"name\":\"Governador Rafael Fonteles cria Parque Tecnol\u00f3gico do Estado do Piau\u00ed - Portal NPM\",\"isPartOf\":{\"@id\":\"https:\/\/portalnpm.com\/#website\"},\"primaryImageOfPage\":{\"@id\":\"https:\/\/portalnpm.com\/index.php\/2024\/12\/17\/governador-rafael-fonteles-cria-parque-tecnologico-do-estado-do-piaui\/#primaryimage\"},\"image\":{\"@id\":\"https:\/\/portalnpm.com\/index.php\/2024\/12\/17\/governador-rafael-fonteles-cria-parque-tecnologico-do-estado-do-piaui\/#primaryimage\"},\"thumbnailUrl\":\"https:\/\/portalnpm.com\/wp-content\/uploads\/2024\/12\/IMG_5437.webp\",\"datePublished\":\"2024-12-17T13:31:43+00:00\",\"dateModified\":\"2024-12-17T13:31:43+00:00\",\"author\":{\"@id\":\"https:\/\/portalnpm.com\/#\/schema\/person\/35cb55186eae3f074b6783da6d35591e\"},\"breadcrumb\":{\"@id\":\"https:\/\/portalnpm.com\/index.php\/2024\/12\/17\/governador-rafael-fonteles-cria-parque-tecnologico-do-estado-do-piaui\/#breadcrumb\"},\"inLanguage\":\"pt-BR\",\"potentialAction\":[{\"@type\":\"ReadAction\",\"target\":[\"https:\/\/portalnpm.com\/index.php\/2024\/12\/17\/governador-rafael-fonteles-cria-parque-tecnologico-do-estado-do-piaui\/\"]}]},{\"@type\":\"ImageObject\",\"inLanguage\":\"pt-BR\",\"@id\":\"https:\/\/portalnpm.com\/index.php\/2024\/12\/17\/governador-rafael-fonteles-cria-parque-tecnologico-do-estado-do-piaui\/#primaryimage\",\"url\":\"https:\/\/portalnpm.com\/wp-content\/uploads\/2024\/12\/IMG_5437.webp\",\"contentUrl\":\"https:\/\/portalnpm.com\/wp-content\/uploads\/2024\/12\/IMG_5437.webp\",\"width\":1167,\"height\":870,\"caption\":\"O governador do Piau\u00ed, Rafael Fonteles, assinou o decreto que cria o Parque Tecnol\u00f3gico. | Divulga\u00e7\u00e3o\/Reprodu\u00e7\u00e3o\"},{\"@type\":\"BreadcrumbList\",\"@id\":\"https:\/\/portalnpm.com\/index.php\/2024\/12\/17\/governador-rafael-fonteles-cria-parque-tecnologico-do-estado-do-piaui\/#breadcrumb\",\"itemListElement\":[{\"@type\":\"ListItem\",\"position\":1,\"name\":\"In\u00edcio\",\"item\":\"https:\/\/portalnpm.com\/\"},{\"@type\":\"ListItem\",\"position\":2,\"name\":\"Governador Rafael Fonteles cria Parque Tecnol\u00f3gico do Estado do Piau\u00ed\"}]},{\"@type\":\"WebSite\",\"@id\":\"https:\/\/portalnpm.com\/#website\",\"url\":\"https:\/\/portalnpm.com\/\",\"name\":\"Portal NPM\",\"description\":\"Not\u00edcias em Primeira M\u00e3o\",\"potentialAction\":[{\"@type\":\"SearchAction\",\"target\":{\"@type\":\"EntryPoint\",\"urlTemplate\":\"https:\/\/portalnpm.com\/?s={search_term_string}\"},\"query-input\":\"required name=search_term_string\"}],\"inLanguage\":\"pt-BR\"},{\"@type\":\"Person\",\"@id\":\"https:\/\/portalnpm.com\/#\/schema\/person\/35cb55186eae3f074b6783da6d35591e\",\"name\":\"Zenilton Lima\",\"image\":{\"@type\":\"ImageObject\",\"inLanguage\":\"pt-BR\",\"@id\":\"https:\/\/portalnpm.com\/#\/schema\/person\/image\/\",\"url\":\"https:\/\/portalnpm.com\/wp-content\/uploads\/2024\/12\/avatar_user_8_1733658137-96x96.jpeg\",\"contentUrl\":\"https:\/\/portalnpm.com\/wp-content\/uploads\/2024\/12\/avatar_user_8_1733658137-96x96.jpeg\",\"caption\":\"Zenilton Lima\"},\"url\":\"https:\/\/portalnpm.com\/index.php\/author\/zenilton\/\"}]}<\/script>\n<!-- \/ Yoast SEO plugin. -->","yoast_head_json":{"title":"Governador Rafael Fonteles cria Parque Tecnol\u00f3gico do Estado do Piau\u00ed - Portal NPM","robots":{"index":"index","follow":"follow","max-snippet":"max-snippet:-1","max-image-preview":"max-image-preview:large","max-video-preview":"max-video-preview:-1"},"canonical":"https:\/\/portalnpm.com\/index.php\/2024\/12\/17\/governador-rafael-fonteles-cria-parque-tecnologico-do-estado-do-piaui\/","og_locale":"pt_BR","og_type":"article","og_title":"Governador Rafael Fonteles cria Parque Tecnol\u00f3gico do Estado do Piau\u00ed - Portal NPM","og_description":"O governador Rafael Fonteles assinou no \u00faltimo final de semana o decreto que institui o Parque Tecnol\u00f3gico do Estado do Piau\u00ed, uma iniciativa voltada para impulsionar a pesquisa cient\u00edfica, o desenvolvimento tecnol\u00f3gico e a competitividade empresarial na regi\u00e3o. A medida, oficializada no Decreto N\u00ba 23.479, estabelece o compromisso do governo estadual com a inova\u00e7\u00e3o e &hellip;","og_url":"https:\/\/portalnpm.com\/index.php\/2024\/12\/17\/governador-rafael-fonteles-cria-parque-tecnologico-do-estado-do-piaui\/","og_site_name":"Portal NPM","article_published_time":"2024-12-17T13:31:43+00:00","og_image":[{"width":1167,"height":870,"url":"https:\/\/portalnpm.com\/wp-content\/uploads\/2024\/12\/IMG_5437.webp","type":"image\/webp"}],"author":"Zenilton Lima","twitter_card":"summary_large_image","twitter_misc":{"Escrito por":"Zenilton Lima","Est. tempo de leitura":"2 minutos"},"schema":{"@context":"https:\/\/schema.org","@graph":[{"@type":"WebPage","@id":"https:\/\/portalnpm.com\/index.php\/2024\/12\/17\/governador-rafael-fonteles-cria-parque-tecnologico-do-estado-do-piaui\/","url":"https:\/\/portalnpm.com\/index.php\/2024\/12\/17\/governador-rafael-fonteles-cria-parque-tecnologico-do-estado-do-piaui\/","name":"Governador Rafael Fonteles cria Parque Tecnol\u00f3gico do Estado do Piau\u00ed - Portal NPM","isPartOf":{"@id":"https:\/\/portalnpm.com\/#website"},"primaryImageOfPage":{"@id":"https:\/\/portalnpm.com\/index.php\/2024\/12\/17\/governador-rafael-fonteles-cria-parque-tecnologico-do-estado-do-piaui\/#primaryimage"},"image":{"@id":"https:\/\/portalnpm.com\/index.php\/2024\/12\/17\/governador-rafael-fonteles-cria-parque-tecnologico-do-estado-do-piaui\/#primaryimage"},"thumbnailUrl":"https:\/\/portalnpm.com\/wp-content\/uploads\/2024\/12\/IMG_5437.webp","datePublished":"2024-12-17T13:31:43+00:00","dateModified":"2024-12-17T13:31:43+00:00","author":{"@id":"https:\/\/portalnpm.com\/#\/schema\/person\/35cb55186eae3f074b6783da6d35591e"},"breadcrumb":{"@id":"https:\/\/portalnpm.com\/index.php\/2024\/12\/17\/governador-rafael-fonteles-cria-parque-tecnologico-do-estado-do-piaui\/#breadcrumb"},"inLanguage":"pt-BR","potentialAction":[{"@type":"ReadAction","target":["https:\/\/portalnpm.com\/index.php\/2024\/12\/17\/governador-rafael-fonteles-cria-parque-tecnologico-do-estado-do-piaui\/"]}]},{"@type":"ImageObject","inLanguage":"pt-BR","@id":"https:\/\/portalnpm.com\/index.php\/2024\/12\/17\/governador-rafael-fonteles-cria-parque-tecnologico-do-estado-do-piaui\/#primaryimage","url":"https:\/\/portalnpm.com\/wp-content\/uploads\/2024\/12\/IMG_5437.webp","contentUrl":"https:\/\/portalnpm.com\/wp-content\/uploads\/2024\/12\/IMG_5437.webp","width":1167,"height":870,"caption":"O governador do Piau\u00ed, Rafael Fonteles, assinou o decreto que cria o Parque Tecnol\u00f3gico. | Divulga\u00e7\u00e3o\/Reprodu\u00e7\u00e3o"},{"@type":"BreadcrumbList","@id":"https:\/\/portalnpm.com\/index.php\/2024\/12\/17\/governador-rafael-fonteles-cria-parque-tecnologico-do-estado-do-piaui\/#breadcrumb","itemListElement":[{"@type":"ListItem","position":1,"name":"In\u00edcio","item":"https:\/\/portalnpm.com\/"},{"@type":"ListItem","position":2,"name":"Governador Rafael Fonteles cria Parque Tecnol\u00f3gico do Estado do Piau\u00ed"}]},{"@type":"WebSite","@id":"https:\/\/portalnpm.com\/#website","url":"https:\/\/portalnpm.com\/","name":"Portal NPM","description":"Not\u00edcias em Primeira M\u00e3o","potentialAction":[{"@type":"SearchAction","target":{"@type":"EntryPoint","urlTemplate":"https:\/\/portalnpm.com\/?s={search_term_string}"},"query-input":"required name=search_term_string"}],"inLanguage":"pt-BR"},{"@type":"Person","@id":"https:\/\/portalnpm.com\/#\/schema\/person\/35cb55186eae3f074b6783da6d35591e","name":"Zenilton Lima","image":{"@type":"ImageObject","inLanguage":"pt-BR","@id":"https:\/\/portalnpm.com\/#\/schema\/person\/image\/","url":"https:\/\/portalnpm.com\/wp-content\/uploads\/2024\/12\/avatar_user_8_1733658137-96x96.jpeg","contentUrl":"https:\/\/portalnpm.com\/wp-content\/uploads\/2024\/12\/avatar_user_8_1733658137-96x96.jpeg","caption":"Zenilton Lima"},"url":"https:\/\/portalnpm.com\/index.php\/author\/zenilton\/"}]}},"jetpack_sharing_enabled":true,"jetpack_featured_media_url":"https:\/\/portalnpm.com\/wp-content\/uploads\/2024\/12\/IMG_5437.webp","_links":{"self":[{"href":"https:\/\/portalnpm.com\/index.php\/wp-json\/wp\/v2\/posts\/82045"}],"collection":[{"href":"https:\/\/portalnpm.com\/index.php\/wp-json\/wp\/v2\/posts"}],"about":[{"href":"https:\/\/portalnpm.com\/index.php\/wp-json\/wp\/v2\/types\/post"}],"author":[{"embeddable":true,"href":"https:\/\/portalnpm.com\/index.php\/wp-json\/wp\/v2\/users\/8"}],"replies":[{"embeddable":true,"href":"https:\/\/portalnpm.com\/index.php\/wp-json\/wp\/v2\/comments?post=82045"}],"version-history":[{"count":1,"href":"https:\/\/portalnpm.com\/index.php\/wp-json\/wp\/v2\/posts\/82045\/revisions"}],"predecessor-version":[{"id":82047,"href":"https:\/\/portalnpm.com\/index.php\/wp-json\/wp\/v2\/posts\/82045\/revisions\/82047"}],"wp:featuredmedia":[{"embeddable":true,"href":"https:\/\/portalnpm.com\/index.php\/wp-json\/wp\/v2\/media\/82046"}],"wp:attachment":[{"href":"https:\/\/portalnpm.com\/index.php\/wp-json\/wp\/v2\/media?parent=82045"}],"wp:term":[{"taxonomy":"category","embeddable":true,"href":"https:\/\/portalnpm.com\/index.php\/wp-json\/wp\/v2\/categories?post=82045"},{"taxonomy":"post_tag","embeddable":true,"href":"https:\/\/portalnpm.com\/index.php\/wp-json\/wp\/v2\/tags?post=82045"}],"curies":[{"name":"wp","href":"https:\/\/api.w.org\/{rel}","templated":true}]}}