{"id":82069,"date":"2024-12-18T12:19:19","date_gmt":"2024-12-18T15:19:19","guid":{"rendered":"https:\/\/portalnpm.com\/?p=82069"},"modified":"2024-12-18T12:19:19","modified_gmt":"2024-12-18T15:19:19","slug":"sao-juliao-justica-eleitoral-diploma-renaldinho-e-jose-neci-como-prefeito-e-vice-prefeito-09-vereadores-tambem-sao-diplomados","status":"publish","type":"post","link":"https:\/\/portalnpm.com\/index.php\/2024\/12\/18\/sao-juliao-justica-eleitoral-diploma-renaldinho-e-jose-neci-como-prefeito-e-vice-prefeito-09-vereadores-tambem-sao-diplomados\/","title":{"rendered":"S\u00e3o Juli\u00e3o | Justi\u00e7a Eleitoral diploma Renaldinho e Jos\u00e9 Neci como prefeito e vice-prefeito; 09 vereadores tamb\u00e9m s\u00e3o diplomados"},"content":{"rendered":"<p>Nesta quarta-feira (18\/12), o prefeito eleito de S\u00e3o Juli\u00e3o &#8211; PI, Renaldinho (PDT), e o vice-prefeito, Jos\u00e9 Neci (PT), foram diplomados pela Justi\u00e7a Eleitoral. A solenidade ocorreu no audit\u00f3rio Dona Quin\u00f4, em Fronteiras \u2013 PI.<\/p>\n<p><img fetchpriority=\"high\" decoding=\"async\" class=\"alignnone wp-image-82070 size-full\" src=\"https:\/\/portalnpm.com\/wp-content\/uploads\/2024\/12\/IMG-20241218-WA0133-scaled.jpg\" alt=\"\" width=\"2560\" height=\"1920\" srcset=\"https:\/\/portalnpm.com\/wp-content\/uploads\/2024\/12\/IMG-20241218-WA0133-scaled.jpg 2560w, https:\/\/portalnpm.com\/wp-content\/uploads\/2024\/12\/IMG-20241218-WA0133-300x225.jpg 300w, https:\/\/portalnpm.com\/wp-content\/uploads\/2024\/12\/IMG-20241218-WA0133-1024x768.jpg 1024w, https:\/\/portalnpm.com\/wp-content\/uploads\/2024\/12\/IMG-20241218-WA0133-768x576.jpg 768w, https:\/\/portalnpm.com\/wp-content\/uploads\/2024\/12\/IMG-20241218-WA0133-1536x1152.jpg 1536w, https:\/\/portalnpm.com\/wp-content\/uploads\/2024\/12\/IMG-20241218-WA0133-2048x1536.jpg 2048w\" sizes=\"(max-width: 2560px) 100vw, 2560px\" \/><\/p>\n<p>Foram diplomados os vereadores: J\u00fanior Sobrinho (MDB), Professora Soraia Luz (PDT), Viviany Lima (PT), Junior Rocha (MDB), David J\u00fanior (PDT), Guaran\u00e1 (PDT), Gracieuda (MDB), Valdinara (MDB) e Fabiana (MDB). Na ocasi\u00e3o, foram diplomados tamb\u00e9m os vereadores suplentes.<\/p>\n<p>A diploma\u00e7\u00e3o dos eleitos nas elei\u00e7\u00f5es municipais \u00e9 um dos momentos mais importantes do processo eleitoral, pois simboliza o reconhecimento oficial pela Justi\u00e7a Eleitoral de que os candidatos cumpriram todas as exig\u00eancias legais para assumir os cargos aos quais foram eleitos.<\/p>\n<p><strong>Veja imagens:\u00a0<\/strong><\/p>\n<p><img decoding=\"async\" class=\"alignnone wp-image-82071 size-full\" src=\"https:\/\/portalnpm.com\/wp-content\/uploads\/2024\/12\/CAPA-4-12-1024x577.jpg.webp\" alt=\"\" width=\"1024\" height=\"577\" srcset=\"https:\/\/portalnpm.com\/wp-content\/uploads\/2024\/12\/CAPA-4-12-1024x577.jpg.webp 1024w, https:\/\/portalnpm.com\/wp-content\/uploads\/2024\/12\/CAPA-4-12-1024x577.jpg-300x169.webp 300w, https:\/\/portalnpm.com\/wp-content\/uploads\/2024\/12\/CAPA-4-12-1024x577.jpg-768x433.webp 768w, https:\/\/portalnpm.com\/wp-content\/uploads\/2024\/12\/CAPA-4-12-1024x577.jpg-390x220.webp 390w\" sizes=\"(max-width: 1024px) 100vw, 1024px\" \/> <img decoding=\"async\" class=\"alignnone wp-image-82072 size-full\" src=\"https:\/\/portalnpm.com\/wp-content\/uploads\/2024\/12\/IMG-20241218-WA0138.jpg\" alt=\"\" width=\"1200\" height=\"1600\" srcset=\"https:\/\/portalnpm.com\/wp-content\/uploads\/2024\/12\/IMG-20241218-WA0138.jpg 1200w, https:\/\/portalnpm.com\/wp-content\/uploads\/2024\/12\/IMG-20241218-WA0138-225x300.jpg 225w, https:\/\/portalnpm.com\/wp-content\/uploads\/2024\/12\/IMG-20241218-WA0138-768x1024.jpg 768w, https:\/\/portalnpm.com\/wp-content\/uploads\/2024\/12\/IMG-20241218-WA0138-1152x1536.jpg 1152w\" sizes=\"(max-width: 1200px) 100vw, 1200px\" \/> <img loading=\"lazy\" decoding=\"async\" class=\"alignnone wp-image-82073 size-full\" src=\"https:\/\/portalnpm.com\/wp-content\/uploads\/2024\/12\/IMG-20241218-WA0238-scaled.jpg\" alt=\"\" width=\"2560\" height=\"1920\" srcset=\"https:\/\/portalnpm.com\/wp-content\/uploads\/2024\/12\/IMG-20241218-WA0238-scaled.jpg 2560w, https:\/\/portalnpm.com\/wp-content\/uploads\/2024\/12\/IMG-20241218-WA0238-300x225.jpg 300w, https:\/\/portalnpm.com\/wp-content\/uploads\/2024\/12\/IMG-20241218-WA0238-1024x768.jpg 1024w, https:\/\/portalnpm.com\/wp-content\/uploads\/2024\/12\/IMG-20241218-WA0238-768x576.jpg 768w, https:\/\/portalnpm.com\/wp-content\/uploads\/2024\/12\/IMG-20241218-WA0238-1536x1152.jpg 1536w, https:\/\/portalnpm.com\/wp-content\/uploads\/2024\/12\/IMG-20241218-WA0238-2048x1536.jpg 2048w\" sizes=\"(max-width: 2560px) 100vw, 2560px\" \/> <img loading=\"lazy\" decoding=\"async\" class=\"alignnone wp-image-82074 size-full\" src=\"https:\/\/portalnpm.com\/wp-content\/uploads\/2024\/12\/IMG-20241218-WA0149-scaled.jpg\" alt=\"\" width=\"1920\" height=\"2560\" srcset=\"https:\/\/portalnpm.com\/wp-content\/uploads\/2024\/12\/IMG-20241218-WA0149-scaled.jpg 1920w, https:\/\/portalnpm.com\/wp-content\/uploads\/2024\/12\/IMG-20241218-WA0149-225x300.jpg 225w, https:\/\/portalnpm.com\/wp-content\/uploads\/2024\/12\/IMG-20241218-WA0149-768x1024.jpg 768w, https:\/\/portalnpm.com\/wp-content\/uploads\/2024\/12\/IMG-20241218-WA0149-1152x1536.jpg 1152w, https:\/\/portalnpm.com\/wp-content\/uploads\/2024\/12\/IMG-20241218-WA0149-1536x2048.jpg 1536w\" sizes=\"(max-width: 1920px) 100vw, 1920px\" \/> <img loading=\"lazy\" decoding=\"async\" class=\"alignnone wp-image-82075 size-full\" src=\"https:\/\/portalnpm.com\/wp-content\/uploads\/2024\/12\/IMG-20241218-WA0147-scaled.jpg\" alt=\"\" width=\"1920\" height=\"2560\" srcset=\"https:\/\/portalnpm.com\/wp-content\/uploads\/2024\/12\/IMG-20241218-WA0147-scaled.jpg 1920w, https:\/\/portalnpm.com\/wp-content\/uploads\/2024\/12\/IMG-20241218-WA0147-225x300.jpg 225w, https:\/\/portalnpm.com\/wp-content\/uploads\/2024\/12\/IMG-20241218-WA0147-768x1024.jpg 768w, https:\/\/portalnpm.com\/wp-content\/uploads\/2024\/12\/IMG-20241218-WA0147-1152x1536.jpg 1152w, https:\/\/portalnpm.com\/wp-content\/uploads\/2024\/12\/IMG-20241218-WA0147-1536x2048.jpg 1536w\" sizes=\"(max-width: 1920px) 100vw, 1920px\" \/> <img loading=\"lazy\" decoding=\"async\" class=\"alignnone wp-image-82076 size-full\" src=\"https:\/\/portalnpm.com\/wp-content\/uploads\/2024\/12\/IMG-20241218-WA0145-scaled.jpg\" alt=\"\" width=\"1920\" height=\"2560\" srcset=\"https:\/\/portalnpm.com\/wp-content\/uploads\/2024\/12\/IMG-20241218-WA0145-scaled.jpg 1920w, https:\/\/portalnpm.com\/wp-content\/uploads\/2024\/12\/IMG-20241218-WA0145-225x300.jpg 225w, https:\/\/portalnpm.com\/wp-content\/uploads\/2024\/12\/IMG-20241218-WA0145-768x1024.jpg 768w, https:\/\/portalnpm.com\/wp-content\/uploads\/2024\/12\/IMG-20241218-WA0145-1152x1536.jpg 1152w, https:\/\/portalnpm.com\/wp-content\/uploads\/2024\/12\/IMG-20241218-WA0145-1536x2048.jpg 1536w\" sizes=\"(max-width: 1920px) 100vw, 1920px\" \/> <img loading=\"lazy\" decoding=\"async\" class=\"alignnone wp-image-82077 size-full\" src=\"https:\/\/portalnpm.com\/wp-content\/uploads\/2024\/12\/IMG-20241218-WA0143-scaled.jpg\" alt=\"\" width=\"1920\" height=\"2560\" srcset=\"https:\/\/portalnpm.com\/wp-content\/uploads\/2024\/12\/IMG-20241218-WA0143-scaled.jpg 1920w, https:\/\/portalnpm.com\/wp-content\/uploads\/2024\/12\/IMG-20241218-WA0143-225x300.jpg 225w, https:\/\/portalnpm.com\/wp-content\/uploads\/2024\/12\/IMG-20241218-WA0143-768x1024.jpg 768w, https:\/\/portalnpm.com\/wp-content\/uploads\/2024\/12\/IMG-20241218-WA0143-1152x1536.jpg 1152w, https:\/\/portalnpm.com\/wp-content\/uploads\/2024\/12\/IMG-20241218-WA0143-1536x2048.jpg 1536w\" sizes=\"(max-width: 1920px) 100vw, 1920px\" \/> <img loading=\"lazy\" decoding=\"async\" class=\"alignnone wp-image-82078 size-full\" src=\"https:\/\/portalnpm.com\/wp-content\/uploads\/2024\/12\/IMG-20241218-WA0133-1-scaled.jpg\" alt=\"\" width=\"2560\" height=\"1920\" srcset=\"https:\/\/portalnpm.com\/wp-content\/uploads\/2024\/12\/IMG-20241218-WA0133-1-scaled.jpg 2560w, https:\/\/portalnpm.com\/wp-content\/uploads\/2024\/12\/IMG-20241218-WA0133-1-300x225.jpg 300w, https:\/\/portalnpm.com\/wp-content\/uploads\/2024\/12\/IMG-20241218-WA0133-1-1024x768.jpg 1024w, https:\/\/portalnpm.com\/wp-content\/uploads\/2024\/12\/IMG-20241218-WA0133-1-768x576.jpg 768w, https:\/\/portalnpm.com\/wp-content\/uploads\/2024\/12\/IMG-20241218-WA0133-1-1536x1152.jpg 1536w, https:\/\/portalnpm.com\/wp-content\/uploads\/2024\/12\/IMG-20241218-WA0133-1-2048x1536.jpg 2048w\" sizes=\"(max-width: 2560px) 100vw, 2560px\" \/> <img loading=\"lazy\" decoding=\"async\" class=\"alignnone wp-image-82080 size-full\" src=\"https:\/\/portalnpm.com\/wp-content\/uploads\/2024\/12\/IMG-20241218-WA0137-scaled.jpg\" alt=\"\" width=\"1920\" height=\"2560\" srcset=\"https:\/\/portalnpm.com\/wp-content\/uploads\/2024\/12\/IMG-20241218-WA0137-scaled.jpg 1920w, https:\/\/portalnpm.com\/wp-content\/uploads\/2024\/12\/IMG-20241218-WA0137-225x300.jpg 225w, https:\/\/portalnpm.com\/wp-content\/uploads\/2024\/12\/IMG-20241218-WA0137-768x1024.jpg 768w, https:\/\/portalnpm.com\/wp-content\/uploads\/2024\/12\/IMG-20241218-WA0137-1152x1536.jpg 1152w, https:\/\/portalnpm.com\/wp-content\/uploads\/2024\/12\/IMG-20241218-WA0137-1536x2048.jpg 1536w\" sizes=\"(max-width: 1920px) 100vw, 1920px\" \/> <img loading=\"lazy\" decoding=\"async\" class=\"alignnone wp-image-82081 size-full\" src=\"https:\/\/portalnpm.com\/wp-content\/uploads\/2024\/12\/IMG-20241218-WA0141-scaled.jpg\" alt=\"\" width=\"1920\" height=\"2560\" srcset=\"https:\/\/portalnpm.com\/wp-content\/uploads\/2024\/12\/IMG-20241218-WA0141-scaled.jpg 1920w, https:\/\/portalnpm.com\/wp-content\/uploads\/2024\/12\/IMG-20241218-WA0141-225x300.jpg 225w, https:\/\/portalnpm.com\/wp-content\/uploads\/2024\/12\/IMG-20241218-WA0141-768x1024.jpg 768w, https:\/\/portalnpm.com\/wp-content\/uploads\/2024\/12\/IMG-20241218-WA0141-1152x1536.jpg 1152w, https:\/\/portalnpm.com\/wp-content\/uploads\/2024\/12\/IMG-20241218-WA0141-1536x2048.jpg 1536w\" sizes=\"(max-width: 1920px) 100vw, 1920px\" \/><\/p>\n","protected":false},"excerpt":{"rendered":"<p>Nesta quarta-feira (18\/12), o prefeito eleito de S\u00e3o Juli\u00e3o &#8211; PI, Renaldinho (PDT), e o vice-prefeito, Jos\u00e9 Neci (PT), foram diplomados pela Justi\u00e7a Eleitoral. A solenidade ocorreu no audit\u00f3rio Dona Quin\u00f4, em Fronteiras \u2013 PI. Foram diplomados os vereadores: J\u00fanior Sobrinho (MDB), Professora Soraia Luz (PDT), Viviany Lima (PT), Junior Rocha (MDB), David J\u00fanior (PDT), &hellip;<\/p>\n","protected":false},"author":3,"featured_media":82071,"comment_status":"open","ping_status":"open","sticky":false,"template":"","format":"standard","meta":{"content-type":"","rop_custom_images_group":[],"rop_custom_messages_group":[],"rop_publish_now":"yes","rop_publish_now_accounts":{"facebook_2648258775420054_1618374048415101":""},"rop_publish_now_history":[],"rop_publish_now_status":"pending","footnotes":"","_jetpack_memberships_contains_paid_content":false},"categories":[113,109,3998],"tags":[1151,479,1751,541,4150,1197,1726,4151,135,2984,1196,4471,3337,6239],"yoast_head":"<!-- This site is optimized with the Yoast SEO plugin v22.3 - https:\/\/yoast.com\/wordpress\/plugins\/seo\/ -->\n<title>S\u00e3o Juli\u00e3o | Justi\u00e7a Eleitoral diploma Renaldinho e Jos\u00e9 Neci como prefeito e vice-prefeito; 09 vereadores tamb\u00e9m s\u00e3o diplomados - Portal NPM<\/title>\n<meta name=\"robots\" content=\"index, follow, max-snippet:-1, max-image-preview:large, max-video-preview:-1\" \/>\n<link rel=\"canonical\" href=\"https:\/\/portalnpm.com\/index.php\/2024\/12\/18\/sao-juliao-justica-eleitoral-diploma-renaldinho-e-jose-neci-como-prefeito-e-vice-prefeito-09-vereadores-tambem-sao-diplomados\/\" \/>\n<meta property=\"og:locale\" content=\"pt_BR\" \/>\n<meta property=\"og:type\" content=\"article\" \/>\n<meta property=\"og:title\" content=\"S\u00e3o Juli\u00e3o | Justi\u00e7a Eleitoral diploma Renaldinho e Jos\u00e9 Neci como prefeito e vice-prefeito; 09 vereadores tamb\u00e9m s\u00e3o diplomados - Portal NPM\" \/>\n<meta property=\"og:description\" content=\"Nesta quarta-feira (18\/12), o prefeito eleito de S\u00e3o Juli\u00e3o &#8211; PI, Renaldinho (PDT), e o vice-prefeito, Jos\u00e9 Neci (PT), foram diplomados pela Justi\u00e7a Eleitoral. A solenidade ocorreu no audit\u00f3rio Dona Quin\u00f4, em Fronteiras \u2013 PI. Foram diplomados os vereadores: J\u00fanior Sobrinho (MDB), Professora Soraia Luz (PDT), Viviany Lima (PT), Junior Rocha (MDB), David J\u00fanior (PDT), &hellip;\" \/>\n<meta property=\"og:url\" content=\"https:\/\/portalnpm.com\/index.php\/2024\/12\/18\/sao-juliao-justica-eleitoral-diploma-renaldinho-e-jose-neci-como-prefeito-e-vice-prefeito-09-vereadores-tambem-sao-diplomados\/\" \/>\n<meta property=\"og:site_name\" content=\"Portal NPM\" \/>\n<meta property=\"article:published_time\" content=\"2024-12-18T15:19:19+00:00\" \/>\n<meta property=\"og:image\" content=\"https:\/\/portalnpm.com\/wp-content\/uploads\/2024\/12\/CAPA-4-12-1024x577.jpg.webp\" \/>\n\t<meta property=\"og:image:width\" content=\"1024\" \/>\n\t<meta property=\"og:image:height\" content=\"577\" \/>\n\t<meta property=\"og:image:type\" content=\"image\/webp\" \/>\n<meta name=\"author\" content=\"Luis Alberto\" \/>\n<meta name=\"twitter:card\" content=\"summary_large_image\" \/>\n<meta name=\"twitter:label1\" content=\"Escrito por\" \/>\n\t<meta name=\"twitter:data1\" content=\"Luis Alberto\" \/>\n\t<meta name=\"twitter:label2\" content=\"Est. tempo de leitura\" \/>\n\t<meta name=\"twitter:data2\" content=\"4 minutos\" \/>\n<script type=\"application\/ld+json\" class=\"yoast-schema-graph\">{\"@context\":\"https:\/\/schema.org\",\"@graph\":[{\"@type\":\"WebPage\",\"@id\":\"https:\/\/portalnpm.com\/index.php\/2024\/12\/18\/sao-juliao-justica-eleitoral-diploma-renaldinho-e-jose-neci-como-prefeito-e-vice-prefeito-09-vereadores-tambem-sao-diplomados\/\",\"url\":\"https:\/\/portalnpm.com\/index.php\/2024\/12\/18\/sao-juliao-justica-eleitoral-diploma-renaldinho-e-jose-neci-como-prefeito-e-vice-prefeito-09-vereadores-tambem-sao-diplomados\/\",\"name\":\"S\u00e3o Juli\u00e3o | Justi\u00e7a Eleitoral diploma Renaldinho e Jos\u00e9 Neci como prefeito e vice-prefeito; 09 vereadores tamb\u00e9m s\u00e3o diplomados - Portal NPM\",\"isPartOf\":{\"@id\":\"https:\/\/portalnpm.com\/#website\"},\"primaryImageOfPage\":{\"@id\":\"https:\/\/portalnpm.com\/index.php\/2024\/12\/18\/sao-juliao-justica-eleitoral-diploma-renaldinho-e-jose-neci-como-prefeito-e-vice-prefeito-09-vereadores-tambem-sao-diplomados\/#primaryimage\"},\"image\":{\"@id\":\"https:\/\/portalnpm.com\/index.php\/2024\/12\/18\/sao-juliao-justica-eleitoral-diploma-renaldinho-e-jose-neci-como-prefeito-e-vice-prefeito-09-vereadores-tambem-sao-diplomados\/#primaryimage\"},\"thumbnailUrl\":\"https:\/\/portalnpm.com\/wp-content\/uploads\/2024\/12\/CAPA-4-12-1024x577.jpg.webp\",\"datePublished\":\"2024-12-18T15:19:19+00:00\",\"dateModified\":\"2024-12-18T15:19:19+00:00\",\"author\":{\"@id\":\"https:\/\/portalnpm.com\/#\/schema\/person\/5c8006acdf71774cd4e7a5ab98482152\"},\"breadcrumb\":{\"@id\":\"https:\/\/portalnpm.com\/index.php\/2024\/12\/18\/sao-juliao-justica-eleitoral-diploma-renaldinho-e-jose-neci-como-prefeito-e-vice-prefeito-09-vereadores-tambem-sao-diplomados\/#breadcrumb\"},\"inLanguage\":\"pt-BR\",\"potentialAction\":[{\"@type\":\"ReadAction\",\"target\":[\"https:\/\/portalnpm.com\/index.php\/2024\/12\/18\/sao-juliao-justica-eleitoral-diploma-renaldinho-e-jose-neci-como-prefeito-e-vice-prefeito-09-vereadores-tambem-sao-diplomados\/\"]}]},{\"@type\":\"ImageObject\",\"inLanguage\":\"pt-BR\",\"@id\":\"https:\/\/portalnpm.com\/index.php\/2024\/12\/18\/sao-juliao-justica-eleitoral-diploma-renaldinho-e-jose-neci-como-prefeito-e-vice-prefeito-09-vereadores-tambem-sao-diplomados\/#primaryimage\",\"url\":\"https:\/\/portalnpm.com\/wp-content\/uploads\/2024\/12\/CAPA-4-12-1024x577.jpg.webp\",\"contentUrl\":\"https:\/\/portalnpm.com\/wp-content\/uploads\/2024\/12\/CAPA-4-12-1024x577.jpg.webp\",\"width\":1024,\"height\":577},{\"@type\":\"BreadcrumbList\",\"@id\":\"https:\/\/portalnpm.com\/index.php\/2024\/12\/18\/sao-juliao-justica-eleitoral-diploma-renaldinho-e-jose-neci-como-prefeito-e-vice-prefeito-09-vereadores-tambem-sao-diplomados\/#breadcrumb\",\"itemListElement\":[{\"@type\":\"ListItem\",\"position\":1,\"name\":\"In\u00edcio\",\"item\":\"https:\/\/portalnpm.com\/\"},{\"@type\":\"ListItem\",\"position\":2,\"name\":\"S\u00e3o Juli\u00e3o | Justi\u00e7a Eleitoral diploma Renaldinho e Jos\u00e9 Neci como prefeito e vice-prefeito; 09 vereadores tamb\u00e9m s\u00e3o diplomados\"}]},{\"@type\":\"WebSite\",\"@id\":\"https:\/\/portalnpm.com\/#website\",\"url\":\"https:\/\/portalnpm.com\/\",\"name\":\"Portal NPM\",\"description\":\"Not\u00edcias em Primeira M\u00e3o\",\"potentialAction\":[{\"@type\":\"SearchAction\",\"target\":{\"@type\":\"EntryPoint\",\"urlTemplate\":\"https:\/\/portalnpm.com\/?s={search_term_string}\"},\"query-input\":\"required name=search_term_string\"}],\"inLanguage\":\"pt-BR\"},{\"@type\":\"Person\",\"@id\":\"https:\/\/portalnpm.com\/#\/schema\/person\/5c8006acdf71774cd4e7a5ab98482152\",\"name\":\"Luis Alberto\",\"image\":{\"@type\":\"ImageObject\",\"inLanguage\":\"pt-BR\",\"@id\":\"https:\/\/portalnpm.com\/#\/schema\/person\/image\/\",\"url\":\"https:\/\/portalnpm.com\/wp-content\/uploads\/2024\/12\/avatar_user_3_1734699769-96x96.jpeg\",\"contentUrl\":\"https:\/\/portalnpm.com\/wp-content\/uploads\/2024\/12\/avatar_user_3_1734699769-96x96.jpeg\",\"caption\":\"Luis Alberto\"},\"description\":\"Editor-geral do Portal NPM, \u00e9 formado como T\u00e9cnico em Seguran\u00e7a do Trabalho pela Escola Metropolitana de Cursos T\u00e9cnicos. Det\u00e9m ainda licenciatura em Educa\u00e7\u00e3o F\u00edsica e bacharelado em Ci\u00eancias Pol\u00edticas, ambos obtidos pela institui\u00e7\u00e3o Anhanguera\/UNOPAR.\",\"url\":\"https:\/\/portalnpm.com\/index.php\/author\/pereira\/\"}]}<\/script>\n<!-- \/ Yoast SEO plugin. -->","yoast_head_json":{"title":"S\u00e3o Juli\u00e3o | Justi\u00e7a Eleitoral diploma Renaldinho e Jos\u00e9 Neci como prefeito e vice-prefeito; 09 vereadores tamb\u00e9m s\u00e3o diplomados - Portal NPM","robots":{"index":"index","follow":"follow","max-snippet":"max-snippet:-1","max-image-preview":"max-image-preview:large","max-video-preview":"max-video-preview:-1"},"canonical":"https:\/\/portalnpm.com\/index.php\/2024\/12\/18\/sao-juliao-justica-eleitoral-diploma-renaldinho-e-jose-neci-como-prefeito-e-vice-prefeito-09-vereadores-tambem-sao-diplomados\/","og_locale":"pt_BR","og_type":"article","og_title":"S\u00e3o Juli\u00e3o | Justi\u00e7a Eleitoral diploma Renaldinho e Jos\u00e9 Neci como prefeito e vice-prefeito; 09 vereadores tamb\u00e9m s\u00e3o diplomados - Portal NPM","og_description":"Nesta quarta-feira (18\/12), o prefeito eleito de S\u00e3o Juli\u00e3o &#8211; PI, Renaldinho (PDT), e o vice-prefeito, Jos\u00e9 Neci (PT), foram diplomados pela Justi\u00e7a Eleitoral. A solenidade ocorreu no audit\u00f3rio Dona Quin\u00f4, em Fronteiras \u2013 PI. Foram diplomados os vereadores: J\u00fanior Sobrinho (MDB), Professora Soraia Luz (PDT), Viviany Lima (PT), Junior Rocha (MDB), David J\u00fanior (PDT), &hellip;","og_url":"https:\/\/portalnpm.com\/index.php\/2024\/12\/18\/sao-juliao-justica-eleitoral-diploma-renaldinho-e-jose-neci-como-prefeito-e-vice-prefeito-09-vereadores-tambem-sao-diplomados\/","og_site_name":"Portal NPM","article_published_time":"2024-12-18T15:19:19+00:00","og_image":[{"width":1024,"height":577,"url":"https:\/\/portalnpm.com\/wp-content\/uploads\/2024\/12\/CAPA-4-12-1024x577.jpg.webp","type":"image\/webp"}],"author":"Luis Alberto","twitter_card":"summary_large_image","twitter_misc":{"Escrito por":"Luis Alberto","Est. tempo de leitura":"4 minutos"},"schema":{"@context":"https:\/\/schema.org","@graph":[{"@type":"WebPage","@id":"https:\/\/portalnpm.com\/index.php\/2024\/12\/18\/sao-juliao-justica-eleitoral-diploma-renaldinho-e-jose-neci-como-prefeito-e-vice-prefeito-09-vereadores-tambem-sao-diplomados\/","url":"https:\/\/portalnpm.com\/index.php\/2024\/12\/18\/sao-juliao-justica-eleitoral-diploma-renaldinho-e-jose-neci-como-prefeito-e-vice-prefeito-09-vereadores-tambem-sao-diplomados\/","name":"S\u00e3o Juli\u00e3o | Justi\u00e7a Eleitoral diploma Renaldinho e Jos\u00e9 Neci como prefeito e vice-prefeito; 09 vereadores tamb\u00e9m s\u00e3o diplomados - Portal NPM","isPartOf":{"@id":"https:\/\/portalnpm.com\/#website"},"primaryImageOfPage":{"@id":"https:\/\/portalnpm.com\/index.php\/2024\/12\/18\/sao-juliao-justica-eleitoral-diploma-renaldinho-e-jose-neci-como-prefeito-e-vice-prefeito-09-vereadores-tambem-sao-diplomados\/#primaryimage"},"image":{"@id":"https:\/\/portalnpm.com\/index.php\/2024\/12\/18\/sao-juliao-justica-eleitoral-diploma-renaldinho-e-jose-neci-como-prefeito-e-vice-prefeito-09-vereadores-tambem-sao-diplomados\/#primaryimage"},"thumbnailUrl":"https:\/\/portalnpm.com\/wp-content\/uploads\/2024\/12\/CAPA-4-12-1024x577.jpg.webp","datePublished":"2024-12-18T15:19:19+00:00","dateModified":"2024-12-18T15:19:19+00:00","author":{"@id":"https:\/\/portalnpm.com\/#\/schema\/person\/5c8006acdf71774cd4e7a5ab98482152"},"breadcrumb":{"@id":"https:\/\/portalnpm.com\/index.php\/2024\/12\/18\/sao-juliao-justica-eleitoral-diploma-renaldinho-e-jose-neci-como-prefeito-e-vice-prefeito-09-vereadores-tambem-sao-diplomados\/#breadcrumb"},"inLanguage":"pt-BR","potentialAction":[{"@type":"ReadAction","target":["https:\/\/portalnpm.com\/index.php\/2024\/12\/18\/sao-juliao-justica-eleitoral-diploma-renaldinho-e-jose-neci-como-prefeito-e-vice-prefeito-09-vereadores-tambem-sao-diplomados\/"]}]},{"@type":"ImageObject","inLanguage":"pt-BR","@id":"https:\/\/portalnpm.com\/index.php\/2024\/12\/18\/sao-juliao-justica-eleitoral-diploma-renaldinho-e-jose-neci-como-prefeito-e-vice-prefeito-09-vereadores-tambem-sao-diplomados\/#primaryimage","url":"https:\/\/portalnpm.com\/wp-content\/uploads\/2024\/12\/CAPA-4-12-1024x577.jpg.webp","contentUrl":"https:\/\/portalnpm.com\/wp-content\/uploads\/2024\/12\/CAPA-4-12-1024x577.jpg.webp","width":1024,"height":577},{"@type":"BreadcrumbList","@id":"https:\/\/portalnpm.com\/index.php\/2024\/12\/18\/sao-juliao-justica-eleitoral-diploma-renaldinho-e-jose-neci-como-prefeito-e-vice-prefeito-09-vereadores-tambem-sao-diplomados\/#breadcrumb","itemListElement":[{"@type":"ListItem","position":1,"name":"In\u00edcio","item":"https:\/\/portalnpm.com\/"},{"@type":"ListItem","position":2,"name":"S\u00e3o Juli\u00e3o | Justi\u00e7a Eleitoral diploma Renaldinho e Jos\u00e9 Neci como prefeito e vice-prefeito; 09 vereadores tamb\u00e9m s\u00e3o diplomados"}]},{"@type":"WebSite","@id":"https:\/\/portalnpm.com\/#website","url":"https:\/\/portalnpm.com\/","name":"Portal NPM","description":"Not\u00edcias em Primeira M\u00e3o","potentialAction":[{"@type":"SearchAction","target":{"@type":"EntryPoint","urlTemplate":"https:\/\/portalnpm.com\/?s={search_term_string}"},"query-input":"required name=search_term_string"}],"inLanguage":"pt-BR"},{"@type":"Person","@id":"https:\/\/portalnpm.com\/#\/schema\/person\/5c8006acdf71774cd4e7a5ab98482152","name":"Luis Alberto","image":{"@type":"ImageObject","inLanguage":"pt-BR","@id":"https:\/\/portalnpm.com\/#\/schema\/person\/image\/","url":"https:\/\/portalnpm.com\/wp-content\/uploads\/2024\/12\/avatar_user_3_1734699769-96x96.jpeg","contentUrl":"https:\/\/portalnpm.com\/wp-content\/uploads\/2024\/12\/avatar_user_3_1734699769-96x96.jpeg","caption":"Luis Alberto"},"description":"Editor-geral do Portal NPM, \u00e9 formado como T\u00e9cnico em Seguran\u00e7a do Trabalho pela Escola Metropolitana de Cursos T\u00e9cnicos. Det\u00e9m ainda licenciatura em Educa\u00e7\u00e3o F\u00edsica e bacharelado em Ci\u00eancias Pol\u00edticas, ambos obtidos pela institui\u00e7\u00e3o Anhanguera\/UNOPAR.","url":"https:\/\/portalnpm.com\/index.php\/author\/pereira\/"}]}},"jetpack_sharing_enabled":true,"jetpack_featured_media_url":"https:\/\/portalnpm.com\/wp-content\/uploads\/2024\/12\/CAPA-4-12-1024x577.jpg.webp","_links":{"self":[{"href":"https:\/\/portalnpm.com\/index.php\/wp-json\/wp\/v2\/posts\/82069"}],"collection":[{"href":"https:\/\/portalnpm.com\/index.php\/wp-json\/wp\/v2\/posts"}],"about":[{"href":"https:\/\/portalnpm.com\/index.php\/wp-json\/wp\/v2\/types\/post"}],"author":[{"embeddable":true,"href":"https:\/\/portalnpm.com\/index.php\/wp-json\/wp\/v2\/users\/3"}],"replies":[{"embeddable":true,"href":"https:\/\/portalnpm.com\/index.php\/wp-json\/wp\/v2\/comments?post=82069"}],"version-history":[{"count":1,"href":"https:\/\/portalnpm.com\/index.php\/wp-json\/wp\/v2\/posts\/82069\/revisions"}],"predecessor-version":[{"id":82082,"href":"https:\/\/portalnpm.com\/index.php\/wp-json\/wp\/v2\/posts\/82069\/revisions\/82082"}],"wp:featuredmedia":[{"embeddable":true,"href":"https:\/\/portalnpm.com\/index.php\/wp-json\/wp\/v2\/media\/82071"}],"wp:attachment":[{"href":"https:\/\/portalnpm.com\/index.php\/wp-json\/wp\/v2\/media?parent=82069"}],"wp:term":[{"taxonomy":"category","embeddable":true,"href":"https:\/\/portalnpm.com\/index.php\/wp-json\/wp\/v2\/categories?post=82069"},{"taxonomy":"post_tag","embeddable":true,"href":"https:\/\/portalnpm.com\/index.php\/wp-json\/wp\/v2\/tags?post=82069"}],"curies":[{"name":"wp","href":"https:\/\/api.w.org\/{rel}","templated":true}]}}