{"id":82083,"date":"2024-12-18T16:23:56","date_gmt":"2024-12-18T19:23:56","guid":{"rendered":"https:\/\/portalnpm.com\/?p=82083"},"modified":"2024-12-18T16:23:56","modified_gmt":"2024-12-18T19:23:56","slug":"celebridades-do-ano-2024-de-sao-juliao-pi-homenageara-o-cirurgiao-dentista-dr-pedro-franco-junior","status":"publish","type":"post","link":"https:\/\/portalnpm.com\/index.php\/2024\/12\/18\/celebridades-do-ano-2024-de-sao-juliao-pi-homenageara-o-cirurgiao-dentista-dr-pedro-franco-junior\/","title":{"rendered":"Celebridades do Ano 2024 de S\u00e3o Juli\u00e3o \u2013 PI homenagear\u00e1 o cirurgi\u00e3o-dentista Dr. Pedro Franco J\u00fanior"},"content":{"rendered":"<p>A tradicional festa\u00a0<em><strong>Celebridades do Ano 2024 em S\u00e3o Juli\u00e3o \u2013 PI\u00a0<\/strong><\/em>em sua 10\u00aa edi\u00e7\u00e3o homenagear\u00e1 o cirurgi\u00e3o-dentista\u00a0<strong><em>Dr.<\/em>\u00a0Pedro Franco Sobreira J\u00fanior.<\/strong>\u00a0O evento agracia atrav\u00e9s do voto popular quem mais se destacou em suas mais diversas \u00e1reas de atua\u00e7\u00e3o no munic\u00edpio.<\/p>\n<p>De acordo com\u00a0<em><strong>Severiano Gomes e Joselma<\/strong><\/em>, organizadores do evento, a vota\u00e7\u00e3o atrav\u00e9s de question\u00e1rio eletr\u00f4nico j\u00e1 contabiliza mais de mil votantes e se encontra dispon\u00edvel somente at\u00e9 sexta-feira, dia 20 de dezembro, no link abaixo!<\/p>\n<div id=\"nbtioout\">\n<figure id=\"attachment_181388\" class=\"wp-caption alignnone\" aria-describedby=\"caption-attachment-181388\">\n<div id=\"nbtio\"><\/div>\n<p><img fetchpriority=\"high\" decoding=\"async\" class=\"wp-image-181388 size-full\" src=\"https:\/\/i0.wp.com\/www.portalenoticias.com.br\/wp-content\/uploads\/2024\/12\/bvbnfnfgnfgnmfnmf.jpg?resize=708%2C443&amp;ssl=1\" sizes=\"(max-width: 708px) 100vw, 708px\" srcset=\"https:\/\/i0.wp.com\/www.portalenoticias.com.br\/wp-content\/uploads\/2024\/12\/bvbnfnfgnfgnmfnmf.jpg?w=800&amp;ssl=1 800w, https:\/\/i0.wp.com\/www.portalenoticias.com.br\/wp-content\/uploads\/2024\/12\/bvbnfnfgnfgnmfnmf.jpg?resize=300%2C188&amp;ssl=1 300w, https:\/\/i0.wp.com\/www.portalenoticias.com.br\/wp-content\/uploads\/2024\/12\/bvbnfnfgnfgnmfnmf.jpg?resize=768%2C481&amp;ssl=1 768w\" alt=\"\" width=\"708\" height=\"443\" data-recalc-dims=\"1\" \/><figcaption id=\"caption-attachment-181388\" class=\"wp-caption-text\">Celebridades do Ano 2024 de S\u00e3o Juli\u00e3o \u2013 PI homenagear\u00e1 o cirurgi\u00e3o-dentista\u00a0Dr. Pedro Franco J\u00fanior<\/figcaption><\/figure>\n<\/div>\n<p>&nbsp;<\/p>\n<pre><a href=\"https:\/\/docs.google.com\/forms\/d\/e\/1FAIpQLScCtjrFi3yP7y06s7f_Nog4J6zK7NG1NWdAj1a5El6a3LHWcg\/viewform\" target=\"_blank\" rel=\"noopener\"><em><strong>VOTE NOS CELEBRIDADES DO ANO 2024 EM S\u00c3O JULI\u00c3O<\/strong><\/em><\/a><\/pre>\n<p>Para mais informa\u00e7\u00f5es, acesse o Instagram:\u00a0<em><strong><a href=\"https:\/\/www.instagram.com\/celebridades_do_ano?igsh=MWV4ZXpuZzFjbGdldw%3D%3D&amp;utm_source=qr\" target=\"_blank\" rel=\"noopener\">@Celebridades do ano<\/a><\/strong><\/em><\/p>\n<p><a href=\"https:\/\/www.instagram.com\/_u\/celebridades_do_ano\/?utm_source=ig_embed&amp;ig_rid=1b6c0139-ae69-485e-ae25-c432fbc4a028&amp;ig_mid=3009FFCC-A9FE-4907-897C-9BC6B664D06B\">https:\/\/www.instagram.com\/_u\/celebridades_do_ano\/?utm_source=ig_embed&amp;ig_rid=1b6c0139-ae69-485e-ae25-c432fbc4a028&amp;ig_mid=3009FFCC-A9FE-4907-897C-9BC6B664D06B<\/a><\/p>\n<p><strong>Pedro Franco Sobreira J\u00fanior<\/strong>, o\u00a0<strong>Pedrinho do Franco<\/strong>,\u00a0<a href=\"https:\/\/www.portalenoticias.com.br\/jovem-dentista-de-sao-juliao-perde-a-luta-contra-o-cancer-e-comove-todo-o-municipio\/\">faleceu em 8 de julho de 2021, aos 26 anos de idade.<\/a> O profissional de sa\u00fade estava internado no hospital da Prontomed em Teresina, onde lutava contra um c\u00e2ncer no f\u00edgado. Natural da localidade Mercador, zona rural de S\u00e3o Juli\u00e3o, Pedrinho era dentista e trabalhava na UBS do povoado Fujona. Na \u00e9poca, seu falecimento comoveu todo o munic\u00edpio e regi\u00e3o.<\/p>\n<p><strong>Sobre o Celebridades do Ano 2024<\/strong><\/p>\n<p>A festa ocorrer\u00e1 na sexta-feira, dia 17 de janeiro de 2025, onde contar\u00e1 com a entrega das premia\u00e7\u00f5es no tradicional tapete vermelho, jantar para todos os participantes e a anima\u00e7\u00e3o do cantor\u00a0<em><strong>Everton Torres e do saxofonista Vin\u00edcius.<\/strong><\/em><\/p>\n<p><iframe id=\"instagram-embed-1\" class=\"instagram-media instagram-media-rendered\" src=\"https:\/\/www.instagram.com\/reel\/DDnhkwjM30u\/embed\/captioned\/?cr=1&amp;v=14&amp;wp=992&amp;rd=https%3A%2F%2Fwww.portalenoticias.com.br&amp;rp=%2Fcelebridades-do-ano-2024-de-sao-juliao-pi-homenageara-o-cirurgiao-dentista-dr-pedro-franco-junior%2F#%7B%22ci%22%3A1%2C%22os%22%3A2055.399999976158%7D\" height=\"852\" frameborder=\"0\" scrolling=\"no\" allowfullscreen=\"allowfullscreen\" data-instgrm-payload-id=\"instagram-media-payload-1\" data-mce-fragment=\"1\"><\/iframe><\/p>\n<p><strong>Fonte: Portal \u00c9 Not\u00edcias\u00a0<\/strong><\/p>\n","protected":false},"excerpt":{"rendered":"<p>A tradicional festa\u00a0Celebridades do Ano 2024 em S\u00e3o Juli\u00e3o \u2013 PI\u00a0em sua 10\u00aa edi\u00e7\u00e3o homenagear\u00e1 o cirurgi\u00e3o-dentista\u00a0Dr.\u00a0Pedro Franco Sobreira J\u00fanior.\u00a0O evento agracia atrav\u00e9s do voto popular quem mais se destacou em suas mais diversas \u00e1reas de atua\u00e7\u00e3o no munic\u00edpio. De acordo com\u00a0Severiano Gomes e Joselma, organizadores do evento, a vota\u00e7\u00e3o atrav\u00e9s de question\u00e1rio eletr\u00f4nico j\u00e1 &hellip;<\/p>\n","protected":false},"author":3,"featured_media":82086,"comment_status":"open","ping_status":"open","sticky":false,"template":"","format":"standard","meta":{"content-type":"","rop_custom_images_group":[],"rop_custom_messages_group":[],"rop_publish_now":"yes","rop_publish_now_accounts":{"facebook_2648258775420054_1618374048415101":""},"rop_publish_now_history":[],"rop_publish_now_status":"pending","footnotes":"","_jetpack_memberships_contains_paid_content":false},"categories":[3998],"tags":[14573,1507,1508,16213,230,4262,12686,16212,1197,6237,4205,1217,1196],"yoast_head":"<!-- This site is optimized with the Yoast SEO plugin v22.3 - https:\/\/yoast.com\/wordpress\/plugins\/seo\/ -->\n<title>Celebridades do Ano 2024 de S\u00e3o Juli\u00e3o \u2013 PI homenagear\u00e1 o cirurgi\u00e3o-dentista Dr. Pedro Franco J\u00fanior - Portal NPM<\/title>\n<meta name=\"robots\" content=\"index, follow, max-snippet:-1, max-image-preview:large, max-video-preview:-1\" \/>\n<link rel=\"canonical\" href=\"https:\/\/portalnpm.com\/index.php\/2024\/12\/18\/celebridades-do-ano-2024-de-sao-juliao-pi-homenageara-o-cirurgiao-dentista-dr-pedro-franco-junior\/\" \/>\n<meta property=\"og:locale\" content=\"pt_BR\" \/>\n<meta property=\"og:type\" content=\"article\" \/>\n<meta property=\"og:title\" content=\"Celebridades do Ano 2024 de S\u00e3o Juli\u00e3o \u2013 PI homenagear\u00e1 o cirurgi\u00e3o-dentista Dr. Pedro Franco J\u00fanior - Portal NPM\" \/>\n<meta property=\"og:description\" content=\"A tradicional festa\u00a0Celebridades do Ano 2024 em S\u00e3o Juli\u00e3o \u2013 PI\u00a0em sua 10\u00aa edi\u00e7\u00e3o homenagear\u00e1 o cirurgi\u00e3o-dentista\u00a0Dr.\u00a0Pedro Franco Sobreira J\u00fanior.\u00a0O evento agracia atrav\u00e9s do voto popular quem mais se destacou em suas mais diversas \u00e1reas de atua\u00e7\u00e3o no munic\u00edpio. De acordo com\u00a0Severiano Gomes e Joselma, organizadores do evento, a vota\u00e7\u00e3o atrav\u00e9s de question\u00e1rio eletr\u00f4nico j\u00e1 &hellip;\" \/>\n<meta property=\"og:url\" content=\"https:\/\/portalnpm.com\/index.php\/2024\/12\/18\/celebridades-do-ano-2024-de-sao-juliao-pi-homenageara-o-cirurgiao-dentista-dr-pedro-franco-junior\/\" \/>\n<meta property=\"og:site_name\" content=\"Portal NPM\" \/>\n<meta property=\"article:published_time\" content=\"2024-12-18T19:23:56+00:00\" \/>\n<meta property=\"og:image\" content=\"https:\/\/portalnpm.com\/wp-content\/uploads\/2024\/12\/bvbnfnfgnfgnmfnmf.jpg\" \/>\n\t<meta property=\"og:image:width\" content=\"800\" \/>\n\t<meta property=\"og:image:height\" content=\"501\" \/>\n\t<meta property=\"og:image:type\" content=\"image\/jpeg\" \/>\n<meta name=\"author\" content=\"Luis Alberto\" \/>\n<meta name=\"twitter:card\" content=\"summary_large_image\" \/>\n<meta name=\"twitter:label1\" content=\"Escrito por\" \/>\n\t<meta name=\"twitter:data1\" content=\"Luis Alberto\" \/>\n\t<meta name=\"twitter:label2\" content=\"Est. tempo de leitura\" \/>\n\t<meta name=\"twitter:data2\" content=\"2 minutos\" \/>\n<script type=\"application\/ld+json\" class=\"yoast-schema-graph\">{\"@context\":\"https:\/\/schema.org\",\"@graph\":[{\"@type\":\"WebPage\",\"@id\":\"https:\/\/portalnpm.com\/index.php\/2024\/12\/18\/celebridades-do-ano-2024-de-sao-juliao-pi-homenageara-o-cirurgiao-dentista-dr-pedro-franco-junior\/\",\"url\":\"https:\/\/portalnpm.com\/index.php\/2024\/12\/18\/celebridades-do-ano-2024-de-sao-juliao-pi-homenageara-o-cirurgiao-dentista-dr-pedro-franco-junior\/\",\"name\":\"Celebridades do Ano 2024 de S\u00e3o Juli\u00e3o \u2013 PI homenagear\u00e1 o cirurgi\u00e3o-dentista Dr. Pedro Franco J\u00fanior - Portal NPM\",\"isPartOf\":{\"@id\":\"https:\/\/portalnpm.com\/#website\"},\"primaryImageOfPage\":{\"@id\":\"https:\/\/portalnpm.com\/index.php\/2024\/12\/18\/celebridades-do-ano-2024-de-sao-juliao-pi-homenageara-o-cirurgiao-dentista-dr-pedro-franco-junior\/#primaryimage\"},\"image\":{\"@id\":\"https:\/\/portalnpm.com\/index.php\/2024\/12\/18\/celebridades-do-ano-2024-de-sao-juliao-pi-homenageara-o-cirurgiao-dentista-dr-pedro-franco-junior\/#primaryimage\"},\"thumbnailUrl\":\"https:\/\/portalnpm.com\/wp-content\/uploads\/2024\/12\/bvbnfnfgnfgnmfnmf.jpg\",\"datePublished\":\"2024-12-18T19:23:56+00:00\",\"dateModified\":\"2024-12-18T19:23:56+00:00\",\"author\":{\"@id\":\"https:\/\/portalnpm.com\/#\/schema\/person\/5c8006acdf71774cd4e7a5ab98482152\"},\"breadcrumb\":{\"@id\":\"https:\/\/portalnpm.com\/index.php\/2024\/12\/18\/celebridades-do-ano-2024-de-sao-juliao-pi-homenageara-o-cirurgiao-dentista-dr-pedro-franco-junior\/#breadcrumb\"},\"inLanguage\":\"pt-BR\",\"potentialAction\":[{\"@type\":\"ReadAction\",\"target\":[\"https:\/\/portalnpm.com\/index.php\/2024\/12\/18\/celebridades-do-ano-2024-de-sao-juliao-pi-homenageara-o-cirurgiao-dentista-dr-pedro-franco-junior\/\"]}]},{\"@type\":\"ImageObject\",\"inLanguage\":\"pt-BR\",\"@id\":\"https:\/\/portalnpm.com\/index.php\/2024\/12\/18\/celebridades-do-ano-2024-de-sao-juliao-pi-homenageara-o-cirurgiao-dentista-dr-pedro-franco-junior\/#primaryimage\",\"url\":\"https:\/\/portalnpm.com\/wp-content\/uploads\/2024\/12\/bvbnfnfgnfgnmfnmf.jpg\",\"contentUrl\":\"https:\/\/portalnpm.com\/wp-content\/uploads\/2024\/12\/bvbnfnfgnfgnmfnmf.jpg\",\"width\":800,\"height\":501},{\"@type\":\"BreadcrumbList\",\"@id\":\"https:\/\/portalnpm.com\/index.php\/2024\/12\/18\/celebridades-do-ano-2024-de-sao-juliao-pi-homenageara-o-cirurgiao-dentista-dr-pedro-franco-junior\/#breadcrumb\",\"itemListElement\":[{\"@type\":\"ListItem\",\"position\":1,\"name\":\"In\u00edcio\",\"item\":\"https:\/\/portalnpm.com\/\"},{\"@type\":\"ListItem\",\"position\":2,\"name\":\"Celebridades do Ano 2024 de S\u00e3o Juli\u00e3o \u2013 PI homenagear\u00e1 o cirurgi\u00e3o-dentista Dr. Pedro Franco J\u00fanior\"}]},{\"@type\":\"WebSite\",\"@id\":\"https:\/\/portalnpm.com\/#website\",\"url\":\"https:\/\/portalnpm.com\/\",\"name\":\"Portal NPM\",\"description\":\"Not\u00edcias em Primeira M\u00e3o\",\"potentialAction\":[{\"@type\":\"SearchAction\",\"target\":{\"@type\":\"EntryPoint\",\"urlTemplate\":\"https:\/\/portalnpm.com\/?s={search_term_string}\"},\"query-input\":\"required name=search_term_string\"}],\"inLanguage\":\"pt-BR\"},{\"@type\":\"Person\",\"@id\":\"https:\/\/portalnpm.com\/#\/schema\/person\/5c8006acdf71774cd4e7a5ab98482152\",\"name\":\"Luis Alberto\",\"image\":{\"@type\":\"ImageObject\",\"inLanguage\":\"pt-BR\",\"@id\":\"https:\/\/portalnpm.com\/#\/schema\/person\/image\/\",\"url\":\"https:\/\/portalnpm.com\/wp-content\/uploads\/2024\/12\/avatar_user_3_1734699769-96x96.jpeg\",\"contentUrl\":\"https:\/\/portalnpm.com\/wp-content\/uploads\/2024\/12\/avatar_user_3_1734699769-96x96.jpeg\",\"caption\":\"Luis Alberto\"},\"description\":\"Editor-geral do Portal NPM, \u00e9 formado como T\u00e9cnico em Seguran\u00e7a do Trabalho pela Escola Metropolitana de Cursos T\u00e9cnicos. Det\u00e9m ainda licenciatura em Educa\u00e7\u00e3o F\u00edsica e bacharelado em Ci\u00eancias Pol\u00edticas, ambos obtidos pela institui\u00e7\u00e3o Anhanguera\/UNOPAR.\",\"url\":\"https:\/\/portalnpm.com\/index.php\/author\/pereira\/\"}]}<\/script>\n<!-- \/ Yoast SEO plugin. -->","yoast_head_json":{"title":"Celebridades do Ano 2024 de S\u00e3o Juli\u00e3o \u2013 PI homenagear\u00e1 o cirurgi\u00e3o-dentista Dr. Pedro Franco J\u00fanior - Portal NPM","robots":{"index":"index","follow":"follow","max-snippet":"max-snippet:-1","max-image-preview":"max-image-preview:large","max-video-preview":"max-video-preview:-1"},"canonical":"https:\/\/portalnpm.com\/index.php\/2024\/12\/18\/celebridades-do-ano-2024-de-sao-juliao-pi-homenageara-o-cirurgiao-dentista-dr-pedro-franco-junior\/","og_locale":"pt_BR","og_type":"article","og_title":"Celebridades do Ano 2024 de S\u00e3o Juli\u00e3o \u2013 PI homenagear\u00e1 o cirurgi\u00e3o-dentista Dr. Pedro Franco J\u00fanior - Portal NPM","og_description":"A tradicional festa\u00a0Celebridades do Ano 2024 em S\u00e3o Juli\u00e3o \u2013 PI\u00a0em sua 10\u00aa edi\u00e7\u00e3o homenagear\u00e1 o cirurgi\u00e3o-dentista\u00a0Dr.\u00a0Pedro Franco Sobreira J\u00fanior.\u00a0O evento agracia atrav\u00e9s do voto popular quem mais se destacou em suas mais diversas \u00e1reas de atua\u00e7\u00e3o no munic\u00edpio. De acordo com\u00a0Severiano Gomes e Joselma, organizadores do evento, a vota\u00e7\u00e3o atrav\u00e9s de question\u00e1rio eletr\u00f4nico j\u00e1 &hellip;","og_url":"https:\/\/portalnpm.com\/index.php\/2024\/12\/18\/celebridades-do-ano-2024-de-sao-juliao-pi-homenageara-o-cirurgiao-dentista-dr-pedro-franco-junior\/","og_site_name":"Portal NPM","article_published_time":"2024-12-18T19:23:56+00:00","og_image":[{"width":800,"height":501,"url":"https:\/\/portalnpm.com\/wp-content\/uploads\/2024\/12\/bvbnfnfgnfgnmfnmf.jpg","type":"image\/jpeg"}],"author":"Luis Alberto","twitter_card":"summary_large_image","twitter_misc":{"Escrito por":"Luis Alberto","Est. tempo de leitura":"2 minutos"},"schema":{"@context":"https:\/\/schema.org","@graph":[{"@type":"WebPage","@id":"https:\/\/portalnpm.com\/index.php\/2024\/12\/18\/celebridades-do-ano-2024-de-sao-juliao-pi-homenageara-o-cirurgiao-dentista-dr-pedro-franco-junior\/","url":"https:\/\/portalnpm.com\/index.php\/2024\/12\/18\/celebridades-do-ano-2024-de-sao-juliao-pi-homenageara-o-cirurgiao-dentista-dr-pedro-franco-junior\/","name":"Celebridades do Ano 2024 de S\u00e3o Juli\u00e3o \u2013 PI homenagear\u00e1 o cirurgi\u00e3o-dentista Dr. Pedro Franco J\u00fanior - Portal NPM","isPartOf":{"@id":"https:\/\/portalnpm.com\/#website"},"primaryImageOfPage":{"@id":"https:\/\/portalnpm.com\/index.php\/2024\/12\/18\/celebridades-do-ano-2024-de-sao-juliao-pi-homenageara-o-cirurgiao-dentista-dr-pedro-franco-junior\/#primaryimage"},"image":{"@id":"https:\/\/portalnpm.com\/index.php\/2024\/12\/18\/celebridades-do-ano-2024-de-sao-juliao-pi-homenageara-o-cirurgiao-dentista-dr-pedro-franco-junior\/#primaryimage"},"thumbnailUrl":"https:\/\/portalnpm.com\/wp-content\/uploads\/2024\/12\/bvbnfnfgnfgnmfnmf.jpg","datePublished":"2024-12-18T19:23:56+00:00","dateModified":"2024-12-18T19:23:56+00:00","author":{"@id":"https:\/\/portalnpm.com\/#\/schema\/person\/5c8006acdf71774cd4e7a5ab98482152"},"breadcrumb":{"@id":"https:\/\/portalnpm.com\/index.php\/2024\/12\/18\/celebridades-do-ano-2024-de-sao-juliao-pi-homenageara-o-cirurgiao-dentista-dr-pedro-franco-junior\/#breadcrumb"},"inLanguage":"pt-BR","potentialAction":[{"@type":"ReadAction","target":["https:\/\/portalnpm.com\/index.php\/2024\/12\/18\/celebridades-do-ano-2024-de-sao-juliao-pi-homenageara-o-cirurgiao-dentista-dr-pedro-franco-junior\/"]}]},{"@type":"ImageObject","inLanguage":"pt-BR","@id":"https:\/\/portalnpm.com\/index.php\/2024\/12\/18\/celebridades-do-ano-2024-de-sao-juliao-pi-homenageara-o-cirurgiao-dentista-dr-pedro-franco-junior\/#primaryimage","url":"https:\/\/portalnpm.com\/wp-content\/uploads\/2024\/12\/bvbnfnfgnfgnmfnmf.jpg","contentUrl":"https:\/\/portalnpm.com\/wp-content\/uploads\/2024\/12\/bvbnfnfgnfgnmfnmf.jpg","width":800,"height":501},{"@type":"BreadcrumbList","@id":"https:\/\/portalnpm.com\/index.php\/2024\/12\/18\/celebridades-do-ano-2024-de-sao-juliao-pi-homenageara-o-cirurgiao-dentista-dr-pedro-franco-junior\/#breadcrumb","itemListElement":[{"@type":"ListItem","position":1,"name":"In\u00edcio","item":"https:\/\/portalnpm.com\/"},{"@type":"ListItem","position":2,"name":"Celebridades do Ano 2024 de S\u00e3o Juli\u00e3o \u2013 PI homenagear\u00e1 o cirurgi\u00e3o-dentista Dr. Pedro Franco J\u00fanior"}]},{"@type":"WebSite","@id":"https:\/\/portalnpm.com\/#website","url":"https:\/\/portalnpm.com\/","name":"Portal NPM","description":"Not\u00edcias em Primeira M\u00e3o","potentialAction":[{"@type":"SearchAction","target":{"@type":"EntryPoint","urlTemplate":"https:\/\/portalnpm.com\/?s={search_term_string}"},"query-input":"required name=search_term_string"}],"inLanguage":"pt-BR"},{"@type":"Person","@id":"https:\/\/portalnpm.com\/#\/schema\/person\/5c8006acdf71774cd4e7a5ab98482152","name":"Luis Alberto","image":{"@type":"ImageObject","inLanguage":"pt-BR","@id":"https:\/\/portalnpm.com\/#\/schema\/person\/image\/","url":"https:\/\/portalnpm.com\/wp-content\/uploads\/2024\/12\/avatar_user_3_1734699769-96x96.jpeg","contentUrl":"https:\/\/portalnpm.com\/wp-content\/uploads\/2024\/12\/avatar_user_3_1734699769-96x96.jpeg","caption":"Luis Alberto"},"description":"Editor-geral do Portal NPM, \u00e9 formado como T\u00e9cnico em Seguran\u00e7a do Trabalho pela Escola Metropolitana de Cursos T\u00e9cnicos. Det\u00e9m ainda licenciatura em Educa\u00e7\u00e3o F\u00edsica e bacharelado em Ci\u00eancias Pol\u00edticas, ambos obtidos pela institui\u00e7\u00e3o Anhanguera\/UNOPAR.","url":"https:\/\/portalnpm.com\/index.php\/author\/pereira\/"}]}},"jetpack_sharing_enabled":true,"jetpack_featured_media_url":"https:\/\/portalnpm.com\/wp-content\/uploads\/2024\/12\/bvbnfnfgnfgnmfnmf.jpg","_links":{"self":[{"href":"https:\/\/portalnpm.com\/index.php\/wp-json\/wp\/v2\/posts\/82083"}],"collection":[{"href":"https:\/\/portalnpm.com\/index.php\/wp-json\/wp\/v2\/posts"}],"about":[{"href":"https:\/\/portalnpm.com\/index.php\/wp-json\/wp\/v2\/types\/post"}],"author":[{"embeddable":true,"href":"https:\/\/portalnpm.com\/index.php\/wp-json\/wp\/v2\/users\/3"}],"replies":[{"embeddable":true,"href":"https:\/\/portalnpm.com\/index.php\/wp-json\/wp\/v2\/comments?post=82083"}],"version-history":[{"count":3,"href":"https:\/\/portalnpm.com\/index.php\/wp-json\/wp\/v2\/posts\/82083\/revisions"}],"predecessor-version":[{"id":82087,"href":"https:\/\/portalnpm.com\/index.php\/wp-json\/wp\/v2\/posts\/82083\/revisions\/82087"}],"wp:featuredmedia":[{"embeddable":true,"href":"https:\/\/portalnpm.com\/index.php\/wp-json\/wp\/v2\/media\/82086"}],"wp:attachment":[{"href":"https:\/\/portalnpm.com\/index.php\/wp-json\/wp\/v2\/media?parent=82083"}],"wp:term":[{"taxonomy":"category","embeddable":true,"href":"https:\/\/portalnpm.com\/index.php\/wp-json\/wp\/v2\/categories?post=82083"},{"taxonomy":"post_tag","embeddable":true,"href":"https:\/\/portalnpm.com\/index.php\/wp-json\/wp\/v2\/tags?post=82083"}],"curies":[{"name":"wp","href":"https:\/\/api.w.org\/{rel}","templated":true}]}}