{"id":82108,"date":"2024-12-19T12:24:04","date_gmt":"2024-12-19T15:24:04","guid":{"rendered":"https:\/\/portalnpm.com\/?p=82108"},"modified":"2024-12-19T12:24:04","modified_gmt":"2024-12-19T15:24:04","slug":"prazo-para-diplomacao-de-prefeitos-e-vereadores-termina-nesta-quinta","status":"publish","type":"post","link":"https:\/\/portalnpm.com\/index.php\/2024\/12\/19\/prazo-para-diplomacao-de-prefeitos-e-vereadores-termina-nesta-quinta\/","title":{"rendered":"Prazo para diploma\u00e7\u00e3o de prefeitos e vereadores termina nesta quinta"},"content":{"rendered":"<p>Os prefeitos e vereadores eleitos em\u00a0outubro devem ser diplomados at\u00e9 esta quinta-feira (19) pela Justi\u00e7a Eleitoral. A data marca o fim do per\u00edodo eleitoral.<img decoding=\"async\" src=\"https:\/\/agenciabrasil.ebc.com.br\/ebc.png?id=1624326&amp;o=node\" \/><img decoding=\"async\" src=\"https:\/\/agenciabrasil.ebc.com.br\/ebc.gif?id=1624326&amp;o=node\" \/><\/p>\n<p>O diploma \u00e9 entregue pelos tribunais regionais eleitorais (TREs) e serve para habilitar os eleitos para iniciarem seus mandatos, que t\u00eam\u00a0dura\u00e7\u00e3o de quatro anos. As posses nos respectivos cargos ocorrer\u00e3o em 1\u00b0 de janeiro de 2025.<\/p>\n<p>As principais capitais do pa\u00eds v\u00e3o realizar a diploma\u00e7\u00e3o hoje. As cerim\u00f4nias est\u00e3o previstas para os munic\u00edpios de S\u00e3o Paulo, Curitiba, Fortaleza, Goi\u00e2nia, Macap\u00e1, Natal e Porto Alegre.\u00a0 As demais capitais j\u00e1 fizeram\u00a0a diploma\u00e7\u00e3o dos eleitos.<\/p>\n<p>Em S\u00e3o Paulo, a solenidade ser\u00e1 \u00e0s 11h, no Memorial da Am\u00e9rica Latina.<\/p>\n<p>No Rio de Janeiro, a diploma\u00e7\u00e3o ocorreu na manh\u00e3 de ontem (18). Receberam o documento o prefeito reeleito\u00a0Eduardo Paes, o vice-prefeito\u00a0Eduardo Cavaleire\u00a0e mais 51 vereadores eleitos ou reeleitos para a pr\u00f3xima legislatura.<\/p>\n<p><strong>Fonte<\/strong>: Ag\u00eancia Brasil<\/p>\n","protected":false},"excerpt":{"rendered":"<p>Os prefeitos e vereadores eleitos em\u00a0outubro devem ser diplomados at\u00e9 esta quinta-feira (19) pela Justi\u00e7a Eleitoral. A data marca o fim do per\u00edodo eleitoral. O diploma \u00e9 entregue pelos tribunais regionais eleitorais (TREs) e serve para habilitar os eleitos para iniciarem seus mandatos, que t\u00eam\u00a0dura\u00e7\u00e3o de quatro anos. As posses nos respectivos cargos ocorrer\u00e3o em &hellip;<\/p>\n","protected":false},"author":8,"featured_media":82109,"comment_status":"open","ping_status":"open","sticky":false,"template":"","format":"standard","meta":{"content-type":"","rop_custom_images_group":[],"rop_custom_messages_group":[],"rop_publish_now":"yes","rop_publish_now_accounts":{"facebook_2648258775420054_1618374048415101":""},"rop_publish_now_history":[],"rop_publish_now_status":"pending","footnotes":"","_jetpack_memberships_contains_paid_content":false},"categories":[125],"tags":[230,16199,1732,852,1136,743,4951,1553,3337],"yoast_head":"<!-- This site is optimized with the Yoast SEO plugin v22.3 - https:\/\/yoast.com\/wordpress\/plugins\/seo\/ -->\n<title>Prazo para diploma\u00e7\u00e3o de prefeitos e vereadores termina nesta quinta - Portal NPM<\/title>\n<meta name=\"robots\" content=\"index, follow, max-snippet:-1, max-image-preview:large, max-video-preview:-1\" \/>\n<link rel=\"canonical\" href=\"https:\/\/portalnpm.com\/index.php\/2024\/12\/19\/prazo-para-diplomacao-de-prefeitos-e-vereadores-termina-nesta-quinta\/\" \/>\n<meta property=\"og:locale\" content=\"pt_BR\" \/>\n<meta property=\"og:type\" content=\"article\" \/>\n<meta property=\"og:title\" content=\"Prazo para diploma\u00e7\u00e3o de prefeitos e vereadores termina nesta quinta - Portal NPM\" \/>\n<meta property=\"og:description\" content=\"Os prefeitos e vereadores eleitos em\u00a0outubro devem ser diplomados at\u00e9 esta quinta-feira (19) pela Justi\u00e7a Eleitoral. A data marca o fim do per\u00edodo eleitoral. O diploma \u00e9 entregue pelos tribunais regionais eleitorais (TREs) e serve para habilitar os eleitos para iniciarem seus mandatos, que t\u00eam\u00a0dura\u00e7\u00e3o de quatro anos. As posses nos respectivos cargos ocorrer\u00e3o em &hellip;\" \/>\n<meta property=\"og:url\" content=\"https:\/\/portalnpm.com\/index.php\/2024\/12\/19\/prazo-para-diplomacao-de-prefeitos-e-vereadores-termina-nesta-quinta\/\" \/>\n<meta property=\"og:site_name\" content=\"Portal NPM\" \/>\n<meta property=\"article:published_time\" content=\"2024-12-19T15:24:04+00:00\" \/>\n<meta property=\"og:image\" content=\"https:\/\/portalnpm.com\/wp-content\/uploads\/2024\/12\/IMG_5477.webp\" \/>\n\t<meta property=\"og:image:width\" content=\"1170\" \/>\n\t<meta property=\"og:image:height\" content=\"700\" \/>\n\t<meta property=\"og:image:type\" content=\"image\/webp\" \/>\n<meta name=\"author\" content=\"Zenilton Lima\" \/>\n<meta name=\"twitter:card\" content=\"summary_large_image\" \/>\n<meta name=\"twitter:label1\" content=\"Escrito por\" \/>\n\t<meta name=\"twitter:data1\" content=\"Zenilton Lima\" \/>\n\t<meta name=\"twitter:label2\" content=\"Est. tempo de leitura\" \/>\n\t<meta name=\"twitter:data2\" content=\"2 minutos\" \/>\n<script type=\"application\/ld+json\" class=\"yoast-schema-graph\">{\"@context\":\"https:\/\/schema.org\",\"@graph\":[{\"@type\":\"WebPage\",\"@id\":\"https:\/\/portalnpm.com\/index.php\/2024\/12\/19\/prazo-para-diplomacao-de-prefeitos-e-vereadores-termina-nesta-quinta\/\",\"url\":\"https:\/\/portalnpm.com\/index.php\/2024\/12\/19\/prazo-para-diplomacao-de-prefeitos-e-vereadores-termina-nesta-quinta\/\",\"name\":\"Prazo para diploma\u00e7\u00e3o de prefeitos e vereadores termina nesta quinta - Portal NPM\",\"isPartOf\":{\"@id\":\"https:\/\/portalnpm.com\/#website\"},\"primaryImageOfPage\":{\"@id\":\"https:\/\/portalnpm.com\/index.php\/2024\/12\/19\/prazo-para-diplomacao-de-prefeitos-e-vereadores-termina-nesta-quinta\/#primaryimage\"},\"image\":{\"@id\":\"https:\/\/portalnpm.com\/index.php\/2024\/12\/19\/prazo-para-diplomacao-de-prefeitos-e-vereadores-termina-nesta-quinta\/#primaryimage\"},\"thumbnailUrl\":\"https:\/\/portalnpm.com\/wp-content\/uploads\/2024\/12\/IMG_5477.webp\",\"datePublished\":\"2024-12-19T15:24:04+00:00\",\"dateModified\":\"2024-12-19T15:24:04+00:00\",\"author\":{\"@id\":\"https:\/\/portalnpm.com\/#\/schema\/person\/35cb55186eae3f074b6783da6d35591e\"},\"breadcrumb\":{\"@id\":\"https:\/\/portalnpm.com\/index.php\/2024\/12\/19\/prazo-para-diplomacao-de-prefeitos-e-vereadores-termina-nesta-quinta\/#breadcrumb\"},\"inLanguage\":\"pt-BR\",\"potentialAction\":[{\"@type\":\"ReadAction\",\"target\":[\"https:\/\/portalnpm.com\/index.php\/2024\/12\/19\/prazo-para-diplomacao-de-prefeitos-e-vereadores-termina-nesta-quinta\/\"]}]},{\"@type\":\"ImageObject\",\"inLanguage\":\"pt-BR\",\"@id\":\"https:\/\/portalnpm.com\/index.php\/2024\/12\/19\/prazo-para-diplomacao-de-prefeitos-e-vereadores-termina-nesta-quinta\/#primaryimage\",\"url\":\"https:\/\/portalnpm.com\/wp-content\/uploads\/2024\/12\/IMG_5477.webp\",\"contentUrl\":\"https:\/\/portalnpm.com\/wp-content\/uploads\/2024\/12\/IMG_5477.webp\",\"width\":1170,\"height\":700,\"caption\":\"TRE-SP\"},{\"@type\":\"BreadcrumbList\",\"@id\":\"https:\/\/portalnpm.com\/index.php\/2024\/12\/19\/prazo-para-diplomacao-de-prefeitos-e-vereadores-termina-nesta-quinta\/#breadcrumb\",\"itemListElement\":[{\"@type\":\"ListItem\",\"position\":1,\"name\":\"In\u00edcio\",\"item\":\"https:\/\/portalnpm.com\/\"},{\"@type\":\"ListItem\",\"position\":2,\"name\":\"Prazo para diploma\u00e7\u00e3o de prefeitos e vereadores termina nesta quinta\"}]},{\"@type\":\"WebSite\",\"@id\":\"https:\/\/portalnpm.com\/#website\",\"url\":\"https:\/\/portalnpm.com\/\",\"name\":\"Portal NPM\",\"description\":\"Not\u00edcias em Primeira M\u00e3o\",\"potentialAction\":[{\"@type\":\"SearchAction\",\"target\":{\"@type\":\"EntryPoint\",\"urlTemplate\":\"https:\/\/portalnpm.com\/?s={search_term_string}\"},\"query-input\":\"required name=search_term_string\"}],\"inLanguage\":\"pt-BR\"},{\"@type\":\"Person\",\"@id\":\"https:\/\/portalnpm.com\/#\/schema\/person\/35cb55186eae3f074b6783da6d35591e\",\"name\":\"Zenilton Lima\",\"image\":{\"@type\":\"ImageObject\",\"inLanguage\":\"pt-BR\",\"@id\":\"https:\/\/portalnpm.com\/#\/schema\/person\/image\/\",\"url\":\"https:\/\/portalnpm.com\/wp-content\/uploads\/2024\/12\/avatar_user_8_1733658137-96x96.jpeg\",\"contentUrl\":\"https:\/\/portalnpm.com\/wp-content\/uploads\/2024\/12\/avatar_user_8_1733658137-96x96.jpeg\",\"caption\":\"Zenilton Lima\"},\"url\":\"https:\/\/portalnpm.com\/index.php\/author\/zenilton\/\"}]}<\/script>\n<!-- \/ Yoast SEO plugin. -->","yoast_head_json":{"title":"Prazo para diploma\u00e7\u00e3o de prefeitos e vereadores termina nesta quinta - Portal NPM","robots":{"index":"index","follow":"follow","max-snippet":"max-snippet:-1","max-image-preview":"max-image-preview:large","max-video-preview":"max-video-preview:-1"},"canonical":"https:\/\/portalnpm.com\/index.php\/2024\/12\/19\/prazo-para-diplomacao-de-prefeitos-e-vereadores-termina-nesta-quinta\/","og_locale":"pt_BR","og_type":"article","og_title":"Prazo para diploma\u00e7\u00e3o de prefeitos e vereadores termina nesta quinta - Portal NPM","og_description":"Os prefeitos e vereadores eleitos em\u00a0outubro devem ser diplomados at\u00e9 esta quinta-feira (19) pela Justi\u00e7a Eleitoral. A data marca o fim do per\u00edodo eleitoral. O diploma \u00e9 entregue pelos tribunais regionais eleitorais (TREs) e serve para habilitar os eleitos para iniciarem seus mandatos, que t\u00eam\u00a0dura\u00e7\u00e3o de quatro anos. As posses nos respectivos cargos ocorrer\u00e3o em &hellip;","og_url":"https:\/\/portalnpm.com\/index.php\/2024\/12\/19\/prazo-para-diplomacao-de-prefeitos-e-vereadores-termina-nesta-quinta\/","og_site_name":"Portal NPM","article_published_time":"2024-12-19T15:24:04+00:00","og_image":[{"width":1170,"height":700,"url":"https:\/\/portalnpm.com\/wp-content\/uploads\/2024\/12\/IMG_5477.webp","type":"image\/webp"}],"author":"Zenilton Lima","twitter_card":"summary_large_image","twitter_misc":{"Escrito por":"Zenilton Lima","Est. tempo de leitura":"2 minutos"},"schema":{"@context":"https:\/\/schema.org","@graph":[{"@type":"WebPage","@id":"https:\/\/portalnpm.com\/index.php\/2024\/12\/19\/prazo-para-diplomacao-de-prefeitos-e-vereadores-termina-nesta-quinta\/","url":"https:\/\/portalnpm.com\/index.php\/2024\/12\/19\/prazo-para-diplomacao-de-prefeitos-e-vereadores-termina-nesta-quinta\/","name":"Prazo para diploma\u00e7\u00e3o de prefeitos e vereadores termina nesta quinta - Portal NPM","isPartOf":{"@id":"https:\/\/portalnpm.com\/#website"},"primaryImageOfPage":{"@id":"https:\/\/portalnpm.com\/index.php\/2024\/12\/19\/prazo-para-diplomacao-de-prefeitos-e-vereadores-termina-nesta-quinta\/#primaryimage"},"image":{"@id":"https:\/\/portalnpm.com\/index.php\/2024\/12\/19\/prazo-para-diplomacao-de-prefeitos-e-vereadores-termina-nesta-quinta\/#primaryimage"},"thumbnailUrl":"https:\/\/portalnpm.com\/wp-content\/uploads\/2024\/12\/IMG_5477.webp","datePublished":"2024-12-19T15:24:04+00:00","dateModified":"2024-12-19T15:24:04+00:00","author":{"@id":"https:\/\/portalnpm.com\/#\/schema\/person\/35cb55186eae3f074b6783da6d35591e"},"breadcrumb":{"@id":"https:\/\/portalnpm.com\/index.php\/2024\/12\/19\/prazo-para-diplomacao-de-prefeitos-e-vereadores-termina-nesta-quinta\/#breadcrumb"},"inLanguage":"pt-BR","potentialAction":[{"@type":"ReadAction","target":["https:\/\/portalnpm.com\/index.php\/2024\/12\/19\/prazo-para-diplomacao-de-prefeitos-e-vereadores-termina-nesta-quinta\/"]}]},{"@type":"ImageObject","inLanguage":"pt-BR","@id":"https:\/\/portalnpm.com\/index.php\/2024\/12\/19\/prazo-para-diplomacao-de-prefeitos-e-vereadores-termina-nesta-quinta\/#primaryimage","url":"https:\/\/portalnpm.com\/wp-content\/uploads\/2024\/12\/IMG_5477.webp","contentUrl":"https:\/\/portalnpm.com\/wp-content\/uploads\/2024\/12\/IMG_5477.webp","width":1170,"height":700,"caption":"TRE-SP"},{"@type":"BreadcrumbList","@id":"https:\/\/portalnpm.com\/index.php\/2024\/12\/19\/prazo-para-diplomacao-de-prefeitos-e-vereadores-termina-nesta-quinta\/#breadcrumb","itemListElement":[{"@type":"ListItem","position":1,"name":"In\u00edcio","item":"https:\/\/portalnpm.com\/"},{"@type":"ListItem","position":2,"name":"Prazo para diploma\u00e7\u00e3o de prefeitos e vereadores termina nesta quinta"}]},{"@type":"WebSite","@id":"https:\/\/portalnpm.com\/#website","url":"https:\/\/portalnpm.com\/","name":"Portal NPM","description":"Not\u00edcias em Primeira M\u00e3o","potentialAction":[{"@type":"SearchAction","target":{"@type":"EntryPoint","urlTemplate":"https:\/\/portalnpm.com\/?s={search_term_string}"},"query-input":"required name=search_term_string"}],"inLanguage":"pt-BR"},{"@type":"Person","@id":"https:\/\/portalnpm.com\/#\/schema\/person\/35cb55186eae3f074b6783da6d35591e","name":"Zenilton Lima","image":{"@type":"ImageObject","inLanguage":"pt-BR","@id":"https:\/\/portalnpm.com\/#\/schema\/person\/image\/","url":"https:\/\/portalnpm.com\/wp-content\/uploads\/2024\/12\/avatar_user_8_1733658137-96x96.jpeg","contentUrl":"https:\/\/portalnpm.com\/wp-content\/uploads\/2024\/12\/avatar_user_8_1733658137-96x96.jpeg","caption":"Zenilton Lima"},"url":"https:\/\/portalnpm.com\/index.php\/author\/zenilton\/"}]}},"jetpack_sharing_enabled":true,"jetpack_featured_media_url":"https:\/\/portalnpm.com\/wp-content\/uploads\/2024\/12\/IMG_5477.webp","_links":{"self":[{"href":"https:\/\/portalnpm.com\/index.php\/wp-json\/wp\/v2\/posts\/82108"}],"collection":[{"href":"https:\/\/portalnpm.com\/index.php\/wp-json\/wp\/v2\/posts"}],"about":[{"href":"https:\/\/portalnpm.com\/index.php\/wp-json\/wp\/v2\/types\/post"}],"author":[{"embeddable":true,"href":"https:\/\/portalnpm.com\/index.php\/wp-json\/wp\/v2\/users\/8"}],"replies":[{"embeddable":true,"href":"https:\/\/portalnpm.com\/index.php\/wp-json\/wp\/v2\/comments?post=82108"}],"version-history":[{"count":1,"href":"https:\/\/portalnpm.com\/index.php\/wp-json\/wp\/v2\/posts\/82108\/revisions"}],"predecessor-version":[{"id":82110,"href":"https:\/\/portalnpm.com\/index.php\/wp-json\/wp\/v2\/posts\/82108\/revisions\/82110"}],"wp:featuredmedia":[{"embeddable":true,"href":"https:\/\/portalnpm.com\/index.php\/wp-json\/wp\/v2\/media\/82109"}],"wp:attachment":[{"href":"https:\/\/portalnpm.com\/index.php\/wp-json\/wp\/v2\/media?parent=82108"}],"wp:term":[{"taxonomy":"category","embeddable":true,"href":"https:\/\/portalnpm.com\/index.php\/wp-json\/wp\/v2\/categories?post=82108"},{"taxonomy":"post_tag","embeddable":true,"href":"https:\/\/portalnpm.com\/index.php\/wp-json\/wp\/v2\/tags?post=82108"}],"curies":[{"name":"wp","href":"https:\/\/api.w.org\/{rel}","templated":true}]}}