{"id":82122,"date":"2024-12-20T08:20:13","date_gmt":"2024-12-20T11:20:13","guid":{"rendered":"https:\/\/portalnpm.com\/?p=82122"},"modified":"2024-12-20T08:20:13","modified_gmt":"2024-12-20T11:20:13","slug":"dr-pedro-otacilio-e-cicero-caua-sao-diplomados-prefeito-e-vice-prefeito-de-alagoinha-do-piaui","status":"publish","type":"post","link":"https:\/\/portalnpm.com\/index.php\/2024\/12\/20\/dr-pedro-otacilio-e-cicero-caua-sao-diplomados-prefeito-e-vice-prefeito-de-alagoinha-do-piaui\/","title":{"rendered":"Dr. Pedro Otac\u00edlio e C\u00edcero Cau\u00e3 s\u00e3o diplomados prefeito e vice-prefeito de Alagoinha do Piau\u00ed"},"content":{"rendered":"<p dir=\"ltr\">O m\u00e9dico, Dr.Pedro Otac\u00edlio (PSD), pela terceira vez, foi diplomado como prefeito eleito de Alagoinha do Piau\u00ed. A solenidade de diploma\u00e7\u00e3o aconteceu na C\u00e2mara Municipal de Pio IX.<\/p>\n<p><iframe title=\"Dr. Pedro Otac\u00edlio, pela terceira vez, recebe o diploma como prefeito eleito de Alagoinha do Piau\u00ed\" width=\"500\" height=\"281\" src=\"https:\/\/www.youtube.com\/embed\/D2GYb5nw71M?feature=oembed\" frameborder=\"0\" allow=\"accelerometer; autoplay; clipboard-write; encrypted-media; gyroscope; picture-in-picture; web-share\" referrerpolicy=\"strict-origin-when-cross-origin\" allowfullscreen><\/iframe><\/p>\n<p dir=\"ltr\">Al\u00e9m do Dr. Pedro Otac\u00edlio, foi tamb\u00e9m diplomado o vice-prefeito eleito, C\u00edcero Cau\u00e3 e os nove vereadores que formar\u00e3o a C\u00e2mara de Alagoinha do Piau\u00ed.<\/p>\n<p dir=\"ltr\"><img fetchpriority=\"high\" decoding=\"async\" class=\"alignnone size-medium wp-image-82124\" src=\"https:\/\/portalnpm.com\/wp-content\/uploads\/2024\/12\/IMG_20241219_183627-300x205.jpg\" alt=\"\" width=\"300\" height=\"205\" srcset=\"https:\/\/portalnpm.com\/wp-content\/uploads\/2024\/12\/IMG_20241219_183627-300x205.jpg 300w, https:\/\/portalnpm.com\/wp-content\/uploads\/2024\/12\/IMG_20241219_183627-768x524.jpg 768w, https:\/\/portalnpm.com\/wp-content\/uploads\/2024\/12\/IMG_20241219_183627-220x150.jpg 220w, https:\/\/portalnpm.com\/wp-content\/uploads\/2024\/12\/IMG_20241219_183627.jpg 926w\" sizes=\"(max-width: 300px) 100vw, 300px\" \/><\/p>\n<p dir=\"ltr\">\n<p dir=\"ltr\">Familiares e amigos do prefeito diplomado, Dr. Pedro Otac\u00edlio, assim como do vice-prefeito diplomado, C\u00edcero Cau\u00e3, se fizeram presentes na C\u00e2mara Municipal de Pio IX, como registrou Portal Novos Tempos. Dra. Hortalina Bezerra, futura primeira-dama de Alagoinha do Piau\u00ed, posou para uma das c\u00e2meras do Portal Novos Tempos.<\/p>\n<p dir=\"ltr\"><img decoding=\"async\" class=\"alignnone size-medium wp-image-82126\" src=\"https:\/\/portalnpm.com\/wp-content\/uploads\/2024\/12\/IMG_20241219_184234-575x560-1-300x292.jpg\" alt=\"\" width=\"300\" height=\"292\" srcset=\"https:\/\/portalnpm.com\/wp-content\/uploads\/2024\/12\/IMG_20241219_184234-575x560-1-300x292.jpg 300w, https:\/\/portalnpm.com\/wp-content\/uploads\/2024\/12\/IMG_20241219_184234-575x560-1.jpg 575w\" sizes=\"(max-width: 300px) 100vw, 300px\" \/><\/p>\n<p dir=\"ltr\"><img decoding=\"async\" class=\"alignnone size-medium wp-image-82123\" src=\"https:\/\/portalnpm.com\/wp-content\/uploads\/2024\/12\/IMG_20241219_183733-300x203.jpg\" alt=\"\" width=\"300\" height=\"203\" srcset=\"https:\/\/portalnpm.com\/wp-content\/uploads\/2024\/12\/IMG_20241219_183733-300x203.jpg 300w, https:\/\/portalnpm.com\/wp-content\/uploads\/2024\/12\/IMG_20241219_183733-768x520.jpg 768w, https:\/\/portalnpm.com\/wp-content\/uploads\/2024\/12\/IMG_20241219_183733-220x150.jpg 220w, https:\/\/portalnpm.com\/wp-content\/uploads\/2024\/12\/IMG_20241219_183733.jpg 837w\" sizes=\"(max-width: 300px) 100vw, 300px\" \/> <img fetchpriority=\"high\" decoding=\"async\" class=\"alignnone size-medium wp-image-82124\" src=\"https:\/\/portalnpm.com\/wp-content\/uploads\/2024\/12\/IMG_20241219_183627-300x205.jpg\" alt=\"\" width=\"300\" height=\"205\" srcset=\"https:\/\/portalnpm.com\/wp-content\/uploads\/2024\/12\/IMG_20241219_183627-300x205.jpg 300w, https:\/\/portalnpm.com\/wp-content\/uploads\/2024\/12\/IMG_20241219_183627-768x524.jpg 768w, https:\/\/portalnpm.com\/wp-content\/uploads\/2024\/12\/IMG_20241219_183627-220x150.jpg 220w, https:\/\/portalnpm.com\/wp-content\/uploads\/2024\/12\/IMG_20241219_183627.jpg 926w\" sizes=\"(max-width: 300px) 100vw, 300px\" \/> <img loading=\"lazy\" decoding=\"async\" class=\"alignnone size-medium wp-image-82125\" src=\"https:\/\/portalnpm.com\/wp-content\/uploads\/2024\/12\/IMG_20241219_172925-300x203.jpg\" alt=\"\" width=\"300\" height=\"203\" srcset=\"https:\/\/portalnpm.com\/wp-content\/uploads\/2024\/12\/IMG_20241219_172925-300x203.jpg 300w, https:\/\/portalnpm.com\/wp-content\/uploads\/2024\/12\/IMG_20241219_172925-768x520.jpg 768w, https:\/\/portalnpm.com\/wp-content\/uploads\/2024\/12\/IMG_20241219_172925-220x150.jpg 220w, https:\/\/portalnpm.com\/wp-content\/uploads\/2024\/12\/IMG_20241219_172925.jpg 790w\" sizes=\"(max-width: 300px) 100vw, 300px\" \/><\/p>\n<p dir=\"ltr\">Fonte: Portal Novos Tempos<\/p>\n","protected":false},"excerpt":{"rendered":"<p>O m\u00e9dico, Dr.Pedro Otac\u00edlio (PSD), pela terceira vez, foi diplomado como prefeito eleito de Alagoinha do Piau\u00ed. A solenidade de diploma\u00e7\u00e3o aconteceu na C\u00e2mara Municipal de Pio IX. Al\u00e9m do Dr. Pedro Otac\u00edlio, foi tamb\u00e9m diplomado o vice-prefeito eleito, C\u00edcero Cau\u00e3 e os nove vereadores que formar\u00e3o a C\u00e2mara de Alagoinha do Piau\u00ed. Familiares e &hellip;<\/p>\n","protected":false},"author":3,"featured_media":82126,"comment_status":"open","ping_status":"open","sticky":false,"template":"","format":"standard","meta":{"content-type":"","rop_custom_images_group":[],"rop_custom_messages_group":[],"rop_publish_now":"yes","rop_publish_now_accounts":{"facebook_2648258775420054_1618374048415101":""},"rop_publish_now_history":[],"rop_publish_now_status":"pending","footnotes":"","_jetpack_memberships_contains_paid_content":false},"categories":[4028,113,109],"tags":[1216,15739,15861,230,1751,4262,4478,4205,187,135,1196,6239],"yoast_head":"<!-- This site is optimized with the Yoast SEO plugin v22.3 - https:\/\/yoast.com\/wordpress\/plugins\/seo\/ -->\n<title>Dr. Pedro Otac\u00edlio e C\u00edcero Cau\u00e3 s\u00e3o diplomados prefeito e vice-prefeito de Alagoinha do Piau\u00ed - Portal NPM<\/title>\n<meta name=\"robots\" content=\"index, follow, max-snippet:-1, max-image-preview:large, max-video-preview:-1\" \/>\n<link rel=\"canonical\" href=\"https:\/\/portalnpm.com\/index.php\/2024\/12\/20\/dr-pedro-otacilio-e-cicero-caua-sao-diplomados-prefeito-e-vice-prefeito-de-alagoinha-do-piaui\/\" \/>\n<meta property=\"og:locale\" content=\"pt_BR\" \/>\n<meta property=\"og:type\" content=\"article\" \/>\n<meta property=\"og:title\" content=\"Dr. Pedro Otac\u00edlio e C\u00edcero Cau\u00e3 s\u00e3o diplomados prefeito e vice-prefeito de Alagoinha do Piau\u00ed - Portal NPM\" \/>\n<meta property=\"og:description\" content=\"O m\u00e9dico, Dr.Pedro Otac\u00edlio (PSD), pela terceira vez, foi diplomado como prefeito eleito de Alagoinha do Piau\u00ed. A solenidade de diploma\u00e7\u00e3o aconteceu na C\u00e2mara Municipal de Pio IX. Al\u00e9m do Dr. Pedro Otac\u00edlio, foi tamb\u00e9m diplomado o vice-prefeito eleito, C\u00edcero Cau\u00e3 e os nove vereadores que formar\u00e3o a C\u00e2mara de Alagoinha do Piau\u00ed. Familiares e &hellip;\" \/>\n<meta property=\"og:url\" content=\"https:\/\/portalnpm.com\/index.php\/2024\/12\/20\/dr-pedro-otacilio-e-cicero-caua-sao-diplomados-prefeito-e-vice-prefeito-de-alagoinha-do-piaui\/\" \/>\n<meta property=\"og:site_name\" content=\"Portal NPM\" \/>\n<meta property=\"article:published_time\" content=\"2024-12-20T11:20:13+00:00\" \/>\n<meta property=\"og:image\" content=\"https:\/\/portalnpm.com\/wp-content\/uploads\/2024\/12\/IMG_20241219_184234-575x560-1.jpg\" \/>\n\t<meta property=\"og:image:width\" content=\"575\" \/>\n\t<meta property=\"og:image:height\" content=\"560\" \/>\n\t<meta property=\"og:image:type\" content=\"image\/jpeg\" \/>\n<meta name=\"author\" content=\"Luis Alberto\" \/>\n<meta name=\"twitter:card\" content=\"summary_large_image\" \/>\n<meta name=\"twitter:label1\" content=\"Escrito por\" \/>\n\t<meta name=\"twitter:data1\" content=\"Luis Alberto\" \/>\n\t<meta name=\"twitter:label2\" content=\"Est. tempo de leitura\" \/>\n\t<meta name=\"twitter:data2\" content=\"2 minutos\" \/>\n<script type=\"application\/ld+json\" class=\"yoast-schema-graph\">{\"@context\":\"https:\/\/schema.org\",\"@graph\":[{\"@type\":\"WebPage\",\"@id\":\"https:\/\/portalnpm.com\/index.php\/2024\/12\/20\/dr-pedro-otacilio-e-cicero-caua-sao-diplomados-prefeito-e-vice-prefeito-de-alagoinha-do-piaui\/\",\"url\":\"https:\/\/portalnpm.com\/index.php\/2024\/12\/20\/dr-pedro-otacilio-e-cicero-caua-sao-diplomados-prefeito-e-vice-prefeito-de-alagoinha-do-piaui\/\",\"name\":\"Dr. Pedro Otac\u00edlio e C\u00edcero Cau\u00e3 s\u00e3o diplomados prefeito e vice-prefeito de Alagoinha do Piau\u00ed - Portal NPM\",\"isPartOf\":{\"@id\":\"https:\/\/portalnpm.com\/#website\"},\"primaryImageOfPage\":{\"@id\":\"https:\/\/portalnpm.com\/index.php\/2024\/12\/20\/dr-pedro-otacilio-e-cicero-caua-sao-diplomados-prefeito-e-vice-prefeito-de-alagoinha-do-piaui\/#primaryimage\"},\"image\":{\"@id\":\"https:\/\/portalnpm.com\/index.php\/2024\/12\/20\/dr-pedro-otacilio-e-cicero-caua-sao-diplomados-prefeito-e-vice-prefeito-de-alagoinha-do-piaui\/#primaryimage\"},\"thumbnailUrl\":\"https:\/\/portalnpm.com\/wp-content\/uploads\/2024\/12\/IMG_20241219_184234-575x560-1.jpg\",\"datePublished\":\"2024-12-20T11:20:13+00:00\",\"dateModified\":\"2024-12-20T11:20:13+00:00\",\"author\":{\"@id\":\"https:\/\/portalnpm.com\/#\/schema\/person\/5c8006acdf71774cd4e7a5ab98482152\"},\"breadcrumb\":{\"@id\":\"https:\/\/portalnpm.com\/index.php\/2024\/12\/20\/dr-pedro-otacilio-e-cicero-caua-sao-diplomados-prefeito-e-vice-prefeito-de-alagoinha-do-piaui\/#breadcrumb\"},\"inLanguage\":\"pt-BR\",\"potentialAction\":[{\"@type\":\"ReadAction\",\"target\":[\"https:\/\/portalnpm.com\/index.php\/2024\/12\/20\/dr-pedro-otacilio-e-cicero-caua-sao-diplomados-prefeito-e-vice-prefeito-de-alagoinha-do-piaui\/\"]}]},{\"@type\":\"ImageObject\",\"inLanguage\":\"pt-BR\",\"@id\":\"https:\/\/portalnpm.com\/index.php\/2024\/12\/20\/dr-pedro-otacilio-e-cicero-caua-sao-diplomados-prefeito-e-vice-prefeito-de-alagoinha-do-piaui\/#primaryimage\",\"url\":\"https:\/\/portalnpm.com\/wp-content\/uploads\/2024\/12\/IMG_20241219_184234-575x560-1.jpg\",\"contentUrl\":\"https:\/\/portalnpm.com\/wp-content\/uploads\/2024\/12\/IMG_20241219_184234-575x560-1.jpg\",\"width\":575,\"height\":560},{\"@type\":\"BreadcrumbList\",\"@id\":\"https:\/\/portalnpm.com\/index.php\/2024\/12\/20\/dr-pedro-otacilio-e-cicero-caua-sao-diplomados-prefeito-e-vice-prefeito-de-alagoinha-do-piaui\/#breadcrumb\",\"itemListElement\":[{\"@type\":\"ListItem\",\"position\":1,\"name\":\"In\u00edcio\",\"item\":\"https:\/\/portalnpm.com\/\"},{\"@type\":\"ListItem\",\"position\":2,\"name\":\"Dr. Pedro Otac\u00edlio e C\u00edcero Cau\u00e3 s\u00e3o diplomados prefeito e vice-prefeito de Alagoinha do Piau\u00ed\"}]},{\"@type\":\"WebSite\",\"@id\":\"https:\/\/portalnpm.com\/#website\",\"url\":\"https:\/\/portalnpm.com\/\",\"name\":\"Portal NPM\",\"description\":\"Not\u00edcias em Primeira M\u00e3o\",\"potentialAction\":[{\"@type\":\"SearchAction\",\"target\":{\"@type\":\"EntryPoint\",\"urlTemplate\":\"https:\/\/portalnpm.com\/?s={search_term_string}\"},\"query-input\":\"required name=search_term_string\"}],\"inLanguage\":\"pt-BR\"},{\"@type\":\"Person\",\"@id\":\"https:\/\/portalnpm.com\/#\/schema\/person\/5c8006acdf71774cd4e7a5ab98482152\",\"name\":\"Luis Alberto\",\"image\":{\"@type\":\"ImageObject\",\"inLanguage\":\"pt-BR\",\"@id\":\"https:\/\/portalnpm.com\/#\/schema\/person\/image\/\",\"url\":\"https:\/\/portalnpm.com\/wp-content\/uploads\/2024\/12\/avatar_user_3_1734699769-96x96.jpeg\",\"contentUrl\":\"https:\/\/portalnpm.com\/wp-content\/uploads\/2024\/12\/avatar_user_3_1734699769-96x96.jpeg\",\"caption\":\"Luis Alberto\"},\"description\":\"Editor-geral do Portal NPM, \u00e9 formado como T\u00e9cnico em Seguran\u00e7a do Trabalho pela Escola Metropolitana de Cursos T\u00e9cnicos. Det\u00e9m ainda licenciatura em Educa\u00e7\u00e3o F\u00edsica e bacharelado em Ci\u00eancias Pol\u00edticas, ambos obtidos pela institui\u00e7\u00e3o Anhanguera\/UNOPAR.\",\"url\":\"https:\/\/portalnpm.com\/index.php\/author\/pereira\/\"}]}<\/script>\n<!-- \/ Yoast SEO plugin. -->","yoast_head_json":{"title":"Dr. Pedro Otac\u00edlio e C\u00edcero Cau\u00e3 s\u00e3o diplomados prefeito e vice-prefeito de Alagoinha do Piau\u00ed - Portal NPM","robots":{"index":"index","follow":"follow","max-snippet":"max-snippet:-1","max-image-preview":"max-image-preview:large","max-video-preview":"max-video-preview:-1"},"canonical":"https:\/\/portalnpm.com\/index.php\/2024\/12\/20\/dr-pedro-otacilio-e-cicero-caua-sao-diplomados-prefeito-e-vice-prefeito-de-alagoinha-do-piaui\/","og_locale":"pt_BR","og_type":"article","og_title":"Dr. Pedro Otac\u00edlio e C\u00edcero Cau\u00e3 s\u00e3o diplomados prefeito e vice-prefeito de Alagoinha do Piau\u00ed - Portal NPM","og_description":"O m\u00e9dico, Dr.Pedro Otac\u00edlio (PSD), pela terceira vez, foi diplomado como prefeito eleito de Alagoinha do Piau\u00ed. A solenidade de diploma\u00e7\u00e3o aconteceu na C\u00e2mara Municipal de Pio IX. Al\u00e9m do Dr. Pedro Otac\u00edlio, foi tamb\u00e9m diplomado o vice-prefeito eleito, C\u00edcero Cau\u00e3 e os nove vereadores que formar\u00e3o a C\u00e2mara de Alagoinha do Piau\u00ed. Familiares e &hellip;","og_url":"https:\/\/portalnpm.com\/index.php\/2024\/12\/20\/dr-pedro-otacilio-e-cicero-caua-sao-diplomados-prefeito-e-vice-prefeito-de-alagoinha-do-piaui\/","og_site_name":"Portal NPM","article_published_time":"2024-12-20T11:20:13+00:00","og_image":[{"width":575,"height":560,"url":"https:\/\/portalnpm.com\/wp-content\/uploads\/2024\/12\/IMG_20241219_184234-575x560-1.jpg","type":"image\/jpeg"}],"author":"Luis Alberto","twitter_card":"summary_large_image","twitter_misc":{"Escrito por":"Luis Alberto","Est. tempo de leitura":"2 minutos"},"schema":{"@context":"https:\/\/schema.org","@graph":[{"@type":"WebPage","@id":"https:\/\/portalnpm.com\/index.php\/2024\/12\/20\/dr-pedro-otacilio-e-cicero-caua-sao-diplomados-prefeito-e-vice-prefeito-de-alagoinha-do-piaui\/","url":"https:\/\/portalnpm.com\/index.php\/2024\/12\/20\/dr-pedro-otacilio-e-cicero-caua-sao-diplomados-prefeito-e-vice-prefeito-de-alagoinha-do-piaui\/","name":"Dr. Pedro Otac\u00edlio e C\u00edcero Cau\u00e3 s\u00e3o diplomados prefeito e vice-prefeito de Alagoinha do Piau\u00ed - Portal NPM","isPartOf":{"@id":"https:\/\/portalnpm.com\/#website"},"primaryImageOfPage":{"@id":"https:\/\/portalnpm.com\/index.php\/2024\/12\/20\/dr-pedro-otacilio-e-cicero-caua-sao-diplomados-prefeito-e-vice-prefeito-de-alagoinha-do-piaui\/#primaryimage"},"image":{"@id":"https:\/\/portalnpm.com\/index.php\/2024\/12\/20\/dr-pedro-otacilio-e-cicero-caua-sao-diplomados-prefeito-e-vice-prefeito-de-alagoinha-do-piaui\/#primaryimage"},"thumbnailUrl":"https:\/\/portalnpm.com\/wp-content\/uploads\/2024\/12\/IMG_20241219_184234-575x560-1.jpg","datePublished":"2024-12-20T11:20:13+00:00","dateModified":"2024-12-20T11:20:13+00:00","author":{"@id":"https:\/\/portalnpm.com\/#\/schema\/person\/5c8006acdf71774cd4e7a5ab98482152"},"breadcrumb":{"@id":"https:\/\/portalnpm.com\/index.php\/2024\/12\/20\/dr-pedro-otacilio-e-cicero-caua-sao-diplomados-prefeito-e-vice-prefeito-de-alagoinha-do-piaui\/#breadcrumb"},"inLanguage":"pt-BR","potentialAction":[{"@type":"ReadAction","target":["https:\/\/portalnpm.com\/index.php\/2024\/12\/20\/dr-pedro-otacilio-e-cicero-caua-sao-diplomados-prefeito-e-vice-prefeito-de-alagoinha-do-piaui\/"]}]},{"@type":"ImageObject","inLanguage":"pt-BR","@id":"https:\/\/portalnpm.com\/index.php\/2024\/12\/20\/dr-pedro-otacilio-e-cicero-caua-sao-diplomados-prefeito-e-vice-prefeito-de-alagoinha-do-piaui\/#primaryimage","url":"https:\/\/portalnpm.com\/wp-content\/uploads\/2024\/12\/IMG_20241219_184234-575x560-1.jpg","contentUrl":"https:\/\/portalnpm.com\/wp-content\/uploads\/2024\/12\/IMG_20241219_184234-575x560-1.jpg","width":575,"height":560},{"@type":"BreadcrumbList","@id":"https:\/\/portalnpm.com\/index.php\/2024\/12\/20\/dr-pedro-otacilio-e-cicero-caua-sao-diplomados-prefeito-e-vice-prefeito-de-alagoinha-do-piaui\/#breadcrumb","itemListElement":[{"@type":"ListItem","position":1,"name":"In\u00edcio","item":"https:\/\/portalnpm.com\/"},{"@type":"ListItem","position":2,"name":"Dr. Pedro Otac\u00edlio e C\u00edcero Cau\u00e3 s\u00e3o diplomados prefeito e vice-prefeito de Alagoinha do Piau\u00ed"}]},{"@type":"WebSite","@id":"https:\/\/portalnpm.com\/#website","url":"https:\/\/portalnpm.com\/","name":"Portal NPM","description":"Not\u00edcias em Primeira M\u00e3o","potentialAction":[{"@type":"SearchAction","target":{"@type":"EntryPoint","urlTemplate":"https:\/\/portalnpm.com\/?s={search_term_string}"},"query-input":"required name=search_term_string"}],"inLanguage":"pt-BR"},{"@type":"Person","@id":"https:\/\/portalnpm.com\/#\/schema\/person\/5c8006acdf71774cd4e7a5ab98482152","name":"Luis Alberto","image":{"@type":"ImageObject","inLanguage":"pt-BR","@id":"https:\/\/portalnpm.com\/#\/schema\/person\/image\/","url":"https:\/\/portalnpm.com\/wp-content\/uploads\/2024\/12\/avatar_user_3_1734699769-96x96.jpeg","contentUrl":"https:\/\/portalnpm.com\/wp-content\/uploads\/2024\/12\/avatar_user_3_1734699769-96x96.jpeg","caption":"Luis Alberto"},"description":"Editor-geral do Portal NPM, \u00e9 formado como T\u00e9cnico em Seguran\u00e7a do Trabalho pela Escola Metropolitana de Cursos T\u00e9cnicos. Det\u00e9m ainda licenciatura em Educa\u00e7\u00e3o F\u00edsica e bacharelado em Ci\u00eancias Pol\u00edticas, ambos obtidos pela institui\u00e7\u00e3o Anhanguera\/UNOPAR.","url":"https:\/\/portalnpm.com\/index.php\/author\/pereira\/"}]}},"jetpack_sharing_enabled":true,"jetpack_featured_media_url":"https:\/\/portalnpm.com\/wp-content\/uploads\/2024\/12\/IMG_20241219_184234-575x560-1.jpg","_links":{"self":[{"href":"https:\/\/portalnpm.com\/index.php\/wp-json\/wp\/v2\/posts\/82122"}],"collection":[{"href":"https:\/\/portalnpm.com\/index.php\/wp-json\/wp\/v2\/posts"}],"about":[{"href":"https:\/\/portalnpm.com\/index.php\/wp-json\/wp\/v2\/types\/post"}],"author":[{"embeddable":true,"href":"https:\/\/portalnpm.com\/index.php\/wp-json\/wp\/v2\/users\/3"}],"replies":[{"embeddable":true,"href":"https:\/\/portalnpm.com\/index.php\/wp-json\/wp\/v2\/comments?post=82122"}],"version-history":[{"count":1,"href":"https:\/\/portalnpm.com\/index.php\/wp-json\/wp\/v2\/posts\/82122\/revisions"}],"predecessor-version":[{"id":82127,"href":"https:\/\/portalnpm.com\/index.php\/wp-json\/wp\/v2\/posts\/82122\/revisions\/82127"}],"wp:featuredmedia":[{"embeddable":true,"href":"https:\/\/portalnpm.com\/index.php\/wp-json\/wp\/v2\/media\/82126"}],"wp:attachment":[{"href":"https:\/\/portalnpm.com\/index.php\/wp-json\/wp\/v2\/media?parent=82122"}],"wp:term":[{"taxonomy":"category","embeddable":true,"href":"https:\/\/portalnpm.com\/index.php\/wp-json\/wp\/v2\/categories?post=82122"},{"taxonomy":"post_tag","embeddable":true,"href":"https:\/\/portalnpm.com\/index.php\/wp-json\/wp\/v2\/tags?post=82122"}],"curies":[{"name":"wp","href":"https:\/\/api.w.org\/{rel}","templated":true}]}}