{"id":82136,"date":"2024-12-20T08:47:52","date_gmt":"2024-12-20T11:47:52","guid":{"rendered":"https:\/\/portalnpm.com\/?p=82136"},"modified":"2024-12-20T08:47:52","modified_gmt":"2024-12-20T11:47:52","slug":"maioria-dos-jovens-brasileiros-quer-ter-o-proprio-negocio","status":"publish","type":"post","link":"https:\/\/portalnpm.com\/index.php\/2024\/12\/20\/maioria-dos-jovens-brasileiros-quer-ter-o-proprio-negocio\/","title":{"rendered":"Maioria dos jovens brasileiros quer ter o pr\u00f3prio neg\u00f3cio"},"content":{"rendered":"<p>Tr\u00eas em cada dez jovens brasileiros entre 18 e 27 anos t\u00eam como maior desejo profissional ter o seu pr\u00f3prio neg\u00f3cio ou a sua pr\u00f3pria empresa. Isso \u00e9 o que mostrou uma pesquisa divulgada nesta quinta-feira (19) e realizada pelo Centro Estudos Sociedade, Universidade e Ci\u00eancia (Sou_Ci\u00eancia) da Universidade Federal de S\u00e3o Paulo (Unifesp), em parceria com o Instituto de Pesquisa IDEIA.<img decoding=\"async\" src=\"https:\/\/agenciabrasil.ebc.com.br\/ebc.png?id=1624471&amp;o=node\" \/><img decoding=\"async\" src=\"https:\/\/agenciabrasil.ebc.com.br\/ebc.gif?id=1624471&amp;o=node\" \/><\/p>\n<p>De acordo com a pesquisa, o n\u00edvel de escolaridade influencia no interesse em empreender. Quanto maior a escolaridade, maior o interesse em ter a pr\u00f3pria empresa. Jovens pretos (31%) e pardos (32%) tamb\u00e9m s\u00e3o os mais interessados em ter o pr\u00f3prio neg\u00f3cio.<\/p>\n<p>\u201cA pesquisa nos surpreende pelo fato de que temos um n\u00famero expressivo de jovens empregados com CLT [Consolida\u00e7\u00e3o das Leis do Trabalho] &#8211; cerca de 42% de jovens nessa condi\u00e7\u00e3o &#8211; mas que n\u00e3o querem permanecer como empregados celetistas. H\u00e1 um movimento em dire\u00e7\u00e3o a outras formas de trabalho\u201d, explicou Pedro Arantes, professor da Universidade Federal de S\u00e3o Paulo (Unifesp) e pesquisador do Centro de Estudos Sociedade, Universidade e Ci\u00eancia (Sou_Ci\u00eancia).<\/p>\n<p>Outros jovens entrevistados tamb\u00e9m revelaram o desejo de trabalhar como funcion\u00e1rio p\u00fablico (18%), viver de renda ou de investimentos (18%), exercer sua profiss\u00e3o como aut\u00f4nomo (12%) e trabalhar como empregado com carteira assinada (11%). E cerca de 8% deles ainda revelou o desejo de n\u00e3o trabalhar.<\/p>\n<p>Em entrevista \u00e0 <strong>Ag\u00eancia Brasil<\/strong>, o pesquisador revelou que o levantamento revela que a \u201cjuventude n\u00e3o quer ser classe trabalhadora\u201d. \u201cA carteira de trabalho n\u00e3o \u00e9 objeto de desejo. E entre aut\u00f4nomos e empres\u00e1rios, h\u00e1 uma vontade clara de que eles toquem seu pr\u00f3prio neg\u00f3cio ou sua pr\u00f3pria vida sejam como indiv\u00edduos-pessoas jur\u00eddicas ou pessoas jur\u00eddicas-empresariais\u201d, afirmou.<\/p>\n<p>Ainda de acordo com esse estudo, a posi\u00e7\u00e3o pol\u00edtica desses jovens revelou contrastes: aqueles que se identificaram como de esquerda t\u00eam maior interesse em ser funcion\u00e1rio p\u00fablico (28%). Diferentemente dos jovens de direita, que s\u00e3o os mais interessados em ter seu neg\u00f3cio (38%).<\/p>\n<p>Chamada de O que Pensam os Jovens brasileiros, a pesquisa ouviu 1.034 jovens de todas as regi\u00f5es do pa\u00eds, que responderam a 55 perguntas, feitas por telefone celular, entre os dias 16 e 23 de setembro de 2024. A margem de erro \u00e9 de 3 pontos percentuais, com intervalo de confian\u00e7a de 95%.<\/p>\n<h2>Corrup\u00e7\u00e3o<\/h2>\n<p>A pesquisa ouviu os jovens tamb\u00e9m sobre diversos outros assuntos. Quando questionados, por exemplo, sobre 13 temas presentes no cotidiano dos brasileiros, a maioria deles respondeu que a corrup\u00e7\u00e3o \u00e9 o principal problema do pa\u00eds, com \u00edndice de 34% das respostas. Na pesquisa feita em 2021, a corrup\u00e7\u00e3o ocupava a sexta posi\u00e7\u00e3o nesse crit\u00e9rio, com 26%. Naquele ano, a fome e a pobreza ocupava o topo, com 66% das respostas.<\/p>\n<p>Tanto no levantamento atual quanto no anterior, a viol\u00eancia e a falta de seguran\u00e7a aparecem em segundo lugar. Neste ano, 30% das respostas apontavam a viol\u00eancia como o principal problema do Brasil.<\/p>\n<p>\u201cOs jovens s\u00e3o o grupo social que mais est\u00e1 na rua, que mais est\u00e1 exposto e que mais facilmente \u00e9 v\u00edtima de viol\u00eancia, vigil\u00e2ncia e repress\u00e3o. Por isso, ele tem uma percep\u00e7\u00e3o mais aguda da viol\u00eancia e reconhece isso como o segundo principal problema [do pa\u00eds]\u201d, falou o pesquisador.<\/p>\n<p>A corrup\u00e7\u00e3o \u00e9 uma preocupa\u00e7\u00e3o maior para homens, de classe alta, evang\u00e9licos ou que se declaram de direita ou centro-direita. J\u00e1 a viol\u00eancia e a falta de seguran\u00e7a preocupam mais as mulheres, pessoas de classes mais baixas, nordestinos, cat\u00f3licos e pessoas que se declaram mais \u00e0 esquerda ou centro-esquerda.<\/p>\n<p>Em seguida aparecem a sa\u00fade (26%), a crise ambiental e clim\u00e1tica (24%), a educa\u00e7\u00e3o (23%), o desemprego (23%), a infla\u00e7\u00e3o e o custo de vida (22%), a fome e a mis\u00e9ria (18%), o racismo e a discrimina\u00e7\u00e3o (14%), as fake news e a desinforma\u00e7\u00e3o (13%), o saneamento b\u00e1sico e a moradia (11%), os ataques \u00e0 democracia (6%) e as disputas por terra (3%).<\/p>\n<p>De acordo com a pesquisa, o tema da crise ambiental, clim\u00e1tica e h\u00eddrica foi o que mais cresceu na compara\u00e7\u00e3o com o estudo de 2021. H\u00e1 quatro anos, esse tema ocupava o d\u00e9cimo lugar, com a marca de 7% das respostas. Agora subiu para a quarta posi\u00e7\u00e3o, um crescimento de 243%.<\/p>\n<h2>Posi\u00e7\u00e3o pol\u00edtica<\/h2>\n<p>A maioria dos entrevistados (67% do total) declara n\u00e3o ser de direita e nem de esquerda, o que aponta que o jovem brasileiro est\u00e1 afastado da polariza\u00e7\u00e3o brasileira. Cerca de 17% dos entrevistados se declarou de direita ou centro-direita, 16% como de esquerda ou centro-esquerda, 9% do centro. Mas um grande n\u00famero de jovens (31%) informou que nunca teve posi\u00e7\u00e3o pol\u00edtica. Outros 7% dizem que j\u00e1 tiveram posi\u00e7\u00e3o pol\u00edtica e que atualmente n\u00e3o t\u00eam mais. O restante (20%) preferiu n\u00e3o responder.<\/p>\n<p>\u201cDois ter\u00e7os dos jovens, que chamamos de nem-nem \u2013 nem de esquerda e nem de direita &#8211; s\u00e3o uma massa numerosa e n\u00e3o colocam a quest\u00e3o ideol\u00f3gica como prioridade para se posicionar\u201d, disse Arantes. \u201cEssa aparente despolitiza\u00e7\u00e3o ou desinteresse por uma posi\u00e7\u00e3o ideol\u00f3gica clara talvez indique que os jovens est\u00e3o interessados em pensar o mundo fora dessa zona de conflito aberto que se tornou a pol\u00edtica no Brasil\u201d.<\/p>\n<p>Os entrevistados foram indagados tamb\u00e9m sobre suas afinidades pol\u00edtico-partid\u00e1rias considerando o cen\u00e1rio com os dois maiores advers\u00e1rios na vida pol\u00edtica nacional atualmente. Com isso, 23% dos entrevistados se declararam bolsonaristas ou mais pr\u00f3ximo do pensamento do ex-presidente Jair Bolsonaro, enquanto 28% se declaram petistas ou pr\u00f3ximos aos ideais do atual presidente Luiz In\u00e1cio Lula da Silva.<\/p>\n<p>O segmento mais expressivo, contudo, foi dos que n\u00e3o se posicionam em nenhuma dessas correntes: 33%. Os que n\u00e3o souberam ou preferiram n\u00e3o responder somam 16%.<\/p>\n<p>Por outro lado, disse Arantes, a pesquisa demonstrou que h\u00e1 uma forte polariza\u00e7\u00e3o entre os jovens que se reconhecem como sendo de direita ou de esquerda em rela\u00e7\u00e3o principalmente a temas comportamentais ou sociais. O reconhecimento do direito ao casamento civil entre pessoas do mesmo sexo, por exemplo, tem o apoio de 80% dos esquerdistas ouvidos na pesquisa, enquanto que, entre os direitistas, esse \u00edndice cai para 27%.<\/p>\n<p>J\u00e1 a amplia\u00e7\u00e3o das escolas c\u00edvico-militares conta com a simpatia de 68,6% dos jovens de direita, enquanto entre os de esquerda a aprova\u00e7\u00e3o \u00e9 de 26%. Em rela\u00e7\u00e3o \u00e0s cotas nas universidades p\u00fablicas, o apoio dos esquerdistas em se manter ou ampliar essa pol\u00edtica representa o dobro dos direitistas: 66% a 33%.<\/p>\n<h2>Ansiedade e depress\u00e3o<\/h2>\n<p>Problemas de sa\u00fade mental, como ansiedade e depress\u00e3o, s\u00e3o, disparados, os que mais afetam os jovens brasileiros, apontado por 38% dos entrevistados. Esse problema \u00e9 um consenso entre os diferentes grupos ouvidos pela pesquisa, seja por jovens de esquerda ou de direita, homens ou mulheres, de maior ou menor renda, cat\u00f3licos, ateus ou evang\u00e9licos, brancos, negros ou pardos, universit\u00e1rios ou n\u00e3o universit\u00e1rios, ou de quaisquer regi\u00f5es do pa\u00eds.<\/p>\n<p>\u201cO que mais afeta os jovens no Brasil de hoje s\u00e3o os problemas de ansiedade e depress\u00e3o e outros problemas de sa\u00fade mental associados que podem ter rela\u00e7\u00e3o com a pandemia, com os discursos de \u00f3dio, persegui\u00e7\u00e3o a minorias, intoler\u00e2ncia e fundamentalismo religioso, al\u00e9m da tecnologia e hiper-exposi\u00e7\u00e3o. Mas tamb\u00e9m tem a ver com o mundo do trabalho desregulado, em que as pessoas n\u00e3o tem jornadas e metas claramente estabelecidas e sofrem mais tipos de press\u00e3o\u201d, disse Arantes.<\/p>\n<p>\u201cE percebemos que os jovens com maior instru\u00e7\u00e3o, os universit\u00e1rios, s\u00e3o os que apontam esse como sendo o maior problema. Isso tamb\u00e9m est\u00e1 associado com a press\u00e3o na vida acad\u00eamica e com as expectativas profissionais que podem ser frustradas pela crise no mundo do trabalho\u201d, acrescentou.<\/p>\n<p>Em seguida, aparece o consumo de drogas (28%), viol\u00eancia e criminalidade (25%), v\u00edcio em celular, redes sociais ou games (24%), desemprego e trabalho prec\u00e1rio (23%) e a falta de perspectiva do futuro (22%), entre outros.<\/p>\n<p>No levantamento anterior, os jovens apontavam como seus maiores problemas o desemprego e trabalho prec\u00e1rio (44%) e a falta de perspectiva de futuro (33%). A depress\u00e3o e a ansiedade ocupavam a terceira posi\u00e7\u00e3o, com 32%.<\/p>\n<p><strong>Fonte<\/strong>: Ag\u00eancia Brasil<\/p>\n","protected":false},"excerpt":{"rendered":"<p>Tr\u00eas em cada dez jovens brasileiros entre 18 e 27 anos t\u00eam como maior desejo profissional ter o seu pr\u00f3prio neg\u00f3cio ou a sua pr\u00f3pria empresa. Isso \u00e9 o que mostrou uma pesquisa divulgada nesta quinta-feira (19) e realizada pelo Centro Estudos Sociedade, Universidade e Ci\u00eancia (Sou_Ci\u00eancia) da Universidade Federal de S\u00e3o Paulo (Unifesp), em &hellip;<\/p>\n","protected":false},"author":8,"featured_media":82137,"comment_status":"open","ping_status":"open","sticky":false,"template":"","format":"standard","meta":{"content-type":"","rop_custom_images_group":[],"rop_custom_messages_group":[],"rop_publish_now":"yes","rop_publish_now_accounts":{"facebook_2648258775420054_1618374048415101":""},"rop_publish_now_history":[],"rop_publish_now_status":"pending","footnotes":"","_jetpack_memberships_contains_paid_content":false},"categories":[113,414],"tags":[1706,926,601,6989,15466,6110,4404,1125],"yoast_head":"<!-- This site is optimized with the Yoast SEO plugin v22.3 - https:\/\/yoast.com\/wordpress\/plugins\/seo\/ -->\n<title>Maioria dos jovens brasileiros quer ter o pr\u00f3prio neg\u00f3cio - Portal NPM<\/title>\n<meta name=\"robots\" content=\"index, follow, max-snippet:-1, max-image-preview:large, max-video-preview:-1\" \/>\n<link rel=\"canonical\" href=\"https:\/\/portalnpm.com\/index.php\/2024\/12\/20\/maioria-dos-jovens-brasileiros-quer-ter-o-proprio-negocio\/\" \/>\n<meta property=\"og:locale\" content=\"pt_BR\" \/>\n<meta property=\"og:type\" content=\"article\" \/>\n<meta property=\"og:title\" content=\"Maioria dos jovens brasileiros quer ter o pr\u00f3prio neg\u00f3cio - Portal NPM\" \/>\n<meta property=\"og:description\" content=\"Tr\u00eas em cada dez jovens brasileiros entre 18 e 27 anos t\u00eam como maior desejo profissional ter o seu pr\u00f3prio neg\u00f3cio ou a sua pr\u00f3pria empresa. Isso \u00e9 o que mostrou uma pesquisa divulgada nesta quinta-feira (19) e realizada pelo Centro Estudos Sociedade, Universidade e Ci\u00eancia (Sou_Ci\u00eancia) da Universidade Federal de S\u00e3o Paulo (Unifesp), em &hellip;\" \/>\n<meta property=\"og:url\" content=\"https:\/\/portalnpm.com\/index.php\/2024\/12\/20\/maioria-dos-jovens-brasileiros-quer-ter-o-proprio-negocio\/\" \/>\n<meta property=\"og:site_name\" content=\"Portal NPM\" \/>\n<meta property=\"article:published_time\" content=\"2024-12-20T11:47:52+00:00\" \/>\n<meta property=\"og:image\" content=\"https:\/\/portalnpm.com\/wp-content\/uploads\/2024\/12\/IMG_5507.webp\" \/>\n\t<meta property=\"og:image:width\" content=\"1170\" \/>\n\t<meta property=\"og:image:height\" content=\"700\" \/>\n\t<meta property=\"og:image:type\" content=\"image\/webp\" \/>\n<meta name=\"author\" content=\"Zenilton Lima\" \/>\n<meta name=\"twitter:card\" content=\"summary_large_image\" \/>\n<meta name=\"twitter:label1\" content=\"Escrito por\" \/>\n\t<meta name=\"twitter:data1\" content=\"Zenilton Lima\" \/>\n\t<meta name=\"twitter:label2\" content=\"Est. tempo de leitura\" \/>\n\t<meta name=\"twitter:data2\" content=\"8 minutos\" \/>\n<script type=\"application\/ld+json\" class=\"yoast-schema-graph\">{\"@context\":\"https:\/\/schema.org\",\"@graph\":[{\"@type\":\"WebPage\",\"@id\":\"https:\/\/portalnpm.com\/index.php\/2024\/12\/20\/maioria-dos-jovens-brasileiros-quer-ter-o-proprio-negocio\/\",\"url\":\"https:\/\/portalnpm.com\/index.php\/2024\/12\/20\/maioria-dos-jovens-brasileiros-quer-ter-o-proprio-negocio\/\",\"name\":\"Maioria dos jovens brasileiros quer ter o pr\u00f3prio neg\u00f3cio - Portal NPM\",\"isPartOf\":{\"@id\":\"https:\/\/portalnpm.com\/#website\"},\"primaryImageOfPage\":{\"@id\":\"https:\/\/portalnpm.com\/index.php\/2024\/12\/20\/maioria-dos-jovens-brasileiros-quer-ter-o-proprio-negocio\/#primaryimage\"},\"image\":{\"@id\":\"https:\/\/portalnpm.com\/index.php\/2024\/12\/20\/maioria-dos-jovens-brasileiros-quer-ter-o-proprio-negocio\/#primaryimage\"},\"thumbnailUrl\":\"https:\/\/portalnpm.com\/wp-content\/uploads\/2024\/12\/IMG_5507.webp\",\"datePublished\":\"2024-12-20T11:47:52+00:00\",\"dateModified\":\"2024-12-20T11:47:52+00:00\",\"author\":{\"@id\":\"https:\/\/portalnpm.com\/#\/schema\/person\/35cb55186eae3f074b6783da6d35591e\"},\"breadcrumb\":{\"@id\":\"https:\/\/portalnpm.com\/index.php\/2024\/12\/20\/maioria-dos-jovens-brasileiros-quer-ter-o-proprio-negocio\/#breadcrumb\"},\"inLanguage\":\"pt-BR\",\"potentialAction\":[{\"@type\":\"ReadAction\",\"target\":[\"https:\/\/portalnpm.com\/index.php\/2024\/12\/20\/maioria-dos-jovens-brasileiros-quer-ter-o-proprio-negocio\/\"]}]},{\"@type\":\"ImageObject\",\"inLanguage\":\"pt-BR\",\"@id\":\"https:\/\/portalnpm.com\/index.php\/2024\/12\/20\/maioria-dos-jovens-brasileiros-quer-ter-o-proprio-negocio\/#primaryimage\",\"url\":\"https:\/\/portalnpm.com\/wp-content\/uploads\/2024\/12\/IMG_5507.webp\",\"contentUrl\":\"https:\/\/portalnpm.com\/wp-content\/uploads\/2024\/12\/IMG_5507.webp\",\"width\":1170,\"height\":700,\"caption\":\"WILSON DIAS\/ARQUIVO AG\u00caNCIA BRASIL\"},{\"@type\":\"BreadcrumbList\",\"@id\":\"https:\/\/portalnpm.com\/index.php\/2024\/12\/20\/maioria-dos-jovens-brasileiros-quer-ter-o-proprio-negocio\/#breadcrumb\",\"itemListElement\":[{\"@type\":\"ListItem\",\"position\":1,\"name\":\"In\u00edcio\",\"item\":\"https:\/\/portalnpm.com\/\"},{\"@type\":\"ListItem\",\"position\":2,\"name\":\"Maioria dos jovens brasileiros quer ter o pr\u00f3prio neg\u00f3cio\"}]},{\"@type\":\"WebSite\",\"@id\":\"https:\/\/portalnpm.com\/#website\",\"url\":\"https:\/\/portalnpm.com\/\",\"name\":\"Portal NPM\",\"description\":\"Not\u00edcias em Primeira M\u00e3o\",\"potentialAction\":[{\"@type\":\"SearchAction\",\"target\":{\"@type\":\"EntryPoint\",\"urlTemplate\":\"https:\/\/portalnpm.com\/?s={search_term_string}\"},\"query-input\":\"required name=search_term_string\"}],\"inLanguage\":\"pt-BR\"},{\"@type\":\"Person\",\"@id\":\"https:\/\/portalnpm.com\/#\/schema\/person\/35cb55186eae3f074b6783da6d35591e\",\"name\":\"Zenilton Lima\",\"image\":{\"@type\":\"ImageObject\",\"inLanguage\":\"pt-BR\",\"@id\":\"https:\/\/portalnpm.com\/#\/schema\/person\/image\/\",\"url\":\"https:\/\/portalnpm.com\/wp-content\/uploads\/2024\/12\/avatar_user_8_1733658137-96x96.jpeg\",\"contentUrl\":\"https:\/\/portalnpm.com\/wp-content\/uploads\/2024\/12\/avatar_user_8_1733658137-96x96.jpeg\",\"caption\":\"Zenilton Lima\"},\"url\":\"https:\/\/portalnpm.com\/index.php\/author\/zenilton\/\"}]}<\/script>\n<!-- \/ Yoast SEO plugin. -->","yoast_head_json":{"title":"Maioria dos jovens brasileiros quer ter o pr\u00f3prio neg\u00f3cio - Portal NPM","robots":{"index":"index","follow":"follow","max-snippet":"max-snippet:-1","max-image-preview":"max-image-preview:large","max-video-preview":"max-video-preview:-1"},"canonical":"https:\/\/portalnpm.com\/index.php\/2024\/12\/20\/maioria-dos-jovens-brasileiros-quer-ter-o-proprio-negocio\/","og_locale":"pt_BR","og_type":"article","og_title":"Maioria dos jovens brasileiros quer ter o pr\u00f3prio neg\u00f3cio - Portal NPM","og_description":"Tr\u00eas em cada dez jovens brasileiros entre 18 e 27 anos t\u00eam como maior desejo profissional ter o seu pr\u00f3prio neg\u00f3cio ou a sua pr\u00f3pria empresa. Isso \u00e9 o que mostrou uma pesquisa divulgada nesta quinta-feira (19) e realizada pelo Centro Estudos Sociedade, Universidade e Ci\u00eancia (Sou_Ci\u00eancia) da Universidade Federal de S\u00e3o Paulo (Unifesp), em &hellip;","og_url":"https:\/\/portalnpm.com\/index.php\/2024\/12\/20\/maioria-dos-jovens-brasileiros-quer-ter-o-proprio-negocio\/","og_site_name":"Portal NPM","article_published_time":"2024-12-20T11:47:52+00:00","og_image":[{"width":1170,"height":700,"url":"https:\/\/portalnpm.com\/wp-content\/uploads\/2024\/12\/IMG_5507.webp","type":"image\/webp"}],"author":"Zenilton Lima","twitter_card":"summary_large_image","twitter_misc":{"Escrito por":"Zenilton Lima","Est. tempo de leitura":"8 minutos"},"schema":{"@context":"https:\/\/schema.org","@graph":[{"@type":"WebPage","@id":"https:\/\/portalnpm.com\/index.php\/2024\/12\/20\/maioria-dos-jovens-brasileiros-quer-ter-o-proprio-negocio\/","url":"https:\/\/portalnpm.com\/index.php\/2024\/12\/20\/maioria-dos-jovens-brasileiros-quer-ter-o-proprio-negocio\/","name":"Maioria dos jovens brasileiros quer ter o pr\u00f3prio neg\u00f3cio - Portal NPM","isPartOf":{"@id":"https:\/\/portalnpm.com\/#website"},"primaryImageOfPage":{"@id":"https:\/\/portalnpm.com\/index.php\/2024\/12\/20\/maioria-dos-jovens-brasileiros-quer-ter-o-proprio-negocio\/#primaryimage"},"image":{"@id":"https:\/\/portalnpm.com\/index.php\/2024\/12\/20\/maioria-dos-jovens-brasileiros-quer-ter-o-proprio-negocio\/#primaryimage"},"thumbnailUrl":"https:\/\/portalnpm.com\/wp-content\/uploads\/2024\/12\/IMG_5507.webp","datePublished":"2024-12-20T11:47:52+00:00","dateModified":"2024-12-20T11:47:52+00:00","author":{"@id":"https:\/\/portalnpm.com\/#\/schema\/person\/35cb55186eae3f074b6783da6d35591e"},"breadcrumb":{"@id":"https:\/\/portalnpm.com\/index.php\/2024\/12\/20\/maioria-dos-jovens-brasileiros-quer-ter-o-proprio-negocio\/#breadcrumb"},"inLanguage":"pt-BR","potentialAction":[{"@type":"ReadAction","target":["https:\/\/portalnpm.com\/index.php\/2024\/12\/20\/maioria-dos-jovens-brasileiros-quer-ter-o-proprio-negocio\/"]}]},{"@type":"ImageObject","inLanguage":"pt-BR","@id":"https:\/\/portalnpm.com\/index.php\/2024\/12\/20\/maioria-dos-jovens-brasileiros-quer-ter-o-proprio-negocio\/#primaryimage","url":"https:\/\/portalnpm.com\/wp-content\/uploads\/2024\/12\/IMG_5507.webp","contentUrl":"https:\/\/portalnpm.com\/wp-content\/uploads\/2024\/12\/IMG_5507.webp","width":1170,"height":700,"caption":"WILSON DIAS\/ARQUIVO AG\u00caNCIA BRASIL"},{"@type":"BreadcrumbList","@id":"https:\/\/portalnpm.com\/index.php\/2024\/12\/20\/maioria-dos-jovens-brasileiros-quer-ter-o-proprio-negocio\/#breadcrumb","itemListElement":[{"@type":"ListItem","position":1,"name":"In\u00edcio","item":"https:\/\/portalnpm.com\/"},{"@type":"ListItem","position":2,"name":"Maioria dos jovens brasileiros quer ter o pr\u00f3prio neg\u00f3cio"}]},{"@type":"WebSite","@id":"https:\/\/portalnpm.com\/#website","url":"https:\/\/portalnpm.com\/","name":"Portal NPM","description":"Not\u00edcias em Primeira M\u00e3o","potentialAction":[{"@type":"SearchAction","target":{"@type":"EntryPoint","urlTemplate":"https:\/\/portalnpm.com\/?s={search_term_string}"},"query-input":"required name=search_term_string"}],"inLanguage":"pt-BR"},{"@type":"Person","@id":"https:\/\/portalnpm.com\/#\/schema\/person\/35cb55186eae3f074b6783da6d35591e","name":"Zenilton Lima","image":{"@type":"ImageObject","inLanguage":"pt-BR","@id":"https:\/\/portalnpm.com\/#\/schema\/person\/image\/","url":"https:\/\/portalnpm.com\/wp-content\/uploads\/2024\/12\/avatar_user_8_1733658137-96x96.jpeg","contentUrl":"https:\/\/portalnpm.com\/wp-content\/uploads\/2024\/12\/avatar_user_8_1733658137-96x96.jpeg","caption":"Zenilton Lima"},"url":"https:\/\/portalnpm.com\/index.php\/author\/zenilton\/"}]}},"jetpack_sharing_enabled":true,"jetpack_featured_media_url":"https:\/\/portalnpm.com\/wp-content\/uploads\/2024\/12\/IMG_5507.webp","_links":{"self":[{"href":"https:\/\/portalnpm.com\/index.php\/wp-json\/wp\/v2\/posts\/82136"}],"collection":[{"href":"https:\/\/portalnpm.com\/index.php\/wp-json\/wp\/v2\/posts"}],"about":[{"href":"https:\/\/portalnpm.com\/index.php\/wp-json\/wp\/v2\/types\/post"}],"author":[{"embeddable":true,"href":"https:\/\/portalnpm.com\/index.php\/wp-json\/wp\/v2\/users\/8"}],"replies":[{"embeddable":true,"href":"https:\/\/portalnpm.com\/index.php\/wp-json\/wp\/v2\/comments?post=82136"}],"version-history":[{"count":1,"href":"https:\/\/portalnpm.com\/index.php\/wp-json\/wp\/v2\/posts\/82136\/revisions"}],"predecessor-version":[{"id":82138,"href":"https:\/\/portalnpm.com\/index.php\/wp-json\/wp\/v2\/posts\/82136\/revisions\/82138"}],"wp:featuredmedia":[{"embeddable":true,"href":"https:\/\/portalnpm.com\/index.php\/wp-json\/wp\/v2\/media\/82137"}],"wp:attachment":[{"href":"https:\/\/portalnpm.com\/index.php\/wp-json\/wp\/v2\/media?parent=82136"}],"wp:term":[{"taxonomy":"category","embeddable":true,"href":"https:\/\/portalnpm.com\/index.php\/wp-json\/wp\/v2\/categories?post=82136"},{"taxonomy":"post_tag","embeddable":true,"href":"https:\/\/portalnpm.com\/index.php\/wp-json\/wp\/v2\/tags?post=82136"}],"curies":[{"name":"wp","href":"https:\/\/api.w.org\/{rel}","templated":true}]}}