{"id":82193,"date":"2024-12-27T11:37:12","date_gmt":"2024-12-27T14:37:12","guid":{"rendered":"https:\/\/portalnpm.com\/?p=82193"},"modified":"2024-12-27T11:37:12","modified_gmt":"2024-12-27T14:37:12","slug":"aviao-com-destino-a-teresina-faz-pouso-forcado-em-brasilia-apos-voar-em-circulos-e-declarar-emergencia","status":"publish","type":"post","link":"https:\/\/portalnpm.com\/index.php\/2024\/12\/27\/aviao-com-destino-a-teresina-faz-pouso-forcado-em-brasilia-apos-voar-em-circulos-e-declarar-emergencia\/","title":{"rendered":"Avi\u00e3o com destino a Teresina faz pouso for\u00e7ado em Bras\u00edlia ap\u00f3s voar em c\u00edrculos e declarar emerg\u00eancia"},"content":{"rendered":"<p>Um voo da Latam, que saiu de Bras\u00edlia com destino a Teresina, <strong>declarou emerg\u00eancia e precisou retornar para o Aeroporto Juscelino Kubitschek ap\u00f3s decolar por alguns minutos na noite dessa quinta-feira (26).<\/strong><\/p>\n<p>A<strong>\u00a0aeronave, um Airbus A320, matr\u00edcula PR-MHG, precisou dar voltas (orbitar) sobre a regi\u00e3o do Distrito Federal por cerca de 40 minutos at\u00e9 o momento do pouso<\/strong>. O avi\u00e3o perdeu a comunica\u00e7\u00e3o e o aeroporto priorizou o tr\u00e1fego para o A320. O pouso aconteceu pouco antes das 22h30, acompanhado por viaturas da Brigada de Inc\u00eandio.<\/p>\n<figure id=\"attachment_82194\" aria-describedby=\"caption-attachment-82194\" style=\"width: 300px\" class=\"wp-caption alignnone\"><img fetchpriority=\"high\" decoding=\"async\" class=\"size-medium wp-image-82194\" src=\"https:\/\/portalnpm.com\/wp-content\/uploads\/2024\/12\/IMG_5803-300x194.jpeg\" alt=\"\" width=\"300\" height=\"194\" srcset=\"https:\/\/portalnpm.com\/wp-content\/uploads\/2024\/12\/IMG_5803-300x194.jpeg 300w, https:\/\/portalnpm.com\/wp-content\/uploads\/2024\/12\/IMG_5803.jpeg 436w\" sizes=\"(max-width: 300px) 100vw, 300px\" \/><figcaption id=\"caption-attachment-82194\" class=\"wp-caption-text\">Voo da LATAM que partiu de Brasilia para Teresina declara emerg\u00eancia e retorna \u00e0 capital federal<br \/>FlightRadar24<\/figcaption><\/figure>\n<p>Os outros voos em rota para Bras\u00edlia precisaram aguardar o procedimento de aproxima\u00e7\u00e3o, decolagens foram suspensas. Sem o r\u00e1dio em funcionamento, t\u00e9cnicos da companhia tentaram, sem sucesso, a comunica\u00e7\u00e3o por mensagem via sat\u00e9lite por um dispositivo a bordo chamado ACARS (sigla em ingl\u00eas para Sistema de Endere\u00e7amento e Relat\u00f3rio de Comunica\u00e7\u00e3o de Aeronaves).<\/p>\n<p>Os pilotos emitiram o c\u00f3digo transponder 7700, que significa uma situa\u00e7\u00e3o de emerg\u00eancia. \u201cBoa noite! Favor confirmar condi\u00e7\u00e3o da aeronave\u201d, dizia a mensagem aos pilotos. N\u00e3o houve resposta. Por nota, a Inframerica informou que o \u201cAeroporto de Bras\u00edlia voltou a ficar operacional, com pousos e decolagens ocorrendo normalmente instantes ap\u00f3s a ocorr\u00eancia\u201d.<\/p>\n<p>Ainda de acordo com a concession\u00e1ria, \u201cPor protocolo de seguran\u00e7a, as opera\u00e7\u00f5es a\u00e9reas do terminal foram suspensas at\u00e9 o pouso da aeronave, retomando \u00e0s 22h27\u2033.<\/p>\n<figure id=\"attachment_82195\" aria-describedby=\"caption-attachment-82195\" style=\"width: 300px\" class=\"wp-caption alignnone\"><img decoding=\"async\" class=\"size-medium wp-image-82195\" src=\"https:\/\/portalnpm.com\/wp-content\/uploads\/2024\/12\/IMG_5804-300x169.jpeg\" alt=\"\" width=\"300\" height=\"169\" srcset=\"https:\/\/portalnpm.com\/wp-content\/uploads\/2024\/12\/IMG_5804-300x169.jpeg 300w, https:\/\/portalnpm.com\/wp-content\/uploads\/2024\/12\/IMG_5804-1024x576.jpeg 1024w, https:\/\/portalnpm.com\/wp-content\/uploads\/2024\/12\/IMG_5804-768x432.jpeg 768w, https:\/\/portalnpm.com\/wp-content\/uploads\/2024\/12\/IMG_5804-1536x864.jpeg 1536w, https:\/\/portalnpm.com\/wp-content\/uploads\/2024\/12\/IMG_5804-2048x1152.jpeg 2048w, https:\/\/portalnpm.com\/wp-content\/uploads\/2024\/12\/IMG_5804-390x220.jpeg 390w\" sizes=\"(max-width: 300px) 100vw, 300px\" \/><figcaption id=\"caption-attachment-82195\" class=\"wp-caption-text\">Aeronave Airbus A320<br \/>Divulga\u00e7\u00e3o\/Latam<\/figcaption><\/figure>\n<p>A Latam tamb\u00e9m emitiu nota e informou que est\u00e1 oferecendo assist\u00eancia aos passageiros.<\/p>\n<h2><strong>Veja a \u00edntegra<br \/>\n<\/strong><\/h2>\n<p><em>A LATAM informa que o voo LA3852 (Bras\u00edlia-Teresina) desta quinta-feira (26\/12) precisou retornar ao aeroporto de origem devido \u00e0 necessidade de manuten\u00e7\u00e3o corretiva n\u00e3o programada na aeronave.<br \/>\n<\/em><\/p>\n<p><em>O pouso ocorreu sem intercorr\u00eancias \u00e0s 22h20 (hora local) e todos os passageiros foram desembarcados em absoluta seguran\u00e7a.<br \/>\n<\/em><\/p>\n<p><em>A companhia est\u00e1 oferecendo toda a assist\u00eancia aos passageiros, que ser\u00e3o reacomodados no voo LA9003 (Bras\u00edlia-Teresina), programado para \u00e0s 21h05 desta sexta-feira (27\/12).<br \/>\n<\/em><\/p>\n<p><em>A LATAM lamenta os transtornos causados e reitera que adota todas as medidas de seguran\u00e7a t\u00e9cnicas e operacionais para garantir uma viagem segura para todos.<\/em><\/p>\n<p><em><strong>Fonte<\/strong>: Portal A10+ com informa\u00e7\u00f5es do R7<\/em><\/p>\n","protected":false},"excerpt":{"rendered":"<p>Um voo da Latam, que saiu de Bras\u00edlia com destino a Teresina, declarou emerg\u00eancia e precisou retornar para o Aeroporto Juscelino Kubitschek ap\u00f3s decolar por alguns minutos na noite dessa quinta-feira (26). A\u00a0aeronave, um Airbus A320, matr\u00edcula PR-MHG, precisou dar voltas (orbitar) sobre a regi\u00e3o do Distrito Federal por cerca de 40 minutos at\u00e9 o &hellip;<\/p>\n","protected":false},"author":8,"featured_media":82199,"comment_status":"open","ping_status":"open","sticky":false,"template":"","format":"standard","meta":{"content-type":"","rop_custom_images_group":[],"rop_custom_messages_group":[],"rop_publish_now":"yes","rop_publish_now_accounts":{"facebook_2648258775420054_1618374048415101":""},"rop_publish_now_history":[],"rop_publish_now_status":"pending","footnotes":"","_jetpack_memberships_contains_paid_content":false},"categories":[113,125],"tags":[871,2880,431,16233,5801,9924,855,3912,658,12636,12635,766,15302],"yoast_head":"<!-- This site is optimized with the Yoast SEO plugin v22.3 - https:\/\/yoast.com\/wordpress\/plugins\/seo\/ -->\n<title>Avi\u00e3o com destino a Teresina faz pouso for\u00e7ado em Bras\u00edlia ap\u00f3s voar em c\u00edrculos e declarar emerg\u00eancia - Portal NPM<\/title>\n<meta name=\"robots\" content=\"index, follow, max-snippet:-1, max-image-preview:large, max-video-preview:-1\" \/>\n<link rel=\"canonical\" href=\"https:\/\/portalnpm.com\/index.php\/2024\/12\/27\/aviao-com-destino-a-teresina-faz-pouso-forcado-em-brasilia-apos-voar-em-circulos-e-declarar-emergencia\/\" \/>\n<meta property=\"og:locale\" content=\"pt_BR\" \/>\n<meta property=\"og:type\" content=\"article\" \/>\n<meta property=\"og:title\" content=\"Avi\u00e3o com destino a Teresina faz pouso for\u00e7ado em Bras\u00edlia ap\u00f3s voar em c\u00edrculos e declarar emerg\u00eancia - Portal NPM\" \/>\n<meta property=\"og:description\" content=\"Um voo da Latam, que saiu de Bras\u00edlia com destino a Teresina, declarou emerg\u00eancia e precisou retornar para o Aeroporto Juscelino Kubitschek ap\u00f3s decolar por alguns minutos na noite dessa quinta-feira (26). A\u00a0aeronave, um Airbus A320, matr\u00edcula PR-MHG, precisou dar voltas (orbitar) sobre a regi\u00e3o do Distrito Federal por cerca de 40 minutos at\u00e9 o &hellip;\" \/>\n<meta property=\"og:url\" content=\"https:\/\/portalnpm.com\/index.php\/2024\/12\/27\/aviao-com-destino-a-teresina-faz-pouso-forcado-em-brasilia-apos-voar-em-circulos-e-declarar-emergencia\/\" \/>\n<meta property=\"og:site_name\" content=\"Portal NPM\" \/>\n<meta property=\"article:published_time\" content=\"2024-12-27T14:37:12+00:00\" \/>\n<meta property=\"og:image\" content=\"https:\/\/portalnpm.com\/wp-content\/uploads\/2024\/12\/IMG_5803-1.jpeg\" \/>\n\t<meta property=\"og:image:width\" content=\"436\" \/>\n\t<meta property=\"og:image:height\" content=\"282\" \/>\n\t<meta property=\"og:image:type\" content=\"image\/jpeg\" \/>\n<meta name=\"author\" content=\"Zenilton Lima\" \/>\n<meta name=\"twitter:card\" content=\"summary_large_image\" \/>\n<meta name=\"twitter:label1\" content=\"Escrito por\" \/>\n\t<meta name=\"twitter:data1\" content=\"Zenilton Lima\" \/>\n\t<meta name=\"twitter:label2\" content=\"Est. tempo de leitura\" \/>\n\t<meta name=\"twitter:data2\" content=\"3 minutos\" \/>\n<script type=\"application\/ld+json\" class=\"yoast-schema-graph\">{\"@context\":\"https:\/\/schema.org\",\"@graph\":[{\"@type\":\"WebPage\",\"@id\":\"https:\/\/portalnpm.com\/index.php\/2024\/12\/27\/aviao-com-destino-a-teresina-faz-pouso-forcado-em-brasilia-apos-voar-em-circulos-e-declarar-emergencia\/\",\"url\":\"https:\/\/portalnpm.com\/index.php\/2024\/12\/27\/aviao-com-destino-a-teresina-faz-pouso-forcado-em-brasilia-apos-voar-em-circulos-e-declarar-emergencia\/\",\"name\":\"Avi\u00e3o com destino a Teresina faz pouso for\u00e7ado em Bras\u00edlia ap\u00f3s voar em c\u00edrculos e declarar emerg\u00eancia - Portal NPM\",\"isPartOf\":{\"@id\":\"https:\/\/portalnpm.com\/#website\"},\"primaryImageOfPage\":{\"@id\":\"https:\/\/portalnpm.com\/index.php\/2024\/12\/27\/aviao-com-destino-a-teresina-faz-pouso-forcado-em-brasilia-apos-voar-em-circulos-e-declarar-emergencia\/#primaryimage\"},\"image\":{\"@id\":\"https:\/\/portalnpm.com\/index.php\/2024\/12\/27\/aviao-com-destino-a-teresina-faz-pouso-forcado-em-brasilia-apos-voar-em-circulos-e-declarar-emergencia\/#primaryimage\"},\"thumbnailUrl\":\"https:\/\/portalnpm.com\/wp-content\/uploads\/2024\/12\/IMG_5803-1.jpeg\",\"datePublished\":\"2024-12-27T14:37:12+00:00\",\"dateModified\":\"2024-12-27T14:37:12+00:00\",\"author\":{\"@id\":\"https:\/\/portalnpm.com\/#\/schema\/person\/35cb55186eae3f074b6783da6d35591e\"},\"breadcrumb\":{\"@id\":\"https:\/\/portalnpm.com\/index.php\/2024\/12\/27\/aviao-com-destino-a-teresina-faz-pouso-forcado-em-brasilia-apos-voar-em-circulos-e-declarar-emergencia\/#breadcrumb\"},\"inLanguage\":\"pt-BR\",\"potentialAction\":[{\"@type\":\"ReadAction\",\"target\":[\"https:\/\/portalnpm.com\/index.php\/2024\/12\/27\/aviao-com-destino-a-teresina-faz-pouso-forcado-em-brasilia-apos-voar-em-circulos-e-declarar-emergencia\/\"]}]},{\"@type\":\"ImageObject\",\"inLanguage\":\"pt-BR\",\"@id\":\"https:\/\/portalnpm.com\/index.php\/2024\/12\/27\/aviao-com-destino-a-teresina-faz-pouso-forcado-em-brasilia-apos-voar-em-circulos-e-declarar-emergencia\/#primaryimage\",\"url\":\"https:\/\/portalnpm.com\/wp-content\/uploads\/2024\/12\/IMG_5803-1.jpeg\",\"contentUrl\":\"https:\/\/portalnpm.com\/wp-content\/uploads\/2024\/12\/IMG_5803-1.jpeg\",\"width\":436,\"height\":282,\"caption\":\"Reprodu\u00e7\u00e3o\"},{\"@type\":\"BreadcrumbList\",\"@id\":\"https:\/\/portalnpm.com\/index.php\/2024\/12\/27\/aviao-com-destino-a-teresina-faz-pouso-forcado-em-brasilia-apos-voar-em-circulos-e-declarar-emergencia\/#breadcrumb\",\"itemListElement\":[{\"@type\":\"ListItem\",\"position\":1,\"name\":\"In\u00edcio\",\"item\":\"https:\/\/portalnpm.com\/\"},{\"@type\":\"ListItem\",\"position\":2,\"name\":\"Avi\u00e3o com destino a Teresina faz pouso for\u00e7ado em Bras\u00edlia ap\u00f3s voar em c\u00edrculos e declarar emerg\u00eancia\"}]},{\"@type\":\"WebSite\",\"@id\":\"https:\/\/portalnpm.com\/#website\",\"url\":\"https:\/\/portalnpm.com\/\",\"name\":\"Portal NPM\",\"description\":\"Not\u00edcias em Primeira M\u00e3o\",\"potentialAction\":[{\"@type\":\"SearchAction\",\"target\":{\"@type\":\"EntryPoint\",\"urlTemplate\":\"https:\/\/portalnpm.com\/?s={search_term_string}\"},\"query-input\":\"required name=search_term_string\"}],\"inLanguage\":\"pt-BR\"},{\"@type\":\"Person\",\"@id\":\"https:\/\/portalnpm.com\/#\/schema\/person\/35cb55186eae3f074b6783da6d35591e\",\"name\":\"Zenilton Lima\",\"image\":{\"@type\":\"ImageObject\",\"inLanguage\":\"pt-BR\",\"@id\":\"https:\/\/portalnpm.com\/#\/schema\/person\/image\/\",\"url\":\"https:\/\/portalnpm.com\/wp-content\/uploads\/2024\/12\/avatar_user_8_1733658137-96x96.jpeg\",\"contentUrl\":\"https:\/\/portalnpm.com\/wp-content\/uploads\/2024\/12\/avatar_user_8_1733658137-96x96.jpeg\",\"caption\":\"Zenilton Lima\"},\"url\":\"https:\/\/portalnpm.com\/index.php\/author\/zenilton\/\"}]}<\/script>\n<!-- \/ Yoast SEO plugin. -->","yoast_head_json":{"title":"Avi\u00e3o com destino a Teresina faz pouso for\u00e7ado em Bras\u00edlia ap\u00f3s voar em c\u00edrculos e declarar emerg\u00eancia - Portal NPM","robots":{"index":"index","follow":"follow","max-snippet":"max-snippet:-1","max-image-preview":"max-image-preview:large","max-video-preview":"max-video-preview:-1"},"canonical":"https:\/\/portalnpm.com\/index.php\/2024\/12\/27\/aviao-com-destino-a-teresina-faz-pouso-forcado-em-brasilia-apos-voar-em-circulos-e-declarar-emergencia\/","og_locale":"pt_BR","og_type":"article","og_title":"Avi\u00e3o com destino a Teresina faz pouso for\u00e7ado em Bras\u00edlia ap\u00f3s voar em c\u00edrculos e declarar emerg\u00eancia - Portal NPM","og_description":"Um voo da Latam, que saiu de Bras\u00edlia com destino a Teresina, declarou emerg\u00eancia e precisou retornar para o Aeroporto Juscelino Kubitschek ap\u00f3s decolar por alguns minutos na noite dessa quinta-feira (26). A\u00a0aeronave, um Airbus A320, matr\u00edcula PR-MHG, precisou dar voltas (orbitar) sobre a regi\u00e3o do Distrito Federal por cerca de 40 minutos at\u00e9 o &hellip;","og_url":"https:\/\/portalnpm.com\/index.php\/2024\/12\/27\/aviao-com-destino-a-teresina-faz-pouso-forcado-em-brasilia-apos-voar-em-circulos-e-declarar-emergencia\/","og_site_name":"Portal NPM","article_published_time":"2024-12-27T14:37:12+00:00","og_image":[{"width":436,"height":282,"url":"https:\/\/portalnpm.com\/wp-content\/uploads\/2024\/12\/IMG_5803-1.jpeg","type":"image\/jpeg"}],"author":"Zenilton Lima","twitter_card":"summary_large_image","twitter_misc":{"Escrito por":"Zenilton Lima","Est. tempo de leitura":"3 minutos"},"schema":{"@context":"https:\/\/schema.org","@graph":[{"@type":"WebPage","@id":"https:\/\/portalnpm.com\/index.php\/2024\/12\/27\/aviao-com-destino-a-teresina-faz-pouso-forcado-em-brasilia-apos-voar-em-circulos-e-declarar-emergencia\/","url":"https:\/\/portalnpm.com\/index.php\/2024\/12\/27\/aviao-com-destino-a-teresina-faz-pouso-forcado-em-brasilia-apos-voar-em-circulos-e-declarar-emergencia\/","name":"Avi\u00e3o com destino a Teresina faz pouso for\u00e7ado em Bras\u00edlia ap\u00f3s voar em c\u00edrculos e declarar emerg\u00eancia - Portal NPM","isPartOf":{"@id":"https:\/\/portalnpm.com\/#website"},"primaryImageOfPage":{"@id":"https:\/\/portalnpm.com\/index.php\/2024\/12\/27\/aviao-com-destino-a-teresina-faz-pouso-forcado-em-brasilia-apos-voar-em-circulos-e-declarar-emergencia\/#primaryimage"},"image":{"@id":"https:\/\/portalnpm.com\/index.php\/2024\/12\/27\/aviao-com-destino-a-teresina-faz-pouso-forcado-em-brasilia-apos-voar-em-circulos-e-declarar-emergencia\/#primaryimage"},"thumbnailUrl":"https:\/\/portalnpm.com\/wp-content\/uploads\/2024\/12\/IMG_5803-1.jpeg","datePublished":"2024-12-27T14:37:12+00:00","dateModified":"2024-12-27T14:37:12+00:00","author":{"@id":"https:\/\/portalnpm.com\/#\/schema\/person\/35cb55186eae3f074b6783da6d35591e"},"breadcrumb":{"@id":"https:\/\/portalnpm.com\/index.php\/2024\/12\/27\/aviao-com-destino-a-teresina-faz-pouso-forcado-em-brasilia-apos-voar-em-circulos-e-declarar-emergencia\/#breadcrumb"},"inLanguage":"pt-BR","potentialAction":[{"@type":"ReadAction","target":["https:\/\/portalnpm.com\/index.php\/2024\/12\/27\/aviao-com-destino-a-teresina-faz-pouso-forcado-em-brasilia-apos-voar-em-circulos-e-declarar-emergencia\/"]}]},{"@type":"ImageObject","inLanguage":"pt-BR","@id":"https:\/\/portalnpm.com\/index.php\/2024\/12\/27\/aviao-com-destino-a-teresina-faz-pouso-forcado-em-brasilia-apos-voar-em-circulos-e-declarar-emergencia\/#primaryimage","url":"https:\/\/portalnpm.com\/wp-content\/uploads\/2024\/12\/IMG_5803-1.jpeg","contentUrl":"https:\/\/portalnpm.com\/wp-content\/uploads\/2024\/12\/IMG_5803-1.jpeg","width":436,"height":282,"caption":"Reprodu\u00e7\u00e3o"},{"@type":"BreadcrumbList","@id":"https:\/\/portalnpm.com\/index.php\/2024\/12\/27\/aviao-com-destino-a-teresina-faz-pouso-forcado-em-brasilia-apos-voar-em-circulos-e-declarar-emergencia\/#breadcrumb","itemListElement":[{"@type":"ListItem","position":1,"name":"In\u00edcio","item":"https:\/\/portalnpm.com\/"},{"@type":"ListItem","position":2,"name":"Avi\u00e3o com destino a Teresina faz pouso for\u00e7ado em Bras\u00edlia ap\u00f3s voar em c\u00edrculos e declarar emerg\u00eancia"}]},{"@type":"WebSite","@id":"https:\/\/portalnpm.com\/#website","url":"https:\/\/portalnpm.com\/","name":"Portal NPM","description":"Not\u00edcias em Primeira M\u00e3o","potentialAction":[{"@type":"SearchAction","target":{"@type":"EntryPoint","urlTemplate":"https:\/\/portalnpm.com\/?s={search_term_string}"},"query-input":"required name=search_term_string"}],"inLanguage":"pt-BR"},{"@type":"Person","@id":"https:\/\/portalnpm.com\/#\/schema\/person\/35cb55186eae3f074b6783da6d35591e","name":"Zenilton Lima","image":{"@type":"ImageObject","inLanguage":"pt-BR","@id":"https:\/\/portalnpm.com\/#\/schema\/person\/image\/","url":"https:\/\/portalnpm.com\/wp-content\/uploads\/2024\/12\/avatar_user_8_1733658137-96x96.jpeg","contentUrl":"https:\/\/portalnpm.com\/wp-content\/uploads\/2024\/12\/avatar_user_8_1733658137-96x96.jpeg","caption":"Zenilton Lima"},"url":"https:\/\/portalnpm.com\/index.php\/author\/zenilton\/"}]}},"jetpack_sharing_enabled":true,"jetpack_featured_media_url":"https:\/\/portalnpm.com\/wp-content\/uploads\/2024\/12\/IMG_5803-1.jpeg","_links":{"self":[{"href":"https:\/\/portalnpm.com\/index.php\/wp-json\/wp\/v2\/posts\/82193"}],"collection":[{"href":"https:\/\/portalnpm.com\/index.php\/wp-json\/wp\/v2\/posts"}],"about":[{"href":"https:\/\/portalnpm.com\/index.php\/wp-json\/wp\/v2\/types\/post"}],"author":[{"embeddable":true,"href":"https:\/\/portalnpm.com\/index.php\/wp-json\/wp\/v2\/users\/8"}],"replies":[{"embeddable":true,"href":"https:\/\/portalnpm.com\/index.php\/wp-json\/wp\/v2\/comments?post=82193"}],"version-history":[{"count":1,"href":"https:\/\/portalnpm.com\/index.php\/wp-json\/wp\/v2\/posts\/82193\/revisions"}],"predecessor-version":[{"id":82200,"href":"https:\/\/portalnpm.com\/index.php\/wp-json\/wp\/v2\/posts\/82193\/revisions\/82200"}],"wp:featuredmedia":[{"embeddable":true,"href":"https:\/\/portalnpm.com\/index.php\/wp-json\/wp\/v2\/media\/82199"}],"wp:attachment":[{"href":"https:\/\/portalnpm.com\/index.php\/wp-json\/wp\/v2\/media?parent=82193"}],"wp:term":[{"taxonomy":"category","embeddable":true,"href":"https:\/\/portalnpm.com\/index.php\/wp-json\/wp\/v2\/categories?post=82193"},{"taxonomy":"post_tag","embeddable":true,"href":"https:\/\/portalnpm.com\/index.php\/wp-json\/wp\/v2\/tags?post=82193"}],"curies":[{"name":"wp","href":"https:\/\/api.w.org\/{rel}","templated":true}]}}