{"id":82759,"date":"2025-01-03T17:46:17","date_gmt":"2025-01-03T20:46:17","guid":{"rendered":"https:\/\/portalnpm.com\/?p=82759"},"modified":"2025-01-03T17:47:12","modified_gmt":"2025-01-03T20:47:12","slug":"prefeito-renaldinho-e-vice-prefeito-jose-neci-anunciam-os-nomes-do-primeiro-escalao-da-gestao-saiba-quem-sao","status":"publish","type":"post","link":"https:\/\/portalnpm.com\/index.php\/2025\/01\/03\/prefeito-renaldinho-e-vice-prefeito-jose-neci-anunciam-os-nomes-do-primeiro-escalao-da-gestao-saiba-quem-sao\/","title":{"rendered":"S\u00e3o Juli\u00e3o | Prefeito Renaldinho e vice-prefeito Jos\u00e9 Neci anunciam os nomes do primeiro escal\u00e3o da gest\u00e3o; saiba quem s\u00e3o!"},"content":{"rendered":"<p>O prefeito de S\u00e3o Juli\u00e3o\u2013PI, Renaldinho Ramos, e seu vice Jos\u00e9 Neci anunciaram na tarde desta sexta-feira, 03 de janeiro, os nomes do primeiro escal\u00e3o que ir\u00e3o compor a sua equipe de governo, no bi\u00eanio 2025-2028.<\/p>\n<figure id=\"attachment_82591\" aria-describedby=\"caption-attachment-82591\" style=\"width: 1000px\" class=\"wp-caption alignnone\"><img fetchpriority=\"high\" decoding=\"async\" class=\"wp-image-82591 size-full\" src=\"https:\/\/portalnpm.com\/wp-content\/uploads\/2025\/01\/01012025-IMG_0409.jpg\" alt=\"\" width=\"1000\" height=\"667\" srcset=\"https:\/\/portalnpm.com\/wp-content\/uploads\/2025\/01\/01012025-IMG_0409.jpg 1000w, https:\/\/portalnpm.com\/wp-content\/uploads\/2025\/01\/01012025-IMG_0409-300x200.jpg 300w, https:\/\/portalnpm.com\/wp-content\/uploads\/2025\/01\/01012025-IMG_0409-768x512.jpg 768w\" sizes=\"(max-width: 1000px) 100vw, 1000px\" \/><figcaption id=\"caption-attachment-82591\" class=\"wp-caption-text\">Prefeito Renaldinho ao lado de seu vice Jos\u00e9 Neci e do ex-prefeito Francimar Pereira<\/figcaption><\/figure>\n<p>O comunicado foi realizado por meio das redes sociais, apresentando os escolhidos para os principais cargos da gest\u00e3o p\u00fablica municipal.<\/p>\n<figure id=\"attachment_82568\" aria-describedby=\"caption-attachment-82568\" style=\"width: 1000px\" class=\"wp-caption alignnone\"><img decoding=\"async\" class=\"wp-image-82568 size-full\" src=\"https:\/\/portalnpm.com\/wp-content\/uploads\/2025\/01\/01012025-IMG_0383.jpg\" alt=\"\" width=\"1000\" height=\"667\" srcset=\"https:\/\/portalnpm.com\/wp-content\/uploads\/2025\/01\/01012025-IMG_0383.jpg 1000w, https:\/\/portalnpm.com\/wp-content\/uploads\/2025\/01\/01012025-IMG_0383-300x200.jpg 300w, https:\/\/portalnpm.com\/wp-content\/uploads\/2025\/01\/01012025-IMG_0383-768x512.jpg 768w\" sizes=\"(max-width: 1000px) 100vw, 1000px\" \/><figcaption id=\"caption-attachment-82568\" class=\"wp-caption-text\">Renaldinho e Jos\u00e9 Neci estar\u00e3o a frente do poder p\u00fablico de S\u00e3o Juli\u00e3o no bi\u00eanio 2025-2028<\/figcaption><\/figure>\n<p>Os gestores municipais respons\u00e1veis pelas principais \u00e1reas da administra\u00e7\u00e3o s\u00e3o:<\/p>\n<p><strong><em>Edisaldo Carvalho &#8211; Secret\u00e1rio de Governo<\/em><\/strong><\/p>\n<p><img decoding=\"async\" class=\"alignnone size-medium wp-image-82761\" src=\"https:\/\/portalnpm.com\/wp-content\/uploads\/2025\/01\/IMG-20250103-WA0381-300x300.jpg\" alt=\"\" width=\"300\" height=\"300\" srcset=\"https:\/\/portalnpm.com\/wp-content\/uploads\/2025\/01\/IMG-20250103-WA0381-300x300.jpg 300w, https:\/\/portalnpm.com\/wp-content\/uploads\/2025\/01\/IMG-20250103-WA0381-1024x1024.jpg 1024w, https:\/\/portalnpm.com\/wp-content\/uploads\/2025\/01\/IMG-20250103-WA0381-150x150.jpg 150w, https:\/\/portalnpm.com\/wp-content\/uploads\/2025\/01\/IMG-20250103-WA0381-768x768.jpg 768w, https:\/\/portalnpm.com\/wp-content\/uploads\/2025\/01\/IMG-20250103-WA0381.jpg 1080w\" sizes=\"(max-width: 300px) 100vw, 300px\" \/><\/p>\n<p>Com uma vasta experi\u00eancia na vida p\u00fablica, Edisaldo j\u00e1 foi vereador por v\u00e1rios mandatos e esteve \u00e0 frente da presid\u00eancia da C\u00e2mara Municipal de S\u00e3o Juli\u00e3o, sendo tamb\u00e9m considerado um dos mais habilidosos pol\u00edticos do munic\u00edpio.<\/p>\n<p><strong><em>Lucinete Pereira &#8211; Secret\u00e1ria de Educa\u00e7\u00e3o<\/em><\/strong><\/p>\n<p><img loading=\"lazy\" decoding=\"async\" class=\"alignnone size-medium wp-image-82762\" src=\"https:\/\/portalnpm.com\/wp-content\/uploads\/2025\/01\/IMG-20250103-WA0377-300x300.jpg\" alt=\"\" width=\"300\" height=\"300\" srcset=\"https:\/\/portalnpm.com\/wp-content\/uploads\/2025\/01\/IMG-20250103-WA0377-300x300.jpg 300w, https:\/\/portalnpm.com\/wp-content\/uploads\/2025\/01\/IMG-20250103-WA0377-1024x1024.jpg 1024w, https:\/\/portalnpm.com\/wp-content\/uploads\/2025\/01\/IMG-20250103-WA0377-150x150.jpg 150w, https:\/\/portalnpm.com\/wp-content\/uploads\/2025\/01\/IMG-20250103-WA0377-768x768.jpg 768w, https:\/\/portalnpm.com\/wp-content\/uploads\/2025\/01\/IMG-20250103-WA0377.jpg 1080w\" sizes=\"(max-width: 300px) 100vw, 300px\" \/><\/p>\n<p>Funcion\u00e1ria p\u00fablica e com uma vasta experi\u00eancia na \u00e1rea da Educa\u00e7\u00e3o. Foi tamb\u00e9m secret\u00e1ria de Educa\u00e7\u00e3o na gest\u00e3o de Jos\u00e9 Neci e Francimar.<\/p>\n<p><strong><em>Saara Jane &#8211; Secret\u00e1ria de Sa\u00fade<\/em><\/strong><\/p>\n<p><img loading=\"lazy\" decoding=\"async\" class=\"alignnone size-medium wp-image-82763\" src=\"https:\/\/portalnpm.com\/wp-content\/uploads\/2025\/01\/IMG-20250103-WA0446-300x300.jpg\" alt=\"\" width=\"300\" height=\"300\" srcset=\"https:\/\/portalnpm.com\/wp-content\/uploads\/2025\/01\/IMG-20250103-WA0446-300x300.jpg 300w, https:\/\/portalnpm.com\/wp-content\/uploads\/2025\/01\/IMG-20250103-WA0446-1024x1024.jpg 1024w, https:\/\/portalnpm.com\/wp-content\/uploads\/2025\/01\/IMG-20250103-WA0446-150x150.jpg 150w, https:\/\/portalnpm.com\/wp-content\/uploads\/2025\/01\/IMG-20250103-WA0446-768x768.jpg 768w, https:\/\/portalnpm.com\/wp-content\/uploads\/2025\/01\/IMG-20250103-WA0446.jpg 1080w\" sizes=\"(max-width: 300px) 100vw, 300px\" \/><\/p>\n<p>M\u00e9dica formada pela Universidade Federal de Pernambuco, Radiologista titulada pelo Col\u00e9gio Brasileiro de Radiologia e Mestre em Sa\u00fade da Fam\u00edlia pela Uninovafapi.<\/p>\n<p><strong><em>Marciel Carvalho<\/em><em> &#8211; Secret\u00e1rio de Esporte e Lazer<\/em><\/strong><\/p>\n<p><img loading=\"lazy\" decoding=\"async\" class=\"alignnone size-medium wp-image-82764\" src=\"https:\/\/portalnpm.com\/wp-content\/uploads\/2025\/01\/IMG-20250103-WA0379-300x300.jpg\" alt=\"\" width=\"300\" height=\"300\" srcset=\"https:\/\/portalnpm.com\/wp-content\/uploads\/2025\/01\/IMG-20250103-WA0379-300x300.jpg 300w, https:\/\/portalnpm.com\/wp-content\/uploads\/2025\/01\/IMG-20250103-WA0379-1024x1024.jpg 1024w, https:\/\/portalnpm.com\/wp-content\/uploads\/2025\/01\/IMG-20250103-WA0379-150x150.jpg 150w, https:\/\/portalnpm.com\/wp-content\/uploads\/2025\/01\/IMG-20250103-WA0379-768x768.jpg 768w, https:\/\/portalnpm.com\/wp-content\/uploads\/2025\/01\/IMG-20250103-WA0379.jpg 1080w\" sizes=\"(max-width: 300px) 100vw, 300px\" \/><\/p>\n<p>Suplente de vereador pelo PT, encarregado no trecho, desportiva e apaixonado pelo Esporte.<\/p>\n<p><strong><em>Lucilene Pereira &#8211; Secret\u00e1ria de Planejamento, Gest\u00e3o e Finan\u00e7as<\/em><\/strong><\/p>\n<p><img loading=\"lazy\" decoding=\"async\" class=\"alignnone size-medium wp-image-82765\" src=\"https:\/\/portalnpm.com\/wp-content\/uploads\/2025\/01\/IMG-20250103-WA0388-300x300.jpg\" alt=\"\" width=\"300\" height=\"300\" srcset=\"https:\/\/portalnpm.com\/wp-content\/uploads\/2025\/01\/IMG-20250103-WA0388-300x300.jpg 300w, https:\/\/portalnpm.com\/wp-content\/uploads\/2025\/01\/IMG-20250103-WA0388-1024x1024.jpg 1024w, https:\/\/portalnpm.com\/wp-content\/uploads\/2025\/01\/IMG-20250103-WA0388-150x150.jpg 150w, https:\/\/portalnpm.com\/wp-content\/uploads\/2025\/01\/IMG-20250103-WA0388-768x768.jpg 768w, https:\/\/portalnpm.com\/wp-content\/uploads\/2025\/01\/IMG-20250103-WA0388.jpg 1080w\" sizes=\"(max-width: 300px) 100vw, 300px\" \/><\/p>\n<p>Funcion\u00e1ria p\u00fablica com uma vasta experi\u00eancia em gest\u00e3o p\u00fablica, j\u00e1 ocupou tamb\u00e9m o cargo de secret\u00e1ria na Gest\u00e3o Jos\u00e9 Neci e Francimar.<\/p>\n<p><strong><em>B\u00e1rbara Fernanda &#8211; Secret\u00e1ria de Cultura<\/em><\/strong><\/p>\n<p><img loading=\"lazy\" decoding=\"async\" class=\"alignnone size-medium wp-image-82766\" src=\"https:\/\/portalnpm.com\/wp-content\/uploads\/2025\/01\/IMG-20250103-WA0384-300x300.jpg\" alt=\"\" width=\"300\" height=\"300\" srcset=\"https:\/\/portalnpm.com\/wp-content\/uploads\/2025\/01\/IMG-20250103-WA0384-300x300.jpg 300w, https:\/\/portalnpm.com\/wp-content\/uploads\/2025\/01\/IMG-20250103-WA0384-1024x1024.jpg 1024w, https:\/\/portalnpm.com\/wp-content\/uploads\/2025\/01\/IMG-20250103-WA0384-150x150.jpg 150w, https:\/\/portalnpm.com\/wp-content\/uploads\/2025\/01\/IMG-20250103-WA0384-768x768.jpg 768w, https:\/\/portalnpm.com\/wp-content\/uploads\/2025\/01\/IMG-20250103-WA0384.jpg 1080w\" sizes=\"(max-width: 300px) 100vw, 300px\" \/><\/p>\n<p>Primeira Dama e uma grande defensora da nossa cultura.<\/p>\n<p><strong><em>Antonia Maria &#8211; Secret\u00e1ria de Assist\u00eancia Social<\/em><\/strong><\/p>\n<p><img loading=\"lazy\" decoding=\"async\" class=\"alignnone size-medium wp-image-82767\" src=\"https:\/\/portalnpm.com\/wp-content\/uploads\/2025\/01\/IMG-20250103-WA0382-300x300.jpg\" alt=\"\" width=\"300\" height=\"300\" srcset=\"https:\/\/portalnpm.com\/wp-content\/uploads\/2025\/01\/IMG-20250103-WA0382-300x300.jpg 300w, https:\/\/portalnpm.com\/wp-content\/uploads\/2025\/01\/IMG-20250103-WA0382-1024x1024.jpg 1024w, https:\/\/portalnpm.com\/wp-content\/uploads\/2025\/01\/IMG-20250103-WA0382-150x150.jpg 150w, https:\/\/portalnpm.com\/wp-content\/uploads\/2025\/01\/IMG-20250103-WA0382-768x768.jpg 768w, https:\/\/portalnpm.com\/wp-content\/uploads\/2025\/01\/IMG-20250103-WA0382.jpg 1080w\" sizes=\"(max-width: 300px) 100vw, 300px\" \/><\/p>\n<p>Com forma\u00e7\u00e3o na \u00e1rea Social, j\u00e1 ocupou o cargo de vereadora e presidente da C\u00e2mara Municipal de S\u00e3o Juli\u00e3o.<\/p>\n<p><strong><em>Gabriel Matheus &#8211; Controlador Geral do Munic\u00edpio<\/em><\/strong><\/p>\n<p><img loading=\"lazy\" decoding=\"async\" class=\"alignnone size-medium wp-image-82768\" src=\"https:\/\/portalnpm.com\/wp-content\/uploads\/2025\/01\/IMG-20250103-WA0380-300x300.jpg\" alt=\"\" width=\"300\" height=\"300\" srcset=\"https:\/\/portalnpm.com\/wp-content\/uploads\/2025\/01\/IMG-20250103-WA0380-300x300.jpg 300w, https:\/\/portalnpm.com\/wp-content\/uploads\/2025\/01\/IMG-20250103-WA0380-1024x1024.jpg 1024w, https:\/\/portalnpm.com\/wp-content\/uploads\/2025\/01\/IMG-20250103-WA0380-150x150.jpg 150w, https:\/\/portalnpm.com\/wp-content\/uploads\/2025\/01\/IMG-20250103-WA0380-768x768.jpg 768w, https:\/\/portalnpm.com\/wp-content\/uploads\/2025\/01\/IMG-20250103-WA0380.jpg 1080w\" sizes=\"(max-width: 300px) 100vw, 300px\" \/><\/p>\n<p>Formado em Contabilidade e \u00e9 atualmente o presidente do PDT de S\u00e3o Juli\u00e3o.<\/p>\n<p><strong><em>Rufina Isabel &#8211; Secret\u00e1ria de Infraestrutura<\/em><\/strong><\/p>\n<p><img loading=\"lazy\" decoding=\"async\" class=\"alignnone size-medium wp-image-82769\" src=\"https:\/\/portalnpm.com\/wp-content\/uploads\/2025\/01\/IMG-20250103-WA0383-300x300.jpg\" alt=\"\" width=\"300\" height=\"300\" srcset=\"https:\/\/portalnpm.com\/wp-content\/uploads\/2025\/01\/IMG-20250103-WA0383-300x300.jpg 300w, https:\/\/portalnpm.com\/wp-content\/uploads\/2025\/01\/IMG-20250103-WA0383-1024x1024.jpg 1024w, https:\/\/portalnpm.com\/wp-content\/uploads\/2025\/01\/IMG-20250103-WA0383-150x150.jpg 150w, https:\/\/portalnpm.com\/wp-content\/uploads\/2025\/01\/IMG-20250103-WA0383-768x768.jpg 768w, https:\/\/portalnpm.com\/wp-content\/uploads\/2025\/01\/IMG-20250103-WA0383.jpg 1080w\" sizes=\"(max-width: 300px) 100vw, 300px\" \/><\/p>\n<p>Ex-primeira Dama e ex-secret\u00e1ria na gest\u00e3o do seu esposo, o atual vice-prefeito Jos\u00e9 Neci.<\/p>\n<p><strong><em>Diumar J\u00fanior &#8211; Procurador Geral do Munic\u00edpio<\/em><\/strong><\/p>\n<p><img loading=\"lazy\" decoding=\"async\" class=\"alignnone size-medium wp-image-82770\" src=\"https:\/\/portalnpm.com\/wp-content\/uploads\/2025\/01\/IMG-20250103-WA0385-300x300.jpg\" alt=\"\" width=\"300\" height=\"300\" srcset=\"https:\/\/portalnpm.com\/wp-content\/uploads\/2025\/01\/IMG-20250103-WA0385-300x300.jpg 300w, https:\/\/portalnpm.com\/wp-content\/uploads\/2025\/01\/IMG-20250103-WA0385-1024x1024.jpg 1024w, https:\/\/portalnpm.com\/wp-content\/uploads\/2025\/01\/IMG-20250103-WA0385-150x150.jpg 150w, https:\/\/portalnpm.com\/wp-content\/uploads\/2025\/01\/IMG-20250103-WA0385-768x768.jpg 768w, https:\/\/portalnpm.com\/wp-content\/uploads\/2025\/01\/IMG-20250103-WA0385.jpg 1080w\" sizes=\"(max-width: 300px) 100vw, 300px\" \/><\/p>\n<p>Advogado e com um vasto conhecimento e experi\u00eancia na \u00e1rea jur\u00eddica.<\/p>\n<p><strong><em>Eduardo Ramos &#8211; Secret\u00e1rio do Meio Ambiente<\/em><\/strong><\/p>\n<p><img loading=\"lazy\" decoding=\"async\" class=\"alignnone size-medium wp-image-82771\" src=\"https:\/\/portalnpm.com\/wp-content\/uploads\/2025\/01\/IMG-20250103-WA0386-300x300.jpg\" alt=\"\" width=\"300\" height=\"300\" srcset=\"https:\/\/portalnpm.com\/wp-content\/uploads\/2025\/01\/IMG-20250103-WA0386-300x300.jpg 300w, https:\/\/portalnpm.com\/wp-content\/uploads\/2025\/01\/IMG-20250103-WA0386-1024x1024.jpg 1024w, https:\/\/portalnpm.com\/wp-content\/uploads\/2025\/01\/IMG-20250103-WA0386-150x150.jpg 150w, https:\/\/portalnpm.com\/wp-content\/uploads\/2025\/01\/IMG-20250103-WA0386-768x768.jpg 768w, https:\/\/portalnpm.com\/wp-content\/uploads\/2025\/01\/IMG-20250103-WA0386.jpg 1080w\" sizes=\"(max-width: 300px) 100vw, 300px\" \/><\/p>\n<p>Defensor das causas do Meio Ambiente e sobrinho do atual prefeito Renaldinho.<\/p>\n<p><strong><em>N\u00e9 Rocha &#8211; Secret\u00e1rio de Agricultura<\/em><\/strong><\/p>\n<p><img loading=\"lazy\" decoding=\"async\" class=\"alignnone size-medium wp-image-82772\" src=\"https:\/\/portalnpm.com\/wp-content\/uploads\/2025\/01\/IMG-20250103-WA0387-300x300.jpg\" alt=\"\" width=\"300\" height=\"300\" srcset=\"https:\/\/portalnpm.com\/wp-content\/uploads\/2025\/01\/IMG-20250103-WA0387-300x300.jpg 300w, https:\/\/portalnpm.com\/wp-content\/uploads\/2025\/01\/IMG-20250103-WA0387-1024x1024.jpg 1024w, https:\/\/portalnpm.com\/wp-content\/uploads\/2025\/01\/IMG-20250103-WA0387-150x150.jpg 150w, https:\/\/portalnpm.com\/wp-content\/uploads\/2025\/01\/IMG-20250103-WA0387-768x768.jpg 768w, https:\/\/portalnpm.com\/wp-content\/uploads\/2025\/01\/IMG-20250103-WA0387.jpg 1080w\" sizes=\"(max-width: 300px) 100vw, 300px\" \/><\/p>\n<p>Agricultor, defensor do homem do campo, ex-vereador por tr\u00eas mandatos, suplente de vereador pelo PT e ex-secret\u00e1rio na gest\u00e3o de Jos\u00e9 Neci.<\/p>\n<p><strong><em>Carine Holanda &#8211; Coordenadora de Comunica\u00e7\u00e3o e Marketing<\/em><\/strong><\/p>\n<p><img loading=\"lazy\" decoding=\"async\" class=\"alignnone size-medium wp-image-82773\" src=\"https:\/\/portalnpm.com\/wp-content\/uploads\/2025\/01\/IMG-20250103-WA04441-300x300.jpg\" alt=\"\" width=\"300\" height=\"300\" srcset=\"https:\/\/portalnpm.com\/wp-content\/uploads\/2025\/01\/IMG-20250103-WA04441-300x300.jpg 300w, https:\/\/portalnpm.com\/wp-content\/uploads\/2025\/01\/IMG-20250103-WA04441-1024x1024.jpg 1024w, https:\/\/portalnpm.com\/wp-content\/uploads\/2025\/01\/IMG-20250103-WA04441-150x150.jpg 150w, https:\/\/portalnpm.com\/wp-content\/uploads\/2025\/01\/IMG-20250103-WA04441-768x768.jpg 768w, https:\/\/portalnpm.com\/wp-content\/uploads\/2025\/01\/IMG-20250103-WA04441.jpg 1080w\" sizes=\"(max-width: 300px) 100vw, 300px\" \/><\/p>\n<p>Professora com forma\u00e7\u00e3o em Letras &#8211; Ingl\u00eas e com quatro p\u00f3s-gradua\u00e7\u00f5es na \u00e1rea da Educa\u00e7\u00e3o. Foi uma das respons\u00e1veis pelo Marketing da campanha vitoriosa de Renaldinho e Jos\u00e9 Neci.<\/p>\n","protected":false},"excerpt":{"rendered":"<p>O prefeito de S\u00e3o Juli\u00e3o\u2013PI, Renaldinho Ramos, e seu vice Jos\u00e9 Neci anunciaram na tarde desta sexta-feira, 03 de janeiro, os nomes do primeiro escal\u00e3o que ir\u00e3o compor a sua equipe de governo, no bi\u00eanio 2025-2028. O comunicado foi realizado por meio das redes sociais, apresentando os escolhidos para os principais cargos da gest\u00e3o p\u00fablica &hellip;<\/p>\n","protected":false},"author":4,"featured_media":82775,"comment_status":"open","ping_status":"open","sticky":false,"template":"","format":"standard","meta":{"content-type":"","rop_custom_images_group":[],"rop_custom_messages_group":[],"rop_publish_now":"yes","rop_publish_now_accounts":{"facebook_2648258775420054_1618374048415101":""},"rop_publish_now_history":[],"rop_publish_now_status":"pending","footnotes":"","_jetpack_memberships_contains_paid_content":false},"categories":[113,109,3998],"tags":[490,836,16269,3282,4150,4151,5339,1194,135,854,840,2984,1139,1196,6239],"yoast_head":"<!-- This site is optimized with the Yoast SEO plugin v22.3 - https:\/\/yoast.com\/wordpress\/plugins\/seo\/ -->\n<title>S\u00e3o Juli\u00e3o | Prefeito Renaldinho e vice-prefeito Jos\u00e9 Neci anunciam os nomes do primeiro escal\u00e3o da gest\u00e3o; saiba quem s\u00e3o! - Portal NPM<\/title>\n<meta name=\"robots\" content=\"index, follow, max-snippet:-1, max-image-preview:large, max-video-preview:-1\" \/>\n<link rel=\"canonical\" href=\"https:\/\/portalnpm.com\/index.php\/2025\/01\/03\/prefeito-renaldinho-e-vice-prefeito-jose-neci-anunciam-os-nomes-do-primeiro-escalao-da-gestao-saiba-quem-sao\/\" \/>\n<meta property=\"og:locale\" content=\"pt_BR\" \/>\n<meta property=\"og:type\" content=\"article\" \/>\n<meta property=\"og:title\" content=\"S\u00e3o Juli\u00e3o | Prefeito Renaldinho e vice-prefeito Jos\u00e9 Neci anunciam os nomes do primeiro escal\u00e3o da gest\u00e3o; saiba quem s\u00e3o! - Portal NPM\" \/>\n<meta property=\"og:description\" content=\"O prefeito de S\u00e3o Juli\u00e3o\u2013PI, Renaldinho Ramos, e seu vice Jos\u00e9 Neci anunciaram na tarde desta sexta-feira, 03 de janeiro, os nomes do primeiro escal\u00e3o que ir\u00e3o compor a sua equipe de governo, no bi\u00eanio 2025-2028. O comunicado foi realizado por meio das redes sociais, apresentando os escolhidos para os principais cargos da gest\u00e3o p\u00fablica &hellip;\" \/>\n<meta property=\"og:url\" content=\"https:\/\/portalnpm.com\/index.php\/2025\/01\/03\/prefeito-renaldinho-e-vice-prefeito-jose-neci-anunciam-os-nomes-do-primeiro-escalao-da-gestao-saiba-quem-sao\/\" \/>\n<meta property=\"og:site_name\" content=\"Portal NPM\" \/>\n<meta property=\"article:published_time\" content=\"2025-01-03T20:46:17+00:00\" \/>\n<meta property=\"article:modified_time\" content=\"2025-01-03T20:47:12+00:00\" \/>\n<meta property=\"og:image\" content=\"https:\/\/portalnpm.com\/wp-content\/uploads\/2025\/01\/IMG-20250103-WA0605.jpg\" \/>\n\t<meta property=\"og:image:width\" content=\"1500\" \/>\n\t<meta property=\"og:image:height\" content=\"1500\" \/>\n\t<meta property=\"og:image:type\" content=\"image\/jpeg\" \/>\n<meta name=\"author\" content=\"Reda\u00e7\u00e3o\" \/>\n<meta name=\"twitter:card\" content=\"summary_large_image\" \/>\n<meta name=\"twitter:label1\" content=\"Escrito por\" \/>\n\t<meta name=\"twitter:data1\" content=\"Reda\u00e7\u00e3o\" \/>\n\t<meta name=\"twitter:label2\" content=\"Est. tempo de leitura\" \/>\n\t<meta name=\"twitter:data2\" content=\"6 minutos\" \/>\n<script type=\"application\/ld+json\" class=\"yoast-schema-graph\">{\"@context\":\"https:\/\/schema.org\",\"@graph\":[{\"@type\":\"WebPage\",\"@id\":\"https:\/\/portalnpm.com\/index.php\/2025\/01\/03\/prefeito-renaldinho-e-vice-prefeito-jose-neci-anunciam-os-nomes-do-primeiro-escalao-da-gestao-saiba-quem-sao\/\",\"url\":\"https:\/\/portalnpm.com\/index.php\/2025\/01\/03\/prefeito-renaldinho-e-vice-prefeito-jose-neci-anunciam-os-nomes-do-primeiro-escalao-da-gestao-saiba-quem-sao\/\",\"name\":\"S\u00e3o Juli\u00e3o | Prefeito Renaldinho e vice-prefeito Jos\u00e9 Neci anunciam os nomes do primeiro escal\u00e3o da gest\u00e3o; saiba quem s\u00e3o! - Portal NPM\",\"isPartOf\":{\"@id\":\"https:\/\/portalnpm.com\/#website\"},\"primaryImageOfPage\":{\"@id\":\"https:\/\/portalnpm.com\/index.php\/2025\/01\/03\/prefeito-renaldinho-e-vice-prefeito-jose-neci-anunciam-os-nomes-do-primeiro-escalao-da-gestao-saiba-quem-sao\/#primaryimage\"},\"image\":{\"@id\":\"https:\/\/portalnpm.com\/index.php\/2025\/01\/03\/prefeito-renaldinho-e-vice-prefeito-jose-neci-anunciam-os-nomes-do-primeiro-escalao-da-gestao-saiba-quem-sao\/#primaryimage\"},\"thumbnailUrl\":\"https:\/\/portalnpm.com\/wp-content\/uploads\/2025\/01\/IMG-20250103-WA0605.jpg\",\"datePublished\":\"2025-01-03T20:46:17+00:00\",\"dateModified\":\"2025-01-03T20:47:12+00:00\",\"author\":{\"@id\":\"https:\/\/portalnpm.com\/#\/schema\/person\/0b5f230ec96cee25504fa328e7f2b733\"},\"breadcrumb\":{\"@id\":\"https:\/\/portalnpm.com\/index.php\/2025\/01\/03\/prefeito-renaldinho-e-vice-prefeito-jose-neci-anunciam-os-nomes-do-primeiro-escalao-da-gestao-saiba-quem-sao\/#breadcrumb\"},\"inLanguage\":\"pt-BR\",\"potentialAction\":[{\"@type\":\"ReadAction\",\"target\":[\"https:\/\/portalnpm.com\/index.php\/2025\/01\/03\/prefeito-renaldinho-e-vice-prefeito-jose-neci-anunciam-os-nomes-do-primeiro-escalao-da-gestao-saiba-quem-sao\/\"]}]},{\"@type\":\"ImageObject\",\"inLanguage\":\"pt-BR\",\"@id\":\"https:\/\/portalnpm.com\/index.php\/2025\/01\/03\/prefeito-renaldinho-e-vice-prefeito-jose-neci-anunciam-os-nomes-do-primeiro-escalao-da-gestao-saiba-quem-sao\/#primaryimage\",\"url\":\"https:\/\/portalnpm.com\/wp-content\/uploads\/2025\/01\/IMG-20250103-WA0605.jpg\",\"contentUrl\":\"https:\/\/portalnpm.com\/wp-content\/uploads\/2025\/01\/IMG-20250103-WA0605.jpg\",\"width\":1500,\"height\":1500,\"caption\":\"Logomarca da Gest\u00e3o S\u00e3o Juli\u00e3o Para Todos, em S\u00e3o Juli\u00e3o- PI\"},{\"@type\":\"BreadcrumbList\",\"@id\":\"https:\/\/portalnpm.com\/index.php\/2025\/01\/03\/prefeito-renaldinho-e-vice-prefeito-jose-neci-anunciam-os-nomes-do-primeiro-escalao-da-gestao-saiba-quem-sao\/#breadcrumb\",\"itemListElement\":[{\"@type\":\"ListItem\",\"position\":1,\"name\":\"In\u00edcio\",\"item\":\"https:\/\/portalnpm.com\/\"},{\"@type\":\"ListItem\",\"position\":2,\"name\":\"S\u00e3o Juli\u00e3o | Prefeito Renaldinho e vice-prefeito Jos\u00e9 Neci anunciam os nomes do primeiro escal\u00e3o da gest\u00e3o; saiba quem s\u00e3o!\"}]},{\"@type\":\"WebSite\",\"@id\":\"https:\/\/portalnpm.com\/#website\",\"url\":\"https:\/\/portalnpm.com\/\",\"name\":\"Portal NPM\",\"description\":\"Not\u00edcias em Primeira M\u00e3o\",\"potentialAction\":[{\"@type\":\"SearchAction\",\"target\":{\"@type\":\"EntryPoint\",\"urlTemplate\":\"https:\/\/portalnpm.com\/?s={search_term_string}\"},\"query-input\":\"required name=search_term_string\"}],\"inLanguage\":\"pt-BR\"},{\"@type\":\"Person\",\"@id\":\"https:\/\/portalnpm.com\/#\/schema\/person\/0b5f230ec96cee25504fa328e7f2b733\",\"name\":\"Reda\u00e7\u00e3o\",\"image\":{\"@type\":\"ImageObject\",\"inLanguage\":\"pt-BR\",\"@id\":\"https:\/\/portalnpm.com\/#\/schema\/person\/image\/\",\"url\":\"https:\/\/portalnpm.com\/wp-content\/uploads\/2024\/03\/avatar_user_4_1710097212-96x96.png\",\"contentUrl\":\"https:\/\/portalnpm.com\/wp-content\/uploads\/2024\/03\/avatar_user_4_1710097212-96x96.png\",\"caption\":\"Reda\u00e7\u00e3o\"},\"url\":\"https:\/\/portalnpm.com\/index.php\/author\/redacao\/\"}]}<\/script>\n<!-- \/ Yoast SEO plugin. -->","yoast_head_json":{"title":"S\u00e3o Juli\u00e3o | Prefeito Renaldinho e vice-prefeito Jos\u00e9 Neci anunciam os nomes do primeiro escal\u00e3o da gest\u00e3o; saiba quem s\u00e3o! - Portal NPM","robots":{"index":"index","follow":"follow","max-snippet":"max-snippet:-1","max-image-preview":"max-image-preview:large","max-video-preview":"max-video-preview:-1"},"canonical":"https:\/\/portalnpm.com\/index.php\/2025\/01\/03\/prefeito-renaldinho-e-vice-prefeito-jose-neci-anunciam-os-nomes-do-primeiro-escalao-da-gestao-saiba-quem-sao\/","og_locale":"pt_BR","og_type":"article","og_title":"S\u00e3o Juli\u00e3o | Prefeito Renaldinho e vice-prefeito Jos\u00e9 Neci anunciam os nomes do primeiro escal\u00e3o da gest\u00e3o; saiba quem s\u00e3o! - Portal NPM","og_description":"O prefeito de S\u00e3o Juli\u00e3o\u2013PI, Renaldinho Ramos, e seu vice Jos\u00e9 Neci anunciaram na tarde desta sexta-feira, 03 de janeiro, os nomes do primeiro escal\u00e3o que ir\u00e3o compor a sua equipe de governo, no bi\u00eanio 2025-2028. O comunicado foi realizado por meio das redes sociais, apresentando os escolhidos para os principais cargos da gest\u00e3o p\u00fablica &hellip;","og_url":"https:\/\/portalnpm.com\/index.php\/2025\/01\/03\/prefeito-renaldinho-e-vice-prefeito-jose-neci-anunciam-os-nomes-do-primeiro-escalao-da-gestao-saiba-quem-sao\/","og_site_name":"Portal NPM","article_published_time":"2025-01-03T20:46:17+00:00","article_modified_time":"2025-01-03T20:47:12+00:00","og_image":[{"width":1500,"height":1500,"url":"https:\/\/portalnpm.com\/wp-content\/uploads\/2025\/01\/IMG-20250103-WA0605.jpg","type":"image\/jpeg"}],"author":"Reda\u00e7\u00e3o","twitter_card":"summary_large_image","twitter_misc":{"Escrito por":"Reda\u00e7\u00e3o","Est. tempo de leitura":"6 minutos"},"schema":{"@context":"https:\/\/schema.org","@graph":[{"@type":"WebPage","@id":"https:\/\/portalnpm.com\/index.php\/2025\/01\/03\/prefeito-renaldinho-e-vice-prefeito-jose-neci-anunciam-os-nomes-do-primeiro-escalao-da-gestao-saiba-quem-sao\/","url":"https:\/\/portalnpm.com\/index.php\/2025\/01\/03\/prefeito-renaldinho-e-vice-prefeito-jose-neci-anunciam-os-nomes-do-primeiro-escalao-da-gestao-saiba-quem-sao\/","name":"S\u00e3o Juli\u00e3o | Prefeito Renaldinho e vice-prefeito Jos\u00e9 Neci anunciam os nomes do primeiro escal\u00e3o da gest\u00e3o; saiba quem s\u00e3o! - Portal NPM","isPartOf":{"@id":"https:\/\/portalnpm.com\/#website"},"primaryImageOfPage":{"@id":"https:\/\/portalnpm.com\/index.php\/2025\/01\/03\/prefeito-renaldinho-e-vice-prefeito-jose-neci-anunciam-os-nomes-do-primeiro-escalao-da-gestao-saiba-quem-sao\/#primaryimage"},"image":{"@id":"https:\/\/portalnpm.com\/index.php\/2025\/01\/03\/prefeito-renaldinho-e-vice-prefeito-jose-neci-anunciam-os-nomes-do-primeiro-escalao-da-gestao-saiba-quem-sao\/#primaryimage"},"thumbnailUrl":"https:\/\/portalnpm.com\/wp-content\/uploads\/2025\/01\/IMG-20250103-WA0605.jpg","datePublished":"2025-01-03T20:46:17+00:00","dateModified":"2025-01-03T20:47:12+00:00","author":{"@id":"https:\/\/portalnpm.com\/#\/schema\/person\/0b5f230ec96cee25504fa328e7f2b733"},"breadcrumb":{"@id":"https:\/\/portalnpm.com\/index.php\/2025\/01\/03\/prefeito-renaldinho-e-vice-prefeito-jose-neci-anunciam-os-nomes-do-primeiro-escalao-da-gestao-saiba-quem-sao\/#breadcrumb"},"inLanguage":"pt-BR","potentialAction":[{"@type":"ReadAction","target":["https:\/\/portalnpm.com\/index.php\/2025\/01\/03\/prefeito-renaldinho-e-vice-prefeito-jose-neci-anunciam-os-nomes-do-primeiro-escalao-da-gestao-saiba-quem-sao\/"]}]},{"@type":"ImageObject","inLanguage":"pt-BR","@id":"https:\/\/portalnpm.com\/index.php\/2025\/01\/03\/prefeito-renaldinho-e-vice-prefeito-jose-neci-anunciam-os-nomes-do-primeiro-escalao-da-gestao-saiba-quem-sao\/#primaryimage","url":"https:\/\/portalnpm.com\/wp-content\/uploads\/2025\/01\/IMG-20250103-WA0605.jpg","contentUrl":"https:\/\/portalnpm.com\/wp-content\/uploads\/2025\/01\/IMG-20250103-WA0605.jpg","width":1500,"height":1500,"caption":"Logomarca da Gest\u00e3o S\u00e3o Juli\u00e3o Para Todos, em S\u00e3o Juli\u00e3o- PI"},{"@type":"BreadcrumbList","@id":"https:\/\/portalnpm.com\/index.php\/2025\/01\/03\/prefeito-renaldinho-e-vice-prefeito-jose-neci-anunciam-os-nomes-do-primeiro-escalao-da-gestao-saiba-quem-sao\/#breadcrumb","itemListElement":[{"@type":"ListItem","position":1,"name":"In\u00edcio","item":"https:\/\/portalnpm.com\/"},{"@type":"ListItem","position":2,"name":"S\u00e3o Juli\u00e3o | Prefeito Renaldinho e vice-prefeito Jos\u00e9 Neci anunciam os nomes do primeiro escal\u00e3o da gest\u00e3o; saiba quem s\u00e3o!"}]},{"@type":"WebSite","@id":"https:\/\/portalnpm.com\/#website","url":"https:\/\/portalnpm.com\/","name":"Portal NPM","description":"Not\u00edcias em Primeira M\u00e3o","potentialAction":[{"@type":"SearchAction","target":{"@type":"EntryPoint","urlTemplate":"https:\/\/portalnpm.com\/?s={search_term_string}"},"query-input":"required name=search_term_string"}],"inLanguage":"pt-BR"},{"@type":"Person","@id":"https:\/\/portalnpm.com\/#\/schema\/person\/0b5f230ec96cee25504fa328e7f2b733","name":"Reda\u00e7\u00e3o","image":{"@type":"ImageObject","inLanguage":"pt-BR","@id":"https:\/\/portalnpm.com\/#\/schema\/person\/image\/","url":"https:\/\/portalnpm.com\/wp-content\/uploads\/2024\/03\/avatar_user_4_1710097212-96x96.png","contentUrl":"https:\/\/portalnpm.com\/wp-content\/uploads\/2024\/03\/avatar_user_4_1710097212-96x96.png","caption":"Reda\u00e7\u00e3o"},"url":"https:\/\/portalnpm.com\/index.php\/author\/redacao\/"}]}},"jetpack_sharing_enabled":true,"jetpack_featured_media_url":"https:\/\/portalnpm.com\/wp-content\/uploads\/2025\/01\/IMG-20250103-WA0605.jpg","_links":{"self":[{"href":"https:\/\/portalnpm.com\/index.php\/wp-json\/wp\/v2\/posts\/82759"}],"collection":[{"href":"https:\/\/portalnpm.com\/index.php\/wp-json\/wp\/v2\/posts"}],"about":[{"href":"https:\/\/portalnpm.com\/index.php\/wp-json\/wp\/v2\/types\/post"}],"author":[{"embeddable":true,"href":"https:\/\/portalnpm.com\/index.php\/wp-json\/wp\/v2\/users\/4"}],"replies":[{"embeddable":true,"href":"https:\/\/portalnpm.com\/index.php\/wp-json\/wp\/v2\/comments?post=82759"}],"version-history":[{"count":4,"href":"https:\/\/portalnpm.com\/index.php\/wp-json\/wp\/v2\/posts\/82759\/revisions"}],"predecessor-version":[{"id":82777,"href":"https:\/\/portalnpm.com\/index.php\/wp-json\/wp\/v2\/posts\/82759\/revisions\/82777"}],"wp:featuredmedia":[{"embeddable":true,"href":"https:\/\/portalnpm.com\/index.php\/wp-json\/wp\/v2\/media\/82775"}],"wp:attachment":[{"href":"https:\/\/portalnpm.com\/index.php\/wp-json\/wp\/v2\/media?parent=82759"}],"wp:term":[{"taxonomy":"category","embeddable":true,"href":"https:\/\/portalnpm.com\/index.php\/wp-json\/wp\/v2\/categories?post=82759"},{"taxonomy":"post_tag","embeddable":true,"href":"https:\/\/portalnpm.com\/index.php\/wp-json\/wp\/v2\/tags?post=82759"}],"curies":[{"name":"wp","href":"https:\/\/api.w.org\/{rel}","templated":true}]}}