{"id":8279,"date":"2019-05-14T10:22:46","date_gmt":"2019-05-14T13:22:46","guid":{"rendered":"http:\/\/srv.portalnpm.com.br\/?p=8279"},"modified":"2019-05-14T10:22:46","modified_gmt":"2019-05-14T13:22:46","slug":"jovens-apontadas-como-x-9-sao-torturadas-no-pi","status":"publish","type":"post","link":"https:\/\/portalnpm.com\/index.php\/2019\/05\/14\/jovens-apontadas-como-x-9-sao-torturadas-no-pi\/","title":{"rendered":"Jovens apontadas como \u201cX-9\u201d s\u00e3o torturadas no PI"},"content":{"rendered":"<p style=\"text-align: justify;\">Um v\u00eddeo que circula nas redes sociais mostra duas jovens sendo torturadas na zona Sul de Teresina. Nas imagens as mulheres aparecem ajoelhadas e t\u00eam os cabelos cortados por um rapaz.<\/p>\n<p style=\"text-align: justify;\">A pessoa que grava as imagens diz que est\u00e1 cortando os cabelos das jovens porque elas \u201ccolam com a pol\u00edcia\u201d.\u00a0 Ele afirma que as meninas s\u00e3o \u201cX-9\u201d, informantes de policiais. O autor do v\u00eddeo diz, ainda, que s\u00f3 n\u00e3o vai mat\u00e1-las porque s\u00e3o mulheres.<\/p>\n<p style=\"text-align: justify;\">As v\u00edtimas ficam assustadas e choram enquanto s\u00e3o torturadas. Com medo de morrer, a jovens foram para uma cidade do Maranh\u00e3o.<\/p>\n<p style=\"text-align: justify;\">A Ger\u00eancia de Policiamento Metropolitano confirmou ao<strong>\u00a0Cidadeverde.com<\/strong>\u00a0que, na manh\u00e3 desta segunda-feira (13), um dos suspeitos do crime foi preso.<\/p>\n<p style=\"text-align: justify;\"><strong>FONTE:<\/strong>\u00a0Cidade Verde<\/p>\n","protected":false},"excerpt":{"rendered":"<p>Um v\u00eddeo que circula nas redes sociais mostra duas jovens sendo torturadas na zona Sul de Teresina. Nas imagens as mulheres aparecem ajoelhadas e t\u00eam os cabelos cortados por um rapaz. A pessoa que grava as imagens diz que est\u00e1 cortando os cabelos das jovens porque elas \u201ccolam com a pol\u00edcia\u201d.\u00a0 Ele afirma que as &hellip;<\/p>\n","protected":false},"author":8,"featured_media":8280,"comment_status":"open","ping_status":"open","sticky":false,"template":"","format":"standard","meta":{"content-type":"","rop_custom_images_group":[],"rop_custom_messages_group":[],"rop_publish_now":"initial","rop_publish_now_accounts":{"facebook_2648258775420054_1618374048415101":""},"rop_publish_now_history":[],"rop_publish_now_status":"pending","footnotes":"","_jetpack_memberships_contains_paid_content":false},"categories":[145],"tags":[2823,601,2824],"yoast_head":"<!-- This site is optimized with the Yoast SEO plugin v22.3 - https:\/\/yoast.com\/wordpress\/plugins\/seo\/ -->\n<title>Jovens apontadas como \u201cX-9\u201d s\u00e3o torturadas no PI - Portal NPM<\/title>\n<meta name=\"robots\" content=\"index, follow, max-snippet:-1, max-image-preview:large, max-video-preview:-1\" \/>\n<link rel=\"canonical\" href=\"https:\/\/portalnpm.com\/index.php\/2019\/05\/14\/jovens-apontadas-como-x-9-sao-torturadas-no-pi\/\" \/>\n<meta property=\"og:locale\" content=\"pt_BR\" \/>\n<meta property=\"og:type\" content=\"article\" \/>\n<meta property=\"og:title\" content=\"Jovens apontadas como \u201cX-9\u201d s\u00e3o torturadas no PI - Portal NPM\" \/>\n<meta property=\"og:description\" content=\"Um v\u00eddeo que circula nas redes sociais mostra duas jovens sendo torturadas na zona Sul de Teresina. Nas imagens as mulheres aparecem ajoelhadas e t\u00eam os cabelos cortados por um rapaz. A pessoa que grava as imagens diz que est\u00e1 cortando os cabelos das jovens porque elas \u201ccolam com a pol\u00edcia\u201d.\u00a0 Ele afirma que as &hellip;\" \/>\n<meta property=\"og:url\" content=\"https:\/\/portalnpm.com\/index.php\/2019\/05\/14\/jovens-apontadas-como-x-9-sao-torturadas-no-pi\/\" \/>\n<meta property=\"og:site_name\" content=\"Portal NPM\" \/>\n<meta property=\"article:published_time\" content=\"2019-05-14T13:22:46+00:00\" \/>\n<meta name=\"author\" content=\"Zenilton Lima\" \/>\n<meta name=\"twitter:card\" content=\"summary_large_image\" \/>\n<meta name=\"twitter:label1\" content=\"Escrito por\" \/>\n\t<meta name=\"twitter:data1\" content=\"Zenilton Lima\" \/>\n\t<meta name=\"twitter:label2\" content=\"Est. tempo de leitura\" \/>\n\t<meta name=\"twitter:data2\" content=\"1 minuto\" \/>\n<script type=\"application\/ld+json\" class=\"yoast-schema-graph\">{\"@context\":\"https:\/\/schema.org\",\"@graph\":[{\"@type\":\"WebPage\",\"@id\":\"https:\/\/portalnpm.com\/index.php\/2019\/05\/14\/jovens-apontadas-como-x-9-sao-torturadas-no-pi\/\",\"url\":\"https:\/\/portalnpm.com\/index.php\/2019\/05\/14\/jovens-apontadas-como-x-9-sao-torturadas-no-pi\/\",\"name\":\"Jovens apontadas como \u201cX-9\u201d s\u00e3o torturadas no PI - Portal NPM\",\"isPartOf\":{\"@id\":\"https:\/\/portalnpm.com\/#website\"},\"primaryImageOfPage\":{\"@id\":\"https:\/\/portalnpm.com\/index.php\/2019\/05\/14\/jovens-apontadas-como-x-9-sao-torturadas-no-pi\/#primaryimage\"},\"image\":{\"@id\":\"https:\/\/portalnpm.com\/index.php\/2019\/05\/14\/jovens-apontadas-como-x-9-sao-torturadas-no-pi\/#primaryimage\"},\"thumbnailUrl\":\"\",\"datePublished\":\"2019-05-14T13:22:46+00:00\",\"dateModified\":\"2019-05-14T13:22:46+00:00\",\"author\":{\"@id\":\"https:\/\/portalnpm.com\/#\/schema\/person\/35cb55186eae3f074b6783da6d35591e\"},\"breadcrumb\":{\"@id\":\"https:\/\/portalnpm.com\/index.php\/2019\/05\/14\/jovens-apontadas-como-x-9-sao-torturadas-no-pi\/#breadcrumb\"},\"inLanguage\":\"pt-BR\",\"potentialAction\":[{\"@type\":\"ReadAction\",\"target\":[\"https:\/\/portalnpm.com\/index.php\/2019\/05\/14\/jovens-apontadas-como-x-9-sao-torturadas-no-pi\/\"]}]},{\"@type\":\"ImageObject\",\"inLanguage\":\"pt-BR\",\"@id\":\"https:\/\/portalnpm.com\/index.php\/2019\/05\/14\/jovens-apontadas-como-x-9-sao-torturadas-no-pi\/#primaryimage\",\"url\":\"\",\"contentUrl\":\"\"},{\"@type\":\"BreadcrumbList\",\"@id\":\"https:\/\/portalnpm.com\/index.php\/2019\/05\/14\/jovens-apontadas-como-x-9-sao-torturadas-no-pi\/#breadcrumb\",\"itemListElement\":[{\"@type\":\"ListItem\",\"position\":1,\"name\":\"In\u00edcio\",\"item\":\"https:\/\/portalnpm.com\/\"},{\"@type\":\"ListItem\",\"position\":2,\"name\":\"Jovens apontadas como \u201cX-9\u201d s\u00e3o torturadas no PI\"}]},{\"@type\":\"WebSite\",\"@id\":\"https:\/\/portalnpm.com\/#website\",\"url\":\"https:\/\/portalnpm.com\/\",\"name\":\"Portal NPM\",\"description\":\"Not\u00edcias em Primeira M\u00e3o\",\"potentialAction\":[{\"@type\":\"SearchAction\",\"target\":{\"@type\":\"EntryPoint\",\"urlTemplate\":\"https:\/\/portalnpm.com\/?s={search_term_string}\"},\"query-input\":\"required name=search_term_string\"}],\"inLanguage\":\"pt-BR\"},{\"@type\":\"Person\",\"@id\":\"https:\/\/portalnpm.com\/#\/schema\/person\/35cb55186eae3f074b6783da6d35591e\",\"name\":\"Zenilton Lima\",\"image\":{\"@type\":\"ImageObject\",\"inLanguage\":\"pt-BR\",\"@id\":\"https:\/\/portalnpm.com\/#\/schema\/person\/image\/\",\"url\":\"https:\/\/portalnpm.com\/wp-content\/uploads\/2024\/12\/avatar_user_8_1733658137-96x96.jpeg\",\"contentUrl\":\"https:\/\/portalnpm.com\/wp-content\/uploads\/2024\/12\/avatar_user_8_1733658137-96x96.jpeg\",\"caption\":\"Zenilton Lima\"},\"url\":\"https:\/\/portalnpm.com\/index.php\/author\/zenilton\/\"}]}<\/script>\n<!-- \/ Yoast SEO plugin. -->","yoast_head_json":{"title":"Jovens apontadas como \u201cX-9\u201d s\u00e3o torturadas no PI - Portal NPM","robots":{"index":"index","follow":"follow","max-snippet":"max-snippet:-1","max-image-preview":"max-image-preview:large","max-video-preview":"max-video-preview:-1"},"canonical":"https:\/\/portalnpm.com\/index.php\/2019\/05\/14\/jovens-apontadas-como-x-9-sao-torturadas-no-pi\/","og_locale":"pt_BR","og_type":"article","og_title":"Jovens apontadas como \u201cX-9\u201d s\u00e3o torturadas no PI - Portal NPM","og_description":"Um v\u00eddeo que circula nas redes sociais mostra duas jovens sendo torturadas na zona Sul de Teresina. Nas imagens as mulheres aparecem ajoelhadas e t\u00eam os cabelos cortados por um rapaz. A pessoa que grava as imagens diz que est\u00e1 cortando os cabelos das jovens porque elas \u201ccolam com a pol\u00edcia\u201d.\u00a0 Ele afirma que as &hellip;","og_url":"https:\/\/portalnpm.com\/index.php\/2019\/05\/14\/jovens-apontadas-como-x-9-sao-torturadas-no-pi\/","og_site_name":"Portal NPM","article_published_time":"2019-05-14T13:22:46+00:00","author":"Zenilton Lima","twitter_card":"summary_large_image","twitter_misc":{"Escrito por":"Zenilton Lima","Est. tempo de leitura":"1 minuto"},"schema":{"@context":"https:\/\/schema.org","@graph":[{"@type":"WebPage","@id":"https:\/\/portalnpm.com\/index.php\/2019\/05\/14\/jovens-apontadas-como-x-9-sao-torturadas-no-pi\/","url":"https:\/\/portalnpm.com\/index.php\/2019\/05\/14\/jovens-apontadas-como-x-9-sao-torturadas-no-pi\/","name":"Jovens apontadas como \u201cX-9\u201d s\u00e3o torturadas no PI - Portal NPM","isPartOf":{"@id":"https:\/\/portalnpm.com\/#website"},"primaryImageOfPage":{"@id":"https:\/\/portalnpm.com\/index.php\/2019\/05\/14\/jovens-apontadas-como-x-9-sao-torturadas-no-pi\/#primaryimage"},"image":{"@id":"https:\/\/portalnpm.com\/index.php\/2019\/05\/14\/jovens-apontadas-como-x-9-sao-torturadas-no-pi\/#primaryimage"},"thumbnailUrl":"","datePublished":"2019-05-14T13:22:46+00:00","dateModified":"2019-05-14T13:22:46+00:00","author":{"@id":"https:\/\/portalnpm.com\/#\/schema\/person\/35cb55186eae3f074b6783da6d35591e"},"breadcrumb":{"@id":"https:\/\/portalnpm.com\/index.php\/2019\/05\/14\/jovens-apontadas-como-x-9-sao-torturadas-no-pi\/#breadcrumb"},"inLanguage":"pt-BR","potentialAction":[{"@type":"ReadAction","target":["https:\/\/portalnpm.com\/index.php\/2019\/05\/14\/jovens-apontadas-como-x-9-sao-torturadas-no-pi\/"]}]},{"@type":"ImageObject","inLanguage":"pt-BR","@id":"https:\/\/portalnpm.com\/index.php\/2019\/05\/14\/jovens-apontadas-como-x-9-sao-torturadas-no-pi\/#primaryimage","url":"","contentUrl":""},{"@type":"BreadcrumbList","@id":"https:\/\/portalnpm.com\/index.php\/2019\/05\/14\/jovens-apontadas-como-x-9-sao-torturadas-no-pi\/#breadcrumb","itemListElement":[{"@type":"ListItem","position":1,"name":"In\u00edcio","item":"https:\/\/portalnpm.com\/"},{"@type":"ListItem","position":2,"name":"Jovens apontadas como \u201cX-9\u201d s\u00e3o torturadas no PI"}]},{"@type":"WebSite","@id":"https:\/\/portalnpm.com\/#website","url":"https:\/\/portalnpm.com\/","name":"Portal NPM","description":"Not\u00edcias em Primeira M\u00e3o","potentialAction":[{"@type":"SearchAction","target":{"@type":"EntryPoint","urlTemplate":"https:\/\/portalnpm.com\/?s={search_term_string}"},"query-input":"required name=search_term_string"}],"inLanguage":"pt-BR"},{"@type":"Person","@id":"https:\/\/portalnpm.com\/#\/schema\/person\/35cb55186eae3f074b6783da6d35591e","name":"Zenilton Lima","image":{"@type":"ImageObject","inLanguage":"pt-BR","@id":"https:\/\/portalnpm.com\/#\/schema\/person\/image\/","url":"https:\/\/portalnpm.com\/wp-content\/uploads\/2024\/12\/avatar_user_8_1733658137-96x96.jpeg","contentUrl":"https:\/\/portalnpm.com\/wp-content\/uploads\/2024\/12\/avatar_user_8_1733658137-96x96.jpeg","caption":"Zenilton Lima"},"url":"https:\/\/portalnpm.com\/index.php\/author\/zenilton\/"}]}},"jetpack_sharing_enabled":true,"jetpack_featured_media_url":"","_links":{"self":[{"href":"https:\/\/portalnpm.com\/index.php\/wp-json\/wp\/v2\/posts\/8279"}],"collection":[{"href":"https:\/\/portalnpm.com\/index.php\/wp-json\/wp\/v2\/posts"}],"about":[{"href":"https:\/\/portalnpm.com\/index.php\/wp-json\/wp\/v2\/types\/post"}],"author":[{"embeddable":true,"href":"https:\/\/portalnpm.com\/index.php\/wp-json\/wp\/v2\/users\/8"}],"replies":[{"embeddable":true,"href":"https:\/\/portalnpm.com\/index.php\/wp-json\/wp\/v2\/comments?post=8279"}],"version-history":[{"count":0,"href":"https:\/\/portalnpm.com\/index.php\/wp-json\/wp\/v2\/posts\/8279\/revisions"}],"wp:featuredmedia":[{"embeddable":true,"href":"https:\/\/portalnpm.com\/index.php\/wp-json\/"}],"wp:attachment":[{"href":"https:\/\/portalnpm.com\/index.php\/wp-json\/wp\/v2\/media?parent=8279"}],"wp:term":[{"taxonomy":"category","embeddable":true,"href":"https:\/\/portalnpm.com\/index.php\/wp-json\/wp\/v2\/categories?post=8279"},{"taxonomy":"post_tag","embeddable":true,"href":"https:\/\/portalnpm.com\/index.php\/wp-json\/wp\/v2\/tags?post=8279"}],"curies":[{"name":"wp","href":"https:\/\/api.w.org\/{rel}","templated":true}]}}