{"id":82802,"date":"2025-01-04T22:44:27","date_gmt":"2025-01-05T01:44:27","guid":{"rendered":"https:\/\/portalnpm.com\/?p=82802"},"modified":"2025-01-04T22:44:27","modified_gmt":"2025-01-05T01:44:27","slug":"secretaria-municipal-de-cultura-de-sao-juliao-realizara-reisado-dos-magos-do-oriente-na-proxima-terca-feira-07-veja","status":"publish","type":"post","link":"https:\/\/portalnpm.com\/index.php\/2025\/01\/04\/secretaria-municipal-de-cultura-de-sao-juliao-realizara-reisado-dos-magos-do-oriente-na-proxima-terca-feira-07-veja\/","title":{"rendered":"Secretaria Municipal de Cultura de S\u00e3o Juli\u00e3o realizar\u00e1 Reisado dos Magos do Oriente na pr\u00f3xima ter\u00e7a-feira (07); veja!"},"content":{"rendered":"<p>A <strong>Secretaria Municipal de Cultura de S\u00e3o Juli\u00e3o<\/strong> &#8211; PI, juntamente com a <strong>Prefeitura Municipal<\/strong>, realizar\u00e1 na pr\u00f3xima ter\u00e7a-feira, 07\/01\/2025, o primeiro evento cultural do munic\u00edpio: <strong>Reisado<\/strong>\u00a0<strong>dos Magos do Oriente.<\/strong><\/p>\n<p><img fetchpriority=\"high\" decoding=\"async\" class=\"wp-image-82803 size-full alignleft\" src=\"https:\/\/portalnpm.com\/wp-content\/uploads\/2025\/01\/IMG-20250104-WA0669.jpg\" alt=\"\" width=\"1024\" height=\"1280\" srcset=\"https:\/\/portalnpm.com\/wp-content\/uploads\/2025\/01\/IMG-20250104-WA0669.jpg 1024w, https:\/\/portalnpm.com\/wp-content\/uploads\/2025\/01\/IMG-20250104-WA0669-240x300.jpg 240w, https:\/\/portalnpm.com\/wp-content\/uploads\/2025\/01\/IMG-20250104-WA0669-819x1024.jpg 819w, https:\/\/portalnpm.com\/wp-content\/uploads\/2025\/01\/IMG-20250104-WA0669-768x960.jpg 768w\" sizes=\"(max-width: 1024px) 100vw, 1024px\" \/><\/p>\n<p>Conforme a secret\u00e1ria B\u00e1rbara Fernanda, o evento ser\u00e1 inesquec\u00edvel, pois marca o retorno e resgate da nossa cultura, algo que n\u00e3o teve nas duas \u00faltimas gest\u00f5es passadas.<\/p>\n<p>O evento cultural ser\u00e1 realizado a partir das 19h, no \u00c1trio da Igreja Matriz, em S\u00e3o Juli\u00e3o.<\/p>\n<p>A gest\u00e3o<strong> &#8220;S\u00e3o Juli\u00e3o Para Todos&#8221;<\/strong>, do prefeito Renaldinho e do vice-prefeito Jos\u00e9 Neci iniciou o ano com muito trabalho em prol do desenvolvimento do munic\u00edpio.<\/p>\n","protected":false},"excerpt":{"rendered":"<p>A Secretaria Municipal de Cultura de S\u00e3o Juli\u00e3o &#8211; PI, juntamente com a Prefeitura Municipal, realizar\u00e1 na pr\u00f3xima ter\u00e7a-feira, 07\/01\/2025, o primeiro evento cultural do munic\u00edpio: Reisado\u00a0dos Magos do Oriente. Conforme a secret\u00e1ria B\u00e1rbara Fernanda, o evento ser\u00e1 inesquec\u00edvel, pois marca o retorno e resgate da nossa cultura, algo que n\u00e3o teve nas duas \u00faltimas &hellip;<\/p>\n","protected":false},"author":3,"featured_media":82803,"comment_status":"open","ping_status":"open","sticky":false,"template":"","format":"standard","meta":{"content-type":"","rop_custom_images_group":[],"rop_custom_messages_group":[],"rop_publish_now":"yes","rop_publish_now_accounts":{"facebook_2648258775420054_1618374048415101":""},"rop_publish_now_history":[],"rop_publish_now_status":"pending","footnotes":"","_jetpack_memberships_contains_paid_content":false},"categories":[113,109,3998],"tags":[2124,230,926,1197,16276,1923,911,16277,6213,3343,16275,1196,2024,4751,842],"yoast_head":"<!-- This site is optimized with the Yoast SEO plugin v22.3 - https:\/\/yoast.com\/wordpress\/plugins\/seo\/ -->\n<title>Secretaria Municipal de Cultura de S\u00e3o Juli\u00e3o realizar\u00e1 Reisado dos Magos do Oriente na pr\u00f3xima ter\u00e7a-feira (07); veja! - Portal NPM<\/title>\n<meta name=\"robots\" content=\"index, follow, max-snippet:-1, max-image-preview:large, max-video-preview:-1\" \/>\n<link rel=\"canonical\" href=\"https:\/\/portalnpm.com\/index.php\/2025\/01\/04\/secretaria-municipal-de-cultura-de-sao-juliao-realizara-reisado-dos-magos-do-oriente-na-proxima-terca-feira-07-veja\/\" \/>\n<meta property=\"og:locale\" content=\"pt_BR\" \/>\n<meta property=\"og:type\" content=\"article\" \/>\n<meta property=\"og:title\" content=\"Secretaria Municipal de Cultura de S\u00e3o Juli\u00e3o realizar\u00e1 Reisado dos Magos do Oriente na pr\u00f3xima ter\u00e7a-feira (07); veja! - Portal NPM\" \/>\n<meta property=\"og:description\" content=\"A Secretaria Municipal de Cultura de S\u00e3o Juli\u00e3o &#8211; PI, juntamente com a Prefeitura Municipal, realizar\u00e1 na pr\u00f3xima ter\u00e7a-feira, 07\/01\/2025, o primeiro evento cultural do munic\u00edpio: Reisado\u00a0dos Magos do Oriente. Conforme a secret\u00e1ria B\u00e1rbara Fernanda, o evento ser\u00e1 inesquec\u00edvel, pois marca o retorno e resgate da nossa cultura, algo que n\u00e3o teve nas duas \u00faltimas &hellip;\" \/>\n<meta property=\"og:url\" content=\"https:\/\/portalnpm.com\/index.php\/2025\/01\/04\/secretaria-municipal-de-cultura-de-sao-juliao-realizara-reisado-dos-magos-do-oriente-na-proxima-terca-feira-07-veja\/\" \/>\n<meta property=\"og:site_name\" content=\"Portal NPM\" \/>\n<meta property=\"article:published_time\" content=\"2025-01-05T01:44:27+00:00\" \/>\n<meta property=\"og:image\" content=\"https:\/\/portalnpm.com\/wp-content\/uploads\/2025\/01\/IMG-20250104-WA0669.jpg\" \/>\n\t<meta property=\"og:image:width\" content=\"1024\" \/>\n\t<meta property=\"og:image:height\" content=\"1280\" \/>\n\t<meta property=\"og:image:type\" content=\"image\/jpeg\" \/>\n<meta name=\"author\" content=\"Luis Alberto\" \/>\n<meta name=\"twitter:card\" content=\"summary_large_image\" \/>\n<meta name=\"twitter:label1\" content=\"Escrito por\" \/>\n\t<meta name=\"twitter:data1\" content=\"Luis Alberto\" \/>\n\t<meta name=\"twitter:label2\" content=\"Est. tempo de leitura\" \/>\n\t<meta name=\"twitter:data2\" content=\"1 minuto\" \/>\n<script type=\"application\/ld+json\" class=\"yoast-schema-graph\">{\"@context\":\"https:\/\/schema.org\",\"@graph\":[{\"@type\":\"WebPage\",\"@id\":\"https:\/\/portalnpm.com\/index.php\/2025\/01\/04\/secretaria-municipal-de-cultura-de-sao-juliao-realizara-reisado-dos-magos-do-oriente-na-proxima-terca-feira-07-veja\/\",\"url\":\"https:\/\/portalnpm.com\/index.php\/2025\/01\/04\/secretaria-municipal-de-cultura-de-sao-juliao-realizara-reisado-dos-magos-do-oriente-na-proxima-terca-feira-07-veja\/\",\"name\":\"Secretaria Municipal de Cultura de S\u00e3o Juli\u00e3o realizar\u00e1 Reisado dos Magos do Oriente na pr\u00f3xima ter\u00e7a-feira (07); veja! - Portal NPM\",\"isPartOf\":{\"@id\":\"https:\/\/portalnpm.com\/#website\"},\"primaryImageOfPage\":{\"@id\":\"https:\/\/portalnpm.com\/index.php\/2025\/01\/04\/secretaria-municipal-de-cultura-de-sao-juliao-realizara-reisado-dos-magos-do-oriente-na-proxima-terca-feira-07-veja\/#primaryimage\"},\"image\":{\"@id\":\"https:\/\/portalnpm.com\/index.php\/2025\/01\/04\/secretaria-municipal-de-cultura-de-sao-juliao-realizara-reisado-dos-magos-do-oriente-na-proxima-terca-feira-07-veja\/#primaryimage\"},\"thumbnailUrl\":\"https:\/\/portalnpm.com\/wp-content\/uploads\/2025\/01\/IMG-20250104-WA0669.jpg\",\"datePublished\":\"2025-01-05T01:44:27+00:00\",\"dateModified\":\"2025-01-05T01:44:27+00:00\",\"author\":{\"@id\":\"https:\/\/portalnpm.com\/#\/schema\/person\/5c8006acdf71774cd4e7a5ab98482152\"},\"breadcrumb\":{\"@id\":\"https:\/\/portalnpm.com\/index.php\/2025\/01\/04\/secretaria-municipal-de-cultura-de-sao-juliao-realizara-reisado-dos-magos-do-oriente-na-proxima-terca-feira-07-veja\/#breadcrumb\"},\"inLanguage\":\"pt-BR\",\"potentialAction\":[{\"@type\":\"ReadAction\",\"target\":[\"https:\/\/portalnpm.com\/index.php\/2025\/01\/04\/secretaria-municipal-de-cultura-de-sao-juliao-realizara-reisado-dos-magos-do-oriente-na-proxima-terca-feira-07-veja\/\"]}]},{\"@type\":\"ImageObject\",\"inLanguage\":\"pt-BR\",\"@id\":\"https:\/\/portalnpm.com\/index.php\/2025\/01\/04\/secretaria-municipal-de-cultura-de-sao-juliao-realizara-reisado-dos-magos-do-oriente-na-proxima-terca-feira-07-veja\/#primaryimage\",\"url\":\"https:\/\/portalnpm.com\/wp-content\/uploads\/2025\/01\/IMG-20250104-WA0669.jpg\",\"contentUrl\":\"https:\/\/portalnpm.com\/wp-content\/uploads\/2025\/01\/IMG-20250104-WA0669.jpg\",\"width\":1024,\"height\":1280},{\"@type\":\"BreadcrumbList\",\"@id\":\"https:\/\/portalnpm.com\/index.php\/2025\/01\/04\/secretaria-municipal-de-cultura-de-sao-juliao-realizara-reisado-dos-magos-do-oriente-na-proxima-terca-feira-07-veja\/#breadcrumb\",\"itemListElement\":[{\"@type\":\"ListItem\",\"position\":1,\"name\":\"In\u00edcio\",\"item\":\"https:\/\/portalnpm.com\/\"},{\"@type\":\"ListItem\",\"position\":2,\"name\":\"Secretaria Municipal de Cultura de S\u00e3o Juli\u00e3o realizar\u00e1 Reisado dos Magos do Oriente na pr\u00f3xima ter\u00e7a-feira (07); veja!\"}]},{\"@type\":\"WebSite\",\"@id\":\"https:\/\/portalnpm.com\/#website\",\"url\":\"https:\/\/portalnpm.com\/\",\"name\":\"Portal NPM\",\"description\":\"Not\u00edcias em Primeira M\u00e3o\",\"potentialAction\":[{\"@type\":\"SearchAction\",\"target\":{\"@type\":\"EntryPoint\",\"urlTemplate\":\"https:\/\/portalnpm.com\/?s={search_term_string}\"},\"query-input\":\"required name=search_term_string\"}],\"inLanguage\":\"pt-BR\"},{\"@type\":\"Person\",\"@id\":\"https:\/\/portalnpm.com\/#\/schema\/person\/5c8006acdf71774cd4e7a5ab98482152\",\"name\":\"Luis Alberto\",\"image\":{\"@type\":\"ImageObject\",\"inLanguage\":\"pt-BR\",\"@id\":\"https:\/\/portalnpm.com\/#\/schema\/person\/image\/\",\"url\":\"https:\/\/portalnpm.com\/wp-content\/uploads\/2024\/12\/avatar_user_3_1734699769-96x96.jpeg\",\"contentUrl\":\"https:\/\/portalnpm.com\/wp-content\/uploads\/2024\/12\/avatar_user_3_1734699769-96x96.jpeg\",\"caption\":\"Luis Alberto\"},\"description\":\"Editor-geral do Portal NPM, \u00e9 formado como T\u00e9cnico em Seguran\u00e7a do Trabalho pela Escola Metropolitana de Cursos T\u00e9cnicos. Det\u00e9m ainda licenciatura em Educa\u00e7\u00e3o F\u00edsica e bacharelado em Ci\u00eancias Pol\u00edticas, ambos obtidos pela institui\u00e7\u00e3o Anhanguera\/UNOPAR.\",\"url\":\"https:\/\/portalnpm.com\/index.php\/author\/pereira\/\"}]}<\/script>\n<!-- \/ Yoast SEO plugin. -->","yoast_head_json":{"title":"Secretaria Municipal de Cultura de S\u00e3o Juli\u00e3o realizar\u00e1 Reisado dos Magos do Oriente na pr\u00f3xima ter\u00e7a-feira (07); veja! - Portal NPM","robots":{"index":"index","follow":"follow","max-snippet":"max-snippet:-1","max-image-preview":"max-image-preview:large","max-video-preview":"max-video-preview:-1"},"canonical":"https:\/\/portalnpm.com\/index.php\/2025\/01\/04\/secretaria-municipal-de-cultura-de-sao-juliao-realizara-reisado-dos-magos-do-oriente-na-proxima-terca-feira-07-veja\/","og_locale":"pt_BR","og_type":"article","og_title":"Secretaria Municipal de Cultura de S\u00e3o Juli\u00e3o realizar\u00e1 Reisado dos Magos do Oriente na pr\u00f3xima ter\u00e7a-feira (07); veja! - Portal NPM","og_description":"A Secretaria Municipal de Cultura de S\u00e3o Juli\u00e3o &#8211; PI, juntamente com a Prefeitura Municipal, realizar\u00e1 na pr\u00f3xima ter\u00e7a-feira, 07\/01\/2025, o primeiro evento cultural do munic\u00edpio: Reisado\u00a0dos Magos do Oriente. Conforme a secret\u00e1ria B\u00e1rbara Fernanda, o evento ser\u00e1 inesquec\u00edvel, pois marca o retorno e resgate da nossa cultura, algo que n\u00e3o teve nas duas \u00faltimas &hellip;","og_url":"https:\/\/portalnpm.com\/index.php\/2025\/01\/04\/secretaria-municipal-de-cultura-de-sao-juliao-realizara-reisado-dos-magos-do-oriente-na-proxima-terca-feira-07-veja\/","og_site_name":"Portal NPM","article_published_time":"2025-01-05T01:44:27+00:00","og_image":[{"width":1024,"height":1280,"url":"https:\/\/portalnpm.com\/wp-content\/uploads\/2025\/01\/IMG-20250104-WA0669.jpg","type":"image\/jpeg"}],"author":"Luis Alberto","twitter_card":"summary_large_image","twitter_misc":{"Escrito por":"Luis Alberto","Est. tempo de leitura":"1 minuto"},"schema":{"@context":"https:\/\/schema.org","@graph":[{"@type":"WebPage","@id":"https:\/\/portalnpm.com\/index.php\/2025\/01\/04\/secretaria-municipal-de-cultura-de-sao-juliao-realizara-reisado-dos-magos-do-oriente-na-proxima-terca-feira-07-veja\/","url":"https:\/\/portalnpm.com\/index.php\/2025\/01\/04\/secretaria-municipal-de-cultura-de-sao-juliao-realizara-reisado-dos-magos-do-oriente-na-proxima-terca-feira-07-veja\/","name":"Secretaria Municipal de Cultura de S\u00e3o Juli\u00e3o realizar\u00e1 Reisado dos Magos do Oriente na pr\u00f3xima ter\u00e7a-feira (07); veja! - Portal NPM","isPartOf":{"@id":"https:\/\/portalnpm.com\/#website"},"primaryImageOfPage":{"@id":"https:\/\/portalnpm.com\/index.php\/2025\/01\/04\/secretaria-municipal-de-cultura-de-sao-juliao-realizara-reisado-dos-magos-do-oriente-na-proxima-terca-feira-07-veja\/#primaryimage"},"image":{"@id":"https:\/\/portalnpm.com\/index.php\/2025\/01\/04\/secretaria-municipal-de-cultura-de-sao-juliao-realizara-reisado-dos-magos-do-oriente-na-proxima-terca-feira-07-veja\/#primaryimage"},"thumbnailUrl":"https:\/\/portalnpm.com\/wp-content\/uploads\/2025\/01\/IMG-20250104-WA0669.jpg","datePublished":"2025-01-05T01:44:27+00:00","dateModified":"2025-01-05T01:44:27+00:00","author":{"@id":"https:\/\/portalnpm.com\/#\/schema\/person\/5c8006acdf71774cd4e7a5ab98482152"},"breadcrumb":{"@id":"https:\/\/portalnpm.com\/index.php\/2025\/01\/04\/secretaria-municipal-de-cultura-de-sao-juliao-realizara-reisado-dos-magos-do-oriente-na-proxima-terca-feira-07-veja\/#breadcrumb"},"inLanguage":"pt-BR","potentialAction":[{"@type":"ReadAction","target":["https:\/\/portalnpm.com\/index.php\/2025\/01\/04\/secretaria-municipal-de-cultura-de-sao-juliao-realizara-reisado-dos-magos-do-oriente-na-proxima-terca-feira-07-veja\/"]}]},{"@type":"ImageObject","inLanguage":"pt-BR","@id":"https:\/\/portalnpm.com\/index.php\/2025\/01\/04\/secretaria-municipal-de-cultura-de-sao-juliao-realizara-reisado-dos-magos-do-oriente-na-proxima-terca-feira-07-veja\/#primaryimage","url":"https:\/\/portalnpm.com\/wp-content\/uploads\/2025\/01\/IMG-20250104-WA0669.jpg","contentUrl":"https:\/\/portalnpm.com\/wp-content\/uploads\/2025\/01\/IMG-20250104-WA0669.jpg","width":1024,"height":1280},{"@type":"BreadcrumbList","@id":"https:\/\/portalnpm.com\/index.php\/2025\/01\/04\/secretaria-municipal-de-cultura-de-sao-juliao-realizara-reisado-dos-magos-do-oriente-na-proxima-terca-feira-07-veja\/#breadcrumb","itemListElement":[{"@type":"ListItem","position":1,"name":"In\u00edcio","item":"https:\/\/portalnpm.com\/"},{"@type":"ListItem","position":2,"name":"Secretaria Municipal de Cultura de S\u00e3o Juli\u00e3o realizar\u00e1 Reisado dos Magos do Oriente na pr\u00f3xima ter\u00e7a-feira (07); veja!"}]},{"@type":"WebSite","@id":"https:\/\/portalnpm.com\/#website","url":"https:\/\/portalnpm.com\/","name":"Portal NPM","description":"Not\u00edcias em Primeira M\u00e3o","potentialAction":[{"@type":"SearchAction","target":{"@type":"EntryPoint","urlTemplate":"https:\/\/portalnpm.com\/?s={search_term_string}"},"query-input":"required name=search_term_string"}],"inLanguage":"pt-BR"},{"@type":"Person","@id":"https:\/\/portalnpm.com\/#\/schema\/person\/5c8006acdf71774cd4e7a5ab98482152","name":"Luis Alberto","image":{"@type":"ImageObject","inLanguage":"pt-BR","@id":"https:\/\/portalnpm.com\/#\/schema\/person\/image\/","url":"https:\/\/portalnpm.com\/wp-content\/uploads\/2024\/12\/avatar_user_3_1734699769-96x96.jpeg","contentUrl":"https:\/\/portalnpm.com\/wp-content\/uploads\/2024\/12\/avatar_user_3_1734699769-96x96.jpeg","caption":"Luis Alberto"},"description":"Editor-geral do Portal NPM, \u00e9 formado como T\u00e9cnico em Seguran\u00e7a do Trabalho pela Escola Metropolitana de Cursos T\u00e9cnicos. Det\u00e9m ainda licenciatura em Educa\u00e7\u00e3o F\u00edsica e bacharelado em Ci\u00eancias Pol\u00edticas, ambos obtidos pela institui\u00e7\u00e3o Anhanguera\/UNOPAR.","url":"https:\/\/portalnpm.com\/index.php\/author\/pereira\/"}]}},"jetpack_sharing_enabled":true,"jetpack_featured_media_url":"https:\/\/portalnpm.com\/wp-content\/uploads\/2025\/01\/IMG-20250104-WA0669.jpg","_links":{"self":[{"href":"https:\/\/portalnpm.com\/index.php\/wp-json\/wp\/v2\/posts\/82802"}],"collection":[{"href":"https:\/\/portalnpm.com\/index.php\/wp-json\/wp\/v2\/posts"}],"about":[{"href":"https:\/\/portalnpm.com\/index.php\/wp-json\/wp\/v2\/types\/post"}],"author":[{"embeddable":true,"href":"https:\/\/portalnpm.com\/index.php\/wp-json\/wp\/v2\/users\/3"}],"replies":[{"embeddable":true,"href":"https:\/\/portalnpm.com\/index.php\/wp-json\/wp\/v2\/comments?post=82802"}],"version-history":[{"count":2,"href":"https:\/\/portalnpm.com\/index.php\/wp-json\/wp\/v2\/posts\/82802\/revisions"}],"predecessor-version":[{"id":82805,"href":"https:\/\/portalnpm.com\/index.php\/wp-json\/wp\/v2\/posts\/82802\/revisions\/82805"}],"wp:featuredmedia":[{"embeddable":true,"href":"https:\/\/portalnpm.com\/index.php\/wp-json\/wp\/v2\/media\/82803"}],"wp:attachment":[{"href":"https:\/\/portalnpm.com\/index.php\/wp-json\/wp\/v2\/media?parent=82802"}],"wp:term":[{"taxonomy":"category","embeddable":true,"href":"https:\/\/portalnpm.com\/index.php\/wp-json\/wp\/v2\/categories?post=82802"},{"taxonomy":"post_tag","embeddable":true,"href":"https:\/\/portalnpm.com\/index.php\/wp-json\/wp\/v2\/tags?post=82802"}],"curies":[{"name":"wp","href":"https:\/\/api.w.org\/{rel}","templated":true}]}}