{"id":82812,"date":"2025-01-05T10:26:50","date_gmt":"2025-01-05T13:26:50","guid":{"rendered":"https:\/\/portalnpm.com\/?p=82812"},"modified":"2025-01-05T10:28:38","modified_gmt":"2025-01-05T13:28:38","slug":"homem-e-morto-a-pedradas-enquanto-dormia-em-calcada-de-supermercado-no-piaui","status":"publish","type":"post","link":"https:\/\/portalnpm.com\/index.php\/2025\/01\/05\/homem-e-morto-a-pedradas-enquanto-dormia-em-calcada-de-supermercado-no-piaui\/","title":{"rendered":"Homem \u00e9 morto a pedradas enquanto dormia em cal\u00e7ada de supermercado no Piau\u00ed"},"content":{"rendered":"<p>O corpo de um homem, identificado como Gildevan, de 46 anos, foi encontrado na \u00faltima sexta-feira (03) na cal\u00e7ada de um mercado no munic\u00edpio de S\u00e3o Jo\u00e3o do Piau\u00ed.<\/p>\n<p>De acordo com a Pol\u00edcia Militar, que atendeu a ocorr\u00eancia,<strong>\u00a0a principal suspeita \u00e9 que o homem tenha sido morto a pedradas<\/strong>. No entanto, n\u00e3o foi encontrado, no local do crime, nenhuma pedra ou objeto que pudesse ter sido utilizada no assassinato.<\/p>\n<p>&#8220;N\u00e3o foi encontrado nenhum objeto. Diante disso, pela gente e pela equipe da pol\u00edcia civil, a gente ficou nessa d\u00favida ainda e a civil ficou respons\u00e1vel pelas investiga\u00e7\u00f5es&#8221;.<\/p>\n<p>Segundo o soldado Santana, da Pol\u00edcia Militar, <strong>a pol\u00edcia civil informou que j\u00e1 teria identificado e efetuado a pris\u00e3o de um suspeito de cometer o crime<\/strong>, mas a sua identidade n\u00e3o foi divulgada.<\/p>\n<p><strong>Fonte<\/strong>: Meio Norte<\/p>\n","protected":false},"excerpt":{"rendered":"<p>O corpo de um homem, identificado como Gildevan, de 46 anos, foi encontrado na \u00faltima sexta-feira (03) na cal\u00e7ada de um mercado no munic\u00edpio de S\u00e3o Jo\u00e3o do Piau\u00ed. De acordo com a Pol\u00edcia Militar, que atendeu a ocorr\u00eancia,\u00a0a principal suspeita \u00e9 que o homem tenha sido morto a pedradas. No entanto, n\u00e3o foi encontrado, &hellip;<\/p>\n","protected":false},"author":8,"featured_media":82813,"comment_status":"open","ping_status":"open","sticky":false,"template":"","format":"standard","meta":{"content-type":"","rop_custom_images_group":[],"rop_custom_messages_group":[],"rop_publish_now":"yes","rop_publish_now_accounts":{"facebook_2648258775420054_1618374048415101":""},"rop_publish_now_history":[],"rop_publish_now_status":"pending","footnotes":"","_jetpack_memberships_contains_paid_content":false},"categories":[188],"tags":[3358,230,16279,925,855,2188,459,460,5190,187,3121],"yoast_head":"<!-- This site is optimized with the Yoast SEO plugin v22.3 - https:\/\/yoast.com\/wordpress\/plugins\/seo\/ -->\n<title>Homem \u00e9 morto a pedradas enquanto dormia em cal\u00e7ada de supermercado no Piau\u00ed - Portal NPM<\/title>\n<meta name=\"robots\" content=\"index, follow, max-snippet:-1, max-image-preview:large, max-video-preview:-1\" \/>\n<link rel=\"canonical\" href=\"https:\/\/portalnpm.com\/index.php\/2025\/01\/05\/homem-e-morto-a-pedradas-enquanto-dormia-em-calcada-de-supermercado-no-piaui\/\" \/>\n<meta property=\"og:locale\" content=\"pt_BR\" \/>\n<meta property=\"og:type\" content=\"article\" \/>\n<meta property=\"og:title\" content=\"Homem \u00e9 morto a pedradas enquanto dormia em cal\u00e7ada de supermercado no Piau\u00ed - Portal NPM\" \/>\n<meta property=\"og:description\" content=\"O corpo de um homem, identificado como Gildevan, de 46 anos, foi encontrado na \u00faltima sexta-feira (03) na cal\u00e7ada de um mercado no munic\u00edpio de S\u00e3o Jo\u00e3o do Piau\u00ed. De acordo com a Pol\u00edcia Militar, que atendeu a ocorr\u00eancia,\u00a0a principal suspeita \u00e9 que o homem tenha sido morto a pedradas. No entanto, n\u00e3o foi encontrado, &hellip;\" \/>\n<meta property=\"og:url\" content=\"https:\/\/portalnpm.com\/index.php\/2025\/01\/05\/homem-e-morto-a-pedradas-enquanto-dormia-em-calcada-de-supermercado-no-piaui\/\" \/>\n<meta property=\"og:site_name\" content=\"Portal NPM\" \/>\n<meta property=\"article:published_time\" content=\"2025-01-05T13:26:50+00:00\" \/>\n<meta property=\"article:modified_time\" content=\"2025-01-05T13:28:38+00:00\" \/>\n<meta property=\"og:image\" content=\"https:\/\/portalnpm.com\/wp-content\/uploads\/2025\/01\/IMG_5970.webp\" \/>\n\t<meta property=\"og:image:width\" content=\"1170\" \/>\n\t<meta property=\"og:image:height\" content=\"895\" \/>\n\t<meta property=\"og:image:type\" content=\"image\/webp\" \/>\n<meta name=\"author\" content=\"Zenilton Lima\" \/>\n<meta name=\"twitter:card\" content=\"summary_large_image\" \/>\n<meta name=\"twitter:label1\" content=\"Escrito por\" \/>\n\t<meta name=\"twitter:data1\" content=\"Zenilton Lima\" \/>\n\t<meta name=\"twitter:label2\" content=\"Est. tempo de leitura\" \/>\n\t<meta name=\"twitter:data2\" content=\"1 minuto\" \/>\n<script type=\"application\/ld+json\" class=\"yoast-schema-graph\">{\"@context\":\"https:\/\/schema.org\",\"@graph\":[{\"@type\":\"WebPage\",\"@id\":\"https:\/\/portalnpm.com\/index.php\/2025\/01\/05\/homem-e-morto-a-pedradas-enquanto-dormia-em-calcada-de-supermercado-no-piaui\/\",\"url\":\"https:\/\/portalnpm.com\/index.php\/2025\/01\/05\/homem-e-morto-a-pedradas-enquanto-dormia-em-calcada-de-supermercado-no-piaui\/\",\"name\":\"Homem \u00e9 morto a pedradas enquanto dormia em cal\u00e7ada de supermercado no Piau\u00ed - Portal NPM\",\"isPartOf\":{\"@id\":\"https:\/\/portalnpm.com\/#website\"},\"primaryImageOfPage\":{\"@id\":\"https:\/\/portalnpm.com\/index.php\/2025\/01\/05\/homem-e-morto-a-pedradas-enquanto-dormia-em-calcada-de-supermercado-no-piaui\/#primaryimage\"},\"image\":{\"@id\":\"https:\/\/portalnpm.com\/index.php\/2025\/01\/05\/homem-e-morto-a-pedradas-enquanto-dormia-em-calcada-de-supermercado-no-piaui\/#primaryimage\"},\"thumbnailUrl\":\"https:\/\/portalnpm.com\/wp-content\/uploads\/2025\/01\/IMG_5970.webp\",\"datePublished\":\"2025-01-05T13:26:50+00:00\",\"dateModified\":\"2025-01-05T13:28:38+00:00\",\"author\":{\"@id\":\"https:\/\/portalnpm.com\/#\/schema\/person\/35cb55186eae3f074b6783da6d35591e\"},\"breadcrumb\":{\"@id\":\"https:\/\/portalnpm.com\/index.php\/2025\/01\/05\/homem-e-morto-a-pedradas-enquanto-dormia-em-calcada-de-supermercado-no-piaui\/#breadcrumb\"},\"inLanguage\":\"pt-BR\",\"potentialAction\":[{\"@type\":\"ReadAction\",\"target\":[\"https:\/\/portalnpm.com\/index.php\/2025\/01\/05\/homem-e-morto-a-pedradas-enquanto-dormia-em-calcada-de-supermercado-no-piaui\/\"]}]},{\"@type\":\"ImageObject\",\"inLanguage\":\"pt-BR\",\"@id\":\"https:\/\/portalnpm.com\/index.php\/2025\/01\/05\/homem-e-morto-a-pedradas-enquanto-dormia-em-calcada-de-supermercado-no-piaui\/#primaryimage\",\"url\":\"https:\/\/portalnpm.com\/wp-content\/uploads\/2025\/01\/IMG_5970.webp\",\"contentUrl\":\"https:\/\/portalnpm.com\/wp-content\/uploads\/2025\/01\/IMG_5970.webp\",\"width\":1170,\"height\":895,\"caption\":\"Cena do crime | Reprodu\u00e7\u00e3o\"},{\"@type\":\"BreadcrumbList\",\"@id\":\"https:\/\/portalnpm.com\/index.php\/2025\/01\/05\/homem-e-morto-a-pedradas-enquanto-dormia-em-calcada-de-supermercado-no-piaui\/#breadcrumb\",\"itemListElement\":[{\"@type\":\"ListItem\",\"position\":1,\"name\":\"In\u00edcio\",\"item\":\"https:\/\/portalnpm.com\/\"},{\"@type\":\"ListItem\",\"position\":2,\"name\":\"Homem \u00e9 morto a pedradas enquanto dormia em cal\u00e7ada de supermercado no Piau\u00ed\"}]},{\"@type\":\"WebSite\",\"@id\":\"https:\/\/portalnpm.com\/#website\",\"url\":\"https:\/\/portalnpm.com\/\",\"name\":\"Portal NPM\",\"description\":\"Not\u00edcias em Primeira M\u00e3o\",\"potentialAction\":[{\"@type\":\"SearchAction\",\"target\":{\"@type\":\"EntryPoint\",\"urlTemplate\":\"https:\/\/portalnpm.com\/?s={search_term_string}\"},\"query-input\":\"required name=search_term_string\"}],\"inLanguage\":\"pt-BR\"},{\"@type\":\"Person\",\"@id\":\"https:\/\/portalnpm.com\/#\/schema\/person\/35cb55186eae3f074b6783da6d35591e\",\"name\":\"Zenilton Lima\",\"image\":{\"@type\":\"ImageObject\",\"inLanguage\":\"pt-BR\",\"@id\":\"https:\/\/portalnpm.com\/#\/schema\/person\/image\/\",\"url\":\"https:\/\/portalnpm.com\/wp-content\/uploads\/2024\/12\/avatar_user_8_1733658137-96x96.jpeg\",\"contentUrl\":\"https:\/\/portalnpm.com\/wp-content\/uploads\/2024\/12\/avatar_user_8_1733658137-96x96.jpeg\",\"caption\":\"Zenilton Lima\"},\"url\":\"https:\/\/portalnpm.com\/index.php\/author\/zenilton\/\"}]}<\/script>\n<!-- \/ Yoast SEO plugin. -->","yoast_head_json":{"title":"Homem \u00e9 morto a pedradas enquanto dormia em cal\u00e7ada de supermercado no Piau\u00ed - Portal NPM","robots":{"index":"index","follow":"follow","max-snippet":"max-snippet:-1","max-image-preview":"max-image-preview:large","max-video-preview":"max-video-preview:-1"},"canonical":"https:\/\/portalnpm.com\/index.php\/2025\/01\/05\/homem-e-morto-a-pedradas-enquanto-dormia-em-calcada-de-supermercado-no-piaui\/","og_locale":"pt_BR","og_type":"article","og_title":"Homem \u00e9 morto a pedradas enquanto dormia em cal\u00e7ada de supermercado no Piau\u00ed - Portal NPM","og_description":"O corpo de um homem, identificado como Gildevan, de 46 anos, foi encontrado na \u00faltima sexta-feira (03) na cal\u00e7ada de um mercado no munic\u00edpio de S\u00e3o Jo\u00e3o do Piau\u00ed. De acordo com a Pol\u00edcia Militar, que atendeu a ocorr\u00eancia,\u00a0a principal suspeita \u00e9 que o homem tenha sido morto a pedradas. No entanto, n\u00e3o foi encontrado, &hellip;","og_url":"https:\/\/portalnpm.com\/index.php\/2025\/01\/05\/homem-e-morto-a-pedradas-enquanto-dormia-em-calcada-de-supermercado-no-piaui\/","og_site_name":"Portal NPM","article_published_time":"2025-01-05T13:26:50+00:00","article_modified_time":"2025-01-05T13:28:38+00:00","og_image":[{"width":1170,"height":895,"url":"https:\/\/portalnpm.com\/wp-content\/uploads\/2025\/01\/IMG_5970.webp","type":"image\/webp"}],"author":"Zenilton Lima","twitter_card":"summary_large_image","twitter_misc":{"Escrito por":"Zenilton Lima","Est. tempo de leitura":"1 minuto"},"schema":{"@context":"https:\/\/schema.org","@graph":[{"@type":"WebPage","@id":"https:\/\/portalnpm.com\/index.php\/2025\/01\/05\/homem-e-morto-a-pedradas-enquanto-dormia-em-calcada-de-supermercado-no-piaui\/","url":"https:\/\/portalnpm.com\/index.php\/2025\/01\/05\/homem-e-morto-a-pedradas-enquanto-dormia-em-calcada-de-supermercado-no-piaui\/","name":"Homem \u00e9 morto a pedradas enquanto dormia em cal\u00e7ada de supermercado no Piau\u00ed - Portal NPM","isPartOf":{"@id":"https:\/\/portalnpm.com\/#website"},"primaryImageOfPage":{"@id":"https:\/\/portalnpm.com\/index.php\/2025\/01\/05\/homem-e-morto-a-pedradas-enquanto-dormia-em-calcada-de-supermercado-no-piaui\/#primaryimage"},"image":{"@id":"https:\/\/portalnpm.com\/index.php\/2025\/01\/05\/homem-e-morto-a-pedradas-enquanto-dormia-em-calcada-de-supermercado-no-piaui\/#primaryimage"},"thumbnailUrl":"https:\/\/portalnpm.com\/wp-content\/uploads\/2025\/01\/IMG_5970.webp","datePublished":"2025-01-05T13:26:50+00:00","dateModified":"2025-01-05T13:28:38+00:00","author":{"@id":"https:\/\/portalnpm.com\/#\/schema\/person\/35cb55186eae3f074b6783da6d35591e"},"breadcrumb":{"@id":"https:\/\/portalnpm.com\/index.php\/2025\/01\/05\/homem-e-morto-a-pedradas-enquanto-dormia-em-calcada-de-supermercado-no-piaui\/#breadcrumb"},"inLanguage":"pt-BR","potentialAction":[{"@type":"ReadAction","target":["https:\/\/portalnpm.com\/index.php\/2025\/01\/05\/homem-e-morto-a-pedradas-enquanto-dormia-em-calcada-de-supermercado-no-piaui\/"]}]},{"@type":"ImageObject","inLanguage":"pt-BR","@id":"https:\/\/portalnpm.com\/index.php\/2025\/01\/05\/homem-e-morto-a-pedradas-enquanto-dormia-em-calcada-de-supermercado-no-piaui\/#primaryimage","url":"https:\/\/portalnpm.com\/wp-content\/uploads\/2025\/01\/IMG_5970.webp","contentUrl":"https:\/\/portalnpm.com\/wp-content\/uploads\/2025\/01\/IMG_5970.webp","width":1170,"height":895,"caption":"Cena do crime | Reprodu\u00e7\u00e3o"},{"@type":"BreadcrumbList","@id":"https:\/\/portalnpm.com\/index.php\/2025\/01\/05\/homem-e-morto-a-pedradas-enquanto-dormia-em-calcada-de-supermercado-no-piaui\/#breadcrumb","itemListElement":[{"@type":"ListItem","position":1,"name":"In\u00edcio","item":"https:\/\/portalnpm.com\/"},{"@type":"ListItem","position":2,"name":"Homem \u00e9 morto a pedradas enquanto dormia em cal\u00e7ada de supermercado no Piau\u00ed"}]},{"@type":"WebSite","@id":"https:\/\/portalnpm.com\/#website","url":"https:\/\/portalnpm.com\/","name":"Portal NPM","description":"Not\u00edcias em Primeira M\u00e3o","potentialAction":[{"@type":"SearchAction","target":{"@type":"EntryPoint","urlTemplate":"https:\/\/portalnpm.com\/?s={search_term_string}"},"query-input":"required name=search_term_string"}],"inLanguage":"pt-BR"},{"@type":"Person","@id":"https:\/\/portalnpm.com\/#\/schema\/person\/35cb55186eae3f074b6783da6d35591e","name":"Zenilton Lima","image":{"@type":"ImageObject","inLanguage":"pt-BR","@id":"https:\/\/portalnpm.com\/#\/schema\/person\/image\/","url":"https:\/\/portalnpm.com\/wp-content\/uploads\/2024\/12\/avatar_user_8_1733658137-96x96.jpeg","contentUrl":"https:\/\/portalnpm.com\/wp-content\/uploads\/2024\/12\/avatar_user_8_1733658137-96x96.jpeg","caption":"Zenilton Lima"},"url":"https:\/\/portalnpm.com\/index.php\/author\/zenilton\/"}]}},"jetpack_sharing_enabled":true,"jetpack_featured_media_url":"https:\/\/portalnpm.com\/wp-content\/uploads\/2025\/01\/IMG_5970.webp","_links":{"self":[{"href":"https:\/\/portalnpm.com\/index.php\/wp-json\/wp\/v2\/posts\/82812"}],"collection":[{"href":"https:\/\/portalnpm.com\/index.php\/wp-json\/wp\/v2\/posts"}],"about":[{"href":"https:\/\/portalnpm.com\/index.php\/wp-json\/wp\/v2\/types\/post"}],"author":[{"embeddable":true,"href":"https:\/\/portalnpm.com\/index.php\/wp-json\/wp\/v2\/users\/8"}],"replies":[{"embeddable":true,"href":"https:\/\/portalnpm.com\/index.php\/wp-json\/wp\/v2\/comments?post=82812"}],"version-history":[{"count":3,"href":"https:\/\/portalnpm.com\/index.php\/wp-json\/wp\/v2\/posts\/82812\/revisions"}],"predecessor-version":[{"id":82816,"href":"https:\/\/portalnpm.com\/index.php\/wp-json\/wp\/v2\/posts\/82812\/revisions\/82816"}],"wp:featuredmedia":[{"embeddable":true,"href":"https:\/\/portalnpm.com\/index.php\/wp-json\/wp\/v2\/media\/82813"}],"wp:attachment":[{"href":"https:\/\/portalnpm.com\/index.php\/wp-json\/wp\/v2\/media?parent=82812"}],"wp:term":[{"taxonomy":"category","embeddable":true,"href":"https:\/\/portalnpm.com\/index.php\/wp-json\/wp\/v2\/categories?post=82812"},{"taxonomy":"post_tag","embeddable":true,"href":"https:\/\/portalnpm.com\/index.php\/wp-json\/wp\/v2\/tags?post=82812"}],"curies":[{"name":"wp","href":"https:\/\/api.w.org\/{rel}","templated":true}]}}