{"id":82844,"date":"2025-01-06T10:45:06","date_gmt":"2025-01-06T13:45:06","guid":{"rendered":"https:\/\/portalnpm.com\/?p=82844"},"modified":"2025-01-06T10:45:06","modified_gmt":"2025-01-06T13:45:06","slug":"eleitores-que-nao-votaram-no-segundo-turno-tem-ate-terca-feira-para-justificar","status":"publish","type":"post","link":"https:\/\/portalnpm.com\/index.php\/2025\/01\/06\/eleitores-que-nao-votaram-no-segundo-turno-tem-ate-terca-feira-para-justificar\/","title":{"rendered":"Eleitores que n\u00e3o votaram no segundo turno t\u00eam at\u00e9 ter\u00e7a-feira para justificar"},"content":{"rendered":"<p>O eleitor que n\u00e3o compareceu ao segundo turno das elei\u00e7\u00f5es municipais de 2024 <strong>precisa justificar a aus\u00eancia at\u00e9 esta ter\u00e7a-feira (7).<\/strong> Em 27 de outubro passado, os eleitores de 51 munic\u00edpios do pa\u00eds, sendo 15 capitais, votaram nos candidatos que foram para o segundo turno.<\/p>\n<p dir=\"ltr\">A justificativa de aus\u00eancia \u00e9 necess\u00e1ria somente para quem tem a obriga\u00e7\u00e3o de votar. No Brasil, o voto \u00e9 obrigat\u00f3rio para maiores de 18 anos e facultativo para pessoas analfabetas, com idade entre 16 e 18 anos e maiores de 70 anos.<\/p>\n<p dir=\"ltr\">O prazo de 60 dias desde o segundo turno tamb\u00e9m vale para quem estava no pr\u00f3prio domic\u00edlio eleitoral e n\u00e3o votou por algum motivo justo. \u202fNesses casos, \u00e9 necess\u00e1rio anexar a documenta\u00e7\u00e3o que comprove o motivo da aus\u00eancia \u00e0 elei\u00e7\u00e3o para an\u00e1lise do juiz eleitoral respons\u00e1vel pela \u00e1rea daquele eleitor faltoso.<\/p>\n<p dir=\"ltr\">Cada turno eleitoral \u00e9 considerado uma elei\u00e7\u00e3o independente pela Justi\u00e7a Eleitoral, para efeito de comparecimento. \u00a0Por isso, o eleitor dever\u00e1 justificar separadamente o n\u00e3o comparecimento em cada um dos turnos. O prazo para justificar a falta no primeiro turno das elei\u00e7\u00f5es de 2024 sem implica\u00e7\u00e3o de multas foi encerrado em 5 de dezembro.<\/p>\n<h2 dir=\"ltr\"><strong>e-T\u00edtulo<\/strong><\/h2>\n<p dir=\"ltr\">A justificativa de falta pode ser apresentada presencialmente em um cart\u00f3rio eleitoral, pelo aplicativo e-T\u00edtulo, dispon\u00edvel para smartphones ou nos sites do Tribunal Superior Eleitoral (TSE) e dos tribunais eleitorais dos estados, os TREs.<\/p>\n<p dir=\"ltr\">Ao acessar o app, o eleitor que estiver com o t\u00edtulo eleitoral regular ou mesmo suspenso deve clicar no link \u2018Mais op\u00e7\u00f5es\u2019, selecionar o local do pedido de justificativa de aus\u00eancia e preencher o formul\u00e1rio com os dados solicitados.<\/p>\n<p dir=\"ltr\">O requerimento ser\u00e1 transmitido para a zona eleitoral respons\u00e1vel pelo documento do eleitor para an\u00e1lise. \u00a0Por meio de um protocolo gerado, o cidad\u00e3o poder\u00e1 acompanhar o andamento da solicita\u00e7\u00e3o. Ap\u00f3s a decis\u00e3o sobre a aceita\u00e7\u00e3o ou n\u00e3o da justificativa, a pessoa ser\u00e1 notificada.<\/p>\n<h2 dir=\"ltr\"><strong>Na internet<\/strong><\/h2>\n<p dir=\"ltr\">Outro modo de justificar a aus\u00eancia ao pleito \u00e9 online, no site do TSE, na p\u00e1gina eletr\u00f4nica de Autoatendimento Eleitoral. \u00c9 preciso informar os n\u00fameros do t\u00edtulo eleitoral, do Cadastro de Pessoa F\u00edsica (CPF) ou o nome, a data de nascimento e o nome da m\u00e3e (caso conste). O internauta poder\u00e1 acompanhar o andamento do pedido encaminhado \u00e0 Justi\u00e7a Eleitoral no mesmo endere\u00e7o virtual.<\/p>\n<p dir=\"ltr\">Os dados informados devem coincidir com os do cadastro eleitoral. Se o sistema n\u00e3o reconhecer os dados digitados, o eleitor dever\u00e1 entrar em contato com a zona eleitoral respons\u00e1vel pelo t\u00edtulo para esclarecimentos.<\/p>\n<h2 dir=\"ltr\"><strong>No cart\u00f3rio eleitoral<\/strong><\/h2>\n<p dir=\"ltr\">Se o eleitor preferir justificar a aus\u00eancia ao pleito presencialmente, dever\u00e1 se dirigir ao cart\u00f3rio eleitoral mais pr\u00f3ximo, preencher o formul\u00e1rio de\u202fRequerimento de Justificativa Eleitoral (p\u00f3s-elei\u00e7\u00e3o) e entreg\u00e1-lo ou envi\u00e1-lo pelo Correio \u00e0 autoridade judici\u00e1ria da zona eleitoral respons\u00e1vel pelo t\u00edtulo. Assim que for aceita, a justificativa ser\u00e1 registrada no hist\u00f3rico do t\u00edtulo de eleitor.<\/p>\n<h2 dir=\"ltr\"><strong>San\u00e7\u00f5es<\/strong><\/h2>\n<p dir=\"ltr\">A aus\u00eancia injustificada \u00e0s urnas resulta em san\u00e7\u00f5es ao eleitor que faltou \u00e0s elei\u00e7\u00f5es municipais.<\/p>\n<p dir=\"ltr\">Entre elas, est\u00e1 o pagamento da multa imposta pela Justi\u00e7a Eleitoral. A base de c\u00e1lculo para aplica\u00e7\u00e3o das multas previstas na Resolu\u00e7\u00e3o, salvo se prevista de forma diversa, ser\u00e1 R$ 35,13.<\/p>\n<p dir=\"ltr\">De acordo com a resolu\u00e7\u00e3o-TSE n\u00ba 23.659\/2021, o cidad\u00e3o que declarar estado de pobreza ficar\u00e1 isento do pagamento da multa por aus\u00eancia \u00e0s urnas.<\/p>\n<p dir=\"ltr\">Ap\u00f3s 7 de janeiro, na p\u00e1gina Quita\u00e7\u00e3o de Multas, os eleitores podem consultar seus d\u00e9bitos e emitir a Guia de Recolhimento da Uni\u00e3o (GRU) para quita\u00e7\u00e3o de multas eleitorais decorrentes de aus\u00eancia \u00e0s urnas e\/ou aos trabalhos eleitorais.<\/p>\n<p dir=\"ltr\">Al\u00e9m da multa, quem n\u00e3o compareceu \u00e0 se\u00e7\u00e3o eleitoral no segundo turno do pleito de 2024 e n\u00e3o justificou a aus\u00eancia ficar\u00e1 impedido de tirar o passaporte e a carteira de identidade, renovar matr\u00edcula em estabelecimento de ensino oficial ou fiscalizado pelo governo, inscrever-se em concurso p\u00fablico e tomar posse em cargo p\u00fablico, receber remunera\u00e7\u00e3o em fun\u00e7\u00e3o p\u00fablica, entre outras restri\u00e7\u00f5es.<\/p>\n<p dir=\"ltr\">No caso de o eleitor ter feito o pedido de justificativa de aus\u00eancia a um dos turnos da elei\u00e7\u00e3o municipal de 2024 e a motiva\u00e7\u00e3o n\u00e3o ser aceita, o juiz eleitoral ir\u00e1 arbitrar o valor da multa.<\/p>\n<p dir=\"ltr\">Se o t\u00edtulo estiver na situa\u00e7\u00e3o de &#8220;cancelado&#8221;, devido a tr\u00eas aus\u00eancias consecutivas injustificadas \u00e0s elei\u00e7\u00f5es, al\u00e9m de pagar as multas devidas, \u00e9 necess\u00e1rio solicitar uma revis\u00e3o ou uma transfer\u00eancia de domic\u00edlio para regularizar a situa\u00e7\u00e3o.<\/p>\n<p><em><strong>Fonte<\/strong>: Ag\u00eancia Brasil<\/em><\/p>\n","protected":false},"excerpt":{"rendered":"<p>O eleitor que n\u00e3o compareceu ao segundo turno das elei\u00e7\u00f5es municipais de 2024 precisa justificar a aus\u00eancia at\u00e9 esta ter\u00e7a-feira (7). Em 27 de outubro passado, os eleitores de 51 munic\u00edpios do pa\u00eds, sendo 15 capitais, votaram nos candidatos que foram para o segundo turno. A justificativa de aus\u00eancia \u00e9 necess\u00e1ria somente para quem tem &hellip;<\/p>\n","protected":false},"author":8,"featured_media":82845,"comment_status":"open","ping_status":"open","sticky":false,"template":"","format":"standard","meta":{"content-type":"","rop_custom_images_group":[],"rop_custom_messages_group":[],"rop_publish_now":"yes","rop_publish_now_accounts":{"facebook_2648258775420054_1618374048415101":""},"rop_publish_now_history":[],"rop_publish_now_status":"pending","footnotes":"","_jetpack_memberships_contains_paid_content":false},"categories":[113,125],"tags":[4465,617,13039,2183,852,1158,4215,4751,1220,11803],"yoast_head":"<!-- This site is optimized with the Yoast SEO plugin v22.3 - https:\/\/yoast.com\/wordpress\/plugins\/seo\/ -->\n<title>Eleitores que n\u00e3o votaram no segundo turno t\u00eam at\u00e9 ter\u00e7a-feira para justificar - Portal NPM<\/title>\n<meta name=\"robots\" content=\"index, follow, max-snippet:-1, max-image-preview:large, max-video-preview:-1\" \/>\n<link rel=\"canonical\" href=\"https:\/\/portalnpm.com\/index.php\/2025\/01\/06\/eleitores-que-nao-votaram-no-segundo-turno-tem-ate-terca-feira-para-justificar\/\" \/>\n<meta property=\"og:locale\" content=\"pt_BR\" \/>\n<meta property=\"og:type\" content=\"article\" \/>\n<meta property=\"og:title\" content=\"Eleitores que n\u00e3o votaram no segundo turno t\u00eam at\u00e9 ter\u00e7a-feira para justificar - Portal NPM\" \/>\n<meta property=\"og:description\" content=\"O eleitor que n\u00e3o compareceu ao segundo turno das elei\u00e7\u00f5es municipais de 2024 precisa justificar a aus\u00eancia at\u00e9 esta ter\u00e7a-feira (7). Em 27 de outubro passado, os eleitores de 51 munic\u00edpios do pa\u00eds, sendo 15 capitais, votaram nos candidatos que foram para o segundo turno. A justificativa de aus\u00eancia \u00e9 necess\u00e1ria somente para quem tem &hellip;\" \/>\n<meta property=\"og:url\" content=\"https:\/\/portalnpm.com\/index.php\/2025\/01\/06\/eleitores-que-nao-votaram-no-segundo-turno-tem-ate-terca-feira-para-justificar\/\" \/>\n<meta property=\"og:site_name\" content=\"Portal NPM\" \/>\n<meta property=\"article:published_time\" content=\"2025-01-06T13:45:06+00:00\" \/>\n<meta property=\"og:image\" content=\"https:\/\/portalnpm.com\/wp-content\/uploads\/2025\/01\/IMG_5992.jpeg\" \/>\n\t<meta property=\"og:image:width\" content=\"1170\" \/>\n\t<meta property=\"og:image:height\" content=\"700\" \/>\n\t<meta property=\"og:image:type\" content=\"image\/jpeg\" \/>\n<meta name=\"author\" content=\"Zenilton Lima\" \/>\n<meta name=\"twitter:card\" content=\"summary_large_image\" \/>\n<meta name=\"twitter:label1\" content=\"Escrito por\" \/>\n\t<meta name=\"twitter:data1\" content=\"Zenilton Lima\" \/>\n\t<meta name=\"twitter:label2\" content=\"Est. tempo de leitura\" \/>\n\t<meta name=\"twitter:data2\" content=\"5 minutos\" \/>\n<script type=\"application\/ld+json\" class=\"yoast-schema-graph\">{\"@context\":\"https:\/\/schema.org\",\"@graph\":[{\"@type\":\"WebPage\",\"@id\":\"https:\/\/portalnpm.com\/index.php\/2025\/01\/06\/eleitores-que-nao-votaram-no-segundo-turno-tem-ate-terca-feira-para-justificar\/\",\"url\":\"https:\/\/portalnpm.com\/index.php\/2025\/01\/06\/eleitores-que-nao-votaram-no-segundo-turno-tem-ate-terca-feira-para-justificar\/\",\"name\":\"Eleitores que n\u00e3o votaram no segundo turno t\u00eam at\u00e9 ter\u00e7a-feira para justificar - Portal NPM\",\"isPartOf\":{\"@id\":\"https:\/\/portalnpm.com\/#website\"},\"primaryImageOfPage\":{\"@id\":\"https:\/\/portalnpm.com\/index.php\/2025\/01\/06\/eleitores-que-nao-votaram-no-segundo-turno-tem-ate-terca-feira-para-justificar\/#primaryimage\"},\"image\":{\"@id\":\"https:\/\/portalnpm.com\/index.php\/2025\/01\/06\/eleitores-que-nao-votaram-no-segundo-turno-tem-ate-terca-feira-para-justificar\/#primaryimage\"},\"thumbnailUrl\":\"https:\/\/portalnpm.com\/wp-content\/uploads\/2025\/01\/IMG_5992.jpeg\",\"datePublished\":\"2025-01-06T13:45:06+00:00\",\"dateModified\":\"2025-01-06T13:45:06+00:00\",\"author\":{\"@id\":\"https:\/\/portalnpm.com\/#\/schema\/person\/35cb55186eae3f074b6783da6d35591e\"},\"breadcrumb\":{\"@id\":\"https:\/\/portalnpm.com\/index.php\/2025\/01\/06\/eleitores-que-nao-votaram-no-segundo-turno-tem-ate-terca-feira-para-justificar\/#breadcrumb\"},\"inLanguage\":\"pt-BR\",\"potentialAction\":[{\"@type\":\"ReadAction\",\"target\":[\"https:\/\/portalnpm.com\/index.php\/2025\/01\/06\/eleitores-que-nao-votaram-no-segundo-turno-tem-ate-terca-feira-para-justificar\/\"]}]},{\"@type\":\"ImageObject\",\"inLanguage\":\"pt-BR\",\"@id\":\"https:\/\/portalnpm.com\/index.php\/2025\/01\/06\/eleitores-que-nao-votaram-no-segundo-turno-tem-ate-terca-feira-para-justificar\/#primaryimage\",\"url\":\"https:\/\/portalnpm.com\/wp-content\/uploads\/2025\/01\/IMG_5992.jpeg\",\"contentUrl\":\"https:\/\/portalnpm.com\/wp-content\/uploads\/2025\/01\/IMG_5992.jpeg\",\"width\":1170,\"height\":700,\"caption\":\"Sede do Tribunal Superior Eleitoral Marcelo Camargo \/ Ag\u00eancia Brasil\"},{\"@type\":\"BreadcrumbList\",\"@id\":\"https:\/\/portalnpm.com\/index.php\/2025\/01\/06\/eleitores-que-nao-votaram-no-segundo-turno-tem-ate-terca-feira-para-justificar\/#breadcrumb\",\"itemListElement\":[{\"@type\":\"ListItem\",\"position\":1,\"name\":\"In\u00edcio\",\"item\":\"https:\/\/portalnpm.com\/\"},{\"@type\":\"ListItem\",\"position\":2,\"name\":\"Eleitores que n\u00e3o votaram no segundo turno t\u00eam at\u00e9 ter\u00e7a-feira para justificar\"}]},{\"@type\":\"WebSite\",\"@id\":\"https:\/\/portalnpm.com\/#website\",\"url\":\"https:\/\/portalnpm.com\/\",\"name\":\"Portal NPM\",\"description\":\"Not\u00edcias em Primeira M\u00e3o\",\"potentialAction\":[{\"@type\":\"SearchAction\",\"target\":{\"@type\":\"EntryPoint\",\"urlTemplate\":\"https:\/\/portalnpm.com\/?s={search_term_string}\"},\"query-input\":\"required name=search_term_string\"}],\"inLanguage\":\"pt-BR\"},{\"@type\":\"Person\",\"@id\":\"https:\/\/portalnpm.com\/#\/schema\/person\/35cb55186eae3f074b6783da6d35591e\",\"name\":\"Zenilton Lima\",\"image\":{\"@type\":\"ImageObject\",\"inLanguage\":\"pt-BR\",\"@id\":\"https:\/\/portalnpm.com\/#\/schema\/person\/image\/\",\"url\":\"https:\/\/portalnpm.com\/wp-content\/uploads\/2024\/12\/avatar_user_8_1733658137-96x96.jpeg\",\"contentUrl\":\"https:\/\/portalnpm.com\/wp-content\/uploads\/2024\/12\/avatar_user_8_1733658137-96x96.jpeg\",\"caption\":\"Zenilton Lima\"},\"url\":\"https:\/\/portalnpm.com\/index.php\/author\/zenilton\/\"}]}<\/script>\n<!-- \/ Yoast SEO plugin. -->","yoast_head_json":{"title":"Eleitores que n\u00e3o votaram no segundo turno t\u00eam at\u00e9 ter\u00e7a-feira para justificar - Portal NPM","robots":{"index":"index","follow":"follow","max-snippet":"max-snippet:-1","max-image-preview":"max-image-preview:large","max-video-preview":"max-video-preview:-1"},"canonical":"https:\/\/portalnpm.com\/index.php\/2025\/01\/06\/eleitores-que-nao-votaram-no-segundo-turno-tem-ate-terca-feira-para-justificar\/","og_locale":"pt_BR","og_type":"article","og_title":"Eleitores que n\u00e3o votaram no segundo turno t\u00eam at\u00e9 ter\u00e7a-feira para justificar - Portal NPM","og_description":"O eleitor que n\u00e3o compareceu ao segundo turno das elei\u00e7\u00f5es municipais de 2024 precisa justificar a aus\u00eancia at\u00e9 esta ter\u00e7a-feira (7). Em 27 de outubro passado, os eleitores de 51 munic\u00edpios do pa\u00eds, sendo 15 capitais, votaram nos candidatos que foram para o segundo turno. A justificativa de aus\u00eancia \u00e9 necess\u00e1ria somente para quem tem &hellip;","og_url":"https:\/\/portalnpm.com\/index.php\/2025\/01\/06\/eleitores-que-nao-votaram-no-segundo-turno-tem-ate-terca-feira-para-justificar\/","og_site_name":"Portal NPM","article_published_time":"2025-01-06T13:45:06+00:00","og_image":[{"width":1170,"height":700,"url":"https:\/\/portalnpm.com\/wp-content\/uploads\/2025\/01\/IMG_5992.jpeg","type":"image\/jpeg"}],"author":"Zenilton Lima","twitter_card":"summary_large_image","twitter_misc":{"Escrito por":"Zenilton Lima","Est. tempo de leitura":"5 minutos"},"schema":{"@context":"https:\/\/schema.org","@graph":[{"@type":"WebPage","@id":"https:\/\/portalnpm.com\/index.php\/2025\/01\/06\/eleitores-que-nao-votaram-no-segundo-turno-tem-ate-terca-feira-para-justificar\/","url":"https:\/\/portalnpm.com\/index.php\/2025\/01\/06\/eleitores-que-nao-votaram-no-segundo-turno-tem-ate-terca-feira-para-justificar\/","name":"Eleitores que n\u00e3o votaram no segundo turno t\u00eam at\u00e9 ter\u00e7a-feira para justificar - Portal NPM","isPartOf":{"@id":"https:\/\/portalnpm.com\/#website"},"primaryImageOfPage":{"@id":"https:\/\/portalnpm.com\/index.php\/2025\/01\/06\/eleitores-que-nao-votaram-no-segundo-turno-tem-ate-terca-feira-para-justificar\/#primaryimage"},"image":{"@id":"https:\/\/portalnpm.com\/index.php\/2025\/01\/06\/eleitores-que-nao-votaram-no-segundo-turno-tem-ate-terca-feira-para-justificar\/#primaryimage"},"thumbnailUrl":"https:\/\/portalnpm.com\/wp-content\/uploads\/2025\/01\/IMG_5992.jpeg","datePublished":"2025-01-06T13:45:06+00:00","dateModified":"2025-01-06T13:45:06+00:00","author":{"@id":"https:\/\/portalnpm.com\/#\/schema\/person\/35cb55186eae3f074b6783da6d35591e"},"breadcrumb":{"@id":"https:\/\/portalnpm.com\/index.php\/2025\/01\/06\/eleitores-que-nao-votaram-no-segundo-turno-tem-ate-terca-feira-para-justificar\/#breadcrumb"},"inLanguage":"pt-BR","potentialAction":[{"@type":"ReadAction","target":["https:\/\/portalnpm.com\/index.php\/2025\/01\/06\/eleitores-que-nao-votaram-no-segundo-turno-tem-ate-terca-feira-para-justificar\/"]}]},{"@type":"ImageObject","inLanguage":"pt-BR","@id":"https:\/\/portalnpm.com\/index.php\/2025\/01\/06\/eleitores-que-nao-votaram-no-segundo-turno-tem-ate-terca-feira-para-justificar\/#primaryimage","url":"https:\/\/portalnpm.com\/wp-content\/uploads\/2025\/01\/IMG_5992.jpeg","contentUrl":"https:\/\/portalnpm.com\/wp-content\/uploads\/2025\/01\/IMG_5992.jpeg","width":1170,"height":700,"caption":"Sede do Tribunal Superior Eleitoral Marcelo Camargo \/ Ag\u00eancia Brasil"},{"@type":"BreadcrumbList","@id":"https:\/\/portalnpm.com\/index.php\/2025\/01\/06\/eleitores-que-nao-votaram-no-segundo-turno-tem-ate-terca-feira-para-justificar\/#breadcrumb","itemListElement":[{"@type":"ListItem","position":1,"name":"In\u00edcio","item":"https:\/\/portalnpm.com\/"},{"@type":"ListItem","position":2,"name":"Eleitores que n\u00e3o votaram no segundo turno t\u00eam at\u00e9 ter\u00e7a-feira para justificar"}]},{"@type":"WebSite","@id":"https:\/\/portalnpm.com\/#website","url":"https:\/\/portalnpm.com\/","name":"Portal NPM","description":"Not\u00edcias em Primeira M\u00e3o","potentialAction":[{"@type":"SearchAction","target":{"@type":"EntryPoint","urlTemplate":"https:\/\/portalnpm.com\/?s={search_term_string}"},"query-input":"required name=search_term_string"}],"inLanguage":"pt-BR"},{"@type":"Person","@id":"https:\/\/portalnpm.com\/#\/schema\/person\/35cb55186eae3f074b6783da6d35591e","name":"Zenilton Lima","image":{"@type":"ImageObject","inLanguage":"pt-BR","@id":"https:\/\/portalnpm.com\/#\/schema\/person\/image\/","url":"https:\/\/portalnpm.com\/wp-content\/uploads\/2024\/12\/avatar_user_8_1733658137-96x96.jpeg","contentUrl":"https:\/\/portalnpm.com\/wp-content\/uploads\/2024\/12\/avatar_user_8_1733658137-96x96.jpeg","caption":"Zenilton Lima"},"url":"https:\/\/portalnpm.com\/index.php\/author\/zenilton\/"}]}},"jetpack_sharing_enabled":true,"jetpack_featured_media_url":"https:\/\/portalnpm.com\/wp-content\/uploads\/2025\/01\/IMG_5992.jpeg","_links":{"self":[{"href":"https:\/\/portalnpm.com\/index.php\/wp-json\/wp\/v2\/posts\/82844"}],"collection":[{"href":"https:\/\/portalnpm.com\/index.php\/wp-json\/wp\/v2\/posts"}],"about":[{"href":"https:\/\/portalnpm.com\/index.php\/wp-json\/wp\/v2\/types\/post"}],"author":[{"embeddable":true,"href":"https:\/\/portalnpm.com\/index.php\/wp-json\/wp\/v2\/users\/8"}],"replies":[{"embeddable":true,"href":"https:\/\/portalnpm.com\/index.php\/wp-json\/wp\/v2\/comments?post=82844"}],"version-history":[{"count":1,"href":"https:\/\/portalnpm.com\/index.php\/wp-json\/wp\/v2\/posts\/82844\/revisions"}],"predecessor-version":[{"id":82846,"href":"https:\/\/portalnpm.com\/index.php\/wp-json\/wp\/v2\/posts\/82844\/revisions\/82846"}],"wp:featuredmedia":[{"embeddable":true,"href":"https:\/\/portalnpm.com\/index.php\/wp-json\/wp\/v2\/media\/82845"}],"wp:attachment":[{"href":"https:\/\/portalnpm.com\/index.php\/wp-json\/wp\/v2\/media?parent=82844"}],"wp:term":[{"taxonomy":"category","embeddable":true,"href":"https:\/\/portalnpm.com\/index.php\/wp-json\/wp\/v2\/categories?post=82844"},{"taxonomy":"post_tag","embeddable":true,"href":"https:\/\/portalnpm.com\/index.php\/wp-json\/wp\/v2\/tags?post=82844"}],"curies":[{"name":"wp","href":"https:\/\/api.w.org\/{rel}","templated":true}]}}