{"id":82853,"date":"2025-01-06T10:54:15","date_gmt":"2025-01-06T13:54:15","guid":{"rendered":"https:\/\/portalnpm.com\/?p=82853"},"modified":"2025-01-06T10:54:15","modified_gmt":"2025-01-06T13:54:15","slug":"uso-inadequado-da-internet-pode-afetar-saude-diz-especialista","status":"publish","type":"post","link":"https:\/\/portalnpm.com\/index.php\/2025\/01\/06\/uso-inadequado-da-internet-pode-afetar-saude-diz-especialista\/","title":{"rendered":"Uso inadequado da internet pode afetar sa\u00fade, diz especialista"},"content":{"rendered":"<p>A aprova\u00e7\u00e3o de projeto de lei na Assembleia Legislativa de S\u00e3o Paulo (Alesp), que pro\u00edbe o uso de aparelhos eletr\u00f4nicos em escolas p\u00fablicas e privadas no estado, j\u00e1 no ano letivo de 2025, deu destaque ao tema. Al\u00e9m do cuidado nas escolas, o Centro Marista de Defesa da Inf\u00e2ncia avalia que a utiliza\u00e7\u00e3o dos aparelhos e da internet tamb\u00e9m precisa de aten\u00e7\u00e3o em casa.<img decoding=\"async\" src=\"https:\/\/agenciabrasil.ebc.com.br\/ebc.png?id=1625777&amp;o=node\" \/><img decoding=\"async\" src=\"https:\/\/agenciabrasil.ebc.com.br\/ebc.gif?id=1625777&amp;o=node\" \/><\/p>\n<p><a href=\"https:\/\/nic.br\/noticia\/releases\/tic-kids-online-investiga-pela-primeira-vez-frequencia-do-uso-de-plataformas-digitais-por-criancas-e-adolescentes\/\" target=\"_blank\" rel=\"noopener\">Levantamento da <em>TIC Kids Online Brasil<\/em> (2024), realizado pela Organiza\u00e7\u00e3o das Na\u00e7\u00f5es Unidas para a Educa\u00e7\u00e3o, a Ci\u00eancia e a Cultura (Unesco) e Cetic.br, mostrou que 93% das crian\u00e7as e adolescentes brasileiros &#8211; de 9 a 17 anos &#8211; usam a internet,<\/a> o que representa 24,5 milh\u00f5es de pessoas.<\/p>\n<p>O estudo apontou, ainda, que cerca de tr\u00eas a cada dez usu\u00e1rios de internet de nove a 17 anos t\u00eam respons\u00e1veis que usam recursos para bloquear ou filtrar alguns tipos de sites (34%); para filtrar aplicativos baixados (32%), que limitam pessoas que entram em contato por chamadas de voz ou mensagens (32%); que monitoram sites ou aplicativos acessados (31%); que bloqueiam an\u00fancios (28%); alertam sobre o desejo de fazer compras em aplicativos (26%); e que restringem o tempo na internet (24%).<\/p>\n<p>\u201cAssim como ensinamos nossas crian\u00e7as a n\u00e3o falar com estranhos na rua, temos que agora ensin\u00e1-las a como se comportar na internet. Atualmente, pais e respons\u00e1veis devem trabalhar no letramento digital, supervisionando as atividades e ensinando din\u00e2micas mercadol\u00f3gicas, pois o uso inadequado da internet pode gerar um meio prop\u00edcio para o adoecimento f\u00edsico e mental\u201d, disse, em nota, Valdir Gugiel, diretor do Centro Marista de Defesa da Inf\u00e2ncia e membro do Conselho Estadual dos Direitos da Crian\u00e7a e do Adolescente de Santa Catarina.<\/p>\n<p>Ele acrescenta que, atualmente, quando se trata de inf\u00e2ncia e juventude, \u00e9 necess\u00e1rio promover um debate sobre o uso consciente de telas e dispositivos e a viol\u00eancia no ambiente digital.<\/p>\n<h2>Ofensas<\/h2>\n<p>Ainda segundo a <em>TIC Kids Online<\/em>, entre os usu\u00e1rios de nove a 17 anos, 29% contaram ter passado por situa\u00e7\u00f5es ofensivas, que n\u00e3o gostaram ou os chatearam no ambiente digital. Desses, 31% relataram sobre o que aconteceu para seus pais, m\u00e3es ou respons\u00e1veis; 29% para um amigo ou amiga da mesma idade; 17% para irm\u00e3s, irm\u00e3os ou primos; e 13% n\u00e3o revelaram para ningu\u00e9m.<\/p>\n<p>A gerente do Centro Marista de Defesa da Inf\u00e2ncia, B\u00e1rbara Pimp\u00e3o, explica que alguns casos de situa\u00e7\u00f5es ofensivas na internet podem evoluir para <em>cyberbullying<\/em> [viol\u00eancia virtual que ocorre geralmente com as pessoas t\u00edmidas e indefesas].<\/p>\n<p>\u201cCrian\u00e7as e adolescentes que est\u00e3o sendo expostas repetidamente a mensagens que t\u00eam o objetivo de assustar, envergonhar ou enfurecer podem sofrer consequ\u00eancias psicol\u00f3gicas, f\u00edsicas e sociais, como baixa autoestima, depress\u00e3o, transtornos de ansiedade e ins\u00f4nia\u201d, disse, em nota.<\/p>\n<p>A entidade apontou as seguintes dicas e cuidados para os respons\u00e1veis em rela\u00e7\u00e3o ao acesso de crian\u00e7as e adolescentes a ferramentas digitais:<\/p>\n<p>1. Fazer monitoramento e controle parental do telefone celular.<\/p>\n<p>2. Ficar alerta a situa\u00e7\u00f5es ofensivas.<\/p>\n<p>3. Explicar sobre perigos do contato com estranhos.<\/p>\n<p>4. Conversar sobre o uso excessivo da internet.<\/p>\n<p>5. Acessem juntos conte\u00fados para conscientiza\u00e7\u00e3o.<\/p>\n<p><strong>Fonte<\/strong>: Ag\u00eancia Brasil<\/p>\n","protected":false},"excerpt":{"rendered":"<p>A aprova\u00e7\u00e3o de projeto de lei na Assembleia Legislativa de S\u00e3o Paulo (Alesp), que pro\u00edbe o uso de aparelhos eletr\u00f4nicos em escolas p\u00fablicas e privadas no estado, j\u00e1 no ano letivo de 2025, deu destaque ao tema. Al\u00e9m do cuidado nas escolas, o Centro Marista de Defesa da Inf\u00e2ncia avalia que a utiliza\u00e7\u00e3o dos aparelhos &hellip;<\/p>\n","protected":false},"author":8,"featured_media":82854,"comment_status":"open","ping_status":"open","sticky":false,"template":"","format":"standard","meta":{"content-type":"","rop_custom_images_group":[],"rop_custom_messages_group":[],"rop_publish_now":"yes","rop_publish_now_accounts":{"facebook_2648258775420054_1618374048415101":""},"rop_publish_now_history":[],"rop_publish_now_status":"pending","footnotes":"","_jetpack_memberships_contains_paid_content":false},"categories":[125,118],"tags":[16291,836,880,3658,16290,191,1590,417,1107],"yoast_head":"<!-- This site is optimized with the Yoast SEO plugin v22.3 - https:\/\/yoast.com\/wordpress\/plugins\/seo\/ -->\n<title>Uso inadequado da internet pode afetar sa\u00fade, diz especialista - Portal NPM<\/title>\n<meta name=\"robots\" content=\"index, follow, max-snippet:-1, max-image-preview:large, max-video-preview:-1\" \/>\n<link rel=\"canonical\" href=\"https:\/\/portalnpm.com\/index.php\/2025\/01\/06\/uso-inadequado-da-internet-pode-afetar-saude-diz-especialista\/\" \/>\n<meta property=\"og:locale\" content=\"pt_BR\" \/>\n<meta property=\"og:type\" content=\"article\" \/>\n<meta property=\"og:title\" content=\"Uso inadequado da internet pode afetar sa\u00fade, diz especialista - Portal NPM\" \/>\n<meta property=\"og:description\" content=\"A aprova\u00e7\u00e3o de projeto de lei na Assembleia Legislativa de S\u00e3o Paulo (Alesp), que pro\u00edbe o uso de aparelhos eletr\u00f4nicos em escolas p\u00fablicas e privadas no estado, j\u00e1 no ano letivo de 2025, deu destaque ao tema. Al\u00e9m do cuidado nas escolas, o Centro Marista de Defesa da Inf\u00e2ncia avalia que a utiliza\u00e7\u00e3o dos aparelhos &hellip;\" \/>\n<meta property=\"og:url\" content=\"https:\/\/portalnpm.com\/index.php\/2025\/01\/06\/uso-inadequado-da-internet-pode-afetar-saude-diz-especialista\/\" \/>\n<meta property=\"og:site_name\" content=\"Portal NPM\" \/>\n<meta property=\"article:published_time\" content=\"2025-01-06T13:54:15+00:00\" \/>\n<meta property=\"og:image\" content=\"https:\/\/portalnpm.com\/wp-content\/uploads\/2025\/01\/IMG_5995.webp\" \/>\n\t<meta property=\"og:image:width\" content=\"1170\" \/>\n\t<meta property=\"og:image:height\" content=\"700\" \/>\n\t<meta property=\"og:image:type\" content=\"image\/webp\" \/>\n<meta name=\"author\" content=\"Zenilton Lima\" \/>\n<meta name=\"twitter:card\" content=\"summary_large_image\" \/>\n<meta name=\"twitter:label1\" content=\"Escrito por\" \/>\n\t<meta name=\"twitter:data1\" content=\"Zenilton Lima\" \/>\n\t<meta name=\"twitter:label2\" content=\"Est. tempo de leitura\" \/>\n\t<meta name=\"twitter:data2\" content=\"4 minutos\" \/>\n<script type=\"application\/ld+json\" class=\"yoast-schema-graph\">{\"@context\":\"https:\/\/schema.org\",\"@graph\":[{\"@type\":\"WebPage\",\"@id\":\"https:\/\/portalnpm.com\/index.php\/2025\/01\/06\/uso-inadequado-da-internet-pode-afetar-saude-diz-especialista\/\",\"url\":\"https:\/\/portalnpm.com\/index.php\/2025\/01\/06\/uso-inadequado-da-internet-pode-afetar-saude-diz-especialista\/\",\"name\":\"Uso inadequado da internet pode afetar sa\u00fade, diz especialista - Portal NPM\",\"isPartOf\":{\"@id\":\"https:\/\/portalnpm.com\/#website\"},\"primaryImageOfPage\":{\"@id\":\"https:\/\/portalnpm.com\/index.php\/2025\/01\/06\/uso-inadequado-da-internet-pode-afetar-saude-diz-especialista\/#primaryimage\"},\"image\":{\"@id\":\"https:\/\/portalnpm.com\/index.php\/2025\/01\/06\/uso-inadequado-da-internet-pode-afetar-saude-diz-especialista\/#primaryimage\"},\"thumbnailUrl\":\"https:\/\/portalnpm.com\/wp-content\/uploads\/2025\/01\/IMG_5995.webp\",\"datePublished\":\"2025-01-06T13:54:15+00:00\",\"dateModified\":\"2025-01-06T13:54:15+00:00\",\"author\":{\"@id\":\"https:\/\/portalnpm.com\/#\/schema\/person\/35cb55186eae3f074b6783da6d35591e\"},\"breadcrumb\":{\"@id\":\"https:\/\/portalnpm.com\/index.php\/2025\/01\/06\/uso-inadequado-da-internet-pode-afetar-saude-diz-especialista\/#breadcrumb\"},\"inLanguage\":\"pt-BR\",\"potentialAction\":[{\"@type\":\"ReadAction\",\"target\":[\"https:\/\/portalnpm.com\/index.php\/2025\/01\/06\/uso-inadequado-da-internet-pode-afetar-saude-diz-especialista\/\"]}]},{\"@type\":\"ImageObject\",\"inLanguage\":\"pt-BR\",\"@id\":\"https:\/\/portalnpm.com\/index.php\/2025\/01\/06\/uso-inadequado-da-internet-pode-afetar-saude-diz-especialista\/#primaryimage\",\"url\":\"https:\/\/portalnpm.com\/wp-content\/uploads\/2025\/01\/IMG_5995.webp\",\"contentUrl\":\"https:\/\/portalnpm.com\/wp-content\/uploads\/2025\/01\/IMG_5995.webp\",\"width\":1170,\"height\":700,\"caption\":\"CAMINHOS DA REPORTAGEM\/TV BRASIL\"},{\"@type\":\"BreadcrumbList\",\"@id\":\"https:\/\/portalnpm.com\/index.php\/2025\/01\/06\/uso-inadequado-da-internet-pode-afetar-saude-diz-especialista\/#breadcrumb\",\"itemListElement\":[{\"@type\":\"ListItem\",\"position\":1,\"name\":\"In\u00edcio\",\"item\":\"https:\/\/portalnpm.com\/\"},{\"@type\":\"ListItem\",\"position\":2,\"name\":\"Uso inadequado da internet pode afetar sa\u00fade, diz especialista\"}]},{\"@type\":\"WebSite\",\"@id\":\"https:\/\/portalnpm.com\/#website\",\"url\":\"https:\/\/portalnpm.com\/\",\"name\":\"Portal NPM\",\"description\":\"Not\u00edcias em Primeira M\u00e3o\",\"potentialAction\":[{\"@type\":\"SearchAction\",\"target\":{\"@type\":\"EntryPoint\",\"urlTemplate\":\"https:\/\/portalnpm.com\/?s={search_term_string}\"},\"query-input\":\"required name=search_term_string\"}],\"inLanguage\":\"pt-BR\"},{\"@type\":\"Person\",\"@id\":\"https:\/\/portalnpm.com\/#\/schema\/person\/35cb55186eae3f074b6783da6d35591e\",\"name\":\"Zenilton Lima\",\"image\":{\"@type\":\"ImageObject\",\"inLanguage\":\"pt-BR\",\"@id\":\"https:\/\/portalnpm.com\/#\/schema\/person\/image\/\",\"url\":\"https:\/\/portalnpm.com\/wp-content\/uploads\/2024\/12\/avatar_user_8_1733658137-96x96.jpeg\",\"contentUrl\":\"https:\/\/portalnpm.com\/wp-content\/uploads\/2024\/12\/avatar_user_8_1733658137-96x96.jpeg\",\"caption\":\"Zenilton Lima\"},\"url\":\"https:\/\/portalnpm.com\/index.php\/author\/zenilton\/\"}]}<\/script>\n<!-- \/ Yoast SEO plugin. -->","yoast_head_json":{"title":"Uso inadequado da internet pode afetar sa\u00fade, diz especialista - Portal NPM","robots":{"index":"index","follow":"follow","max-snippet":"max-snippet:-1","max-image-preview":"max-image-preview:large","max-video-preview":"max-video-preview:-1"},"canonical":"https:\/\/portalnpm.com\/index.php\/2025\/01\/06\/uso-inadequado-da-internet-pode-afetar-saude-diz-especialista\/","og_locale":"pt_BR","og_type":"article","og_title":"Uso inadequado da internet pode afetar sa\u00fade, diz especialista - Portal NPM","og_description":"A aprova\u00e7\u00e3o de projeto de lei na Assembleia Legislativa de S\u00e3o Paulo (Alesp), que pro\u00edbe o uso de aparelhos eletr\u00f4nicos em escolas p\u00fablicas e privadas no estado, j\u00e1 no ano letivo de 2025, deu destaque ao tema. Al\u00e9m do cuidado nas escolas, o Centro Marista de Defesa da Inf\u00e2ncia avalia que a utiliza\u00e7\u00e3o dos aparelhos &hellip;","og_url":"https:\/\/portalnpm.com\/index.php\/2025\/01\/06\/uso-inadequado-da-internet-pode-afetar-saude-diz-especialista\/","og_site_name":"Portal NPM","article_published_time":"2025-01-06T13:54:15+00:00","og_image":[{"width":1170,"height":700,"url":"https:\/\/portalnpm.com\/wp-content\/uploads\/2025\/01\/IMG_5995.webp","type":"image\/webp"}],"author":"Zenilton Lima","twitter_card":"summary_large_image","twitter_misc":{"Escrito por":"Zenilton Lima","Est. tempo de leitura":"4 minutos"},"schema":{"@context":"https:\/\/schema.org","@graph":[{"@type":"WebPage","@id":"https:\/\/portalnpm.com\/index.php\/2025\/01\/06\/uso-inadequado-da-internet-pode-afetar-saude-diz-especialista\/","url":"https:\/\/portalnpm.com\/index.php\/2025\/01\/06\/uso-inadequado-da-internet-pode-afetar-saude-diz-especialista\/","name":"Uso inadequado da internet pode afetar sa\u00fade, diz especialista - Portal NPM","isPartOf":{"@id":"https:\/\/portalnpm.com\/#website"},"primaryImageOfPage":{"@id":"https:\/\/portalnpm.com\/index.php\/2025\/01\/06\/uso-inadequado-da-internet-pode-afetar-saude-diz-especialista\/#primaryimage"},"image":{"@id":"https:\/\/portalnpm.com\/index.php\/2025\/01\/06\/uso-inadequado-da-internet-pode-afetar-saude-diz-especialista\/#primaryimage"},"thumbnailUrl":"https:\/\/portalnpm.com\/wp-content\/uploads\/2025\/01\/IMG_5995.webp","datePublished":"2025-01-06T13:54:15+00:00","dateModified":"2025-01-06T13:54:15+00:00","author":{"@id":"https:\/\/portalnpm.com\/#\/schema\/person\/35cb55186eae3f074b6783da6d35591e"},"breadcrumb":{"@id":"https:\/\/portalnpm.com\/index.php\/2025\/01\/06\/uso-inadequado-da-internet-pode-afetar-saude-diz-especialista\/#breadcrumb"},"inLanguage":"pt-BR","potentialAction":[{"@type":"ReadAction","target":["https:\/\/portalnpm.com\/index.php\/2025\/01\/06\/uso-inadequado-da-internet-pode-afetar-saude-diz-especialista\/"]}]},{"@type":"ImageObject","inLanguage":"pt-BR","@id":"https:\/\/portalnpm.com\/index.php\/2025\/01\/06\/uso-inadequado-da-internet-pode-afetar-saude-diz-especialista\/#primaryimage","url":"https:\/\/portalnpm.com\/wp-content\/uploads\/2025\/01\/IMG_5995.webp","contentUrl":"https:\/\/portalnpm.com\/wp-content\/uploads\/2025\/01\/IMG_5995.webp","width":1170,"height":700,"caption":"CAMINHOS DA REPORTAGEM\/TV BRASIL"},{"@type":"BreadcrumbList","@id":"https:\/\/portalnpm.com\/index.php\/2025\/01\/06\/uso-inadequado-da-internet-pode-afetar-saude-diz-especialista\/#breadcrumb","itemListElement":[{"@type":"ListItem","position":1,"name":"In\u00edcio","item":"https:\/\/portalnpm.com\/"},{"@type":"ListItem","position":2,"name":"Uso inadequado da internet pode afetar sa\u00fade, diz especialista"}]},{"@type":"WebSite","@id":"https:\/\/portalnpm.com\/#website","url":"https:\/\/portalnpm.com\/","name":"Portal NPM","description":"Not\u00edcias em Primeira M\u00e3o","potentialAction":[{"@type":"SearchAction","target":{"@type":"EntryPoint","urlTemplate":"https:\/\/portalnpm.com\/?s={search_term_string}"},"query-input":"required name=search_term_string"}],"inLanguage":"pt-BR"},{"@type":"Person","@id":"https:\/\/portalnpm.com\/#\/schema\/person\/35cb55186eae3f074b6783da6d35591e","name":"Zenilton Lima","image":{"@type":"ImageObject","inLanguage":"pt-BR","@id":"https:\/\/portalnpm.com\/#\/schema\/person\/image\/","url":"https:\/\/portalnpm.com\/wp-content\/uploads\/2024\/12\/avatar_user_8_1733658137-96x96.jpeg","contentUrl":"https:\/\/portalnpm.com\/wp-content\/uploads\/2024\/12\/avatar_user_8_1733658137-96x96.jpeg","caption":"Zenilton Lima"},"url":"https:\/\/portalnpm.com\/index.php\/author\/zenilton\/"}]}},"jetpack_sharing_enabled":true,"jetpack_featured_media_url":"https:\/\/portalnpm.com\/wp-content\/uploads\/2025\/01\/IMG_5995.webp","_links":{"self":[{"href":"https:\/\/portalnpm.com\/index.php\/wp-json\/wp\/v2\/posts\/82853"}],"collection":[{"href":"https:\/\/portalnpm.com\/index.php\/wp-json\/wp\/v2\/posts"}],"about":[{"href":"https:\/\/portalnpm.com\/index.php\/wp-json\/wp\/v2\/types\/post"}],"author":[{"embeddable":true,"href":"https:\/\/portalnpm.com\/index.php\/wp-json\/wp\/v2\/users\/8"}],"replies":[{"embeddable":true,"href":"https:\/\/portalnpm.com\/index.php\/wp-json\/wp\/v2\/comments?post=82853"}],"version-history":[{"count":1,"href":"https:\/\/portalnpm.com\/index.php\/wp-json\/wp\/v2\/posts\/82853\/revisions"}],"predecessor-version":[{"id":82855,"href":"https:\/\/portalnpm.com\/index.php\/wp-json\/wp\/v2\/posts\/82853\/revisions\/82855"}],"wp:featuredmedia":[{"embeddable":true,"href":"https:\/\/portalnpm.com\/index.php\/wp-json\/wp\/v2\/media\/82854"}],"wp:attachment":[{"href":"https:\/\/portalnpm.com\/index.php\/wp-json\/wp\/v2\/media?parent=82853"}],"wp:term":[{"taxonomy":"category","embeddable":true,"href":"https:\/\/portalnpm.com\/index.php\/wp-json\/wp\/v2\/categories?post=82853"},{"taxonomy":"post_tag","embeddable":true,"href":"https:\/\/portalnpm.com\/index.php\/wp-json\/wp\/v2\/tags?post=82853"}],"curies":[{"name":"wp","href":"https:\/\/api.w.org\/{rel}","templated":true}]}}