{"id":8304,"date":"2019-05-15T13:11:15","date_gmt":"2019-05-15T16:11:15","guid":{"rendered":"http:\/\/srv.portalnpm.com.br\/?p=8304"},"modified":"2019-05-15T13:11:15","modified_gmt":"2019-05-15T16:11:15","slug":"jacare-e-capturado-em-estacionamento-do-picos-plaza-shopping","status":"publish","type":"post","link":"https:\/\/portalnpm.com\/index.php\/2019\/05\/15\/jacare-e-capturado-em-estacionamento-do-picos-plaza-shopping\/","title":{"rendered":"Jacar\u00e9 \u00e9 capturado em estacionamento do Picos Plaza shopping"},"content":{"rendered":"<p style=\"text-align: justify;\">O Corpo de Bombeiros de Picos, foi acionado na noite desta ter\u00e7a-feira(14), pelo seguran\u00e7a do Picos Plaza Shopping, Elton Paiva Sousa, ap\u00f3s aparecer um Jacar\u00e9 no estacionamento, por volta da 19h30.<\/p>\n<p style=\"text-align: justify;\">A corpora\u00e7\u00e3o enviou uma guarni\u00e7\u00e3o para o local imediatamente, comandada pelo Sargento Charles.<\/p>\n<p style=\"text-align: justify;\">Segundo o comandante da corpora\u00e7\u00e3o, o tenente Halmylton Lemos, a\u00a0 sorte foi os vigilante ter visto logo. \u201c Ainda bem que foi visto pelos vigilantes porque se houvessem alguma pessoa pr\u00f3ximo poderia ter um grave acidente. De acordo com Charles o animal tinha por volta de um metro e meio . Foi um trabalho r\u00e1pido e eficiente \u201d, disse o tenente.<\/p>\n<p style=\"text-align: justify;\">O Corpo de Bombeiros capturaram o Jacar\u00e9 e soltaram em uma lagoa.<\/p>\n<figure id=\"attachment_8305\" aria-describedby=\"caption-attachment-8305\" style=\"width: 768px\" class=\"wp-caption aligncenter\"><img fetchpriority=\"high\" decoding=\"async\" class=\"size-full wp-image-8305\" src=\"http:\/\/portalnpm.com\/wp-content\/uploads\/2019\/05\/203a5a42a4495a10d32f528d7a910f7e44120ac3-768x384.jpeg\" alt=\"\" width=\"768\" height=\"384\" \/><figcaption id=\"caption-attachment-8305\" class=\"wp-caption-text\">O Corpo de Bombeiros capturaram o Jacar\u00e9 e soltaram em uma lagoa.<\/figcaption><\/figure>\n<p><strong>FONTE: Portal R10<\/strong><\/p>\n","protected":false},"excerpt":{"rendered":"<p>O Corpo de Bombeiros de Picos, foi acionado na noite desta ter\u00e7a-feira(14), pelo seguran\u00e7a do Picos Plaza Shopping, Elton Paiva Sousa, ap\u00f3s aparecer um Jacar\u00e9 no estacionamento, por volta da 19h30. A corpora\u00e7\u00e3o enviou uma guarni\u00e7\u00e3o para o local imediatamente, comandada pelo Sargento Charles. Segundo o comandante da corpora\u00e7\u00e3o, o tenente Halmylton Lemos, a\u00a0 sorte &hellip;<\/p>\n","protected":false},"author":8,"featured_media":8306,"comment_status":"open","ping_status":"open","sticky":false,"template":"","format":"standard","meta":{"content-type":"","rop_custom_images_group":[],"rop_custom_messages_group":[],"rop_publish_now":"initial","rop_publish_now_accounts":{"facebook_2648258775420054_1618374048415101":""},"rop_publish_now_history":[],"rop_publish_now_status":"pending","footnotes":"","_jetpack_memberships_contains_paid_content":false},"categories":[127],"tags":[2829,2830,2573,522],"yoast_head":"<!-- This site is optimized with the Yoast SEO plugin v22.3 - https:\/\/yoast.com\/wordpress\/plugins\/seo\/ -->\n<title>Jacar\u00e9 \u00e9 capturado em estacionamento do Picos Plaza shopping - Portal NPM<\/title>\n<meta name=\"robots\" content=\"index, follow, max-snippet:-1, max-image-preview:large, max-video-preview:-1\" \/>\n<link rel=\"canonical\" href=\"https:\/\/portalnpm.com\/index.php\/2019\/05\/15\/jacare-e-capturado-em-estacionamento-do-picos-plaza-shopping\/\" \/>\n<meta property=\"og:locale\" content=\"pt_BR\" \/>\n<meta property=\"og:type\" content=\"article\" \/>\n<meta property=\"og:title\" content=\"Jacar\u00e9 \u00e9 capturado em estacionamento do Picos Plaza shopping - Portal NPM\" \/>\n<meta property=\"og:description\" content=\"O Corpo de Bombeiros de Picos, foi acionado na noite desta ter\u00e7a-feira(14), pelo seguran\u00e7a do Picos Plaza Shopping, Elton Paiva Sousa, ap\u00f3s aparecer um Jacar\u00e9 no estacionamento, por volta da 19h30. A corpora\u00e7\u00e3o enviou uma guarni\u00e7\u00e3o para o local imediatamente, comandada pelo Sargento Charles. Segundo o comandante da corpora\u00e7\u00e3o, o tenente Halmylton Lemos, a\u00a0 sorte &hellip;\" \/>\n<meta property=\"og:url\" content=\"https:\/\/portalnpm.com\/index.php\/2019\/05\/15\/jacare-e-capturado-em-estacionamento-do-picos-plaza-shopping\/\" \/>\n<meta property=\"og:site_name\" content=\"Portal NPM\" \/>\n<meta property=\"article:published_time\" content=\"2019-05-15T16:11:15+00:00\" \/>\n<meta name=\"author\" content=\"Zenilton Lima\" \/>\n<meta name=\"twitter:card\" content=\"summary_large_image\" \/>\n<meta name=\"twitter:label1\" content=\"Escrito por\" \/>\n\t<meta name=\"twitter:data1\" content=\"Zenilton Lima\" \/>\n\t<meta name=\"twitter:label2\" content=\"Est. tempo de leitura\" \/>\n\t<meta name=\"twitter:data2\" content=\"1 minuto\" \/>\n<script type=\"application\/ld+json\" class=\"yoast-schema-graph\">{\"@context\":\"https:\/\/schema.org\",\"@graph\":[{\"@type\":\"WebPage\",\"@id\":\"https:\/\/portalnpm.com\/index.php\/2019\/05\/15\/jacare-e-capturado-em-estacionamento-do-picos-plaza-shopping\/\",\"url\":\"https:\/\/portalnpm.com\/index.php\/2019\/05\/15\/jacare-e-capturado-em-estacionamento-do-picos-plaza-shopping\/\",\"name\":\"Jacar\u00e9 \u00e9 capturado em estacionamento do Picos Plaza shopping - Portal NPM\",\"isPartOf\":{\"@id\":\"https:\/\/portalnpm.com\/#website\"},\"primaryImageOfPage\":{\"@id\":\"https:\/\/portalnpm.com\/index.php\/2019\/05\/15\/jacare-e-capturado-em-estacionamento-do-picos-plaza-shopping\/#primaryimage\"},\"image\":{\"@id\":\"https:\/\/portalnpm.com\/index.php\/2019\/05\/15\/jacare-e-capturado-em-estacionamento-do-picos-plaza-shopping\/#primaryimage\"},\"thumbnailUrl\":\"\",\"datePublished\":\"2019-05-15T16:11:15+00:00\",\"dateModified\":\"2019-05-15T16:11:15+00:00\",\"author\":{\"@id\":\"https:\/\/portalnpm.com\/#\/schema\/person\/35cb55186eae3f074b6783da6d35591e\"},\"breadcrumb\":{\"@id\":\"https:\/\/portalnpm.com\/index.php\/2019\/05\/15\/jacare-e-capturado-em-estacionamento-do-picos-plaza-shopping\/#breadcrumb\"},\"inLanguage\":\"pt-BR\",\"potentialAction\":[{\"@type\":\"ReadAction\",\"target\":[\"https:\/\/portalnpm.com\/index.php\/2019\/05\/15\/jacare-e-capturado-em-estacionamento-do-picos-plaza-shopping\/\"]}]},{\"@type\":\"ImageObject\",\"inLanguage\":\"pt-BR\",\"@id\":\"https:\/\/portalnpm.com\/index.php\/2019\/05\/15\/jacare-e-capturado-em-estacionamento-do-picos-plaza-shopping\/#primaryimage\",\"url\":\"\",\"contentUrl\":\"\"},{\"@type\":\"BreadcrumbList\",\"@id\":\"https:\/\/portalnpm.com\/index.php\/2019\/05\/15\/jacare-e-capturado-em-estacionamento-do-picos-plaza-shopping\/#breadcrumb\",\"itemListElement\":[{\"@type\":\"ListItem\",\"position\":1,\"name\":\"In\u00edcio\",\"item\":\"https:\/\/portalnpm.com\/\"},{\"@type\":\"ListItem\",\"position\":2,\"name\":\"Jacar\u00e9 \u00e9 capturado em estacionamento do Picos Plaza shopping\"}]},{\"@type\":\"WebSite\",\"@id\":\"https:\/\/portalnpm.com\/#website\",\"url\":\"https:\/\/portalnpm.com\/\",\"name\":\"Portal NPM\",\"description\":\"Not\u00edcias em Primeira M\u00e3o\",\"potentialAction\":[{\"@type\":\"SearchAction\",\"target\":{\"@type\":\"EntryPoint\",\"urlTemplate\":\"https:\/\/portalnpm.com\/?s={search_term_string}\"},\"query-input\":\"required name=search_term_string\"}],\"inLanguage\":\"pt-BR\"},{\"@type\":\"Person\",\"@id\":\"https:\/\/portalnpm.com\/#\/schema\/person\/35cb55186eae3f074b6783da6d35591e\",\"name\":\"Zenilton Lima\",\"image\":{\"@type\":\"ImageObject\",\"inLanguage\":\"pt-BR\",\"@id\":\"https:\/\/portalnpm.com\/#\/schema\/person\/image\/\",\"url\":\"https:\/\/portalnpm.com\/wp-content\/uploads\/2024\/12\/avatar_user_8_1733658137-96x96.jpeg\",\"contentUrl\":\"https:\/\/portalnpm.com\/wp-content\/uploads\/2024\/12\/avatar_user_8_1733658137-96x96.jpeg\",\"caption\":\"Zenilton Lima\"},\"url\":\"https:\/\/portalnpm.com\/index.php\/author\/zenilton\/\"}]}<\/script>\n<!-- \/ Yoast SEO plugin. -->","yoast_head_json":{"title":"Jacar\u00e9 \u00e9 capturado em estacionamento do Picos Plaza shopping - Portal NPM","robots":{"index":"index","follow":"follow","max-snippet":"max-snippet:-1","max-image-preview":"max-image-preview:large","max-video-preview":"max-video-preview:-1"},"canonical":"https:\/\/portalnpm.com\/index.php\/2019\/05\/15\/jacare-e-capturado-em-estacionamento-do-picos-plaza-shopping\/","og_locale":"pt_BR","og_type":"article","og_title":"Jacar\u00e9 \u00e9 capturado em estacionamento do Picos Plaza shopping - Portal NPM","og_description":"O Corpo de Bombeiros de Picos, foi acionado na noite desta ter\u00e7a-feira(14), pelo seguran\u00e7a do Picos Plaza Shopping, Elton Paiva Sousa, ap\u00f3s aparecer um Jacar\u00e9 no estacionamento, por volta da 19h30. A corpora\u00e7\u00e3o enviou uma guarni\u00e7\u00e3o para o local imediatamente, comandada pelo Sargento Charles. Segundo o comandante da corpora\u00e7\u00e3o, o tenente Halmylton Lemos, a\u00a0 sorte &hellip;","og_url":"https:\/\/portalnpm.com\/index.php\/2019\/05\/15\/jacare-e-capturado-em-estacionamento-do-picos-plaza-shopping\/","og_site_name":"Portal NPM","article_published_time":"2019-05-15T16:11:15+00:00","author":"Zenilton Lima","twitter_card":"summary_large_image","twitter_misc":{"Escrito por":"Zenilton Lima","Est. tempo de leitura":"1 minuto"},"schema":{"@context":"https:\/\/schema.org","@graph":[{"@type":"WebPage","@id":"https:\/\/portalnpm.com\/index.php\/2019\/05\/15\/jacare-e-capturado-em-estacionamento-do-picos-plaza-shopping\/","url":"https:\/\/portalnpm.com\/index.php\/2019\/05\/15\/jacare-e-capturado-em-estacionamento-do-picos-plaza-shopping\/","name":"Jacar\u00e9 \u00e9 capturado em estacionamento do Picos Plaza shopping - Portal NPM","isPartOf":{"@id":"https:\/\/portalnpm.com\/#website"},"primaryImageOfPage":{"@id":"https:\/\/portalnpm.com\/index.php\/2019\/05\/15\/jacare-e-capturado-em-estacionamento-do-picos-plaza-shopping\/#primaryimage"},"image":{"@id":"https:\/\/portalnpm.com\/index.php\/2019\/05\/15\/jacare-e-capturado-em-estacionamento-do-picos-plaza-shopping\/#primaryimage"},"thumbnailUrl":"","datePublished":"2019-05-15T16:11:15+00:00","dateModified":"2019-05-15T16:11:15+00:00","author":{"@id":"https:\/\/portalnpm.com\/#\/schema\/person\/35cb55186eae3f074b6783da6d35591e"},"breadcrumb":{"@id":"https:\/\/portalnpm.com\/index.php\/2019\/05\/15\/jacare-e-capturado-em-estacionamento-do-picos-plaza-shopping\/#breadcrumb"},"inLanguage":"pt-BR","potentialAction":[{"@type":"ReadAction","target":["https:\/\/portalnpm.com\/index.php\/2019\/05\/15\/jacare-e-capturado-em-estacionamento-do-picos-plaza-shopping\/"]}]},{"@type":"ImageObject","inLanguage":"pt-BR","@id":"https:\/\/portalnpm.com\/index.php\/2019\/05\/15\/jacare-e-capturado-em-estacionamento-do-picos-plaza-shopping\/#primaryimage","url":"","contentUrl":""},{"@type":"BreadcrumbList","@id":"https:\/\/portalnpm.com\/index.php\/2019\/05\/15\/jacare-e-capturado-em-estacionamento-do-picos-plaza-shopping\/#breadcrumb","itemListElement":[{"@type":"ListItem","position":1,"name":"In\u00edcio","item":"https:\/\/portalnpm.com\/"},{"@type":"ListItem","position":2,"name":"Jacar\u00e9 \u00e9 capturado em estacionamento do Picos Plaza shopping"}]},{"@type":"WebSite","@id":"https:\/\/portalnpm.com\/#website","url":"https:\/\/portalnpm.com\/","name":"Portal NPM","description":"Not\u00edcias em Primeira M\u00e3o","potentialAction":[{"@type":"SearchAction","target":{"@type":"EntryPoint","urlTemplate":"https:\/\/portalnpm.com\/?s={search_term_string}"},"query-input":"required name=search_term_string"}],"inLanguage":"pt-BR"},{"@type":"Person","@id":"https:\/\/portalnpm.com\/#\/schema\/person\/35cb55186eae3f074b6783da6d35591e","name":"Zenilton Lima","image":{"@type":"ImageObject","inLanguage":"pt-BR","@id":"https:\/\/portalnpm.com\/#\/schema\/person\/image\/","url":"https:\/\/portalnpm.com\/wp-content\/uploads\/2024\/12\/avatar_user_8_1733658137-96x96.jpeg","contentUrl":"https:\/\/portalnpm.com\/wp-content\/uploads\/2024\/12\/avatar_user_8_1733658137-96x96.jpeg","caption":"Zenilton Lima"},"url":"https:\/\/portalnpm.com\/index.php\/author\/zenilton\/"}]}},"jetpack_sharing_enabled":true,"jetpack_featured_media_url":"","_links":{"self":[{"href":"https:\/\/portalnpm.com\/index.php\/wp-json\/wp\/v2\/posts\/8304"}],"collection":[{"href":"https:\/\/portalnpm.com\/index.php\/wp-json\/wp\/v2\/posts"}],"about":[{"href":"https:\/\/portalnpm.com\/index.php\/wp-json\/wp\/v2\/types\/post"}],"author":[{"embeddable":true,"href":"https:\/\/portalnpm.com\/index.php\/wp-json\/wp\/v2\/users\/8"}],"replies":[{"embeddable":true,"href":"https:\/\/portalnpm.com\/index.php\/wp-json\/wp\/v2\/comments?post=8304"}],"version-history":[{"count":0,"href":"https:\/\/portalnpm.com\/index.php\/wp-json\/wp\/v2\/posts\/8304\/revisions"}],"wp:featuredmedia":[{"embeddable":true,"href":"https:\/\/portalnpm.com\/index.php\/wp-json\/"}],"wp:attachment":[{"href":"https:\/\/portalnpm.com\/index.php\/wp-json\/wp\/v2\/media?parent=8304"}],"wp:term":[{"taxonomy":"category","embeddable":true,"href":"https:\/\/portalnpm.com\/index.php\/wp-json\/wp\/v2\/categories?post=8304"},{"taxonomy":"post_tag","embeddable":true,"href":"https:\/\/portalnpm.com\/index.php\/wp-json\/wp\/v2\/tags?post=8304"}],"curies":[{"name":"wp","href":"https:\/\/api.w.org\/{rel}","templated":true}]}}